{"id":1198,"date":"2025-01-05T21:04:36","date_gmt":"2025-01-05T20:04:36","guid":{"rendered":"https:\/\/weltlaeden.de\/herrieden\/?p=1198"},"modified":"2025-01-15T21:16:46","modified_gmt":"2025-01-15T20:16:46","slug":"weltfriedensgebet-in-der-christuskirche","status":"publish","type":"post","link":"https:\/\/weltlaeden.de\/herrieden\/weltfriedensgebet-in-der-christuskirche\/","title":{"rendered":"10. Weltfriedensgebet in der Christuskirche"},"content":{"rendered":"<p>Auf Initiative des Eine Welt Vereins veranstaltete ein \u00f6rtliches B\u00fcndnis wieder das j\u00e4hrliche Weltfriedensgebet in der Evang. Christuskirche Herrieden. Folgende Partner waren auch im Jahr 2025 mit dabei: \u00d6kumenekreis der Evang. Christuskirchengemeinde und der Kath. Pfarrei St. Vitus und St. Deocar, Kath. Frauenbund, Kolping, Netzwerk WELTOFFEN LEBEN und die Sportgemeinschaft TSV\/DJK Herrieden. F\u00fcr die musikalische Umrahmung sorgten Dorothea Ertel, Paulina und Robby Herrman, Simon Hufnagel und Marina N\u00fc\u00dflein.<\/p>\n<p>Als Gebetsgrundlage dient neben der Jahreslosung und F\u00fcrbitten f\u00fcr Krisenregionen der Welt auch das \u00f6kumenische Friedensgebet, das von Missio M\u00fcnchen, Missio Aachen und der Evang Mission Weltweit herausgegeben wird. Im Jahr 2025 liegt der Focus auf dem Vielv\u00f6lkerstaat Myanmar in S\u00fcdostasion, wo seit 2021 B\u00fcrgerkrieg herrscht.<\/p>\n<p>Mit dem Gebet um Frieden m\u00f6chten alle Beteiligten zudem Zeichen f\u00fcr weltweite Solidarit\u00e4t, einen achtsamen Umgang mit der Sch\u00f6pfung und gegen Hetze und Ausgrenzung setzen.<\/p>\n<p>Das Weltfriedensgebet dient nach den Feiertagen als Auftakt f\u00fcr die Fortf\u00fchrung der w\u00f6chentlichen Friedensgebete, die Stadt Herrieden und beide Kirchengemeinden seit Beginn des Angriffskrieges veranstalten.<\/p>\n<p>Foto (Beate Jerger)- Mitwirkende lesen Bitten f\u00fcr Krisenregionen weltweit<\/p>\n<p>Von links: Pfarrer Roland H\u00f6hr-Gabi Berner-Norbert Brumberger-Angelika Lechner-Anni Heller-Heidi Sei\u00df-B\u00fcrgermeisterin Dorina Jechnerer-Franziska Wurzinger<\/p>\n","protected":false},"excerpt":{"rendered":"<p>Auf Initiative des Eine Welt Vereins veranstaltete ein \u00f6rtliches B\u00fcndnis wieder das j\u00e4hrliche Weltfriedensgebet in der Evang. Christuskirche Herrieden. Folgende Partner waren auch im Jahr 2025 mit dabei: \u00d6kumenekreis der Evang. Christuskirchengemeinde und der Kath. Pfarrei St. Vitus und St. Deocar, Kath. Frauenbund, Kolping, Netzwerk WELTOFFEN LEBEN und die Sportgemeinschaft TSV\/DJK Herrieden. F\u00fcr die musikalische&hellip;<\/p>\n","protected":false},"author":310,"featured_media":1203,"comment_status":"closed","ping_status":"closed","sticky":false,"template":"","format":"standard","meta":{"footnotes":""},"categories":[1],"tags":[],"class_list":["post-1198","post","type-post","status-publish","format-standard","has-post-thumbnail","hentry","category-allgemein","category-1","description-off"],"yoast_head":"<!-- This site is optimized with the Yoast SEO plugin v26.8 - https:\/\/yoast.com\/product\/yoast-seo-wordpress\/ -->\n<title>10. Weltfriedensgebet in der Christuskirche - Eine Welt Verein Herrieden<\/title>\n<meta name=\"robots\" content=\"index, follow, max-snippet:-1, max-image-preview:large, max-video-preview:-1\" \/>\n<link rel=\"canonical\" href=\"https:\/\/weltlaeden.de\/herrieden\/weltfriedensgebet-in-der-christuskirche\/\" \/>\n<meta property=\"og:locale\" content=\"de_DE\" \/>\n<meta property=\"og:type\" content=\"article\" \/>\n<meta property=\"og:title\" content=\"10. Weltfriedensgebet in der Christuskirche - Eine Welt Verein Herrieden\" \/>\n<meta property=\"og:description\" content=\"Auf Initiative des Eine Welt Vereins veranstaltete ein \u00f6rtliches B\u00fcndnis wieder das j\u00e4hrliche Weltfriedensgebet in der Evang. Christuskirche Herrieden. Folgende Partner waren auch im Jahr 2025 mit dabei: \u00d6kumenekreis der Evang. Christuskirchengemeinde und der Kath. Pfarrei St. Vitus und St. Deocar, Kath. Frauenbund, Kolping, Netzwerk WELTOFFEN LEBEN und die Sportgemeinschaft TSV\/DJK Herrieden. F\u00fcr die musikalische&hellip;\" \/>\n<meta property=\"og:url\" content=\"https:\/\/weltlaeden.de\/herrieden\/weltfriedensgebet-in-der-christuskirche\/\" \/>\n<meta property=\"og:site_name\" content=\"Eine Welt Verein Herrieden\" \/>\n<meta property=\"article:published_time\" content=\"2025-01-05T20:04:36+00:00\" \/>\n<meta property=\"article:modified_time\" content=\"2025-01-15T20:16:46+00:00\" \/>\n<meta property=\"og:image\" content=\"https:\/\/weltlaeden.de\/herrieden\/wp-content\/uploads\/sites\/209\/2025\/01\/2025-1Weltfriedensgebet-Mitwirkende-Fuerbitten.jpg\" \/>\n\t<meta property=\"og:image:width\" content=\"1600\" \/>\n\t<meta property=\"og:image:height\" content=\"1200\" \/>\n\t<meta property=\"og:image:type\" content=\"image\/jpeg\" \/>\n<meta name=\"author\" content=\"herrieden\" \/>\n<meta name=\"twitter:card\" content=\"summary_large_image\" \/>\n<meta name=\"twitter:label1\" content=\"Verfasst von\" \/>\n\t<meta name=\"twitter:data1\" content=\"herrieden\" \/>\n\t<meta name=\"twitter:label2\" content=\"Gesch\u00e4tzte Lesezeit\" \/>\n\t<meta name=\"twitter:data2\" content=\"1\u00a0Minute\" \/>\n<script type=\"application\/ld+json\" class=\"yoast-schema-graph\">{\"@context\":\"https:\/\/schema.org\",\"@graph\":[{\"@type\":\"Article\",\"@id\":\"https:\/\/weltlaeden.de\/herrieden\/weltfriedensgebet-in-der-christuskirche\/#article\",\"isPartOf\":{\"@id\":\"https:\/\/weltlaeden.de\/herrieden\/weltfriedensgebet-in-der-christuskirche\/\"},\"author\":{\"name\":\"herrieden\",\"@id\":\"https:\/\/weltlaeden.de\/herrieden\/#\/schema\/person\/de4143367b376aa490c4f8a51cbdc932\"},\"headline\":\"10. Weltfriedensgebet in der Christuskirche\",\"datePublished\":\"2025-01-05T20:04:36+00:00\",\"dateModified\":\"2025-01-15T20:16:46+00:00\",\"mainEntityOfPage\":{\"@id\":\"https:\/\/weltlaeden.de\/herrieden\/weltfriedensgebet-in-der-christuskirche\/\"},\"wordCount\":210,\"image\":{\"@id\":\"https:\/\/weltlaeden.de\/herrieden\/weltfriedensgebet-in-der-christuskirche\/#primaryimage\"},\"thumbnailUrl\":\"https:\/\/weltlaeden.de\/herrieden\/wp-content\/uploads\/sites\/209\/2025\/01\/2025-1Weltfriedensgebet-Mitwirkende-Fuerbitten.jpg\",\"articleSection\":[\"Keine Kategorie\"],\"inLanguage\":\"de\"},{\"@type\":\"WebPage\",\"@id\":\"https:\/\/weltlaeden.de\/herrieden\/weltfriedensgebet-in-der-christuskirche\/\",\"url\":\"https:\/\/weltlaeden.de\/herrieden\/weltfriedensgebet-in-der-christuskirche\/\",\"name\":\"10. Weltfriedensgebet in der Christuskirche - Eine Welt Verein Herrieden\",\"isPartOf\":{\"@id\":\"https:\/\/weltlaeden.de\/herrieden\/#website\"},\"primaryImageOfPage\":{\"@id\":\"https:\/\/weltlaeden.de\/herrieden\/weltfriedensgebet-in-der-christuskirche\/#primaryimage\"},\"image\":{\"@id\":\"https:\/\/weltlaeden.de\/herrieden\/weltfriedensgebet-in-der-christuskirche\/#primaryimage\"},\"thumbnailUrl\":\"https:\/\/weltlaeden.de\/herrieden\/wp-content\/uploads\/sites\/209\/2025\/01\/2025-1Weltfriedensgebet-Mitwirkende-Fuerbitten.jpg\",\"datePublished\":\"2025-01-05T20:04:36+00:00\",\"dateModified\":\"2025-01-15T20:16:46+00:00\",\"author\":{\"@id\":\"https:\/\/weltlaeden.de\/herrieden\/#\/schema\/person\/de4143367b376aa490c4f8a51cbdc932\"},\"breadcrumb\":{\"@id\":\"https:\/\/weltlaeden.de\/herrieden\/weltfriedensgebet-in-der-christuskirche\/#breadcrumb\"},\"inLanguage\":\"de\",\"potentialAction\":[{\"@type\":\"ReadAction\",\"target\":[\"https:\/\/weltlaeden.de\/herrieden\/weltfriedensgebet-in-der-christuskirche\/\"]}]},{\"@type\":\"ImageObject\",\"inLanguage\":\"de\",\"@id\":\"https:\/\/weltlaeden.de\/herrieden\/weltfriedensgebet-in-der-christuskirche\/#primaryimage\",\"url\":\"https:\/\/weltlaeden.de\/herrieden\/wp-content\/uploads\/sites\/209\/2025\/01\/2025-1Weltfriedensgebet-Mitwirkende-Fuerbitten.jpg\",\"contentUrl\":\"https:\/\/weltlaeden.de\/herrieden\/wp-content\/uploads\/sites\/209\/2025\/01\/2025-1Weltfriedensgebet-Mitwirkende-Fuerbitten.jpg\",\"width\":1600,\"height\":1200},{\"@type\":\"BreadcrumbList\",\"@id\":\"https:\/\/weltlaeden.de\/herrieden\/weltfriedensgebet-in-der-christuskirche\/#breadcrumb\",\"itemListElement\":[{\"@type\":\"ListItem\",\"position\":1,\"name\":\"Startseite\",\"item\":\"https:\/\/weltlaeden.de\/herrieden\/\"},{\"@type\":\"ListItem\",\"position\":2,\"name\":\"10. Weltfriedensgebet in der Christuskirche\"}]},{\"@type\":\"WebSite\",\"@id\":\"https:\/\/weltlaeden.de\/herrieden\/#website\",\"url\":\"https:\/\/weltlaeden.de\/herrieden\/\",\"name\":\"Eine Welt Verein Herrieden\",\"description\":\"\",\"potentialAction\":[{\"@type\":\"SearchAction\",\"target\":{\"@type\":\"EntryPoint\",\"urlTemplate\":\"https:\/\/weltlaeden.de\/herrieden\/?s={search_term_string}\"},\"query-input\":{\"@type\":\"PropertyValueSpecification\",\"valueRequired\":true,\"valueName\":\"search_term_string\"}}],\"inLanguage\":\"de\"},{\"@type\":\"Person\",\"@id\":\"https:\/\/weltlaeden.de\/herrieden\/#\/schema\/person\/de4143367b376aa490c4f8a51cbdc932\",\"name\":\"herrieden\",\"image\":{\"@type\":\"ImageObject\",\"inLanguage\":\"de\",\"@id\":\"https:\/\/weltlaeden.de\/herrieden\/#\/schema\/person\/image\/\",\"url\":\"https:\/\/secure.gravatar.com\/avatar\/e08e120d2d1d06e054f05982f9919f38?s=96&d=mm&r=g\",\"contentUrl\":\"https:\/\/secure.gravatar.com\/avatar\/e08e120d2d1d06e054f05982f9919f38?s=96&d=mm&r=g\",\"caption\":\"herrieden\"}}]}<\/script>\n<!-- \/ Yoast SEO plugin. -->","yoast_head_json":{"title":"10. Weltfriedensgebet in der Christuskirche - Eine Welt Verein Herrieden","robots":{"index":"index","follow":"follow","max-snippet":"max-snippet:-1","max-image-preview":"max-image-preview:large","max-video-preview":"max-video-preview:-1"},"canonical":"https:\/\/weltlaeden.de\/herrieden\/weltfriedensgebet-in-der-christuskirche\/","og_locale":"de_DE","og_type":"article","og_title":"10. Weltfriedensgebet in der Christuskirche - Eine Welt Verein Herrieden","og_description":"Auf Initiative des Eine Welt Vereins veranstaltete ein \u00f6rtliches B\u00fcndnis wieder das j\u00e4hrliche Weltfriedensgebet in der Evang. Christuskirche Herrieden. Folgende Partner waren auch im Jahr 2025 mit dabei: \u00d6kumenekreis der Evang. Christuskirchengemeinde und der Kath. Pfarrei St. Vitus und St. Deocar, Kath. Frauenbund, Kolping, Netzwerk WELTOFFEN LEBEN und die Sportgemeinschaft TSV\/DJK Herrieden. F\u00fcr die musikalische&hellip;","og_url":"https:\/\/weltlaeden.de\/herrieden\/weltfriedensgebet-in-der-christuskirche\/","og_site_name":"Eine Welt Verein Herrieden","article_published_time":"2025-01-05T20:04:36+00:00","article_modified_time":"2025-01-15T20:16:46+00:00","og_image":[{"width":1600,"height":1200,"url":"https:\/\/weltlaeden.de\/herrieden\/wp-content\/uploads\/sites\/209\/2025\/01\/2025-1Weltfriedensgebet-Mitwirkende-Fuerbitten.jpg","type":"image\/jpeg"}],"author":"herrieden","twitter_card":"summary_large_image","twitter_misc":{"Verfasst von":"herrieden","Gesch\u00e4tzte Lesezeit":"1\u00a0Minute"},"schema":{"@context":"https:\/\/schema.org","@graph":[{"@type":"Article","@id":"https:\/\/weltlaeden.de\/herrieden\/weltfriedensgebet-in-der-christuskirche\/#article","isPartOf":{"@id":"https:\/\/weltlaeden.de\/herrieden\/weltfriedensgebet-in-der-christuskirche\/"},"author":{"name":"herrieden","@id":"https:\/\/weltlaeden.de\/herrieden\/#\/schema\/person\/de4143367b376aa490c4f8a51cbdc932"},"headline":"10. Weltfriedensgebet in der Christuskirche","datePublished":"2025-01-05T20:04:36+00:00","dateModified":"2025-01-15T20:16:46+00:00","mainEntityOfPage":{"@id":"https:\/\/weltlaeden.de\/herrieden\/weltfriedensgebet-in-der-christuskirche\/"},"wordCount":210,"image":{"@id":"https:\/\/weltlaeden.de\/herrieden\/weltfriedensgebet-in-der-christuskirche\/#primaryimage"},"thumbnailUrl":"https:\/\/weltlaeden.de\/herrieden\/wp-content\/uploads\/sites\/209\/2025\/01\/2025-1Weltfriedensgebet-Mitwirkende-Fuerbitten.jpg","articleSection":["Keine Kategorie"],"inLanguage":"de"},{"@type":"WebPage","@id":"https:\/\/weltlaeden.de\/herrieden\/weltfriedensgebet-in-der-christuskirche\/","url":"https:\/\/weltlaeden.de\/herrieden\/weltfriedensgebet-in-der-christuskirche\/","name":"10. Weltfriedensgebet in der Christuskirche - Eine Welt Verein Herrieden","isPartOf":{"@id":"https:\/\/weltlaeden.de\/herrieden\/#website"},"primaryImageOfPage":{"@id":"https:\/\/weltlaeden.de\/herrieden\/weltfriedensgebet-in-der-christuskirche\/#primaryimage"},"image":{"@id":"https:\/\/weltlaeden.de\/herrieden\/weltfriedensgebet-in-der-christuskirche\/#primaryimage"},"thumbnailUrl":"https:\/\/weltlaeden.de\/herrieden\/wp-content\/uploads\/sites\/209\/2025\/01\/2025-1Weltfriedensgebet-Mitwirkende-Fuerbitten.jpg","datePublished":"2025-01-05T20:04:36+00:00","dateModified":"2025-01-15T20:16:46+00:00","author":{"@id":"https:\/\/weltlaeden.de\/herrieden\/#\/schema\/person\/de4143367b376aa490c4f8a51cbdc932"},"breadcrumb":{"@id":"https:\/\/weltlaeden.de\/herrieden\/weltfriedensgebet-in-der-christuskirche\/#breadcrumb"},"inLanguage":"de","potentialAction":[{"@type":"ReadAction","target":["https:\/\/weltlaeden.de\/herrieden\/weltfriedensgebet-in-der-christuskirche\/"]}]},{"@type":"ImageObject","inLanguage":"de","@id":"https:\/\/weltlaeden.de\/herrieden\/weltfriedensgebet-in-der-christuskirche\/#primaryimage","url":"https:\/\/weltlaeden.de\/herrieden\/wp-content\/uploads\/sites\/209\/2025\/01\/2025-1Weltfriedensgebet-Mitwirkende-Fuerbitten.jpg","contentUrl":"https:\/\/weltlaeden.de\/herrieden\/wp-content\/uploads\/sites\/209\/2025\/01\/2025-1Weltfriedensgebet-Mitwirkende-Fuerbitten.jpg","width":1600,"height":1200},{"@type":"BreadcrumbList","@id":"https:\/\/weltlaeden.de\/herrieden\/weltfriedensgebet-in-der-christuskirche\/#breadcrumb","itemListElement":[{"@type":"ListItem","position":1,"name":"Startseite","item":"https:\/\/weltlaeden.de\/herrieden\/"},{"@type":"ListItem","position":2,"name":"10. Weltfriedensgebet in der Christuskirche"}]},{"@type":"WebSite","@id":"https:\/\/weltlaeden.de\/herrieden\/#website","url":"https:\/\/weltlaeden.de\/herrieden\/","name":"Eine Welt Verein Herrieden","description":"","potentialAction":[{"@type":"SearchAction","target":{"@type":"EntryPoint","urlTemplate":"https:\/\/weltlaeden.de\/herrieden\/?s={search_term_string}"},"query-input":{"@type":"PropertyValueSpecification","valueRequired":true,"valueName":"search_term_string"}}],"inLanguage":"de"},{"@type":"Person","@id":"https:\/\/weltlaeden.de\/herrieden\/#\/schema\/person\/de4143367b376aa490c4f8a51cbdc932","name":"herrieden","image":{"@type":"ImageObject","inLanguage":"de","@id":"https:\/\/weltlaeden.de\/herrieden\/#\/schema\/person\/image\/","url":"https:\/\/secure.gravatar.com\/avatar\/e08e120d2d1d06e054f05982f9919f38?s=96&d=mm&r=g","contentUrl":"https:\/\/secure.gravatar.com\/avatar\/e08e120d2d1d06e054f05982f9919f38?s=96&d=mm&r=g","caption":"herrieden"}}]}},"_links":{"self":[{"href":"https:\/\/weltlaeden.de\/herrieden\/wp-json\/wp\/v2\/posts\/1198","targetHints":{"allow":["GET"]}}],"collection":[{"href":"https:\/\/weltlaeden.de\/herrieden\/wp-json\/wp\/v2\/posts"}],"about":[{"href":"https:\/\/weltlaeden.de\/herrieden\/wp-json\/wp\/v2\/types\/post"}],"author":[{"embeddable":true,"href":"https:\/\/weltlaeden.de\/herrieden\/wp-json\/wp\/v2\/users\/310"}],"replies":[{"embeddable":true,"href":"https:\/\/weltlaeden.de\/herrieden\/wp-json\/wp\/v2\/comments?post=1198"}],"version-history":[{"count":4,"href":"https:\/\/weltlaeden.de\/herrieden\/wp-json\/wp\/v2\/posts\/1198\/revisions"}],"predecessor-version":[{"id":1206,"href":"https:\/\/weltlaeden.de\/herrieden\/wp-json\/wp\/v2\/posts\/1198\/revisions\/1206"}],"wp:featuredmedia":[{"embeddable":true,"href":"https:\/\/weltlaeden.de\/herrieden\/wp-json\/wp\/v2\/media\/1203"}],"wp:attachment":[{"href":"https:\/\/weltlaeden.de\/herrieden\/wp-json\/wp\/v2\/media?parent=1198"}],"wp:term":[{"taxonomy":"category","embeddable":true,"href":"https:\/\/weltlaeden.de\/herrieden\/wp-json\/wp\/v2\/categories?post=1198"},{"taxonomy":"post_tag","embeddable":true,"href":"https:\/\/weltlaeden.de\/herrieden\/wp-json\/wp\/v2\/tags?post=1198"}],"curies":[{"name":"wp","href":"https:\/\/api.w.org\/{rel}","templated":true}]}}