{"id":1162,"date":"2024-05-29T23:47:41","date_gmt":"2024-05-29T21:47:41","guid":{"rendered":"https:\/\/weltlaeden.de\/herrieden\/?p=1162"},"modified":"2024-08-07T23:56:13","modified_gmt":"2024-08-07T21:56:13","slug":"erfahrungsaustausch-hauptstadt-des-fairen-handels-in-heidelberg","status":"publish","type":"post","link":"https:\/\/weltlaeden.de\/herrieden\/erfahrungsaustausch-hauptstadt-des-fairen-handels-in-heidelberg\/","title":{"rendered":"Erfahrungsaustausch &#8222;Hauptstadt des Fairen Handels&#8220; in Heidelberg"},"content":{"rendered":"<p>&#8222;Neue, wertvolle Vernetzungen mit anderen Kommunen und Weltl\u00e4den, inspirierende Ideen und tolle Anregungen&#8220;, das ist das Fazit von Beate Jerger. Als Mitglied der \u00f6rtlichen Steuerungsgruppe und Vorstandsmitglied beim Eine Welt e.V., hatte sie als Vertreterin der Zivilgesellschaft f\u00fcr die Fairtrade Stadt Herrieden beim Erfahrungsaustausch zum Wettbewerb \u201eHauptstadt des Fairen Handels 2023\u201c in Heidelberg am 28. und 29. Mai 2024 teilgenommen.<\/p>\n<p>Bildrechte sowie Infos zum Wettbewerb: www.skew.engagement-global.de<\/p>\n<p>&nbsp;<\/p>\n<p>&nbsp;<\/p>\n","protected":false},"excerpt":{"rendered":"<p>&#8222;Neue, wertvolle Vernetzungen mit anderen Kommunen und Weltl\u00e4den, inspirierende Ideen und tolle Anregungen&#8220;, das ist das Fazit von Beate Jerger. Als Mitglied der \u00f6rtlichen Steuerungsgruppe und Vorstandsmitglied beim Eine Welt e.V., hatte sie als Vertreterin der Zivilgesellschaft f\u00fcr die Fairtrade Stadt Herrieden beim Erfahrungsaustausch zum Wettbewerb \u201eHauptstadt des Fairen Handels 2023\u201c in Heidelberg am 28.&hellip;<\/p>\n","protected":false},"author":310,"featured_media":1165,"comment_status":"closed","ping_status":"closed","sticky":false,"template":"","format":"standard","meta":{"footnotes":""},"categories":[1],"tags":[],"class_list":["post-1162","post","type-post","status-publish","format-standard","has-post-thumbnail","hentry","category-allgemein","category-1","description-off"],"yoast_head":"<!-- This site is optimized with the Yoast SEO plugin v26.8 - https:\/\/yoast.com\/product\/yoast-seo-wordpress\/ -->\n<title>Erfahrungsaustausch &quot;Hauptstadt des Fairen Handels&quot; in Heidelberg - Eine Welt Verein Herrieden<\/title>\n<meta name=\"robots\" content=\"index, follow, max-snippet:-1, max-image-preview:large, max-video-preview:-1\" \/>\n<link rel=\"canonical\" href=\"https:\/\/weltlaeden.de\/herrieden\/erfahrungsaustausch-hauptstadt-des-fairen-handels-in-heidelberg\/\" \/>\n<meta property=\"og:locale\" content=\"de_DE\" \/>\n<meta property=\"og:type\" content=\"article\" \/>\n<meta property=\"og:title\" content=\"Erfahrungsaustausch &quot;Hauptstadt des Fairen Handels&quot; in Heidelberg - Eine Welt Verein Herrieden\" \/>\n<meta property=\"og:description\" content=\"&#8222;Neue, wertvolle Vernetzungen mit anderen Kommunen und Weltl\u00e4den, inspirierende Ideen und tolle Anregungen&#8220;, das ist das Fazit von Beate Jerger. Als Mitglied der \u00f6rtlichen Steuerungsgruppe und Vorstandsmitglied beim Eine Welt e.V., hatte sie als Vertreterin der Zivilgesellschaft f\u00fcr die Fairtrade Stadt Herrieden beim Erfahrungsaustausch zum Wettbewerb \u201eHauptstadt des Fairen Handels 2023\u201c in Heidelberg am 28.&hellip;\" \/>\n<meta property=\"og:url\" content=\"https:\/\/weltlaeden.de\/herrieden\/erfahrungsaustausch-hauptstadt-des-fairen-handels-in-heidelberg\/\" \/>\n<meta property=\"og:site_name\" content=\"Eine Welt Verein Herrieden\" \/>\n<meta property=\"article:published_time\" content=\"2024-05-29T21:47:41+00:00\" \/>\n<meta property=\"article:modified_time\" content=\"2024-08-07T21:56:13+00:00\" \/>\n<meta property=\"og:image\" content=\"https:\/\/weltlaeden.de\/herrieden\/wp-content\/uploads\/sites\/209\/2024\/08\/2024-5-ErfahrungsaustauschHeidelberg3000-2000-max.jpg\" \/>\n\t<meta property=\"og:image:width\" content=\"2048\" \/>\n\t<meta property=\"og:image:height\" content=\"1365\" \/>\n\t<meta property=\"og:image:type\" content=\"image\/jpeg\" \/>\n<meta name=\"author\" content=\"herrieden\" \/>\n<meta name=\"twitter:card\" content=\"summary_large_image\" \/>\n<meta name=\"twitter:label1\" content=\"Verfasst von\" \/>\n\t<meta name=\"twitter:data1\" content=\"herrieden\" \/>\n<script type=\"application\/ld+json\" class=\"yoast-schema-graph\">{\"@context\":\"https:\/\/schema.org\",\"@graph\":[{\"@type\":\"Article\",\"@id\":\"https:\/\/weltlaeden.de\/herrieden\/erfahrungsaustausch-hauptstadt-des-fairen-handels-in-heidelberg\/#article\",\"isPartOf\":{\"@id\":\"https:\/\/weltlaeden.de\/herrieden\/erfahrungsaustausch-hauptstadt-des-fairen-handels-in-heidelberg\/\"},\"author\":{\"name\":\"herrieden\",\"@id\":\"https:\/\/weltlaeden.de\/herrieden\/#\/schema\/person\/de4143367b376aa490c4f8a51cbdc932\"},\"headline\":\"Erfahrungsaustausch &#8222;Hauptstadt des Fairen Handels&#8220; in Heidelberg\",\"datePublished\":\"2024-05-29T21:47:41+00:00\",\"dateModified\":\"2024-08-07T21:56:13+00:00\",\"mainEntityOfPage\":{\"@id\":\"https:\/\/weltlaeden.de\/herrieden\/erfahrungsaustausch-hauptstadt-des-fairen-handels-in-heidelberg\/\"},\"wordCount\":77,\"image\":{\"@id\":\"https:\/\/weltlaeden.de\/herrieden\/erfahrungsaustausch-hauptstadt-des-fairen-handels-in-heidelberg\/#primaryimage\"},\"thumbnailUrl\":\"https:\/\/weltlaeden.de\/herrieden\/wp-content\/uploads\/sites\/209\/2024\/08\/2024-5-ErfahrungsaustauschHeidelberg3000-2000-max.jpg\",\"articleSection\":[\"Keine Kategorie\"],\"inLanguage\":\"de\"},{\"@type\":\"WebPage\",\"@id\":\"https:\/\/weltlaeden.de\/herrieden\/erfahrungsaustausch-hauptstadt-des-fairen-handels-in-heidelberg\/\",\"url\":\"https:\/\/weltlaeden.de\/herrieden\/erfahrungsaustausch-hauptstadt-des-fairen-handels-in-heidelberg\/\",\"name\":\"Erfahrungsaustausch \\\"Hauptstadt des Fairen Handels\\\" in Heidelberg - Eine Welt Verein Herrieden\",\"isPartOf\":{\"@id\":\"https:\/\/weltlaeden.de\/herrieden\/#website\"},\"primaryImageOfPage\":{\"@id\":\"https:\/\/weltlaeden.de\/herrieden\/erfahrungsaustausch-hauptstadt-des-fairen-handels-in-heidelberg\/#primaryimage\"},\"image\":{\"@id\":\"https:\/\/weltlaeden.de\/herrieden\/erfahrungsaustausch-hauptstadt-des-fairen-handels-in-heidelberg\/#primaryimage\"},\"thumbnailUrl\":\"https:\/\/weltlaeden.de\/herrieden\/wp-content\/uploads\/sites\/209\/2024\/08\/2024-5-ErfahrungsaustauschHeidelberg3000-2000-max.jpg\",\"datePublished\":\"2024-05-29T21:47:41+00:00\",\"dateModified\":\"2024-08-07T21:56:13+00:00\",\"author\":{\"@id\":\"https:\/\/weltlaeden.de\/herrieden\/#\/schema\/person\/de4143367b376aa490c4f8a51cbdc932\"},\"breadcrumb\":{\"@id\":\"https:\/\/weltlaeden.de\/herrieden\/erfahrungsaustausch-hauptstadt-des-fairen-handels-in-heidelberg\/#breadcrumb\"},\"inLanguage\":\"de\",\"potentialAction\":[{\"@type\":\"ReadAction\",\"target\":[\"https:\/\/weltlaeden.de\/herrieden\/erfahrungsaustausch-hauptstadt-des-fairen-handels-in-heidelberg\/\"]}]},{\"@type\":\"ImageObject\",\"inLanguage\":\"de\",\"@id\":\"https:\/\/weltlaeden.de\/herrieden\/erfahrungsaustausch-hauptstadt-des-fairen-handels-in-heidelberg\/#primaryimage\",\"url\":\"https:\/\/weltlaeden.de\/herrieden\/wp-content\/uploads\/sites\/209\/2024\/08\/2024-5-ErfahrungsaustauschHeidelberg3000-2000-max.jpg\",\"contentUrl\":\"https:\/\/weltlaeden.de\/herrieden\/wp-content\/uploads\/sites\/209\/2024\/08\/2024-5-ErfahrungsaustauschHeidelberg3000-2000-max.jpg\",\"width\":2048,\"height\":1365},{\"@type\":\"BreadcrumbList\",\"@id\":\"https:\/\/weltlaeden.de\/herrieden\/erfahrungsaustausch-hauptstadt-des-fairen-handels-in-heidelberg\/#breadcrumb\",\"itemListElement\":[{\"@type\":\"ListItem\",\"position\":1,\"name\":\"Startseite\",\"item\":\"https:\/\/weltlaeden.de\/herrieden\/\"},{\"@type\":\"ListItem\",\"position\":2,\"name\":\"Erfahrungsaustausch &#8222;Hauptstadt des Fairen Handels&#8220; in Heidelberg\"}]},{\"@type\":\"WebSite\",\"@id\":\"https:\/\/weltlaeden.de\/herrieden\/#website\",\"url\":\"https:\/\/weltlaeden.de\/herrieden\/\",\"name\":\"Eine Welt Verein Herrieden\",\"description\":\"\",\"potentialAction\":[{\"@type\":\"SearchAction\",\"target\":{\"@type\":\"EntryPoint\",\"urlTemplate\":\"https:\/\/weltlaeden.de\/herrieden\/?s={search_term_string}\"},\"query-input\":{\"@type\":\"PropertyValueSpecification\",\"valueRequired\":true,\"valueName\":\"search_term_string\"}}],\"inLanguage\":\"de\"},{\"@type\":\"Person\",\"@id\":\"https:\/\/weltlaeden.de\/herrieden\/#\/schema\/person\/de4143367b376aa490c4f8a51cbdc932\",\"name\":\"herrieden\",\"image\":{\"@type\":\"ImageObject\",\"inLanguage\":\"de\",\"@id\":\"https:\/\/weltlaeden.de\/herrieden\/#\/schema\/person\/image\/\",\"url\":\"https:\/\/secure.gravatar.com\/avatar\/e08e120d2d1d06e054f05982f9919f38?s=96&d=mm&r=g\",\"contentUrl\":\"https:\/\/secure.gravatar.com\/avatar\/e08e120d2d1d06e054f05982f9919f38?s=96&d=mm&r=g\",\"caption\":\"herrieden\"}}]}<\/script>\n<!-- \/ Yoast SEO plugin. -->","yoast_head_json":{"title":"Erfahrungsaustausch \"Hauptstadt des Fairen Handels\" in Heidelberg - Eine Welt Verein Herrieden","robots":{"index":"index","follow":"follow","max-snippet":"max-snippet:-1","max-image-preview":"max-image-preview:large","max-video-preview":"max-video-preview:-1"},"canonical":"https:\/\/weltlaeden.de\/herrieden\/erfahrungsaustausch-hauptstadt-des-fairen-handels-in-heidelberg\/","og_locale":"de_DE","og_type":"article","og_title":"Erfahrungsaustausch \"Hauptstadt des Fairen Handels\" in Heidelberg - Eine Welt Verein Herrieden","og_description":"&#8222;Neue, wertvolle Vernetzungen mit anderen Kommunen und Weltl\u00e4den, inspirierende Ideen und tolle Anregungen&#8220;, das ist das Fazit von Beate Jerger. Als Mitglied der \u00f6rtlichen Steuerungsgruppe und Vorstandsmitglied beim Eine Welt e.V., hatte sie als Vertreterin der Zivilgesellschaft f\u00fcr die Fairtrade Stadt Herrieden beim Erfahrungsaustausch zum Wettbewerb \u201eHauptstadt des Fairen Handels 2023\u201c in Heidelberg am 28.&hellip;","og_url":"https:\/\/weltlaeden.de\/herrieden\/erfahrungsaustausch-hauptstadt-des-fairen-handels-in-heidelberg\/","og_site_name":"Eine Welt Verein Herrieden","article_published_time":"2024-05-29T21:47:41+00:00","article_modified_time":"2024-08-07T21:56:13+00:00","og_image":[{"width":2048,"height":1365,"url":"https:\/\/weltlaeden.de\/herrieden\/wp-content\/uploads\/sites\/209\/2024\/08\/2024-5-ErfahrungsaustauschHeidelberg3000-2000-max.jpg","type":"image\/jpeg"}],"author":"herrieden","twitter_card":"summary_large_image","twitter_misc":{"Verfasst von":"herrieden"},"schema":{"@context":"https:\/\/schema.org","@graph":[{"@type":"Article","@id":"https:\/\/weltlaeden.de\/herrieden\/erfahrungsaustausch-hauptstadt-des-fairen-handels-in-heidelberg\/#article","isPartOf":{"@id":"https:\/\/weltlaeden.de\/herrieden\/erfahrungsaustausch-hauptstadt-des-fairen-handels-in-heidelberg\/"},"author":{"name":"herrieden","@id":"https:\/\/weltlaeden.de\/herrieden\/#\/schema\/person\/de4143367b376aa490c4f8a51cbdc932"},"headline":"Erfahrungsaustausch &#8222;Hauptstadt des Fairen Handels&#8220; in Heidelberg","datePublished":"2024-05-29T21:47:41+00:00","dateModified":"2024-08-07T21:56:13+00:00","mainEntityOfPage":{"@id":"https:\/\/weltlaeden.de\/herrieden\/erfahrungsaustausch-hauptstadt-des-fairen-handels-in-heidelberg\/"},"wordCount":77,"image":{"@id":"https:\/\/weltlaeden.de\/herrieden\/erfahrungsaustausch-hauptstadt-des-fairen-handels-in-heidelberg\/#primaryimage"},"thumbnailUrl":"https:\/\/weltlaeden.de\/herrieden\/wp-content\/uploads\/sites\/209\/2024\/08\/2024-5-ErfahrungsaustauschHeidelberg3000-2000-max.jpg","articleSection":["Keine Kategorie"],"inLanguage":"de"},{"@type":"WebPage","@id":"https:\/\/weltlaeden.de\/herrieden\/erfahrungsaustausch-hauptstadt-des-fairen-handels-in-heidelberg\/","url":"https:\/\/weltlaeden.de\/herrieden\/erfahrungsaustausch-hauptstadt-des-fairen-handels-in-heidelberg\/","name":"Erfahrungsaustausch \"Hauptstadt des Fairen Handels\" in Heidelberg - Eine Welt Verein Herrieden","isPartOf":{"@id":"https:\/\/weltlaeden.de\/herrieden\/#website"},"primaryImageOfPage":{"@id":"https:\/\/weltlaeden.de\/herrieden\/erfahrungsaustausch-hauptstadt-des-fairen-handels-in-heidelberg\/#primaryimage"},"image":{"@id":"https:\/\/weltlaeden.de\/herrieden\/erfahrungsaustausch-hauptstadt-des-fairen-handels-in-heidelberg\/#primaryimage"},"thumbnailUrl":"https:\/\/weltlaeden.de\/herrieden\/wp-content\/uploads\/sites\/209\/2024\/08\/2024-5-ErfahrungsaustauschHeidelberg3000-2000-max.jpg","datePublished":"2024-05-29T21:47:41+00:00","dateModified":"2024-08-07T21:56:13+00:00","author":{"@id":"https:\/\/weltlaeden.de\/herrieden\/#\/schema\/person\/de4143367b376aa490c4f8a51cbdc932"},"breadcrumb":{"@id":"https:\/\/weltlaeden.de\/herrieden\/erfahrungsaustausch-hauptstadt-des-fairen-handels-in-heidelberg\/#breadcrumb"},"inLanguage":"de","potentialAction":[{"@type":"ReadAction","target":["https:\/\/weltlaeden.de\/herrieden\/erfahrungsaustausch-hauptstadt-des-fairen-handels-in-heidelberg\/"]}]},{"@type":"ImageObject","inLanguage":"de","@id":"https:\/\/weltlaeden.de\/herrieden\/erfahrungsaustausch-hauptstadt-des-fairen-handels-in-heidelberg\/#primaryimage","url":"https:\/\/weltlaeden.de\/herrieden\/wp-content\/uploads\/sites\/209\/2024\/08\/2024-5-ErfahrungsaustauschHeidelberg3000-2000-max.jpg","contentUrl":"https:\/\/weltlaeden.de\/herrieden\/wp-content\/uploads\/sites\/209\/2024\/08\/2024-5-ErfahrungsaustauschHeidelberg3000-2000-max.jpg","width":2048,"height":1365},{"@type":"BreadcrumbList","@id":"https:\/\/weltlaeden.de\/herrieden\/erfahrungsaustausch-hauptstadt-des-fairen-handels-in-heidelberg\/#breadcrumb","itemListElement":[{"@type":"ListItem","position":1,"name":"Startseite","item":"https:\/\/weltlaeden.de\/herrieden\/"},{"@type":"ListItem","position":2,"name":"Erfahrungsaustausch &#8222;Hauptstadt des Fairen Handels&#8220; in Heidelberg"}]},{"@type":"WebSite","@id":"https:\/\/weltlaeden.de\/herrieden\/#website","url":"https:\/\/weltlaeden.de\/herrieden\/","name":"Eine Welt Verein Herrieden","description":"","potentialAction":[{"@type":"SearchAction","target":{"@type":"EntryPoint","urlTemplate":"https:\/\/weltlaeden.de\/herrieden\/?s={search_term_string}"},"query-input":{"@type":"PropertyValueSpecification","valueRequired":true,"valueName":"search_term_string"}}],"inLanguage":"de"},{"@type":"Person","@id":"https:\/\/weltlaeden.de\/herrieden\/#\/schema\/person\/de4143367b376aa490c4f8a51cbdc932","name":"herrieden","image":{"@type":"ImageObject","inLanguage":"de","@id":"https:\/\/weltlaeden.de\/herrieden\/#\/schema\/person\/image\/","url":"https:\/\/secure.gravatar.com\/avatar\/e08e120d2d1d06e054f05982f9919f38?s=96&d=mm&r=g","contentUrl":"https:\/\/secure.gravatar.com\/avatar\/e08e120d2d1d06e054f05982f9919f38?s=96&d=mm&r=g","caption":"herrieden"}}]}},"_links":{"self":[{"href":"https:\/\/weltlaeden.de\/herrieden\/wp-json\/wp\/v2\/posts\/1162","targetHints":{"allow":["GET"]}}],"collection":[{"href":"https:\/\/weltlaeden.de\/herrieden\/wp-json\/wp\/v2\/posts"}],"about":[{"href":"https:\/\/weltlaeden.de\/herrieden\/wp-json\/wp\/v2\/types\/post"}],"author":[{"embeddable":true,"href":"https:\/\/weltlaeden.de\/herrieden\/wp-json\/wp\/v2\/users\/310"}],"replies":[{"embeddable":true,"href":"https:\/\/weltlaeden.de\/herrieden\/wp-json\/wp\/v2\/comments?post=1162"}],"version-history":[{"count":4,"href":"https:\/\/weltlaeden.de\/herrieden\/wp-json\/wp\/v2\/posts\/1162\/revisions"}],"predecessor-version":[{"id":1167,"href":"https:\/\/weltlaeden.de\/herrieden\/wp-json\/wp\/v2\/posts\/1162\/revisions\/1167"}],"wp:featuredmedia":[{"embeddable":true,"href":"https:\/\/weltlaeden.de\/herrieden\/wp-json\/wp\/v2\/media\/1165"}],"wp:attachment":[{"href":"https:\/\/weltlaeden.de\/herrieden\/wp-json\/wp\/v2\/media?parent=1162"}],"wp:term":[{"taxonomy":"category","embeddable":true,"href":"https:\/\/weltlaeden.de\/herrieden\/wp-json\/wp\/v2\/categories?post=1162"},{"taxonomy":"post_tag","embeddable":true,"href":"https:\/\/weltlaeden.de\/herrieden\/wp-json\/wp\/v2\/tags?post=1162"}],"curies":[{"name":"wp","href":"https:\/\/api.w.org\/{rel}","templated":true}]}}