{"id":2132,"date":"2026-02-28T13:13:39","date_gmt":"2026-02-28T12:13:39","guid":{"rendered":"https:\/\/weltlaeden.de\/gemuenden\/?p=2132"},"modified":"2026-02-28T13:13:39","modified_gmt":"2026-02-28T12:13:39","slug":"brigitte-hahn-herzlich-verabschiedet","status":"publish","type":"post","link":"https:\/\/weltlaeden.de\/gemuenden\/brigitte-hahn-herzlich-verabschiedet\/","title":{"rendered":"Brigitte Hahn herzlich verabschiedet"},"content":{"rendered":"<p style=\"font-weight: 400\">Es ist Freitagnachmittag \u2013 das ist f\u00fcr gew\u00f6hnlich die Schicht von Brigitte Hahn im Weltladen am Marktplatz. Besser gesagt: die Doppelschicht. Denn Brigitte hat schon seit geraumer Zeit die gesamte Dauer von zwei Schichten von 14 bis 18 Uhr \u00fcbernommen. Alle zwei Wochen steht sie 4 Stunden hinter der Theke des Gem\u00fcndener Weltladens, obwohl sie jetzt schon l\u00e4ngere Zeit nicht mehr in unserer Stadt wohnt, sondern nach Lohr umgezogen ist. Aber das lie\u00df sie sich trotzdem nicht nehmen und tat Jahr f\u00fcr Jahr weiterhin ihren Dienst in unserem Laden.<\/p>\n<p style=\"font-weight: 400\">Und sie ist wirklich schon lange dabei \u2013 von Anfang an, als der erste Laden in der Dreifl\u00fcssestadt vor \u00fcber 30 Jahren er\u00f6ffnete, da war sie bereits mit im Boot. Sie war Gr\u00fcndungsmitglied des Esperanza-Vereins und hat sogar schon vorher bei den Verk\u00e4ufen nach den Gottesdiensten in Peter und Paul am Stand mitgeholfen. Sie ist ein Urgestein des Fairen Handels in unserer Stadt. Am letzten Freitag im Februar war nun Schluss. Ihre letzte Schicht, ein letztes Mal die Einnahmen und die Kasse pr\u00fcfen. Dann Schl\u00fcssel abgeben und fertig\u2026<\/p>\n<p style=\"font-weight: 400\">Da lie\u00df es sich der Vorstand nat\u00fcrlich nicht nehmen, ganz zum Schluss nochmal herzlich Danke zu sagen. Danke f\u00fcr so viel Einsatz und Herzblut \u00fcber 30 Jahre lang, ohne Murren und immer treu und verl\u00e4sslich. Daf\u00fcr sind wir vom Esperanza-Verein und vom Weltladen-Team Dir Brigitte unendlich dankbar.<\/p>\n<p style=\"font-weight: 400\">Vergelt\u00b4s Gott und auf Wiedersehen als weiterhin treue Kundin\u2026<\/p>\n<p><img loading=\"lazy\" decoding=\"async\" class=\"aligncenter wp-image-2126 size-full\" src=\"https:\/\/weltlaeden.de\/gemuenden\/wp-content\/uploads\/sites\/141\/2026\/02\/1000058735.jpg\" alt=\"\" width=\"1000\" height=\"750\" srcset=\"https:\/\/weltlaeden.de\/gemuenden\/wp-content\/uploads\/sites\/141\/2026\/02\/1000058735.jpg 1000w, https:\/\/weltlaeden.de\/gemuenden\/wp-content\/uploads\/sites\/141\/2026\/02\/1000058735-300x225.jpg 300w, https:\/\/weltlaeden.de\/gemuenden\/wp-content\/uploads\/sites\/141\/2026\/02\/1000058735-768x576.jpg 768w\" sizes=\"auto, (max-width: 1000px) 100vw, 1000px\" \/><\/p>\n","protected":false},"excerpt":{"rendered":"<p>Es ist Freitagnachmittag \u2013 das ist f\u00fcr gew\u00f6hnlich die Schicht von Brigitte Hahn im Weltladen am Marktplatz. Besser gesagt: die Doppelschicht. Denn Brigitte hat schon seit geraumer Zeit die gesamte Dauer von zwei Schichten von 14 bis 18 Uhr \u00fcbernommen. Alle zwei Wochen steht sie 4 Stunden hinter der Theke des Gem\u00fcndener Weltladens, obwohl sie&hellip;<\/p>\n","protected":false},"author":208,"featured_media":2127,"comment_status":"closed","ping_status":"closed","sticky":false,"template":"","format":"standard","meta":{"footnotes":""},"categories":[1],"tags":[],"class_list":["post-2132","post","type-post","status-publish","format-standard","has-post-thumbnail","hentry","category-allgemein","category-1","description-off"],"yoast_head":"<!-- This site is optimized with the Yoast SEO plugin v26.8 - https:\/\/yoast.com\/product\/yoast-seo-wordpress\/ -->\n<title>Brigitte Hahn herzlich verabschiedet - Weltladen Gem\u00fcnden<\/title>\n<meta name=\"robots\" content=\"index, follow, max-snippet:-1, max-image-preview:large, max-video-preview:-1\" \/>\n<link rel=\"canonical\" href=\"https:\/\/weltlaeden.de\/gemuenden\/brigitte-hahn-herzlich-verabschiedet\/\" \/>\n<meta property=\"og:locale\" content=\"de_DE\" \/>\n<meta property=\"og:type\" content=\"article\" \/>\n<meta property=\"og:title\" content=\"Brigitte Hahn herzlich verabschiedet - Weltladen Gem\u00fcnden\" \/>\n<meta property=\"og:description\" content=\"Es ist Freitagnachmittag \u2013 das ist f\u00fcr gew\u00f6hnlich die Schicht von Brigitte Hahn im Weltladen am Marktplatz. Besser gesagt: die Doppelschicht. Denn Brigitte hat schon seit geraumer Zeit die gesamte Dauer von zwei Schichten von 14 bis 18 Uhr \u00fcbernommen. Alle zwei Wochen steht sie 4 Stunden hinter der Theke des Gem\u00fcndener Weltladens, obwohl sie&hellip;\" \/>\n<meta property=\"og:url\" content=\"https:\/\/weltlaeden.de\/gemuenden\/brigitte-hahn-herzlich-verabschiedet\/\" \/>\n<meta property=\"og:site_name\" content=\"Weltladen Gem\u00fcnden\" \/>\n<meta property=\"article:published_time\" content=\"2026-02-28T12:13:39+00:00\" \/>\n<meta property=\"og:image\" content=\"https:\/\/weltlaeden.de\/gemuenden\/wp-content\/uploads\/sites\/141\/2026\/02\/1000058725.jpg\" \/>\n\t<meta property=\"og:image:width\" content=\"1000\" \/>\n\t<meta property=\"og:image:height\" content=\"750\" \/>\n\t<meta property=\"og:image:type\" content=\"image\/jpeg\" \/>\n<meta name=\"author\" content=\"gemuenden\" \/>\n<meta name=\"twitter:card\" content=\"summary_large_image\" \/>\n<meta name=\"twitter:label1\" content=\"Verfasst von\" \/>\n\t<meta name=\"twitter:data1\" content=\"gemuenden\" \/>\n\t<meta name=\"twitter:label2\" content=\"Gesch\u00e4tzte Lesezeit\" \/>\n\t<meta name=\"twitter:data2\" content=\"1\u00a0Minute\" \/>\n<script type=\"application\/ld+json\" class=\"yoast-schema-graph\">{\"@context\":\"https:\/\/schema.org\",\"@graph\":[{\"@type\":\"Article\",\"@id\":\"https:\/\/weltlaeden.de\/gemuenden\/brigitte-hahn-herzlich-verabschiedet\/#article\",\"isPartOf\":{\"@id\":\"https:\/\/weltlaeden.de\/gemuenden\/brigitte-hahn-herzlich-verabschiedet\/\"},\"author\":{\"name\":\"gemuenden\",\"@id\":\"https:\/\/weltlaeden.de\/gemuenden\/#\/schema\/person\/c50a2d10cfc59eb5e85966283566c535\"},\"headline\":\"Brigitte Hahn herzlich verabschiedet\",\"datePublished\":\"2026-02-28T12:13:39+00:00\",\"mainEntityOfPage\":{\"@id\":\"https:\/\/weltlaeden.de\/gemuenden\/brigitte-hahn-herzlich-verabschiedet\/\"},\"wordCount\":246,\"image\":{\"@id\":\"https:\/\/weltlaeden.de\/gemuenden\/brigitte-hahn-herzlich-verabschiedet\/#primaryimage\"},\"thumbnailUrl\":\"https:\/\/weltlaeden.de\/gemuenden\/wp-content\/uploads\/sites\/141\/2026\/02\/1000058725.jpg\",\"articleSection\":[\"Keine Kategorie\"],\"inLanguage\":\"de\"},{\"@type\":\"WebPage\",\"@id\":\"https:\/\/weltlaeden.de\/gemuenden\/brigitte-hahn-herzlich-verabschiedet\/\",\"url\":\"https:\/\/weltlaeden.de\/gemuenden\/brigitte-hahn-herzlich-verabschiedet\/\",\"name\":\"Brigitte Hahn herzlich verabschiedet - Weltladen Gem\u00fcnden\",\"isPartOf\":{\"@id\":\"https:\/\/weltlaeden.de\/gemuenden\/#website\"},\"primaryImageOfPage\":{\"@id\":\"https:\/\/weltlaeden.de\/gemuenden\/brigitte-hahn-herzlich-verabschiedet\/#primaryimage\"},\"image\":{\"@id\":\"https:\/\/weltlaeden.de\/gemuenden\/brigitte-hahn-herzlich-verabschiedet\/#primaryimage\"},\"thumbnailUrl\":\"https:\/\/weltlaeden.de\/gemuenden\/wp-content\/uploads\/sites\/141\/2026\/02\/1000058725.jpg\",\"datePublished\":\"2026-02-28T12:13:39+00:00\",\"author\":{\"@id\":\"https:\/\/weltlaeden.de\/gemuenden\/#\/schema\/person\/c50a2d10cfc59eb5e85966283566c535\"},\"breadcrumb\":{\"@id\":\"https:\/\/weltlaeden.de\/gemuenden\/brigitte-hahn-herzlich-verabschiedet\/#breadcrumb\"},\"inLanguage\":\"de\",\"potentialAction\":[{\"@type\":\"ReadAction\",\"target\":[\"https:\/\/weltlaeden.de\/gemuenden\/brigitte-hahn-herzlich-verabschiedet\/\"]}]},{\"@type\":\"ImageObject\",\"inLanguage\":\"de\",\"@id\":\"https:\/\/weltlaeden.de\/gemuenden\/brigitte-hahn-herzlich-verabschiedet\/#primaryimage\",\"url\":\"https:\/\/weltlaeden.de\/gemuenden\/wp-content\/uploads\/sites\/141\/2026\/02\/1000058725.jpg\",\"contentUrl\":\"https:\/\/weltlaeden.de\/gemuenden\/wp-content\/uploads\/sites\/141\/2026\/02\/1000058725.jpg\",\"width\":1000,\"height\":750},{\"@type\":\"BreadcrumbList\",\"@id\":\"https:\/\/weltlaeden.de\/gemuenden\/brigitte-hahn-herzlich-verabschiedet\/#breadcrumb\",\"itemListElement\":[{\"@type\":\"ListItem\",\"position\":1,\"name\":\"Startseite\",\"item\":\"https:\/\/weltlaeden.de\/gemuenden\/\"},{\"@type\":\"ListItem\",\"position\":2,\"name\":\"Brigitte Hahn herzlich verabschiedet\"}]},{\"@type\":\"WebSite\",\"@id\":\"https:\/\/weltlaeden.de\/gemuenden\/#website\",\"url\":\"https:\/\/weltlaeden.de\/gemuenden\/\",\"name\":\"Weltladen Gem\u00fcnden\",\"description\":\"Faire Produkte seit 1990\",\"potentialAction\":[{\"@type\":\"SearchAction\",\"target\":{\"@type\":\"EntryPoint\",\"urlTemplate\":\"https:\/\/weltlaeden.de\/gemuenden\/?s={search_term_string}\"},\"query-input\":{\"@type\":\"PropertyValueSpecification\",\"valueRequired\":true,\"valueName\":\"search_term_string\"}}],\"inLanguage\":\"de\"},{\"@type\":\"Person\",\"@id\":\"https:\/\/weltlaeden.de\/gemuenden\/#\/schema\/person\/c50a2d10cfc59eb5e85966283566c535\",\"name\":\"gemuenden\",\"image\":{\"@type\":\"ImageObject\",\"inLanguage\":\"de\",\"@id\":\"https:\/\/weltlaeden.de\/gemuenden\/#\/schema\/person\/image\/\",\"url\":\"https:\/\/secure.gravatar.com\/avatar\/daa1a565f10001adceaa819ab5d24dfb?s=96&d=mm&r=g\",\"contentUrl\":\"https:\/\/secure.gravatar.com\/avatar\/daa1a565f10001adceaa819ab5d24dfb?s=96&d=mm&r=g\",\"caption\":\"gemuenden\"}}]}<\/script>\n<!-- \/ Yoast SEO plugin. -->","yoast_head_json":{"title":"Brigitte Hahn herzlich verabschiedet - Weltladen Gem\u00fcnden","robots":{"index":"index","follow":"follow","max-snippet":"max-snippet:-1","max-image-preview":"max-image-preview:large","max-video-preview":"max-video-preview:-1"},"canonical":"https:\/\/weltlaeden.de\/gemuenden\/brigitte-hahn-herzlich-verabschiedet\/","og_locale":"de_DE","og_type":"article","og_title":"Brigitte Hahn herzlich verabschiedet - Weltladen Gem\u00fcnden","og_description":"Es ist Freitagnachmittag \u2013 das ist f\u00fcr gew\u00f6hnlich die Schicht von Brigitte Hahn im Weltladen am Marktplatz. Besser gesagt: die Doppelschicht. Denn Brigitte hat schon seit geraumer Zeit die gesamte Dauer von zwei Schichten von 14 bis 18 Uhr \u00fcbernommen. Alle zwei Wochen steht sie 4 Stunden hinter der Theke des Gem\u00fcndener Weltladens, obwohl sie&hellip;","og_url":"https:\/\/weltlaeden.de\/gemuenden\/brigitte-hahn-herzlich-verabschiedet\/","og_site_name":"Weltladen Gem\u00fcnden","article_published_time":"2026-02-28T12:13:39+00:00","og_image":[{"width":1000,"height":750,"url":"https:\/\/weltlaeden.de\/gemuenden\/wp-content\/uploads\/sites\/141\/2026\/02\/1000058725.jpg","type":"image\/jpeg"}],"author":"gemuenden","twitter_card":"summary_large_image","twitter_misc":{"Verfasst von":"gemuenden","Gesch\u00e4tzte Lesezeit":"1\u00a0Minute"},"schema":{"@context":"https:\/\/schema.org","@graph":[{"@type":"Article","@id":"https:\/\/weltlaeden.de\/gemuenden\/brigitte-hahn-herzlich-verabschiedet\/#article","isPartOf":{"@id":"https:\/\/weltlaeden.de\/gemuenden\/brigitte-hahn-herzlich-verabschiedet\/"},"author":{"name":"gemuenden","@id":"https:\/\/weltlaeden.de\/gemuenden\/#\/schema\/person\/c50a2d10cfc59eb5e85966283566c535"},"headline":"Brigitte Hahn herzlich verabschiedet","datePublished":"2026-02-28T12:13:39+00:00","mainEntityOfPage":{"@id":"https:\/\/weltlaeden.de\/gemuenden\/brigitte-hahn-herzlich-verabschiedet\/"},"wordCount":246,"image":{"@id":"https:\/\/weltlaeden.de\/gemuenden\/brigitte-hahn-herzlich-verabschiedet\/#primaryimage"},"thumbnailUrl":"https:\/\/weltlaeden.de\/gemuenden\/wp-content\/uploads\/sites\/141\/2026\/02\/1000058725.jpg","articleSection":["Keine Kategorie"],"inLanguage":"de"},{"@type":"WebPage","@id":"https:\/\/weltlaeden.de\/gemuenden\/brigitte-hahn-herzlich-verabschiedet\/","url":"https:\/\/weltlaeden.de\/gemuenden\/brigitte-hahn-herzlich-verabschiedet\/","name":"Brigitte Hahn herzlich verabschiedet - Weltladen Gem\u00fcnden","isPartOf":{"@id":"https:\/\/weltlaeden.de\/gemuenden\/#website"},"primaryImageOfPage":{"@id":"https:\/\/weltlaeden.de\/gemuenden\/brigitte-hahn-herzlich-verabschiedet\/#primaryimage"},"image":{"@id":"https:\/\/weltlaeden.de\/gemuenden\/brigitte-hahn-herzlich-verabschiedet\/#primaryimage"},"thumbnailUrl":"https:\/\/weltlaeden.de\/gemuenden\/wp-content\/uploads\/sites\/141\/2026\/02\/1000058725.jpg","datePublished":"2026-02-28T12:13:39+00:00","author":{"@id":"https:\/\/weltlaeden.de\/gemuenden\/#\/schema\/person\/c50a2d10cfc59eb5e85966283566c535"},"breadcrumb":{"@id":"https:\/\/weltlaeden.de\/gemuenden\/brigitte-hahn-herzlich-verabschiedet\/#breadcrumb"},"inLanguage":"de","potentialAction":[{"@type":"ReadAction","target":["https:\/\/weltlaeden.de\/gemuenden\/brigitte-hahn-herzlich-verabschiedet\/"]}]},{"@type":"ImageObject","inLanguage":"de","@id":"https:\/\/weltlaeden.de\/gemuenden\/brigitte-hahn-herzlich-verabschiedet\/#primaryimage","url":"https:\/\/weltlaeden.de\/gemuenden\/wp-content\/uploads\/sites\/141\/2026\/02\/1000058725.jpg","contentUrl":"https:\/\/weltlaeden.de\/gemuenden\/wp-content\/uploads\/sites\/141\/2026\/02\/1000058725.jpg","width":1000,"height":750},{"@type":"BreadcrumbList","@id":"https:\/\/weltlaeden.de\/gemuenden\/brigitte-hahn-herzlich-verabschiedet\/#breadcrumb","itemListElement":[{"@type":"ListItem","position":1,"name":"Startseite","item":"https:\/\/weltlaeden.de\/gemuenden\/"},{"@type":"ListItem","position":2,"name":"Brigitte Hahn herzlich verabschiedet"}]},{"@type":"WebSite","@id":"https:\/\/weltlaeden.de\/gemuenden\/#website","url":"https:\/\/weltlaeden.de\/gemuenden\/","name":"Weltladen Gem\u00fcnden","description":"Faire Produkte seit 1990","potentialAction":[{"@type":"SearchAction","target":{"@type":"EntryPoint","urlTemplate":"https:\/\/weltlaeden.de\/gemuenden\/?s={search_term_string}"},"query-input":{"@type":"PropertyValueSpecification","valueRequired":true,"valueName":"search_term_string"}}],"inLanguage":"de"},{"@type":"Person","@id":"https:\/\/weltlaeden.de\/gemuenden\/#\/schema\/person\/c50a2d10cfc59eb5e85966283566c535","name":"gemuenden","image":{"@type":"ImageObject","inLanguage":"de","@id":"https:\/\/weltlaeden.de\/gemuenden\/#\/schema\/person\/image\/","url":"https:\/\/secure.gravatar.com\/avatar\/daa1a565f10001adceaa819ab5d24dfb?s=96&d=mm&r=g","contentUrl":"https:\/\/secure.gravatar.com\/avatar\/daa1a565f10001adceaa819ab5d24dfb?s=96&d=mm&r=g","caption":"gemuenden"}}]}},"_links":{"self":[{"href":"https:\/\/weltlaeden.de\/gemuenden\/wp-json\/wp\/v2\/posts\/2132","targetHints":{"allow":["GET"]}}],"collection":[{"href":"https:\/\/weltlaeden.de\/gemuenden\/wp-json\/wp\/v2\/posts"}],"about":[{"href":"https:\/\/weltlaeden.de\/gemuenden\/wp-json\/wp\/v2\/types\/post"}],"author":[{"embeddable":true,"href":"https:\/\/weltlaeden.de\/gemuenden\/wp-json\/wp\/v2\/users\/208"}],"replies":[{"embeddable":true,"href":"https:\/\/weltlaeden.de\/gemuenden\/wp-json\/wp\/v2\/comments?post=2132"}],"version-history":[{"count":2,"href":"https:\/\/weltlaeden.de\/gemuenden\/wp-json\/wp\/v2\/posts\/2132\/revisions"}],"predecessor-version":[{"id":2134,"href":"https:\/\/weltlaeden.de\/gemuenden\/wp-json\/wp\/v2\/posts\/2132\/revisions\/2134"}],"wp:featuredmedia":[{"embeddable":true,"href":"https:\/\/weltlaeden.de\/gemuenden\/wp-json\/wp\/v2\/media\/2127"}],"wp:attachment":[{"href":"https:\/\/weltlaeden.de\/gemuenden\/wp-json\/wp\/v2\/media?parent=2132"}],"wp:term":[{"taxonomy":"category","embeddable":true,"href":"https:\/\/weltlaeden.de\/gemuenden\/wp-json\/wp\/v2\/categories?post=2132"},{"taxonomy":"post_tag","embeddable":true,"href":"https:\/\/weltlaeden.de\/gemuenden\/wp-json\/wp\/v2\/tags?post=2132"}],"curies":[{"name":"wp","href":"https:\/\/api.w.org\/{rel}","templated":true}]}}