{"id":2125,"date":"2026-02-28T13:09:41","date_gmt":"2026-02-28T12:09:41","guid":{"rendered":"https:\/\/weltlaeden.de\/gemuenden\/?p=2125"},"modified":"2026-02-28T13:09:41","modified_gmt":"2026-02-28T12:09:41","slug":"bestellmesse-in-rottendorf","status":"publish","type":"post","link":"https:\/\/weltlaeden.de\/gemuenden\/bestellmesse-in-rottendorf\/","title":{"rendered":"Bestellmesse in Rottendorf"},"content":{"rendered":"<p style=\"font-weight: 400\">Der Fr\u00fchling ist da und vieles wird wieder neu und bl\u00fcht und ist bunt. Auch im Sortiment der Importeure im Fairen Handel wird Anfang des Jahres vieles neu und bunt. Zeit f\u00fcr Verantwortliche aus unserem Ladenteam zur Ordermesse nach Rottendorf zu fahren, wohin einige gro\u00dfe faire Importorganisationen die Weltl\u00e4den aus der Region Mainfranken eingeladen hatten. Dort gab es an den St\u00e4nden der Gepa, Weltpartner, El Puente, Globo u.a. vieles zu bestaunen, was neu am Markt ist. Und nat\u00fcrlich konnte man auch zahlreiche Leckereien aus dem Lebensmittelsortimenten verkosten und dann entscheiden, ob es auch etwas f\u00fcr unseren Laden und unsere Kundschaft in Gem\u00fcnden ist. Ausgiebig konnten wir uns von der Qualit\u00e4t der neuen Ware \u00fcberzeugen und viele K\u00f6stlichkeiten probieren. So waren auch Bestellungen bei allen Lieferanten f\u00e4llig, damit die Neuigkeiten in den n\u00e4chsten Wochen auch den Weg in die Regale unseres Esperanza-Ladens finden.<\/p>\n<p><img loading=\"lazy\" decoding=\"async\" class=\"aligncenter wp-image-2130 size-full\" src=\"https:\/\/weltlaeden.de\/gemuenden\/wp-content\/uploads\/sites\/141\/2026\/02\/1000056381.jpg\" alt=\"\" width=\"1000\" height=\"750\" srcset=\"https:\/\/weltlaeden.de\/gemuenden\/wp-content\/uploads\/sites\/141\/2026\/02\/1000056381.jpg 1000w, https:\/\/weltlaeden.de\/gemuenden\/wp-content\/uploads\/sites\/141\/2026\/02\/1000056381-300x225.jpg 300w, https:\/\/weltlaeden.de\/gemuenden\/wp-content\/uploads\/sites\/141\/2026\/02\/1000056381-768x576.jpg 768w\" sizes=\"auto, (max-width: 1000px) 100vw, 1000px\" \/><\/p>\n<p><img loading=\"lazy\" decoding=\"async\" class=\"aligncenter wp-image-2128 size-large\" src=\"https:\/\/weltlaeden.de\/gemuenden\/wp-content\/uploads\/sites\/141\/2026\/02\/1000056399-1024x768.jpg\" alt=\"\" width=\"1024\" height=\"768\" srcset=\"https:\/\/weltlaeden.de\/gemuenden\/wp-content\/uploads\/sites\/141\/2026\/02\/1000056399-1024x768.jpg 1024w, https:\/\/weltlaeden.de\/gemuenden\/wp-content\/uploads\/sites\/141\/2026\/02\/1000056399-300x225.jpg 300w, https:\/\/weltlaeden.de\/gemuenden\/wp-content\/uploads\/sites\/141\/2026\/02\/1000056399-768x576.jpg 768w, https:\/\/weltlaeden.de\/gemuenden\/wp-content\/uploads\/sites\/141\/2026\/02\/1000056399-1536x1152.jpg 1536w, https:\/\/weltlaeden.de\/gemuenden\/wp-content\/uploads\/sites\/141\/2026\/02\/1000056399-2048x1536.jpg 2048w\" sizes=\"auto, (max-width: 1024px) 100vw, 1024px\" \/><\/p>\n","protected":false},"excerpt":{"rendered":"<p>Der Fr\u00fchling ist da und vieles wird wieder neu und bl\u00fcht und ist bunt. Auch im Sortiment der Importeure im Fairen Handel wird Anfang des Jahres vieles neu und bunt. Zeit f\u00fcr Verantwortliche aus unserem Ladenteam zur Ordermesse nach Rottendorf zu fahren, wohin einige gro\u00dfe faire Importorganisationen die Weltl\u00e4den aus der Region Mainfranken eingeladen hatten.&hellip;<\/p>\n","protected":false},"author":208,"featured_media":2129,"comment_status":"closed","ping_status":"closed","sticky":false,"template":"","format":"standard","meta":{"footnotes":""},"categories":[1],"tags":[],"class_list":["post-2125","post","type-post","status-publish","format-standard","has-post-thumbnail","hentry","category-allgemein","category-1","description-off"],"yoast_head":"<!-- This site is optimized with the Yoast SEO plugin v26.8 - https:\/\/yoast.com\/product\/yoast-seo-wordpress\/ -->\n<title>Bestellmesse in Rottendorf - Weltladen Gem\u00fcnden<\/title>\n<meta name=\"robots\" content=\"index, follow, max-snippet:-1, max-image-preview:large, max-video-preview:-1\" \/>\n<link rel=\"canonical\" href=\"https:\/\/weltlaeden.de\/gemuenden\/bestellmesse-in-rottendorf\/\" \/>\n<meta property=\"og:locale\" content=\"de_DE\" \/>\n<meta property=\"og:type\" content=\"article\" \/>\n<meta property=\"og:title\" content=\"Bestellmesse in Rottendorf - Weltladen Gem\u00fcnden\" \/>\n<meta property=\"og:description\" content=\"Der Fr\u00fchling ist da und vieles wird wieder neu und bl\u00fcht und ist bunt. Auch im Sortiment der Importeure im Fairen Handel wird Anfang des Jahres vieles neu und bunt. Zeit f\u00fcr Verantwortliche aus unserem Ladenteam zur Ordermesse nach Rottendorf zu fahren, wohin einige gro\u00dfe faire Importorganisationen die Weltl\u00e4den aus der Region Mainfranken eingeladen hatten.&hellip;\" \/>\n<meta property=\"og:url\" content=\"https:\/\/weltlaeden.de\/gemuenden\/bestellmesse-in-rottendorf\/\" \/>\n<meta property=\"og:site_name\" content=\"Weltladen Gem\u00fcnden\" \/>\n<meta property=\"article:published_time\" content=\"2026-02-28T12:09:41+00:00\" \/>\n<meta property=\"og:image\" content=\"https:\/\/weltlaeden.de\/gemuenden\/wp-content\/uploads\/sites\/141\/2026\/02\/1000056385.jpg\" \/>\n\t<meta property=\"og:image:width\" content=\"1000\" \/>\n\t<meta property=\"og:image:height\" content=\"750\" \/>\n\t<meta property=\"og:image:type\" content=\"image\/jpeg\" \/>\n<meta name=\"author\" content=\"gemuenden\" \/>\n<meta name=\"twitter:card\" content=\"summary_large_image\" \/>\n<meta name=\"twitter:label1\" content=\"Verfasst von\" \/>\n\t<meta name=\"twitter:data1\" content=\"gemuenden\" \/>\n\t<meta name=\"twitter:label2\" content=\"Gesch\u00e4tzte Lesezeit\" \/>\n\t<meta name=\"twitter:data2\" content=\"1\u00a0Minute\" \/>\n<script type=\"application\/ld+json\" class=\"yoast-schema-graph\">{\"@context\":\"https:\/\/schema.org\",\"@graph\":[{\"@type\":\"Article\",\"@id\":\"https:\/\/weltlaeden.de\/gemuenden\/bestellmesse-in-rottendorf\/#article\",\"isPartOf\":{\"@id\":\"https:\/\/weltlaeden.de\/gemuenden\/bestellmesse-in-rottendorf\/\"},\"author\":{\"name\":\"gemuenden\",\"@id\":\"https:\/\/weltlaeden.de\/gemuenden\/#\/schema\/person\/c50a2d10cfc59eb5e85966283566c535\"},\"headline\":\"Bestellmesse in Rottendorf\",\"datePublished\":\"2026-02-28T12:09:41+00:00\",\"mainEntityOfPage\":{\"@id\":\"https:\/\/weltlaeden.de\/gemuenden\/bestellmesse-in-rottendorf\/\"},\"wordCount\":159,\"image\":{\"@id\":\"https:\/\/weltlaeden.de\/gemuenden\/bestellmesse-in-rottendorf\/#primaryimage\"},\"thumbnailUrl\":\"https:\/\/weltlaeden.de\/gemuenden\/wp-content\/uploads\/sites\/141\/2026\/02\/1000056385.jpg\",\"articleSection\":[\"Keine Kategorie\"],\"inLanguage\":\"de\"},{\"@type\":\"WebPage\",\"@id\":\"https:\/\/weltlaeden.de\/gemuenden\/bestellmesse-in-rottendorf\/\",\"url\":\"https:\/\/weltlaeden.de\/gemuenden\/bestellmesse-in-rottendorf\/\",\"name\":\"Bestellmesse in Rottendorf - Weltladen Gem\u00fcnden\",\"isPartOf\":{\"@id\":\"https:\/\/weltlaeden.de\/gemuenden\/#website\"},\"primaryImageOfPage\":{\"@id\":\"https:\/\/weltlaeden.de\/gemuenden\/bestellmesse-in-rottendorf\/#primaryimage\"},\"image\":{\"@id\":\"https:\/\/weltlaeden.de\/gemuenden\/bestellmesse-in-rottendorf\/#primaryimage\"},\"thumbnailUrl\":\"https:\/\/weltlaeden.de\/gemuenden\/wp-content\/uploads\/sites\/141\/2026\/02\/1000056385.jpg\",\"datePublished\":\"2026-02-28T12:09:41+00:00\",\"author\":{\"@id\":\"https:\/\/weltlaeden.de\/gemuenden\/#\/schema\/person\/c50a2d10cfc59eb5e85966283566c535\"},\"breadcrumb\":{\"@id\":\"https:\/\/weltlaeden.de\/gemuenden\/bestellmesse-in-rottendorf\/#breadcrumb\"},\"inLanguage\":\"de\",\"potentialAction\":[{\"@type\":\"ReadAction\",\"target\":[\"https:\/\/weltlaeden.de\/gemuenden\/bestellmesse-in-rottendorf\/\"]}]},{\"@type\":\"ImageObject\",\"inLanguage\":\"de\",\"@id\":\"https:\/\/weltlaeden.de\/gemuenden\/bestellmesse-in-rottendorf\/#primaryimage\",\"url\":\"https:\/\/weltlaeden.de\/gemuenden\/wp-content\/uploads\/sites\/141\/2026\/02\/1000056385.jpg\",\"contentUrl\":\"https:\/\/weltlaeden.de\/gemuenden\/wp-content\/uploads\/sites\/141\/2026\/02\/1000056385.jpg\",\"width\":1000,\"height\":750},{\"@type\":\"BreadcrumbList\",\"@id\":\"https:\/\/weltlaeden.de\/gemuenden\/bestellmesse-in-rottendorf\/#breadcrumb\",\"itemListElement\":[{\"@type\":\"ListItem\",\"position\":1,\"name\":\"Startseite\",\"item\":\"https:\/\/weltlaeden.de\/gemuenden\/\"},{\"@type\":\"ListItem\",\"position\":2,\"name\":\"Bestellmesse in Rottendorf\"}]},{\"@type\":\"WebSite\",\"@id\":\"https:\/\/weltlaeden.de\/gemuenden\/#website\",\"url\":\"https:\/\/weltlaeden.de\/gemuenden\/\",\"name\":\"Weltladen Gem\u00fcnden\",\"description\":\"Faire Produkte seit 1990\",\"potentialAction\":[{\"@type\":\"SearchAction\",\"target\":{\"@type\":\"EntryPoint\",\"urlTemplate\":\"https:\/\/weltlaeden.de\/gemuenden\/?s={search_term_string}\"},\"query-input\":{\"@type\":\"PropertyValueSpecification\",\"valueRequired\":true,\"valueName\":\"search_term_string\"}}],\"inLanguage\":\"de\"},{\"@type\":\"Person\",\"@id\":\"https:\/\/weltlaeden.de\/gemuenden\/#\/schema\/person\/c50a2d10cfc59eb5e85966283566c535\",\"name\":\"gemuenden\",\"image\":{\"@type\":\"ImageObject\",\"inLanguage\":\"de\",\"@id\":\"https:\/\/weltlaeden.de\/gemuenden\/#\/schema\/person\/image\/\",\"url\":\"https:\/\/secure.gravatar.com\/avatar\/daa1a565f10001adceaa819ab5d24dfb?s=96&d=mm&r=g\",\"contentUrl\":\"https:\/\/secure.gravatar.com\/avatar\/daa1a565f10001adceaa819ab5d24dfb?s=96&d=mm&r=g\",\"caption\":\"gemuenden\"}}]}<\/script>\n<!-- \/ Yoast SEO plugin. -->","yoast_head_json":{"title":"Bestellmesse in Rottendorf - Weltladen Gem\u00fcnden","robots":{"index":"index","follow":"follow","max-snippet":"max-snippet:-1","max-image-preview":"max-image-preview:large","max-video-preview":"max-video-preview:-1"},"canonical":"https:\/\/weltlaeden.de\/gemuenden\/bestellmesse-in-rottendorf\/","og_locale":"de_DE","og_type":"article","og_title":"Bestellmesse in Rottendorf - Weltladen Gem\u00fcnden","og_description":"Der Fr\u00fchling ist da und vieles wird wieder neu und bl\u00fcht und ist bunt. Auch im Sortiment der Importeure im Fairen Handel wird Anfang des Jahres vieles neu und bunt. Zeit f\u00fcr Verantwortliche aus unserem Ladenteam zur Ordermesse nach Rottendorf zu fahren, wohin einige gro\u00dfe faire Importorganisationen die Weltl\u00e4den aus der Region Mainfranken eingeladen hatten.&hellip;","og_url":"https:\/\/weltlaeden.de\/gemuenden\/bestellmesse-in-rottendorf\/","og_site_name":"Weltladen Gem\u00fcnden","article_published_time":"2026-02-28T12:09:41+00:00","og_image":[{"width":1000,"height":750,"url":"https:\/\/weltlaeden.de\/gemuenden\/wp-content\/uploads\/sites\/141\/2026\/02\/1000056385.jpg","type":"image\/jpeg"}],"author":"gemuenden","twitter_card":"summary_large_image","twitter_misc":{"Verfasst von":"gemuenden","Gesch\u00e4tzte Lesezeit":"1\u00a0Minute"},"schema":{"@context":"https:\/\/schema.org","@graph":[{"@type":"Article","@id":"https:\/\/weltlaeden.de\/gemuenden\/bestellmesse-in-rottendorf\/#article","isPartOf":{"@id":"https:\/\/weltlaeden.de\/gemuenden\/bestellmesse-in-rottendorf\/"},"author":{"name":"gemuenden","@id":"https:\/\/weltlaeden.de\/gemuenden\/#\/schema\/person\/c50a2d10cfc59eb5e85966283566c535"},"headline":"Bestellmesse in Rottendorf","datePublished":"2026-02-28T12:09:41+00:00","mainEntityOfPage":{"@id":"https:\/\/weltlaeden.de\/gemuenden\/bestellmesse-in-rottendorf\/"},"wordCount":159,"image":{"@id":"https:\/\/weltlaeden.de\/gemuenden\/bestellmesse-in-rottendorf\/#primaryimage"},"thumbnailUrl":"https:\/\/weltlaeden.de\/gemuenden\/wp-content\/uploads\/sites\/141\/2026\/02\/1000056385.jpg","articleSection":["Keine Kategorie"],"inLanguage":"de"},{"@type":"WebPage","@id":"https:\/\/weltlaeden.de\/gemuenden\/bestellmesse-in-rottendorf\/","url":"https:\/\/weltlaeden.de\/gemuenden\/bestellmesse-in-rottendorf\/","name":"Bestellmesse in Rottendorf - Weltladen Gem\u00fcnden","isPartOf":{"@id":"https:\/\/weltlaeden.de\/gemuenden\/#website"},"primaryImageOfPage":{"@id":"https:\/\/weltlaeden.de\/gemuenden\/bestellmesse-in-rottendorf\/#primaryimage"},"image":{"@id":"https:\/\/weltlaeden.de\/gemuenden\/bestellmesse-in-rottendorf\/#primaryimage"},"thumbnailUrl":"https:\/\/weltlaeden.de\/gemuenden\/wp-content\/uploads\/sites\/141\/2026\/02\/1000056385.jpg","datePublished":"2026-02-28T12:09:41+00:00","author":{"@id":"https:\/\/weltlaeden.de\/gemuenden\/#\/schema\/person\/c50a2d10cfc59eb5e85966283566c535"},"breadcrumb":{"@id":"https:\/\/weltlaeden.de\/gemuenden\/bestellmesse-in-rottendorf\/#breadcrumb"},"inLanguage":"de","potentialAction":[{"@type":"ReadAction","target":["https:\/\/weltlaeden.de\/gemuenden\/bestellmesse-in-rottendorf\/"]}]},{"@type":"ImageObject","inLanguage":"de","@id":"https:\/\/weltlaeden.de\/gemuenden\/bestellmesse-in-rottendorf\/#primaryimage","url":"https:\/\/weltlaeden.de\/gemuenden\/wp-content\/uploads\/sites\/141\/2026\/02\/1000056385.jpg","contentUrl":"https:\/\/weltlaeden.de\/gemuenden\/wp-content\/uploads\/sites\/141\/2026\/02\/1000056385.jpg","width":1000,"height":750},{"@type":"BreadcrumbList","@id":"https:\/\/weltlaeden.de\/gemuenden\/bestellmesse-in-rottendorf\/#breadcrumb","itemListElement":[{"@type":"ListItem","position":1,"name":"Startseite","item":"https:\/\/weltlaeden.de\/gemuenden\/"},{"@type":"ListItem","position":2,"name":"Bestellmesse in Rottendorf"}]},{"@type":"WebSite","@id":"https:\/\/weltlaeden.de\/gemuenden\/#website","url":"https:\/\/weltlaeden.de\/gemuenden\/","name":"Weltladen Gem\u00fcnden","description":"Faire Produkte seit 1990","potentialAction":[{"@type":"SearchAction","target":{"@type":"EntryPoint","urlTemplate":"https:\/\/weltlaeden.de\/gemuenden\/?s={search_term_string}"},"query-input":{"@type":"PropertyValueSpecification","valueRequired":true,"valueName":"search_term_string"}}],"inLanguage":"de"},{"@type":"Person","@id":"https:\/\/weltlaeden.de\/gemuenden\/#\/schema\/person\/c50a2d10cfc59eb5e85966283566c535","name":"gemuenden","image":{"@type":"ImageObject","inLanguage":"de","@id":"https:\/\/weltlaeden.de\/gemuenden\/#\/schema\/person\/image\/","url":"https:\/\/secure.gravatar.com\/avatar\/daa1a565f10001adceaa819ab5d24dfb?s=96&d=mm&r=g","contentUrl":"https:\/\/secure.gravatar.com\/avatar\/daa1a565f10001adceaa819ab5d24dfb?s=96&d=mm&r=g","caption":"gemuenden"}}]}},"_links":{"self":[{"href":"https:\/\/weltlaeden.de\/gemuenden\/wp-json\/wp\/v2\/posts\/2125","targetHints":{"allow":["GET"]}}],"collection":[{"href":"https:\/\/weltlaeden.de\/gemuenden\/wp-json\/wp\/v2\/posts"}],"about":[{"href":"https:\/\/weltlaeden.de\/gemuenden\/wp-json\/wp\/v2\/types\/post"}],"author":[{"embeddable":true,"href":"https:\/\/weltlaeden.de\/gemuenden\/wp-json\/wp\/v2\/users\/208"}],"replies":[{"embeddable":true,"href":"https:\/\/weltlaeden.de\/gemuenden\/wp-json\/wp\/v2\/comments?post=2125"}],"version-history":[{"count":1,"href":"https:\/\/weltlaeden.de\/gemuenden\/wp-json\/wp\/v2\/posts\/2125\/revisions"}],"predecessor-version":[{"id":2131,"href":"https:\/\/weltlaeden.de\/gemuenden\/wp-json\/wp\/v2\/posts\/2125\/revisions\/2131"}],"wp:featuredmedia":[{"embeddable":true,"href":"https:\/\/weltlaeden.de\/gemuenden\/wp-json\/wp\/v2\/media\/2129"}],"wp:attachment":[{"href":"https:\/\/weltlaeden.de\/gemuenden\/wp-json\/wp\/v2\/media?parent=2125"}],"wp:term":[{"taxonomy":"category","embeddable":true,"href":"https:\/\/weltlaeden.de\/gemuenden\/wp-json\/wp\/v2\/categories?post=2125"},{"taxonomy":"post_tag","embeddable":true,"href":"https:\/\/weltlaeden.de\/gemuenden\/wp-json\/wp\/v2\/tags?post=2125"}],"curies":[{"name":"wp","href":"https:\/\/api.w.org\/{rel}","templated":true}]}}