{"id":1439,"date":"2025-03-30T11:10:26","date_gmt":"2025-03-30T09:10:26","guid":{"rendered":"https:\/\/weltlaeden.de\/gelnhausen\/?p=1439"},"modified":"2025-04-07T11:11:25","modified_gmt":"2025-04-07T09:11:25","slug":"konsumkritische-stadtrundgaenge","status":"publish","type":"post","link":"https:\/\/weltlaeden.de\/gelnhausen\/konsumkritische-stadtrundgaenge\/","title":{"rendered":"Konsumkritische Stadtrundg\u00e4nge"},"content":{"rendered":"<p><b>Konsumkritische Stadtrundg\u00e4nge: <\/b>Am 22.3. fand der Rundgang &#8222;Gelnhausen &#8211; global und fair&#8220; und am 30. 3. die Rundfahrt &#8222;Gelnhausen und der Kautschuk &#8211; eine Rundfahrt entlang der &#8222;Gummiroute&#8220; in Gelnhausen&#8220; statt. Bei beiden Veranstaltungen wurde ein Bezug hergestellt zwischen dem historischen Gelnhausen als Handelsstadt und der Rolle der Stadt heute als &#8222;Fairtrade Town&#8220;, und dabei zum Nachdenken \u00fcber nachhaltiges Konsumverhalten angeregt.<\/p>\n<p>Beider Rundg\u00e4nge sind \u00fcber den Weltladen oder die &#8222;Bildungspartner Main-Kinzig&#8220; auch separat f\u00fcr Gruppen buchbar.<\/p>\n","protected":false},"excerpt":{"rendered":"<p>Konsumkritische Stadtrundg\u00e4nge: Am 22.3. fand der Rundgang &#8222;Gelnhausen &#8211; global und fair&#8220; und am 30. 3. die Rundfahrt &#8222;Gelnhausen und der Kautschuk &#8211; eine Rundfahrt entlang der &#8222;Gummiroute&#8220; in Gelnhausen&#8220; statt. Bei beiden Veranstaltungen wurde ein Bezug hergestellt zwischen dem historischen Gelnhausen als Handelsstadt und der Rolle der Stadt heute als &#8222;Fairtrade Town&#8220;, und dabei&hellip;<\/p>\n","protected":false},"author":197,"featured_media":1440,"comment_status":"closed","ping_status":"closed","sticky":false,"template":"","format":"standard","meta":{"footnotes":""},"categories":[1],"tags":[],"class_list":["post-1439","post","type-post","status-publish","format-standard","has-post-thumbnail","hentry","category-allgemein","category-1","description-off"],"yoast_head":"<!-- This site is optimized with the Yoast SEO plugin v26.8 - https:\/\/yoast.com\/product\/yoast-seo-wordpress\/ -->\n<title>Konsumkritische Stadtrundg\u00e4nge - Weltladen Gelnhausen<\/title>\n<meta name=\"robots\" content=\"index, follow, max-snippet:-1, max-image-preview:large, max-video-preview:-1\" \/>\n<link rel=\"canonical\" href=\"https:\/\/weltlaeden.de\/gelnhausen\/konsumkritische-stadtrundgaenge\/\" \/>\n<meta property=\"og:locale\" content=\"de_DE\" \/>\n<meta property=\"og:type\" content=\"article\" \/>\n<meta property=\"og:title\" content=\"Konsumkritische Stadtrundg\u00e4nge - Weltladen Gelnhausen\" \/>\n<meta property=\"og:description\" content=\"Konsumkritische Stadtrundg\u00e4nge: Am 22.3. fand der Rundgang &#8222;Gelnhausen &#8211; global und fair&#8220; und am 30. 3. die Rundfahrt &#8222;Gelnhausen und der Kautschuk &#8211; eine Rundfahrt entlang der &#8222;Gummiroute&#8220; in Gelnhausen&#8220; statt. Bei beiden Veranstaltungen wurde ein Bezug hergestellt zwischen dem historischen Gelnhausen als Handelsstadt und der Rolle der Stadt heute als &#8222;Fairtrade Town&#8220;, und dabei&hellip;\" \/>\n<meta property=\"og:url\" content=\"https:\/\/weltlaeden.de\/gelnhausen\/konsumkritische-stadtrundgaenge\/\" \/>\n<meta property=\"og:site_name\" content=\"Weltladen Gelnhausen\" \/>\n<meta property=\"article:published_time\" content=\"2025-03-30T09:10:26+00:00\" \/>\n<meta property=\"article:modified_time\" content=\"2025-04-07T09:11:25+00:00\" \/>\n<meta property=\"og:image\" content=\"https:\/\/weltlaeden.de\/gelnhausen\/wp-content\/uploads\/sites\/135\/2025\/04\/0zAvh8mkN35aSUWv.jpg\" \/>\n\t<meta property=\"og:image:width\" content=\"2016\" \/>\n\t<meta property=\"og:image:height\" content=\"1512\" \/>\n\t<meta property=\"og:image:type\" content=\"image\/jpeg\" \/>\n<meta name=\"author\" content=\"gelnhausen\" \/>\n<meta name=\"twitter:card\" content=\"summary_large_image\" \/>\n<meta name=\"twitter:label1\" content=\"Verfasst von\" \/>\n\t<meta name=\"twitter:data1\" content=\"gelnhausen\" \/>\n<script type=\"application\/ld+json\" class=\"yoast-schema-graph\">{\"@context\":\"https:\/\/schema.org\",\"@graph\":[{\"@type\":\"Article\",\"@id\":\"https:\/\/weltlaeden.de\/gelnhausen\/konsumkritische-stadtrundgaenge\/#article\",\"isPartOf\":{\"@id\":\"https:\/\/weltlaeden.de\/gelnhausen\/konsumkritische-stadtrundgaenge\/\"},\"author\":{\"name\":\"gelnhausen\",\"@id\":\"https:\/\/weltlaeden.de\/gelnhausen\/#\/schema\/person\/1c94d94021573f2adafc75d900b3c1ae\"},\"headline\":\"Konsumkritische Stadtrundg\u00e4nge\",\"datePublished\":\"2025-03-30T09:10:26+00:00\",\"dateModified\":\"2025-04-07T09:11:25+00:00\",\"mainEntityOfPage\":{\"@id\":\"https:\/\/weltlaeden.de\/gelnhausen\/konsumkritische-stadtrundgaenge\/\"},\"wordCount\":79,\"image\":{\"@id\":\"https:\/\/weltlaeden.de\/gelnhausen\/konsumkritische-stadtrundgaenge\/#primaryimage\"},\"thumbnailUrl\":\"https:\/\/weltlaeden.de\/gelnhausen\/wp-content\/uploads\/sites\/135\/2025\/04\/0zAvh8mkN35aSUWv.jpg\",\"articleSection\":[\"Keine Kategorie\"],\"inLanguage\":\"de\"},{\"@type\":\"WebPage\",\"@id\":\"https:\/\/weltlaeden.de\/gelnhausen\/konsumkritische-stadtrundgaenge\/\",\"url\":\"https:\/\/weltlaeden.de\/gelnhausen\/konsumkritische-stadtrundgaenge\/\",\"name\":\"Konsumkritische Stadtrundg\u00e4nge - Weltladen Gelnhausen\",\"isPartOf\":{\"@id\":\"https:\/\/weltlaeden.de\/gelnhausen\/#website\"},\"primaryImageOfPage\":{\"@id\":\"https:\/\/weltlaeden.de\/gelnhausen\/konsumkritische-stadtrundgaenge\/#primaryimage\"},\"image\":{\"@id\":\"https:\/\/weltlaeden.de\/gelnhausen\/konsumkritische-stadtrundgaenge\/#primaryimage\"},\"thumbnailUrl\":\"https:\/\/weltlaeden.de\/gelnhausen\/wp-content\/uploads\/sites\/135\/2025\/04\/0zAvh8mkN35aSUWv.jpg\",\"datePublished\":\"2025-03-30T09:10:26+00:00\",\"dateModified\":\"2025-04-07T09:11:25+00:00\",\"author\":{\"@id\":\"https:\/\/weltlaeden.de\/gelnhausen\/#\/schema\/person\/1c94d94021573f2adafc75d900b3c1ae\"},\"breadcrumb\":{\"@id\":\"https:\/\/weltlaeden.de\/gelnhausen\/konsumkritische-stadtrundgaenge\/#breadcrumb\"},\"inLanguage\":\"de\",\"potentialAction\":[{\"@type\":\"ReadAction\",\"target\":[\"https:\/\/weltlaeden.de\/gelnhausen\/konsumkritische-stadtrundgaenge\/\"]}]},{\"@type\":\"ImageObject\",\"inLanguage\":\"de\",\"@id\":\"https:\/\/weltlaeden.de\/gelnhausen\/konsumkritische-stadtrundgaenge\/#primaryimage\",\"url\":\"https:\/\/weltlaeden.de\/gelnhausen\/wp-content\/uploads\/sites\/135\/2025\/04\/0zAvh8mkN35aSUWv.jpg\",\"contentUrl\":\"https:\/\/weltlaeden.de\/gelnhausen\/wp-content\/uploads\/sites\/135\/2025\/04\/0zAvh8mkN35aSUWv.jpg\",\"width\":2016,\"height\":1512},{\"@type\":\"BreadcrumbList\",\"@id\":\"https:\/\/weltlaeden.de\/gelnhausen\/konsumkritische-stadtrundgaenge\/#breadcrumb\",\"itemListElement\":[{\"@type\":\"ListItem\",\"position\":1,\"name\":\"Startseite\",\"item\":\"https:\/\/weltlaeden.de\/gelnhausen\/\"},{\"@type\":\"ListItem\",\"position\":2,\"name\":\"Konsumkritische Stadtrundg\u00e4nge\"}]},{\"@type\":\"WebSite\",\"@id\":\"https:\/\/weltlaeden.de\/gelnhausen\/#website\",\"url\":\"https:\/\/weltlaeden.de\/gelnhausen\/\",\"name\":\"Weltladen Gelnhausen\",\"description\":\"Faire Produkte seit 1981\",\"potentialAction\":[{\"@type\":\"SearchAction\",\"target\":{\"@type\":\"EntryPoint\",\"urlTemplate\":\"https:\/\/weltlaeden.de\/gelnhausen\/?s={search_term_string}\"},\"query-input\":{\"@type\":\"PropertyValueSpecification\",\"valueRequired\":true,\"valueName\":\"search_term_string\"}}],\"inLanguage\":\"de\"},{\"@type\":\"Person\",\"@id\":\"https:\/\/weltlaeden.de\/gelnhausen\/#\/schema\/person\/1c94d94021573f2adafc75d900b3c1ae\",\"name\":\"gelnhausen\",\"image\":{\"@type\":\"ImageObject\",\"inLanguage\":\"de\",\"@id\":\"https:\/\/weltlaeden.de\/gelnhausen\/#\/schema\/person\/image\/\",\"url\":\"https:\/\/secure.gravatar.com\/avatar\/55cc02f74cb34a63b3142d75e149bfab?s=96&d=mm&r=g\",\"contentUrl\":\"https:\/\/secure.gravatar.com\/avatar\/55cc02f74cb34a63b3142d75e149bfab?s=96&d=mm&r=g\",\"caption\":\"gelnhausen\"}}]}<\/script>\n<!-- \/ Yoast SEO plugin. -->","yoast_head_json":{"title":"Konsumkritische Stadtrundg\u00e4nge - Weltladen Gelnhausen","robots":{"index":"index","follow":"follow","max-snippet":"max-snippet:-1","max-image-preview":"max-image-preview:large","max-video-preview":"max-video-preview:-1"},"canonical":"https:\/\/weltlaeden.de\/gelnhausen\/konsumkritische-stadtrundgaenge\/","og_locale":"de_DE","og_type":"article","og_title":"Konsumkritische Stadtrundg\u00e4nge - Weltladen Gelnhausen","og_description":"Konsumkritische Stadtrundg\u00e4nge: Am 22.3. fand der Rundgang &#8222;Gelnhausen &#8211; global und fair&#8220; und am 30. 3. die Rundfahrt &#8222;Gelnhausen und der Kautschuk &#8211; eine Rundfahrt entlang der &#8222;Gummiroute&#8220; in Gelnhausen&#8220; statt. Bei beiden Veranstaltungen wurde ein Bezug hergestellt zwischen dem historischen Gelnhausen als Handelsstadt und der Rolle der Stadt heute als &#8222;Fairtrade Town&#8220;, und dabei&hellip;","og_url":"https:\/\/weltlaeden.de\/gelnhausen\/konsumkritische-stadtrundgaenge\/","og_site_name":"Weltladen Gelnhausen","article_published_time":"2025-03-30T09:10:26+00:00","article_modified_time":"2025-04-07T09:11:25+00:00","og_image":[{"width":2016,"height":1512,"url":"https:\/\/weltlaeden.de\/gelnhausen\/wp-content\/uploads\/sites\/135\/2025\/04\/0zAvh8mkN35aSUWv.jpg","type":"image\/jpeg"}],"author":"gelnhausen","twitter_card":"summary_large_image","twitter_misc":{"Verfasst von":"gelnhausen"},"schema":{"@context":"https:\/\/schema.org","@graph":[{"@type":"Article","@id":"https:\/\/weltlaeden.de\/gelnhausen\/konsumkritische-stadtrundgaenge\/#article","isPartOf":{"@id":"https:\/\/weltlaeden.de\/gelnhausen\/konsumkritische-stadtrundgaenge\/"},"author":{"name":"gelnhausen","@id":"https:\/\/weltlaeden.de\/gelnhausen\/#\/schema\/person\/1c94d94021573f2adafc75d900b3c1ae"},"headline":"Konsumkritische Stadtrundg\u00e4nge","datePublished":"2025-03-30T09:10:26+00:00","dateModified":"2025-04-07T09:11:25+00:00","mainEntityOfPage":{"@id":"https:\/\/weltlaeden.de\/gelnhausen\/konsumkritische-stadtrundgaenge\/"},"wordCount":79,"image":{"@id":"https:\/\/weltlaeden.de\/gelnhausen\/konsumkritische-stadtrundgaenge\/#primaryimage"},"thumbnailUrl":"https:\/\/weltlaeden.de\/gelnhausen\/wp-content\/uploads\/sites\/135\/2025\/04\/0zAvh8mkN35aSUWv.jpg","articleSection":["Keine Kategorie"],"inLanguage":"de"},{"@type":"WebPage","@id":"https:\/\/weltlaeden.de\/gelnhausen\/konsumkritische-stadtrundgaenge\/","url":"https:\/\/weltlaeden.de\/gelnhausen\/konsumkritische-stadtrundgaenge\/","name":"Konsumkritische Stadtrundg\u00e4nge - Weltladen Gelnhausen","isPartOf":{"@id":"https:\/\/weltlaeden.de\/gelnhausen\/#website"},"primaryImageOfPage":{"@id":"https:\/\/weltlaeden.de\/gelnhausen\/konsumkritische-stadtrundgaenge\/#primaryimage"},"image":{"@id":"https:\/\/weltlaeden.de\/gelnhausen\/konsumkritische-stadtrundgaenge\/#primaryimage"},"thumbnailUrl":"https:\/\/weltlaeden.de\/gelnhausen\/wp-content\/uploads\/sites\/135\/2025\/04\/0zAvh8mkN35aSUWv.jpg","datePublished":"2025-03-30T09:10:26+00:00","dateModified":"2025-04-07T09:11:25+00:00","author":{"@id":"https:\/\/weltlaeden.de\/gelnhausen\/#\/schema\/person\/1c94d94021573f2adafc75d900b3c1ae"},"breadcrumb":{"@id":"https:\/\/weltlaeden.de\/gelnhausen\/konsumkritische-stadtrundgaenge\/#breadcrumb"},"inLanguage":"de","potentialAction":[{"@type":"ReadAction","target":["https:\/\/weltlaeden.de\/gelnhausen\/konsumkritische-stadtrundgaenge\/"]}]},{"@type":"ImageObject","inLanguage":"de","@id":"https:\/\/weltlaeden.de\/gelnhausen\/konsumkritische-stadtrundgaenge\/#primaryimage","url":"https:\/\/weltlaeden.de\/gelnhausen\/wp-content\/uploads\/sites\/135\/2025\/04\/0zAvh8mkN35aSUWv.jpg","contentUrl":"https:\/\/weltlaeden.de\/gelnhausen\/wp-content\/uploads\/sites\/135\/2025\/04\/0zAvh8mkN35aSUWv.jpg","width":2016,"height":1512},{"@type":"BreadcrumbList","@id":"https:\/\/weltlaeden.de\/gelnhausen\/konsumkritische-stadtrundgaenge\/#breadcrumb","itemListElement":[{"@type":"ListItem","position":1,"name":"Startseite","item":"https:\/\/weltlaeden.de\/gelnhausen\/"},{"@type":"ListItem","position":2,"name":"Konsumkritische Stadtrundg\u00e4nge"}]},{"@type":"WebSite","@id":"https:\/\/weltlaeden.de\/gelnhausen\/#website","url":"https:\/\/weltlaeden.de\/gelnhausen\/","name":"Weltladen Gelnhausen","description":"Faire Produkte seit 1981","potentialAction":[{"@type":"SearchAction","target":{"@type":"EntryPoint","urlTemplate":"https:\/\/weltlaeden.de\/gelnhausen\/?s={search_term_string}"},"query-input":{"@type":"PropertyValueSpecification","valueRequired":true,"valueName":"search_term_string"}}],"inLanguage":"de"},{"@type":"Person","@id":"https:\/\/weltlaeden.de\/gelnhausen\/#\/schema\/person\/1c94d94021573f2adafc75d900b3c1ae","name":"gelnhausen","image":{"@type":"ImageObject","inLanguage":"de","@id":"https:\/\/weltlaeden.de\/gelnhausen\/#\/schema\/person\/image\/","url":"https:\/\/secure.gravatar.com\/avatar\/55cc02f74cb34a63b3142d75e149bfab?s=96&d=mm&r=g","contentUrl":"https:\/\/secure.gravatar.com\/avatar\/55cc02f74cb34a63b3142d75e149bfab?s=96&d=mm&r=g","caption":"gelnhausen"}}]}},"_links":{"self":[{"href":"https:\/\/weltlaeden.de\/gelnhausen\/wp-json\/wp\/v2\/posts\/1439","targetHints":{"allow":["GET"]}}],"collection":[{"href":"https:\/\/weltlaeden.de\/gelnhausen\/wp-json\/wp\/v2\/posts"}],"about":[{"href":"https:\/\/weltlaeden.de\/gelnhausen\/wp-json\/wp\/v2\/types\/post"}],"author":[{"embeddable":true,"href":"https:\/\/weltlaeden.de\/gelnhausen\/wp-json\/wp\/v2\/users\/197"}],"replies":[{"embeddable":true,"href":"https:\/\/weltlaeden.de\/gelnhausen\/wp-json\/wp\/v2\/comments?post=1439"}],"version-history":[{"count":1,"href":"https:\/\/weltlaeden.de\/gelnhausen\/wp-json\/wp\/v2\/posts\/1439\/revisions"}],"predecessor-version":[{"id":1441,"href":"https:\/\/weltlaeden.de\/gelnhausen\/wp-json\/wp\/v2\/posts\/1439\/revisions\/1441"}],"wp:featuredmedia":[{"embeddable":true,"href":"https:\/\/weltlaeden.de\/gelnhausen\/wp-json\/wp\/v2\/media\/1440"}],"wp:attachment":[{"href":"https:\/\/weltlaeden.de\/gelnhausen\/wp-json\/wp\/v2\/media?parent=1439"}],"wp:term":[{"taxonomy":"category","embeddable":true,"href":"https:\/\/weltlaeden.de\/gelnhausen\/wp-json\/wp\/v2\/categories?post=1439"},{"taxonomy":"post_tag","embeddable":true,"href":"https:\/\/weltlaeden.de\/gelnhausen\/wp-json\/wp\/v2\/tags?post=1439"}],"curies":[{"name":"wp","href":"https:\/\/api.w.org\/{rel}","templated":true}]}}