{"id":1299,"date":"2023-08-24T16:49:40","date_gmt":"2023-08-24T14:49:40","guid":{"rendered":"https:\/\/weltlaeden.de\/gelnhausen\/?p=1299"},"modified":"2023-08-24T16:49:40","modified_gmt":"2023-08-24T14:49:40","slug":"warentauschmarkt-und-kinderflohmarkt-in-roth","status":"publish","type":"post","link":"https:\/\/weltlaeden.de\/gelnhausen\/warentauschmarkt-und-kinderflohmarkt-in-roth\/","title":{"rendered":"Warentauschmarkt und Kinderflohmarkt in Roth"},"content":{"rendered":"<p>Unter dem Motto \u201eBring\u2019s her \u2013 nimm\u2019s mit!\u201c findet am Samstag, 26. August, erstmals im Vereinsheim des TV Roth ein Warentauschmarkt statt. Dort finden gut erhaltene und funktionsf\u00e4hige Gegenst\u00e4nde, die nicht mehr genutzt werden, einen neuen Besitzer oder eine neue Besitzerin. \u201eWir haben fast alle etwas daheim rumliegen, was wir nicht oder nicht mehr brauchen:<br \/>\neinen Fehlkauf, ein ungew\u00fcnschtes Geschenk, Dinge, die nicht mehr genutzt werden,\u201c wei\u00df Gudula Seegm\u00fcller von den People for Future Gelnhausen\/Main-Kinzig, die den Markt organisieren. \u201eWas der eine zu viel hat, kann die andere vielleicht gut brauchen. So liegt weniger zu Hause unn\u00fctz herum und es landet weniger im M\u00fcll\u201c.<br \/>\nDie Waren k\u00f6nnen ab 15:00 Uhr gebracht werden. Nach deren Durchsicht k\u00f6nnen sie ab 15:30 Uhr auf Spendenbasis mitgenommen werden \u2013 auch wenn man nichts mitgebracht hat. Angenommen werden Gebrauchsgegenst\u00e4nde aus Haus und Garten, zum Beispiel B\u00fccher, Spiele, Haushaltswaren, Taschen oder Werkzeug. Kleidung, M\u00f6bel und Elektrogro\u00dfger\u00e4te oder \u00e4hnliches k\u00f6nnen nicht getauscht werden. Alles, was um 17.30 Uhr noch auf den Tischen ausliegt, wird kostenlos abgegeben. Um 18.00 Uhr endet der Markt.<br \/>\nW\u00e4hrend der Veranstaltung werden ab 15 Uhr frische Waffeln, Kaffee und weitere Getr\u00e4nke unter anderem vom \u201eWeltladen Gelnhausen \u2013 Arbeitskreis Dritte Welt e.V.\u201c angeboten.<br \/>\nEinen Tag sp\u00e4ter, am Sonntag, 27. August findet am selben Ort der 1. Flohmarkt der R\u00f6ther Dancing Kids statt. Von 9:00 bis 14:00 Uhr warten auf die Besucher neben Kinderkleidung und &#8211; Spielsachen ein Unterhaltungsangebot f\u00fcr Kinder. Die Dancing Kids bieten verschiedene Spiele und Aktivit\u00e4ten an, auch damit Eltern und Gro\u00dfeltern in Ruhe st\u00f6bern k\u00f6nnen. Auch hier ist f\u00fcr das<br \/>\nleibliche Wohl gut gesorgt: es werden Bubble-Tea, Kuchen, Kaffee und andere Getr\u00e4nke angeboten. Alle Tische sind bereits vergeben.<br \/>\nDas Vereinsheim befindet sich in der Neuen Weinbergstra\u00dfe 1a in Roth. Wegen der eingeschr\u00e4nkten Parkm\u00f6glichkeiten im Ortskern verweisen die Veranstalter auf den Parkplatz an der Kinzighalle, sie empfehlen jedoch die Anfahrt mit dem Fahrrad.<br \/>\nPeople for Future Gelnhausen\/Main-Kinzig<\/p>\n","protected":false},"excerpt":{"rendered":"<p>Unter dem Motto \u201eBring\u2019s her \u2013 nimm\u2019s mit!\u201c findet am Samstag, 26. August, erstmals im Vereinsheim des TV Roth ein Warentauschmarkt statt. Dort finden gut erhaltene und funktionsf\u00e4hige Gegenst\u00e4nde, die nicht mehr genutzt werden, einen neuen Besitzer oder eine neue Besitzerin. \u201eWir haben fast alle etwas daheim rumliegen, was wir nicht oder nicht mehr brauchen:&hellip;<\/p>\n","protected":false},"author":197,"featured_media":1297,"comment_status":"closed","ping_status":"closed","sticky":false,"template":"","format":"standard","meta":{"footnotes":""},"categories":[1],"tags":[],"class_list":["post-1299","post","type-post","status-publish","format-standard","has-post-thumbnail","hentry","category-allgemein","category-1","description-off"],"yoast_head":"<!-- This site is optimized with the Yoast SEO plugin v26.8 - https:\/\/yoast.com\/product\/yoast-seo-wordpress\/ -->\n<title>Warentauschmarkt und Kinderflohmarkt in Roth - Weltladen Gelnhausen<\/title>\n<meta name=\"robots\" content=\"index, follow, max-snippet:-1, max-image-preview:large, max-video-preview:-1\" \/>\n<link rel=\"canonical\" href=\"https:\/\/weltlaeden.de\/gelnhausen\/warentauschmarkt-und-kinderflohmarkt-in-roth\/\" \/>\n<meta property=\"og:locale\" content=\"de_DE\" \/>\n<meta property=\"og:type\" content=\"article\" \/>\n<meta property=\"og:title\" content=\"Warentauschmarkt und Kinderflohmarkt in Roth - Weltladen Gelnhausen\" \/>\n<meta property=\"og:description\" content=\"Unter dem Motto \u201eBring\u2019s her \u2013 nimm\u2019s mit!\u201c findet am Samstag, 26. August, erstmals im Vereinsheim des TV Roth ein Warentauschmarkt statt. Dort finden gut erhaltene und funktionsf\u00e4hige Gegenst\u00e4nde, die nicht mehr genutzt werden, einen neuen Besitzer oder eine neue Besitzerin. \u201eWir haben fast alle etwas daheim rumliegen, was wir nicht oder nicht mehr brauchen:&hellip;\" \/>\n<meta property=\"og:url\" content=\"https:\/\/weltlaeden.de\/gelnhausen\/warentauschmarkt-und-kinderflohmarkt-in-roth\/\" \/>\n<meta property=\"og:site_name\" content=\"Weltladen Gelnhausen\" \/>\n<meta property=\"article:published_time\" content=\"2023-08-24T14:49:40+00:00\" \/>\n<meta property=\"og:image\" content=\"https:\/\/weltlaeden.de\/gelnhausen\/wp-content\/uploads\/sites\/135\/2023\/08\/Tauschmarkt.png\" \/>\n\t<meta property=\"og:image:width\" content=\"1080\" \/>\n\t<meta property=\"og:image:height\" content=\"1080\" \/>\n\t<meta property=\"og:image:type\" content=\"image\/png\" \/>\n<meta name=\"author\" content=\"gelnhausen\" \/>\n<meta name=\"twitter:card\" content=\"summary_large_image\" \/>\n<meta name=\"twitter:label1\" content=\"Verfasst von\" \/>\n\t<meta name=\"twitter:data1\" content=\"gelnhausen\" \/>\n\t<meta name=\"twitter:label2\" content=\"Gesch\u00e4tzte Lesezeit\" \/>\n\t<meta name=\"twitter:data2\" content=\"2\u00a0Minuten\" \/>\n<script type=\"application\/ld+json\" class=\"yoast-schema-graph\">{\"@context\":\"https:\/\/schema.org\",\"@graph\":[{\"@type\":\"Article\",\"@id\":\"https:\/\/weltlaeden.de\/gelnhausen\/warentauschmarkt-und-kinderflohmarkt-in-roth\/#article\",\"isPartOf\":{\"@id\":\"https:\/\/weltlaeden.de\/gelnhausen\/warentauschmarkt-und-kinderflohmarkt-in-roth\/\"},\"author\":{\"name\":\"gelnhausen\",\"@id\":\"https:\/\/weltlaeden.de\/gelnhausen\/#\/schema\/person\/1c94d94021573f2adafc75d900b3c1ae\"},\"headline\":\"Warentauschmarkt und Kinderflohmarkt in Roth\",\"datePublished\":\"2023-08-24T14:49:40+00:00\",\"mainEntityOfPage\":{\"@id\":\"https:\/\/weltlaeden.de\/gelnhausen\/warentauschmarkt-und-kinderflohmarkt-in-roth\/\"},\"wordCount\":340,\"image\":{\"@id\":\"https:\/\/weltlaeden.de\/gelnhausen\/warentauschmarkt-und-kinderflohmarkt-in-roth\/#primaryimage\"},\"thumbnailUrl\":\"https:\/\/weltlaeden.de\/gelnhausen\/wp-content\/uploads\/sites\/135\/2023\/08\/Tauschmarkt.png\",\"articleSection\":[\"Keine Kategorie\"],\"inLanguage\":\"de\"},{\"@type\":\"WebPage\",\"@id\":\"https:\/\/weltlaeden.de\/gelnhausen\/warentauschmarkt-und-kinderflohmarkt-in-roth\/\",\"url\":\"https:\/\/weltlaeden.de\/gelnhausen\/warentauschmarkt-und-kinderflohmarkt-in-roth\/\",\"name\":\"Warentauschmarkt und Kinderflohmarkt in Roth - Weltladen Gelnhausen\",\"isPartOf\":{\"@id\":\"https:\/\/weltlaeden.de\/gelnhausen\/#website\"},\"primaryImageOfPage\":{\"@id\":\"https:\/\/weltlaeden.de\/gelnhausen\/warentauschmarkt-und-kinderflohmarkt-in-roth\/#primaryimage\"},\"image\":{\"@id\":\"https:\/\/weltlaeden.de\/gelnhausen\/warentauschmarkt-und-kinderflohmarkt-in-roth\/#primaryimage\"},\"thumbnailUrl\":\"https:\/\/weltlaeden.de\/gelnhausen\/wp-content\/uploads\/sites\/135\/2023\/08\/Tauschmarkt.png\",\"datePublished\":\"2023-08-24T14:49:40+00:00\",\"author\":{\"@id\":\"https:\/\/weltlaeden.de\/gelnhausen\/#\/schema\/person\/1c94d94021573f2adafc75d900b3c1ae\"},\"breadcrumb\":{\"@id\":\"https:\/\/weltlaeden.de\/gelnhausen\/warentauschmarkt-und-kinderflohmarkt-in-roth\/#breadcrumb\"},\"inLanguage\":\"de\",\"potentialAction\":[{\"@type\":\"ReadAction\",\"target\":[\"https:\/\/weltlaeden.de\/gelnhausen\/warentauschmarkt-und-kinderflohmarkt-in-roth\/\"]}]},{\"@type\":\"ImageObject\",\"inLanguage\":\"de\",\"@id\":\"https:\/\/weltlaeden.de\/gelnhausen\/warentauschmarkt-und-kinderflohmarkt-in-roth\/#primaryimage\",\"url\":\"https:\/\/weltlaeden.de\/gelnhausen\/wp-content\/uploads\/sites\/135\/2023\/08\/Tauschmarkt.png\",\"contentUrl\":\"https:\/\/weltlaeden.de\/gelnhausen\/wp-content\/uploads\/sites\/135\/2023\/08\/Tauschmarkt.png\",\"width\":1080,\"height\":1080},{\"@type\":\"BreadcrumbList\",\"@id\":\"https:\/\/weltlaeden.de\/gelnhausen\/warentauschmarkt-und-kinderflohmarkt-in-roth\/#breadcrumb\",\"itemListElement\":[{\"@type\":\"ListItem\",\"position\":1,\"name\":\"Startseite\",\"item\":\"https:\/\/weltlaeden.de\/gelnhausen\/\"},{\"@type\":\"ListItem\",\"position\":2,\"name\":\"Warentauschmarkt und Kinderflohmarkt in Roth\"}]},{\"@type\":\"WebSite\",\"@id\":\"https:\/\/weltlaeden.de\/gelnhausen\/#website\",\"url\":\"https:\/\/weltlaeden.de\/gelnhausen\/\",\"name\":\"Weltladen Gelnhausen\",\"description\":\"Faire Produkte seit 1981\",\"potentialAction\":[{\"@type\":\"SearchAction\",\"target\":{\"@type\":\"EntryPoint\",\"urlTemplate\":\"https:\/\/weltlaeden.de\/gelnhausen\/?s={search_term_string}\"},\"query-input\":{\"@type\":\"PropertyValueSpecification\",\"valueRequired\":true,\"valueName\":\"search_term_string\"}}],\"inLanguage\":\"de\"},{\"@type\":\"Person\",\"@id\":\"https:\/\/weltlaeden.de\/gelnhausen\/#\/schema\/person\/1c94d94021573f2adafc75d900b3c1ae\",\"name\":\"gelnhausen\",\"image\":{\"@type\":\"ImageObject\",\"inLanguage\":\"de\",\"@id\":\"https:\/\/weltlaeden.de\/gelnhausen\/#\/schema\/person\/image\/\",\"url\":\"https:\/\/secure.gravatar.com\/avatar\/55cc02f74cb34a63b3142d75e149bfab?s=96&d=mm&r=g\",\"contentUrl\":\"https:\/\/secure.gravatar.com\/avatar\/55cc02f74cb34a63b3142d75e149bfab?s=96&d=mm&r=g\",\"caption\":\"gelnhausen\"}}]}<\/script>\n<!-- \/ Yoast SEO plugin. -->","yoast_head_json":{"title":"Warentauschmarkt und Kinderflohmarkt in Roth - Weltladen Gelnhausen","robots":{"index":"index","follow":"follow","max-snippet":"max-snippet:-1","max-image-preview":"max-image-preview:large","max-video-preview":"max-video-preview:-1"},"canonical":"https:\/\/weltlaeden.de\/gelnhausen\/warentauschmarkt-und-kinderflohmarkt-in-roth\/","og_locale":"de_DE","og_type":"article","og_title":"Warentauschmarkt und Kinderflohmarkt in Roth - Weltladen Gelnhausen","og_description":"Unter dem Motto \u201eBring\u2019s her \u2013 nimm\u2019s mit!\u201c findet am Samstag, 26. August, erstmals im Vereinsheim des TV Roth ein Warentauschmarkt statt. Dort finden gut erhaltene und funktionsf\u00e4hige Gegenst\u00e4nde, die nicht mehr genutzt werden, einen neuen Besitzer oder eine neue Besitzerin. \u201eWir haben fast alle etwas daheim rumliegen, was wir nicht oder nicht mehr brauchen:&hellip;","og_url":"https:\/\/weltlaeden.de\/gelnhausen\/warentauschmarkt-und-kinderflohmarkt-in-roth\/","og_site_name":"Weltladen Gelnhausen","article_published_time":"2023-08-24T14:49:40+00:00","og_image":[{"width":1080,"height":1080,"url":"https:\/\/weltlaeden.de\/gelnhausen\/wp-content\/uploads\/sites\/135\/2023\/08\/Tauschmarkt.png","type":"image\/png"}],"author":"gelnhausen","twitter_card":"summary_large_image","twitter_misc":{"Verfasst von":"gelnhausen","Gesch\u00e4tzte Lesezeit":"2\u00a0Minuten"},"schema":{"@context":"https:\/\/schema.org","@graph":[{"@type":"Article","@id":"https:\/\/weltlaeden.de\/gelnhausen\/warentauschmarkt-und-kinderflohmarkt-in-roth\/#article","isPartOf":{"@id":"https:\/\/weltlaeden.de\/gelnhausen\/warentauschmarkt-und-kinderflohmarkt-in-roth\/"},"author":{"name":"gelnhausen","@id":"https:\/\/weltlaeden.de\/gelnhausen\/#\/schema\/person\/1c94d94021573f2adafc75d900b3c1ae"},"headline":"Warentauschmarkt und Kinderflohmarkt in Roth","datePublished":"2023-08-24T14:49:40+00:00","mainEntityOfPage":{"@id":"https:\/\/weltlaeden.de\/gelnhausen\/warentauschmarkt-und-kinderflohmarkt-in-roth\/"},"wordCount":340,"image":{"@id":"https:\/\/weltlaeden.de\/gelnhausen\/warentauschmarkt-und-kinderflohmarkt-in-roth\/#primaryimage"},"thumbnailUrl":"https:\/\/weltlaeden.de\/gelnhausen\/wp-content\/uploads\/sites\/135\/2023\/08\/Tauschmarkt.png","articleSection":["Keine Kategorie"],"inLanguage":"de"},{"@type":"WebPage","@id":"https:\/\/weltlaeden.de\/gelnhausen\/warentauschmarkt-und-kinderflohmarkt-in-roth\/","url":"https:\/\/weltlaeden.de\/gelnhausen\/warentauschmarkt-und-kinderflohmarkt-in-roth\/","name":"Warentauschmarkt und Kinderflohmarkt in Roth - Weltladen Gelnhausen","isPartOf":{"@id":"https:\/\/weltlaeden.de\/gelnhausen\/#website"},"primaryImageOfPage":{"@id":"https:\/\/weltlaeden.de\/gelnhausen\/warentauschmarkt-und-kinderflohmarkt-in-roth\/#primaryimage"},"image":{"@id":"https:\/\/weltlaeden.de\/gelnhausen\/warentauschmarkt-und-kinderflohmarkt-in-roth\/#primaryimage"},"thumbnailUrl":"https:\/\/weltlaeden.de\/gelnhausen\/wp-content\/uploads\/sites\/135\/2023\/08\/Tauschmarkt.png","datePublished":"2023-08-24T14:49:40+00:00","author":{"@id":"https:\/\/weltlaeden.de\/gelnhausen\/#\/schema\/person\/1c94d94021573f2adafc75d900b3c1ae"},"breadcrumb":{"@id":"https:\/\/weltlaeden.de\/gelnhausen\/warentauschmarkt-und-kinderflohmarkt-in-roth\/#breadcrumb"},"inLanguage":"de","potentialAction":[{"@type":"ReadAction","target":["https:\/\/weltlaeden.de\/gelnhausen\/warentauschmarkt-und-kinderflohmarkt-in-roth\/"]}]},{"@type":"ImageObject","inLanguage":"de","@id":"https:\/\/weltlaeden.de\/gelnhausen\/warentauschmarkt-und-kinderflohmarkt-in-roth\/#primaryimage","url":"https:\/\/weltlaeden.de\/gelnhausen\/wp-content\/uploads\/sites\/135\/2023\/08\/Tauschmarkt.png","contentUrl":"https:\/\/weltlaeden.de\/gelnhausen\/wp-content\/uploads\/sites\/135\/2023\/08\/Tauschmarkt.png","width":1080,"height":1080},{"@type":"BreadcrumbList","@id":"https:\/\/weltlaeden.de\/gelnhausen\/warentauschmarkt-und-kinderflohmarkt-in-roth\/#breadcrumb","itemListElement":[{"@type":"ListItem","position":1,"name":"Startseite","item":"https:\/\/weltlaeden.de\/gelnhausen\/"},{"@type":"ListItem","position":2,"name":"Warentauschmarkt und Kinderflohmarkt in Roth"}]},{"@type":"WebSite","@id":"https:\/\/weltlaeden.de\/gelnhausen\/#website","url":"https:\/\/weltlaeden.de\/gelnhausen\/","name":"Weltladen Gelnhausen","description":"Faire Produkte seit 1981","potentialAction":[{"@type":"SearchAction","target":{"@type":"EntryPoint","urlTemplate":"https:\/\/weltlaeden.de\/gelnhausen\/?s={search_term_string}"},"query-input":{"@type":"PropertyValueSpecification","valueRequired":true,"valueName":"search_term_string"}}],"inLanguage":"de"},{"@type":"Person","@id":"https:\/\/weltlaeden.de\/gelnhausen\/#\/schema\/person\/1c94d94021573f2adafc75d900b3c1ae","name":"gelnhausen","image":{"@type":"ImageObject","inLanguage":"de","@id":"https:\/\/weltlaeden.de\/gelnhausen\/#\/schema\/person\/image\/","url":"https:\/\/secure.gravatar.com\/avatar\/55cc02f74cb34a63b3142d75e149bfab?s=96&d=mm&r=g","contentUrl":"https:\/\/secure.gravatar.com\/avatar\/55cc02f74cb34a63b3142d75e149bfab?s=96&d=mm&r=g","caption":"gelnhausen"}}]}},"_links":{"self":[{"href":"https:\/\/weltlaeden.de\/gelnhausen\/wp-json\/wp\/v2\/posts\/1299","targetHints":{"allow":["GET"]}}],"collection":[{"href":"https:\/\/weltlaeden.de\/gelnhausen\/wp-json\/wp\/v2\/posts"}],"about":[{"href":"https:\/\/weltlaeden.de\/gelnhausen\/wp-json\/wp\/v2\/types\/post"}],"author":[{"embeddable":true,"href":"https:\/\/weltlaeden.de\/gelnhausen\/wp-json\/wp\/v2\/users\/197"}],"replies":[{"embeddable":true,"href":"https:\/\/weltlaeden.de\/gelnhausen\/wp-json\/wp\/v2\/comments?post=1299"}],"version-history":[{"count":1,"href":"https:\/\/weltlaeden.de\/gelnhausen\/wp-json\/wp\/v2\/posts\/1299\/revisions"}],"predecessor-version":[{"id":1300,"href":"https:\/\/weltlaeden.de\/gelnhausen\/wp-json\/wp\/v2\/posts\/1299\/revisions\/1300"}],"wp:featuredmedia":[{"embeddable":true,"href":"https:\/\/weltlaeden.de\/gelnhausen\/wp-json\/wp\/v2\/media\/1297"}],"wp:attachment":[{"href":"https:\/\/weltlaeden.de\/gelnhausen\/wp-json\/wp\/v2\/media?parent=1299"}],"wp:term":[{"taxonomy":"category","embeddable":true,"href":"https:\/\/weltlaeden.de\/gelnhausen\/wp-json\/wp\/v2\/categories?post=1299"},{"taxonomy":"post_tag","embeddable":true,"href":"https:\/\/weltlaeden.de\/gelnhausen\/wp-json\/wp\/v2\/tags?post=1299"}],"curies":[{"name":"wp","href":"https:\/\/api.w.org\/{rel}","templated":true}]}}