{"id":990,"date":"2020-05-14T22:25:41","date_gmt":"2020-05-14T20:25:41","guid":{"rendered":"https:\/\/weltlaeden.de\/freising\/?p=990"},"modified":"2020-05-14T22:27:55","modified_gmt":"2020-05-14T20:27:55","slug":"slow-fashion-ein-gutes-gefuehl-fuer-uns-lebensnotwendig-fuer-die-herstellerinnen-bei-global-mamas","status":"publish","type":"post","link":"https:\/\/weltlaeden.de\/freising\/slow-fashion-ein-gutes-gefuehl-fuer-uns-lebensnotwendig-fuer-die-herstellerinnen-bei-global-mamas\/","title":{"rendered":"Slow fashion \u2013 ein gutes Gef\u00fchl f\u00fcr uns, lebensnotwendig f\u00fcr die Herstellerinnen bei global mamas"},"content":{"rendered":"<p align=\"JUSTIFY\"><span style=\"color: #000000\"><span style=\"font-family: Times New Roman, serif\"><span style=\"font-size: medium\"><em>Ist es auch Ihnen wichtig, langlebige, hochwertige, ethisch und umweltfreundlich produzierte Kleidung zu kaufen? Dann schauen Sie doch direkt bei uns im Weltladen Freising vorbei! Seit dieser Woche haben wir wieder wundersch\u00f6ne farbenfrohe sommerliche Kleidung von global mamas f\u00fcr Sie im Angebot.<\/em><\/span><\/span><\/span><\/p>\n<p><span style=\"color: #000000\"><span style=\"font-family: Times New Roman, serif\"><span style=\"font-size: medium\">Vielleicht fragen Sie sich jetzt, was an global mamas so besonders ist. <\/span><\/span><\/span><\/p>\n<p><span style=\"color: #000000\"><span style=\"font-family: Times New Roman, serif\"><span style=\"font-size: medium\">Vor 17 Jahren haben sich sechs starke und selbstbewusste Frauen in Ghana zusammengeschlossen und beschlossen, ihre Leidenschaft als Batikerin und N\u00e4herin zu ihrem eigenen \u201ebusiness\u201c zu machen. Ihr Ziel war <\/span><\/span><\/span><span style=\"font-family: Times New Roman, serif\"><span style=\"font-size: medium\">es,<\/span><\/span><span style=\"color: #000000\"><span style=\"font-family: Times New Roman, serif\"><span style=\"font-size: medium\"> unter anderem Kleidung herzustellen und unter einer gemeinsamen Marke zu verkaufen. Zusammen hatten sie gen\u00fcgend Energie und Kapazit\u00e4ten, sich einen Markt im In- und Ausland aufzubauen und sich dadurch ihren eigenen Lebensunterhalt <\/span><\/span><\/span><span style=\"font-family: Times New Roman, serif\"><span style=\"font-size: medium\">zu<\/span><\/span><span style=\"color: #000000\"><span style=\"font-family: Times New Roman, serif\"><span style=\"font-size: medium\"> verdienen. Dies war in der damaligen Situation in Ghana nicht selbstverst\u00e4ndlich. Die Textilindustrie, welche vor 30 Jahren noch \u00fcber 25.000 Menschen in Ghana besch\u00e4ftigte, brach immer mehr ein, und die Menschen hatten keine Arbeit mehr. Heute arbeiten noch wenige hundert Angestellte bei zwei gro\u00dfen Textilherstellern. Ein Hoffnungsschimmer war da die Gr\u00fcndung von global mamas. Mit ihrem Motto \u201eLove your product. Know your producer. Change her life.\u201d sind sie seitdem erfolgreich. Ihre handgefertigte Kleidung stellen sie voller Lebensfreude und mit Liebe her. Die inzwischen \u00fcber 350 Frauen sind M\u00fctter, Gro\u00dfm\u00fctter, Schwestern, Ehefrauen und Unternehmerinnen. Durch ihren Zusammenschluss zu \u201eglobal mamas\u201c und ihr eigenes Einkommen k\u00f6nnen sie ein selbstbestimmtes Leben f\u00fchren, ihren Kindern eine hochwertige Bildung erm\u00f6glichen \u2013 einige konnten bereits einen Universit\u00e4tsabschluss erlangen &#8211; oder sich ein eigenes Haus bauen. Durch die Schaffung von Arbeitspl\u00e4tzen, die faire Bezahlung und das Recht der Mitbestimmung hat global mamas bereits vielen Frauen in Ghana Selbstwertgef\u00fchl, <\/span><\/span><\/span><span style=\"font-family: Times New Roman, serif\"><span style=\"font-size: medium\">Selbstbestimmung, G<\/span><\/span><span style=\"color: #000000\"><span style=\"font-family: Times New Roman, serif\"><span style=\"font-size: medium\">esundheit und somit eine Perspektive gegeben.<\/span><\/span><\/span><\/p>\n<p><span style=\"color: #000000\"><span style=\"font-family: Times New Roman, serif\"><span style=\"font-size: medium\"><img loading=\"lazy\" decoding=\"async\" class=\"size-medium wp-image-840 alignright\" src=\"https:\/\/weltlaeden.de\/freising\/wp-content\/uploads\/sites\/48\/2019\/10\/global-mamas-modenschau-1-300x174.jpg\" alt=\"\" width=\"300\" height=\"174\" srcset=\"https:\/\/weltlaeden.de\/freising\/wp-content\/uploads\/sites\/48\/2019\/10\/global-mamas-modenschau-1-300x174.jpg 300w, https:\/\/weltlaeden.de\/freising\/wp-content\/uploads\/sites\/48\/2019\/10\/global-mamas-modenschau-1-768x446.jpg 768w, https:\/\/weltlaeden.de\/freising\/wp-content\/uploads\/sites\/48\/2019\/10\/global-mamas-modenschau-1-1024x594.jpg 1024w\" sizes=\"auto, (max-width: 300px) 100vw, 300px\" \/>Dennoch bleibt die NGO mit diesem Erfolg nicht stehen \u2013 Visionen und Ziele haben die Gr\u00fcnderinnen und Mitgliederinnen nach wie vor und daf\u00fcr setzen sie sich <\/span><\/span><\/span><span style=\"font-family: Times New Roman, serif\"><span style=\"font-size: medium\">engagiert<\/span><\/span><span style=\"color: #000000\"><span style=\"font-family: Times New Roman, serif\"><span style=\"font-size: medium\"> ein. Deshalb sind sie gerade dabei, ihren Traum der weltweit ersten \u201efair trade Zone\u201c (FTZ) zu verwirklichen. Neben der Schaffung von 200 zus\u00e4tzlichen Arbeitspl\u00e4tzen, der Verwaltung und dem Verkauf sollen in der FTZ Seminare und Workshops angeboten werden, Kinderbetreuung f\u00fcr die Kleinen m\u00f6glich sein und ein Versammlungsort f\u00fcr die Frauen geschaffen werden. M\u00f6glichkeiten zur Weiterbildung, zur Teilnahme an Frauenprogrammen und die Arbeit in kleinen Teams, in denen jede Frau die Kontrolle \u00fcber ihren eigenen Erfolg hat, sind global mamas genauso wichtig wie Gesundheitsvorsorge durch regelm\u00e4\u00dfige <\/span><\/span><\/span><span style=\"color: #222222\"><span style=\"font-family: Times New Roman, serif\"><span style=\"font-size: medium\">Gesundheits- und Wellnesstrainings und Vorsorgeuntersuchungen. <\/span><\/span><\/span><span style=\"color: #000000\"><span style=\"font-family: Times New Roman, serif\"><span style=\"font-size: medium\">Global mamas m\u00f6chte ein Modellprojekt schaffen, in dem Leben und Arbeiten in Einklang stehen und die Frauen zum einen ein existenzsicherndes Einkommen haben, aber auch Selbstvertrauen und Selbstbewusstsein gewinnen und so ihr volles Potential entfalten k\u00f6nnen. <\/span><\/span><\/span><\/p>\n<p><span style=\"color: #000000\"><span style=\"font-family: Times New Roman, serif\"><span style=\"font-size: medium\"><img loading=\"lazy\" decoding=\"async\" class=\"size-medium wp-image-991 alignleft\" src=\"https:\/\/weltlaeden.de\/freising\/wp-content\/uploads\/sites\/48\/2020\/05\/Fencing-5-300x150.jpg\" alt=\"\" width=\"300\" height=\"150\" srcset=\"https:\/\/weltlaeden.de\/freising\/wp-content\/uploads\/sites\/48\/2020\/05\/Fencing-5-300x150.jpg 300w, https:\/\/weltlaeden.de\/freising\/wp-content\/uploads\/sites\/48\/2020\/05\/Fencing-5-768x384.jpg 768w, https:\/\/weltlaeden.de\/freising\/wp-content\/uploads\/sites\/48\/2020\/05\/Fencing-5-1024x512.jpg 1024w, https:\/\/weltlaeden.de\/freising\/wp-content\/uploads\/sites\/48\/2020\/05\/Fencing-5.jpg 1040w\" sizes=\"auto, (max-width: 300px) 100vw, 300px\" \/><\/span><\/span><\/span><span style=\"color: #000000\"><span style=\"font-family: Times New Roman, serif\"><span style=\"font-size: medium\">Au\u00dferdem ist der NGO ein nachhaltiges Bauen mit lokalen und umweltfreundlichen Baustoffen sowie die Nutzung erneuerbarer Energien wichtig. Dazu erarbeiten sie Konzepte zur Gewinnung und Nutzung von Regenwasser, zur umweltfreundlichen Aufbereitung des Batikabwassers<\/span><\/span><\/span><span style=\"font-family: Times New Roman, serif\"><span style=\"font-size: medium\"> und Stromerzeugung mittels Solaranlagen und<\/span><\/span><span style=\"color: #000000\"><span style=\"font-family: Times New Roman, serif\"><span style=\"font-size: medium\"> m\u00f6chten einen Nutzgarten auf dem Gel\u00e4nde integrieren. Ein sehr wichtiger Baustein zur Realisierung des gro\u00dfen Projekts wurde bereits gelegt. global mamas hat ein geeignetes Grundst\u00fcck gefunden, bei dem inzwischen die Eigentumsverh\u00e4ltnisse gekl\u00e4rt sind und zur Abgrenzung ein Zaun gebaut wurde. <\/span><\/span><\/span><\/p>\n<p><span style=\"color: #222222\"><span style=\"font-family: Times New Roman, serif\"><span style=\"font-size: medium\">Das Konzept der \u00f6kologisch nachhaltigen Bauweise und ethisch und sozial gerechten Herstellung von Kleidung \u00fcberzeugte auch uns im Weltladen Freising. Deshalb sind wir in intensivem Austausch mit global mamas getreten und am Beginn einer Zusammenarbeit im Rahmen der FTZ. <\/span><\/span><\/span><\/p>\n<p><span style=\"color: #222222\"><span style=\"font-family: Times New Roman, serif\"><span style=\"font-size: medium\">Auch Sie k\u00f6nnen global mamas d<\/span><\/span><\/span><span style=\"color: #000000\"><span style=\"font-family: Times New Roman, serif\"><span style=\"font-size: medium\">urch den Einkauf ihrer Kleidung <\/span><\/span><\/span><span style=\"color: #222222\"><span style=\"font-family: Times New Roman, serif\"><span style=\"font-size: medium\">unterst\u00fctzen, damit ihre Vision schon bald Wirklichkeit werden kann<\/span><\/span><\/span><span style=\"color: #000000\"><span style=\"font-family: Times New Roman, serif\"><span style=\"font-size: medium\">: \u201e<\/span><\/span><\/span><span style=\"color: #222222\"><span style=\"font-family: Times New Roman, serif\"><span style=\"font-size: medium\">Die Fair Trade Zone von Global Mamas wird die Modebranche revolutionieren und ein reproduzierbares Vorbild in Afrika f\u00fcr eine \u00f6konomisch nachhaltige Produktion sein, die \u00f6kologisch und sozial verantwortungsvoll durchgef\u00fchrt wird.\u201c <\/span><\/span><\/span><\/p>\n<p><span style=\"color: #222222\"><span style=\"font-family: Times New Roman, serif\"><span style=\"font-size: medium\">Weitere Infos zu global mamas und der FTZ finden Sie auch <a href=\"https:\/\/www.globalmamas.org\/\" target=\"_blank\" rel=\"noopener\">hier<\/a>. <\/span><\/span><\/span><\/p>\n","protected":false},"excerpt":{"rendered":"<p>Ist es auch Ihnen wichtig, langlebige, hochwertige, ethisch und umweltfreundlich produzierte Kleidung zu kaufen? Dann schauen Sie doch direkt bei uns im Weltladen Freising vorbei! Seit dieser Woche haben wir wieder wundersch\u00f6ne farbenfrohe sommerliche Kleidung von global mamas f\u00fcr Sie im Angebot. Vielleicht fragen Sie sich jetzt, was an global mamas so besonders ist. Vor&hellip;<\/p>\n","protected":false},"author":140,"featured_media":1000,"comment_status":"closed","ping_status":"closed","sticky":false,"template":"","format":"standard","meta":{"footnotes":""},"categories":[8],"tags":[],"class_list":["post-990","post","type-post","status-publish","format-standard","has-post-thumbnail","hentry","category-neues","category-8","description-off"],"yoast_head":"<!-- This site is optimized with the Yoast SEO plugin v26.8 - https:\/\/yoast.com\/product\/yoast-seo-wordpress\/ -->\n<title>Slow fashion \u2013 ein gutes Gef\u00fchl f\u00fcr uns, lebensnotwendig f\u00fcr die Herstellerinnen bei global mamas - Weltladen Freising<\/title>\n<meta name=\"robots\" content=\"index, follow, max-snippet:-1, max-image-preview:large, max-video-preview:-1\" \/>\n<link rel=\"canonical\" href=\"https:\/\/weltlaeden.de\/freising\/slow-fashion-ein-gutes-gefuehl-fuer-uns-lebensnotwendig-fuer-die-herstellerinnen-bei-global-mamas\/\" \/>\n<meta property=\"og:locale\" content=\"de_DE\" \/>\n<meta property=\"og:type\" content=\"article\" \/>\n<meta property=\"og:title\" content=\"Slow fashion \u2013 ein gutes Gef\u00fchl f\u00fcr uns, lebensnotwendig f\u00fcr die Herstellerinnen bei global mamas - Weltladen Freising\" \/>\n<meta property=\"og:description\" content=\"Ist es auch Ihnen wichtig, langlebige, hochwertige, ethisch und umweltfreundlich produzierte Kleidung zu kaufen? Dann schauen Sie doch direkt bei uns im Weltladen Freising vorbei! Seit dieser Woche haben wir wieder wundersch\u00f6ne farbenfrohe sommerliche Kleidung von global mamas f\u00fcr Sie im Angebot. Vielleicht fragen Sie sich jetzt, was an global mamas so besonders ist. Vor&hellip;\" \/>\n<meta property=\"og:url\" content=\"https:\/\/weltlaeden.de\/freising\/slow-fashion-ein-gutes-gefuehl-fuer-uns-lebensnotwendig-fuer-die-herstellerinnen-bei-global-mamas\/\" \/>\n<meta property=\"og:site_name\" content=\"Weltladen Freising\" \/>\n<meta property=\"article:published_time\" content=\"2020-05-14T20:25:41+00:00\" \/>\n<meta property=\"article:modified_time\" content=\"2020-05-14T20:27:55+00:00\" \/>\n<meta property=\"og:image\" content=\"https:\/\/weltlaeden.de\/freising\/wp-content\/uploads\/sites\/48\/2020\/05\/IMG_20200514_110630.jpg\" \/>\n\t<meta property=\"og:image:width\" content=\"1920\" \/>\n\t<meta property=\"og:image:height\" content=\"1329\" \/>\n\t<meta property=\"og:image:type\" content=\"image\/jpeg\" \/>\n<meta name=\"twitter:card\" content=\"summary_large_image\" \/>\n<meta name=\"twitter:label1\" content=\"Verfasst von\" \/>\n\t<meta name=\"twitter:data1\" content=\"\" \/>\n\t<meta name=\"twitter:label2\" content=\"Gesch\u00e4tzte Lesezeit\" \/>\n\t<meta name=\"twitter:data2\" content=\"3\u00a0Minuten\" \/>\n<script type=\"application\/ld+json\" class=\"yoast-schema-graph\">{\"@context\":\"https:\/\/schema.org\",\"@graph\":[{\"@type\":\"Article\",\"@id\":\"https:\/\/weltlaeden.de\/freising\/slow-fashion-ein-gutes-gefuehl-fuer-uns-lebensnotwendig-fuer-die-herstellerinnen-bei-global-mamas\/#article\",\"isPartOf\":{\"@id\":\"https:\/\/weltlaeden.de\/freising\/slow-fashion-ein-gutes-gefuehl-fuer-uns-lebensnotwendig-fuer-die-herstellerinnen-bei-global-mamas\/\"},\"author\":{\"name\":\"\",\"@id\":\"\"},\"headline\":\"Slow fashion \u2013 ein gutes Gef\u00fchl f\u00fcr uns, lebensnotwendig f\u00fcr die Herstellerinnen bei global mamas\",\"datePublished\":\"2020-05-14T20:25:41+00:00\",\"dateModified\":\"2020-05-14T20:27:55+00:00\",\"mainEntityOfPage\":{\"@id\":\"https:\/\/weltlaeden.de\/freising\/slow-fashion-ein-gutes-gefuehl-fuer-uns-lebensnotwendig-fuer-die-herstellerinnen-bei-global-mamas\/\"},\"wordCount\":659,\"image\":{\"@id\":\"https:\/\/weltlaeden.de\/freising\/slow-fashion-ein-gutes-gefuehl-fuer-uns-lebensnotwendig-fuer-die-herstellerinnen-bei-global-mamas\/#primaryimage\"},\"thumbnailUrl\":\"https:\/\/weltlaeden.de\/freising\/wp-content\/uploads\/sites\/48\/2020\/05\/IMG_20200514_110630.jpg\",\"articleSection\":[\"Neuigkeiten\"],\"inLanguage\":\"de\"},{\"@type\":\"WebPage\",\"@id\":\"https:\/\/weltlaeden.de\/freising\/slow-fashion-ein-gutes-gefuehl-fuer-uns-lebensnotwendig-fuer-die-herstellerinnen-bei-global-mamas\/\",\"url\":\"https:\/\/weltlaeden.de\/freising\/slow-fashion-ein-gutes-gefuehl-fuer-uns-lebensnotwendig-fuer-die-herstellerinnen-bei-global-mamas\/\",\"name\":\"Slow fashion \u2013 ein gutes Gef\u00fchl f\u00fcr uns, lebensnotwendig f\u00fcr die Herstellerinnen bei global mamas - Weltladen Freising\",\"isPartOf\":{\"@id\":\"https:\/\/weltlaeden.de\/freising\/#website\"},\"primaryImageOfPage\":{\"@id\":\"https:\/\/weltlaeden.de\/freising\/slow-fashion-ein-gutes-gefuehl-fuer-uns-lebensnotwendig-fuer-die-herstellerinnen-bei-global-mamas\/#primaryimage\"},\"image\":{\"@id\":\"https:\/\/weltlaeden.de\/freising\/slow-fashion-ein-gutes-gefuehl-fuer-uns-lebensnotwendig-fuer-die-herstellerinnen-bei-global-mamas\/#primaryimage\"},\"thumbnailUrl\":\"https:\/\/weltlaeden.de\/freising\/wp-content\/uploads\/sites\/48\/2020\/05\/IMG_20200514_110630.jpg\",\"datePublished\":\"2020-05-14T20:25:41+00:00\",\"dateModified\":\"2020-05-14T20:27:55+00:00\",\"author\":{\"@id\":\"\"},\"breadcrumb\":{\"@id\":\"https:\/\/weltlaeden.de\/freising\/slow-fashion-ein-gutes-gefuehl-fuer-uns-lebensnotwendig-fuer-die-herstellerinnen-bei-global-mamas\/#breadcrumb\"},\"inLanguage\":\"de\",\"potentialAction\":[{\"@type\":\"ReadAction\",\"target\":[\"https:\/\/weltlaeden.de\/freising\/slow-fashion-ein-gutes-gefuehl-fuer-uns-lebensnotwendig-fuer-die-herstellerinnen-bei-global-mamas\/\"]}]},{\"@type\":\"ImageObject\",\"inLanguage\":\"de\",\"@id\":\"https:\/\/weltlaeden.de\/freising\/slow-fashion-ein-gutes-gefuehl-fuer-uns-lebensnotwendig-fuer-die-herstellerinnen-bei-global-mamas\/#primaryimage\",\"url\":\"https:\/\/weltlaeden.de\/freising\/wp-content\/uploads\/sites\/48\/2020\/05\/IMG_20200514_110630.jpg\",\"contentUrl\":\"https:\/\/weltlaeden.de\/freising\/wp-content\/uploads\/sites\/48\/2020\/05\/IMG_20200514_110630.jpg\",\"width\":1920,\"height\":1329},{\"@type\":\"BreadcrumbList\",\"@id\":\"https:\/\/weltlaeden.de\/freising\/slow-fashion-ein-gutes-gefuehl-fuer-uns-lebensnotwendig-fuer-die-herstellerinnen-bei-global-mamas\/#breadcrumb\",\"itemListElement\":[{\"@type\":\"ListItem\",\"position\":1,\"name\":\"Startseite\",\"item\":\"https:\/\/weltlaeden.de\/freising\/\"},{\"@type\":\"ListItem\",\"position\":2,\"name\":\"Slow fashion \u2013 ein gutes Gef\u00fchl f\u00fcr uns, lebensnotwendig f\u00fcr die Herstellerinnen bei global mamas\"}]},{\"@type\":\"WebSite\",\"@id\":\"https:\/\/weltlaeden.de\/freising\/#website\",\"url\":\"https:\/\/weltlaeden.de\/freising\/\",\"name\":\"Vorlage\",\"description\":\"Faire Produkte seit 1982\",\"potentialAction\":[{\"@type\":\"SearchAction\",\"target\":{\"@type\":\"EntryPoint\",\"urlTemplate\":\"https:\/\/weltlaeden.de\/freising\/?s={search_term_string}\"},\"query-input\":{\"@type\":\"PropertyValueSpecification\",\"valueRequired\":true,\"valueName\":\"search_term_string\"}}],\"inLanguage\":\"de\"},{\"@type\":\"Person\",\"@id\":\"\"}]}<\/script>\n<!-- \/ Yoast SEO plugin. -->","yoast_head_json":{"title":"Slow fashion \u2013 ein gutes Gef\u00fchl f\u00fcr uns, lebensnotwendig f\u00fcr die Herstellerinnen bei global mamas - Weltladen Freising","robots":{"index":"index","follow":"follow","max-snippet":"max-snippet:-1","max-image-preview":"max-image-preview:large","max-video-preview":"max-video-preview:-1"},"canonical":"https:\/\/weltlaeden.de\/freising\/slow-fashion-ein-gutes-gefuehl-fuer-uns-lebensnotwendig-fuer-die-herstellerinnen-bei-global-mamas\/","og_locale":"de_DE","og_type":"article","og_title":"Slow fashion \u2013 ein gutes Gef\u00fchl f\u00fcr uns, lebensnotwendig f\u00fcr die Herstellerinnen bei global mamas - Weltladen Freising","og_description":"Ist es auch Ihnen wichtig, langlebige, hochwertige, ethisch und umweltfreundlich produzierte Kleidung zu kaufen? Dann schauen Sie doch direkt bei uns im Weltladen Freising vorbei! Seit dieser Woche haben wir wieder wundersch\u00f6ne farbenfrohe sommerliche Kleidung von global mamas f\u00fcr Sie im Angebot. Vielleicht fragen Sie sich jetzt, was an global mamas so besonders ist. Vor&hellip;","og_url":"https:\/\/weltlaeden.de\/freising\/slow-fashion-ein-gutes-gefuehl-fuer-uns-lebensnotwendig-fuer-die-herstellerinnen-bei-global-mamas\/","og_site_name":"Weltladen Freising","article_published_time":"2020-05-14T20:25:41+00:00","article_modified_time":"2020-05-14T20:27:55+00:00","og_image":[{"width":1920,"height":1329,"url":"https:\/\/weltlaeden.de\/freising\/wp-content\/uploads\/sites\/48\/2020\/05\/IMG_20200514_110630.jpg","type":"image\/jpeg"}],"twitter_card":"summary_large_image","twitter_misc":{"Verfasst von":"","Gesch\u00e4tzte Lesezeit":"3\u00a0Minuten"},"schema":{"@context":"https:\/\/schema.org","@graph":[{"@type":"Article","@id":"https:\/\/weltlaeden.de\/freising\/slow-fashion-ein-gutes-gefuehl-fuer-uns-lebensnotwendig-fuer-die-herstellerinnen-bei-global-mamas\/#article","isPartOf":{"@id":"https:\/\/weltlaeden.de\/freising\/slow-fashion-ein-gutes-gefuehl-fuer-uns-lebensnotwendig-fuer-die-herstellerinnen-bei-global-mamas\/"},"author":{"name":"","@id":""},"headline":"Slow fashion \u2013 ein gutes Gef\u00fchl f\u00fcr uns, lebensnotwendig f\u00fcr die Herstellerinnen bei global mamas","datePublished":"2020-05-14T20:25:41+00:00","dateModified":"2020-05-14T20:27:55+00:00","mainEntityOfPage":{"@id":"https:\/\/weltlaeden.de\/freising\/slow-fashion-ein-gutes-gefuehl-fuer-uns-lebensnotwendig-fuer-die-herstellerinnen-bei-global-mamas\/"},"wordCount":659,"image":{"@id":"https:\/\/weltlaeden.de\/freising\/slow-fashion-ein-gutes-gefuehl-fuer-uns-lebensnotwendig-fuer-die-herstellerinnen-bei-global-mamas\/#primaryimage"},"thumbnailUrl":"https:\/\/weltlaeden.de\/freising\/wp-content\/uploads\/sites\/48\/2020\/05\/IMG_20200514_110630.jpg","articleSection":["Neuigkeiten"],"inLanguage":"de"},{"@type":"WebPage","@id":"https:\/\/weltlaeden.de\/freising\/slow-fashion-ein-gutes-gefuehl-fuer-uns-lebensnotwendig-fuer-die-herstellerinnen-bei-global-mamas\/","url":"https:\/\/weltlaeden.de\/freising\/slow-fashion-ein-gutes-gefuehl-fuer-uns-lebensnotwendig-fuer-die-herstellerinnen-bei-global-mamas\/","name":"Slow fashion \u2013 ein gutes Gef\u00fchl f\u00fcr uns, lebensnotwendig f\u00fcr die Herstellerinnen bei global mamas - Weltladen Freising","isPartOf":{"@id":"https:\/\/weltlaeden.de\/freising\/#website"},"primaryImageOfPage":{"@id":"https:\/\/weltlaeden.de\/freising\/slow-fashion-ein-gutes-gefuehl-fuer-uns-lebensnotwendig-fuer-die-herstellerinnen-bei-global-mamas\/#primaryimage"},"image":{"@id":"https:\/\/weltlaeden.de\/freising\/slow-fashion-ein-gutes-gefuehl-fuer-uns-lebensnotwendig-fuer-die-herstellerinnen-bei-global-mamas\/#primaryimage"},"thumbnailUrl":"https:\/\/weltlaeden.de\/freising\/wp-content\/uploads\/sites\/48\/2020\/05\/IMG_20200514_110630.jpg","datePublished":"2020-05-14T20:25:41+00:00","dateModified":"2020-05-14T20:27:55+00:00","author":{"@id":""},"breadcrumb":{"@id":"https:\/\/weltlaeden.de\/freising\/slow-fashion-ein-gutes-gefuehl-fuer-uns-lebensnotwendig-fuer-die-herstellerinnen-bei-global-mamas\/#breadcrumb"},"inLanguage":"de","potentialAction":[{"@type":"ReadAction","target":["https:\/\/weltlaeden.de\/freising\/slow-fashion-ein-gutes-gefuehl-fuer-uns-lebensnotwendig-fuer-die-herstellerinnen-bei-global-mamas\/"]}]},{"@type":"ImageObject","inLanguage":"de","@id":"https:\/\/weltlaeden.de\/freising\/slow-fashion-ein-gutes-gefuehl-fuer-uns-lebensnotwendig-fuer-die-herstellerinnen-bei-global-mamas\/#primaryimage","url":"https:\/\/weltlaeden.de\/freising\/wp-content\/uploads\/sites\/48\/2020\/05\/IMG_20200514_110630.jpg","contentUrl":"https:\/\/weltlaeden.de\/freising\/wp-content\/uploads\/sites\/48\/2020\/05\/IMG_20200514_110630.jpg","width":1920,"height":1329},{"@type":"BreadcrumbList","@id":"https:\/\/weltlaeden.de\/freising\/slow-fashion-ein-gutes-gefuehl-fuer-uns-lebensnotwendig-fuer-die-herstellerinnen-bei-global-mamas\/#breadcrumb","itemListElement":[{"@type":"ListItem","position":1,"name":"Startseite","item":"https:\/\/weltlaeden.de\/freising\/"},{"@type":"ListItem","position":2,"name":"Slow fashion \u2013 ein gutes Gef\u00fchl f\u00fcr uns, lebensnotwendig f\u00fcr die Herstellerinnen bei global mamas"}]},{"@type":"WebSite","@id":"https:\/\/weltlaeden.de\/freising\/#website","url":"https:\/\/weltlaeden.de\/freising\/","name":"Vorlage","description":"Faire Produkte seit 1982","potentialAction":[{"@type":"SearchAction","target":{"@type":"EntryPoint","urlTemplate":"https:\/\/weltlaeden.de\/freising\/?s={search_term_string}"},"query-input":{"@type":"PropertyValueSpecification","valueRequired":true,"valueName":"search_term_string"}}],"inLanguage":"de"},{"@type":"Person","@id":""}]}},"_links":{"self":[{"href":"https:\/\/weltlaeden.de\/freising\/wp-json\/wp\/v2\/posts\/990","targetHints":{"allow":["GET"]}}],"collection":[{"href":"https:\/\/weltlaeden.de\/freising\/wp-json\/wp\/v2\/posts"}],"about":[{"href":"https:\/\/weltlaeden.de\/freising\/wp-json\/wp\/v2\/types\/post"}],"author":[{"embeddable":true,"href":"https:\/\/weltlaeden.de\/freising\/wp-json\/wp\/v2\/users\/140"}],"replies":[{"embeddable":true,"href":"https:\/\/weltlaeden.de\/freising\/wp-json\/wp\/v2\/comments?post=990"}],"version-history":[{"count":5,"href":"https:\/\/weltlaeden.de\/freising\/wp-json\/wp\/v2\/posts\/990\/revisions"}],"predecessor-version":[{"id":1002,"href":"https:\/\/weltlaeden.de\/freising\/wp-json\/wp\/v2\/posts\/990\/revisions\/1002"}],"wp:featuredmedia":[{"embeddable":true,"href":"https:\/\/weltlaeden.de\/freising\/wp-json\/wp\/v2\/media\/1000"}],"wp:attachment":[{"href":"https:\/\/weltlaeden.de\/freising\/wp-json\/wp\/v2\/media?parent=990"}],"wp:term":[{"taxonomy":"category","embeddable":true,"href":"https:\/\/weltlaeden.de\/freising\/wp-json\/wp\/v2\/categories?post=990"},{"taxonomy":"post_tag","embeddable":true,"href":"https:\/\/weltlaeden.de\/freising\/wp-json\/wp\/v2\/tags?post=990"}],"curies":[{"name":"wp","href":"https:\/\/api.w.org\/{rel}","templated":true}]}}