{"id":950,"date":"2020-05-07T08:40:31","date_gmt":"2020-05-07T06:40:31","guid":{"rendered":"https:\/\/weltlaeden.de\/freising\/?p=950"},"modified":"2020-05-07T08:56:09","modified_gmt":"2020-05-07T06:56:09","slug":"gemeinsam-visionen-fuer-eine-gerechtere-welt-spinnen","status":"publish","type":"post","link":"https:\/\/weltlaeden.de\/freising\/gemeinsam-visionen-fuer-eine-gerechtere-welt-spinnen\/","title":{"rendered":"Weltladentag 2020: Gemeinsam Visionen f\u00fcr eine gerechtere Welt spinnen &#8230;"},"content":{"rendered":"<p><span style=\"font-family: Calibri, serif\"><b>Der Weltladen Freising l\u00e4dt ein zum diesj\u00e4hrigen Weltladentag am kommenden Samstag, den 9. Mai ab 9:30 Uhr in der Ziegelgasse 14. <\/b><\/span><\/p>\n<p><a name=\"_GoBack\"><\/a><span style=\"font-family: Calibri, serif\">Aufgrund der Auflagen zur Eind\u00e4mmung der Covid 19-Pandemie d\u00fcrfen wir in diesem Jahr leider nicht unser traditionelles Faires Fr\u00fchst\u00fcck veranstalten. Stattdessen laden wir Sie dazu ein, am Weltladen vorbeizukommen und uns Ihre W\u00fcnsche und Tr\u00e4ume von einem gerechten, solidarischen und nachhaltigen Miteinander in dieser Welt mitzuteilen. Wir werden sie vor dem Schaufenster auf eine Leine h\u00e4ngen, so dass sich Visionen von Menschen f\u00fcr eine bessere Welt gegenseitig erg\u00e4nzen und inspirieren.<\/span><\/p>\n<pre class=\"western\"><span style=\"font-family: Calibri, serif\">Wir freuen uns auf Begegnungen (in Distanz)!<\/span><\/pre>\n<p><span style=\"font-family: Calibri, serif\">Ganz konkret wollen wir damit die Initiative f\u00fcr ein <\/span><span style=\"font-family: Calibri, serif\"><b>Lieferkettengesetz<\/b><\/span><span style=\"font-family: Calibri, serif\"> unterst\u00fctzen.<\/span><\/p>\n<p><span style=\"font-family: Calibri, serif\"><img loading=\"lazy\" decoding=\"async\" class=\"size-medium wp-image-933 alignleft\" src=\"https:\/\/weltlaeden.de\/freising\/wp-content\/uploads\/sites\/48\/2020\/04\/Fenster_Aktion_Lieferkettengesetz_WL_FS-300x225.jpg\" alt=\"\" width=\"300\" height=\"225\" srcset=\"https:\/\/weltlaeden.de\/freising\/wp-content\/uploads\/sites\/48\/2020\/04\/Fenster_Aktion_Lieferkettengesetz_WL_FS-300x225.jpg 300w, https:\/\/weltlaeden.de\/freising\/wp-content\/uploads\/sites\/48\/2020\/04\/Fenster_Aktion_Lieferkettengesetz_WL_FS-768x576.jpg 768w, https:\/\/weltlaeden.de\/freising\/wp-content\/uploads\/sites\/48\/2020\/04\/Fenster_Aktion_Lieferkettengesetz_WL_FS-1024x768.jpg 1024w, https:\/\/weltlaeden.de\/freising\/wp-content\/uploads\/sites\/48\/2020\/04\/Fenster_Aktion_Lieferkettengesetz_WL_FS.jpg 1920w\" sizes=\"auto, (max-width: 300px) 100vw, 300px\" \/>Viele Unternehmen aus Deutschland, die im Ausland produzieren lassen, interessieren sich weder f\u00fcr Menschenrechte noch f\u00fcr Umweltstandards. So l\u00e4sst zum Beispiel eine ganze Reihe deutscher Textilfirmen in Billiglohnl\u00e4ndern unter menschenunw\u00fcrdigen Bedingungen produzieren, u. a. mithilfe von Kinderarbeit, durch Bezahlung nicht existenzsichernder L\u00f6hne, unter Missachtung von Brandschutzbestimmungen und Umweltauflagen. Alles nur, damit die Produkte bei uns so billig wie m\u00f6glich sind: Fast Fashion, die schnell wieder weggeworfen wird.<\/span><\/p>\n<p><span style=\"font-family: Calibri, serif\">Diesem verantwortungslosen Handeln des maximalen Profits soll ein Riegel vorgeschoben werden, mit dem Ziel Konzerne auf Respektierung der Menschenrechte und Vermeidung von Umweltzerst\u00f6rung in der kompletten Lieferkette, von der Produktion der Rohstoffe bis zur Vermarktung der Produkte zu verpflichten. <\/span><\/p>\n<p><span style=\"font-family: Calibri, serif\">Da dies mit dem Mittel der freiwilligen Selbstverpflichtung bisher nicht gelungen ist, muss es gesetzlich geregelt werden mit einem <\/span><span style=\"font-family: Calibri, serif\"><b>Lieferkettengesetz<\/b><\/span><span style=\"font-family: Calibri, serif\">.<\/span><\/p>\n<p><span style=\"font-family: Calibri, serif\">Hierzu l\u00e4uft eine Petition an Bundeskanzlerin Angela Merkel, noch in dieser Legislaturperiode ein solches Gesetz im Bundestag zu verabschieden. Diese Petition wurde bisher von 160.000 Menschen unterschrieben. Eine Beteiligung daran ist im Weltladen m\u00f6glich oder online unter: <\/span><span style=\"color: #000080\"><span lang=\"zxx\"><u><a href=\"http:\/\/www.lieferkettengesetz.de\/\" target=\"_blank\" rel=\"noopener\"><span style=\"font-family: Calibri, serif\">www.lieferkettengesetz.de<\/span><\/a><\/u><\/span><\/span><span style=\"font-family: Calibri, serif\">.<\/span><\/p>\n","protected":false},"excerpt":{"rendered":"<p>Der Weltladen Freising l\u00e4dt ein zum diesj\u00e4hrigen Weltladentag am kommenden Samstag, den 9. Mai ab 9:30 Uhr in der Ziegelgasse 14. Aufgrund der Auflagen zur Eind\u00e4mmung der Covid 19-Pandemie d\u00fcrfen wir in diesem Jahr leider nicht unser traditionelles Faires Fr\u00fchst\u00fcck veranstalten. Stattdessen laden wir Sie dazu ein, am Weltladen vorbeizukommen und uns Ihre W\u00fcnsche und&hellip;<\/p>\n","protected":false},"author":140,"featured_media":941,"comment_status":"closed","ping_status":"closed","sticky":false,"template":"","format":"standard","meta":{"footnotes":""},"categories":[14],"tags":[],"class_list":["post-950","post","type-post","status-publish","format-standard","has-post-thumbnail","hentry","category-presse","category-14","description-off"],"yoast_head":"<!-- This site is optimized with the Yoast SEO plugin v26.8 - https:\/\/yoast.com\/product\/yoast-seo-wordpress\/ -->\n<title>Weltladentag 2020: Gemeinsam Visionen f\u00fcr eine gerechtere Welt spinnen ... - Weltladen Freising<\/title>\n<meta name=\"robots\" content=\"index, follow, max-snippet:-1, max-image-preview:large, max-video-preview:-1\" \/>\n<link rel=\"canonical\" href=\"https:\/\/weltlaeden.de\/freising\/gemeinsam-visionen-fuer-eine-gerechtere-welt-spinnen\/\" \/>\n<meta property=\"og:locale\" content=\"de_DE\" \/>\n<meta property=\"og:type\" content=\"article\" \/>\n<meta property=\"og:title\" content=\"Weltladentag 2020: Gemeinsam Visionen f\u00fcr eine gerechtere Welt spinnen ... - Weltladen Freising\" \/>\n<meta property=\"og:description\" content=\"Der Weltladen Freising l\u00e4dt ein zum diesj\u00e4hrigen Weltladentag am kommenden Samstag, den 9. Mai ab 9:30 Uhr in der Ziegelgasse 14. Aufgrund der Auflagen zur Eind\u00e4mmung der Covid 19-Pandemie d\u00fcrfen wir in diesem Jahr leider nicht unser traditionelles Faires Fr\u00fchst\u00fcck veranstalten. Stattdessen laden wir Sie dazu ein, am Weltladen vorbeizukommen und uns Ihre W\u00fcnsche und&hellip;\" \/>\n<meta property=\"og:url\" content=\"https:\/\/weltlaeden.de\/freising\/gemeinsam-visionen-fuer-eine-gerechtere-welt-spinnen\/\" \/>\n<meta property=\"og:site_name\" content=\"Weltladen Freising\" \/>\n<meta property=\"article:published_time\" content=\"2020-05-07T06:40:31+00:00\" \/>\n<meta property=\"article:modified_time\" content=\"2020-05-07T06:56:09+00:00\" \/>\n<meta property=\"og:image\" content=\"https:\/\/weltlaeden.de\/freising\/wp-content\/uploads\/sites\/48\/2020\/04\/IMG_20200414_183016.jpg\" \/>\n\t<meta property=\"og:image:width\" content=\"1920\" \/>\n\t<meta property=\"og:image:height\" content=\"1080\" \/>\n\t<meta property=\"og:image:type\" content=\"image\/jpeg\" \/>\n<meta name=\"twitter:card\" content=\"summary_large_image\" \/>\n<meta name=\"twitter:label1\" content=\"Verfasst von\" \/>\n\t<meta name=\"twitter:data1\" content=\"\" \/>\n\t<meta name=\"twitter:label2\" content=\"Gesch\u00e4tzte Lesezeit\" \/>\n\t<meta name=\"twitter:data2\" content=\"1\u00a0Minute\" \/>\n<script type=\"application\/ld+json\" class=\"yoast-schema-graph\">{\"@context\":\"https:\/\/schema.org\",\"@graph\":[{\"@type\":\"Article\",\"@id\":\"https:\/\/weltlaeden.de\/freising\/gemeinsam-visionen-fuer-eine-gerechtere-welt-spinnen\/#article\",\"isPartOf\":{\"@id\":\"https:\/\/weltlaeden.de\/freising\/gemeinsam-visionen-fuer-eine-gerechtere-welt-spinnen\/\"},\"author\":{\"name\":\"\",\"@id\":\"\"},\"headline\":\"Weltladentag 2020: Gemeinsam Visionen f\u00fcr eine gerechtere Welt spinnen &#8230;\",\"datePublished\":\"2020-05-07T06:40:31+00:00\",\"dateModified\":\"2020-05-07T06:56:09+00:00\",\"mainEntityOfPage\":{\"@id\":\"https:\/\/weltlaeden.de\/freising\/gemeinsam-visionen-fuer-eine-gerechtere-welt-spinnen\/\"},\"wordCount\":296,\"image\":{\"@id\":\"https:\/\/weltlaeden.de\/freising\/gemeinsam-visionen-fuer-eine-gerechtere-welt-spinnen\/#primaryimage\"},\"thumbnailUrl\":\"https:\/\/weltlaeden.de\/freising\/wp-content\/uploads\/sites\/48\/2020\/04\/IMG_20200414_183016.jpg\",\"articleSection\":[\"Presse\"],\"inLanguage\":\"de\"},{\"@type\":\"WebPage\",\"@id\":\"https:\/\/weltlaeden.de\/freising\/gemeinsam-visionen-fuer-eine-gerechtere-welt-spinnen\/\",\"url\":\"https:\/\/weltlaeden.de\/freising\/gemeinsam-visionen-fuer-eine-gerechtere-welt-spinnen\/\",\"name\":\"Weltladentag 2020: Gemeinsam Visionen f\u00fcr eine gerechtere Welt spinnen ... - Weltladen Freising\",\"isPartOf\":{\"@id\":\"https:\/\/weltlaeden.de\/freising\/#website\"},\"primaryImageOfPage\":{\"@id\":\"https:\/\/weltlaeden.de\/freising\/gemeinsam-visionen-fuer-eine-gerechtere-welt-spinnen\/#primaryimage\"},\"image\":{\"@id\":\"https:\/\/weltlaeden.de\/freising\/gemeinsam-visionen-fuer-eine-gerechtere-welt-spinnen\/#primaryimage\"},\"thumbnailUrl\":\"https:\/\/weltlaeden.de\/freising\/wp-content\/uploads\/sites\/48\/2020\/04\/IMG_20200414_183016.jpg\",\"datePublished\":\"2020-05-07T06:40:31+00:00\",\"dateModified\":\"2020-05-07T06:56:09+00:00\",\"author\":{\"@id\":\"\"},\"breadcrumb\":{\"@id\":\"https:\/\/weltlaeden.de\/freising\/gemeinsam-visionen-fuer-eine-gerechtere-welt-spinnen\/#breadcrumb\"},\"inLanguage\":\"de\",\"potentialAction\":[{\"@type\":\"ReadAction\",\"target\":[\"https:\/\/weltlaeden.de\/freising\/gemeinsam-visionen-fuer-eine-gerechtere-welt-spinnen\/\"]}]},{\"@type\":\"ImageObject\",\"inLanguage\":\"de\",\"@id\":\"https:\/\/weltlaeden.de\/freising\/gemeinsam-visionen-fuer-eine-gerechtere-welt-spinnen\/#primaryimage\",\"url\":\"https:\/\/weltlaeden.de\/freising\/wp-content\/uploads\/sites\/48\/2020\/04\/IMG_20200414_183016.jpg\",\"contentUrl\":\"https:\/\/weltlaeden.de\/freising\/wp-content\/uploads\/sites\/48\/2020\/04\/IMG_20200414_183016.jpg\",\"width\":1920,\"height\":1080},{\"@type\":\"BreadcrumbList\",\"@id\":\"https:\/\/weltlaeden.de\/freising\/gemeinsam-visionen-fuer-eine-gerechtere-welt-spinnen\/#breadcrumb\",\"itemListElement\":[{\"@type\":\"ListItem\",\"position\":1,\"name\":\"Startseite\",\"item\":\"https:\/\/weltlaeden.de\/freising\/\"},{\"@type\":\"ListItem\",\"position\":2,\"name\":\"Weltladentag 2020: Gemeinsam Visionen f\u00fcr eine gerechtere Welt spinnen &#8230;\"}]},{\"@type\":\"WebSite\",\"@id\":\"https:\/\/weltlaeden.de\/freising\/#website\",\"url\":\"https:\/\/weltlaeden.de\/freising\/\",\"name\":\"Vorlage\",\"description\":\"Faire Produkte seit 1982\",\"potentialAction\":[{\"@type\":\"SearchAction\",\"target\":{\"@type\":\"EntryPoint\",\"urlTemplate\":\"https:\/\/weltlaeden.de\/freising\/?s={search_term_string}\"},\"query-input\":{\"@type\":\"PropertyValueSpecification\",\"valueRequired\":true,\"valueName\":\"search_term_string\"}}],\"inLanguage\":\"de\"},{\"@type\":\"Person\",\"@id\":\"\"}]}<\/script>\n<!-- \/ Yoast SEO plugin. -->","yoast_head_json":{"title":"Weltladentag 2020: Gemeinsam Visionen f\u00fcr eine gerechtere Welt spinnen ... - Weltladen Freising","robots":{"index":"index","follow":"follow","max-snippet":"max-snippet:-1","max-image-preview":"max-image-preview:large","max-video-preview":"max-video-preview:-1"},"canonical":"https:\/\/weltlaeden.de\/freising\/gemeinsam-visionen-fuer-eine-gerechtere-welt-spinnen\/","og_locale":"de_DE","og_type":"article","og_title":"Weltladentag 2020: Gemeinsam Visionen f\u00fcr eine gerechtere Welt spinnen ... - Weltladen Freising","og_description":"Der Weltladen Freising l\u00e4dt ein zum diesj\u00e4hrigen Weltladentag am kommenden Samstag, den 9. Mai ab 9:30 Uhr in der Ziegelgasse 14. Aufgrund der Auflagen zur Eind\u00e4mmung der Covid 19-Pandemie d\u00fcrfen wir in diesem Jahr leider nicht unser traditionelles Faires Fr\u00fchst\u00fcck veranstalten. Stattdessen laden wir Sie dazu ein, am Weltladen vorbeizukommen und uns Ihre W\u00fcnsche und&hellip;","og_url":"https:\/\/weltlaeden.de\/freising\/gemeinsam-visionen-fuer-eine-gerechtere-welt-spinnen\/","og_site_name":"Weltladen Freising","article_published_time":"2020-05-07T06:40:31+00:00","article_modified_time":"2020-05-07T06:56:09+00:00","og_image":[{"width":1920,"height":1080,"url":"https:\/\/weltlaeden.de\/freising\/wp-content\/uploads\/sites\/48\/2020\/04\/IMG_20200414_183016.jpg","type":"image\/jpeg"}],"twitter_card":"summary_large_image","twitter_misc":{"Verfasst von":"","Gesch\u00e4tzte Lesezeit":"1\u00a0Minute"},"schema":{"@context":"https:\/\/schema.org","@graph":[{"@type":"Article","@id":"https:\/\/weltlaeden.de\/freising\/gemeinsam-visionen-fuer-eine-gerechtere-welt-spinnen\/#article","isPartOf":{"@id":"https:\/\/weltlaeden.de\/freising\/gemeinsam-visionen-fuer-eine-gerechtere-welt-spinnen\/"},"author":{"name":"","@id":""},"headline":"Weltladentag 2020: Gemeinsam Visionen f\u00fcr eine gerechtere Welt spinnen &#8230;","datePublished":"2020-05-07T06:40:31+00:00","dateModified":"2020-05-07T06:56:09+00:00","mainEntityOfPage":{"@id":"https:\/\/weltlaeden.de\/freising\/gemeinsam-visionen-fuer-eine-gerechtere-welt-spinnen\/"},"wordCount":296,"image":{"@id":"https:\/\/weltlaeden.de\/freising\/gemeinsam-visionen-fuer-eine-gerechtere-welt-spinnen\/#primaryimage"},"thumbnailUrl":"https:\/\/weltlaeden.de\/freising\/wp-content\/uploads\/sites\/48\/2020\/04\/IMG_20200414_183016.jpg","articleSection":["Presse"],"inLanguage":"de"},{"@type":"WebPage","@id":"https:\/\/weltlaeden.de\/freising\/gemeinsam-visionen-fuer-eine-gerechtere-welt-spinnen\/","url":"https:\/\/weltlaeden.de\/freising\/gemeinsam-visionen-fuer-eine-gerechtere-welt-spinnen\/","name":"Weltladentag 2020: Gemeinsam Visionen f\u00fcr eine gerechtere Welt spinnen ... - Weltladen Freising","isPartOf":{"@id":"https:\/\/weltlaeden.de\/freising\/#website"},"primaryImageOfPage":{"@id":"https:\/\/weltlaeden.de\/freising\/gemeinsam-visionen-fuer-eine-gerechtere-welt-spinnen\/#primaryimage"},"image":{"@id":"https:\/\/weltlaeden.de\/freising\/gemeinsam-visionen-fuer-eine-gerechtere-welt-spinnen\/#primaryimage"},"thumbnailUrl":"https:\/\/weltlaeden.de\/freising\/wp-content\/uploads\/sites\/48\/2020\/04\/IMG_20200414_183016.jpg","datePublished":"2020-05-07T06:40:31+00:00","dateModified":"2020-05-07T06:56:09+00:00","author":{"@id":""},"breadcrumb":{"@id":"https:\/\/weltlaeden.de\/freising\/gemeinsam-visionen-fuer-eine-gerechtere-welt-spinnen\/#breadcrumb"},"inLanguage":"de","potentialAction":[{"@type":"ReadAction","target":["https:\/\/weltlaeden.de\/freising\/gemeinsam-visionen-fuer-eine-gerechtere-welt-spinnen\/"]}]},{"@type":"ImageObject","inLanguage":"de","@id":"https:\/\/weltlaeden.de\/freising\/gemeinsam-visionen-fuer-eine-gerechtere-welt-spinnen\/#primaryimage","url":"https:\/\/weltlaeden.de\/freising\/wp-content\/uploads\/sites\/48\/2020\/04\/IMG_20200414_183016.jpg","contentUrl":"https:\/\/weltlaeden.de\/freising\/wp-content\/uploads\/sites\/48\/2020\/04\/IMG_20200414_183016.jpg","width":1920,"height":1080},{"@type":"BreadcrumbList","@id":"https:\/\/weltlaeden.de\/freising\/gemeinsam-visionen-fuer-eine-gerechtere-welt-spinnen\/#breadcrumb","itemListElement":[{"@type":"ListItem","position":1,"name":"Startseite","item":"https:\/\/weltlaeden.de\/freising\/"},{"@type":"ListItem","position":2,"name":"Weltladentag 2020: Gemeinsam Visionen f\u00fcr eine gerechtere Welt spinnen &#8230;"}]},{"@type":"WebSite","@id":"https:\/\/weltlaeden.de\/freising\/#website","url":"https:\/\/weltlaeden.de\/freising\/","name":"Vorlage","description":"Faire Produkte seit 1982","potentialAction":[{"@type":"SearchAction","target":{"@type":"EntryPoint","urlTemplate":"https:\/\/weltlaeden.de\/freising\/?s={search_term_string}"},"query-input":{"@type":"PropertyValueSpecification","valueRequired":true,"valueName":"search_term_string"}}],"inLanguage":"de"},{"@type":"Person","@id":""}]}},"_links":{"self":[{"href":"https:\/\/weltlaeden.de\/freising\/wp-json\/wp\/v2\/posts\/950","targetHints":{"allow":["GET"]}}],"collection":[{"href":"https:\/\/weltlaeden.de\/freising\/wp-json\/wp\/v2\/posts"}],"about":[{"href":"https:\/\/weltlaeden.de\/freising\/wp-json\/wp\/v2\/types\/post"}],"author":[{"embeddable":true,"href":"https:\/\/weltlaeden.de\/freising\/wp-json\/wp\/v2\/users\/140"}],"replies":[{"embeddable":true,"href":"https:\/\/weltlaeden.de\/freising\/wp-json\/wp\/v2\/comments?post=950"}],"version-history":[{"count":4,"href":"https:\/\/weltlaeden.de\/freising\/wp-json\/wp\/v2\/posts\/950\/revisions"}],"predecessor-version":[{"id":959,"href":"https:\/\/weltlaeden.de\/freising\/wp-json\/wp\/v2\/posts\/950\/revisions\/959"}],"wp:featuredmedia":[{"embeddable":true,"href":"https:\/\/weltlaeden.de\/freising\/wp-json\/wp\/v2\/media\/941"}],"wp:attachment":[{"href":"https:\/\/weltlaeden.de\/freising\/wp-json\/wp\/v2\/media?parent=950"}],"wp:term":[{"taxonomy":"category","embeddable":true,"href":"https:\/\/weltlaeden.de\/freising\/wp-json\/wp\/v2\/categories?post=950"},{"taxonomy":"post_tag","embeddable":true,"href":"https:\/\/weltlaeden.de\/freising\/wp-json\/wp\/v2\/tags?post=950"}],"curies":[{"name":"wp","href":"https:\/\/api.w.org\/{rel}","templated":true}]}}