{"id":1541,"date":"2023-08-01T09:00:14","date_gmt":"2023-08-01T07:00:14","guid":{"rendered":"https:\/\/weltlaeden.de\/freising\/?p=1541"},"modified":"2023-08-06T16:27:23","modified_gmt":"2023-08-06T14:27:23","slug":"andere-oeffnungszeiten-im-august","status":"publish","type":"post","link":"https:\/\/weltlaeden.de\/freising\/andere-oeffnungszeiten-im-august\/","title":{"rendered":"Andere \u00d6ffnungszeiten im August"},"content":{"rendered":"<p>Wie im letzten Jahr wird der Weltladen Freising ab 1. August bereits um 16 Uhr schlie\u00dfen. Ansonsten k\u00f6nnen unsere Kunden wie gewohnt unser vielf\u00e4ltiges Sortiment durchst\u00f6bern.<\/p>\n","protected":false},"excerpt":{"rendered":"<p>Wie im letzten Jahr wird der Weltladen Freising ab 1. August bereits um 16 Uhr schlie\u00dfen. Ansonsten k\u00f6nnen unsere Kunden wie gewohnt unser vielf\u00e4ltiges Sortiment durchst\u00f6bern.<\/p>\n","protected":false},"author":207,"featured_media":1558,"comment_status":"closed","ping_status":"closed","sticky":false,"template":"","format":"standard","meta":{"footnotes":""},"categories":[8],"tags":[],"class_list":["post-1541","post","type-post","status-publish","format-standard","has-post-thumbnail","hentry","category-neues","category-8","description-off"],"yoast_head":"<!-- This site is optimized with the Yoast SEO plugin v26.8 - https:\/\/yoast.com\/product\/yoast-seo-wordpress\/ -->\n<title>Andere \u00d6ffnungszeiten im August - Weltladen Freising<\/title>\n<meta name=\"robots\" content=\"index, follow, max-snippet:-1, max-image-preview:large, max-video-preview:-1\" \/>\n<link rel=\"canonical\" href=\"https:\/\/weltlaeden.de\/freising\/andere-oeffnungszeiten-im-august\/\" \/>\n<meta property=\"og:locale\" content=\"de_DE\" \/>\n<meta property=\"og:type\" content=\"article\" \/>\n<meta property=\"og:title\" content=\"Andere \u00d6ffnungszeiten im August - Weltladen Freising\" \/>\n<meta property=\"og:description\" content=\"Wie im letzten Jahr wird der Weltladen Freising ab 1. August bereits um 16 Uhr schlie\u00dfen. Ansonsten k\u00f6nnen unsere Kunden wie gewohnt unser vielf\u00e4ltiges Sortiment durchst\u00f6bern.\" \/>\n<meta property=\"og:url\" content=\"https:\/\/weltlaeden.de\/freising\/andere-oeffnungszeiten-im-august\/\" \/>\n<meta property=\"og:site_name\" content=\"Weltladen Freising\" \/>\n<meta property=\"article:published_time\" content=\"2023-08-01T07:00:14+00:00\" \/>\n<meta property=\"article:modified_time\" content=\"2023-08-06T14:27:23+00:00\" \/>\n<meta property=\"og:image\" content=\"https:\/\/weltlaeden.de\/freising\/wp-content\/uploads\/sites\/48\/2023\/08\/HEad-compress.png\" \/>\n\t<meta property=\"og:image:width\" content=\"1035\" \/>\n\t<meta property=\"og:image:height\" content=\"421\" \/>\n\t<meta property=\"og:image:type\" content=\"image\/png\" \/>\n<meta name=\"author\" content=\"ramona\" \/>\n<meta name=\"twitter:card\" content=\"summary_large_image\" \/>\n<meta name=\"twitter:label1\" content=\"Verfasst von\" \/>\n\t<meta name=\"twitter:data1\" content=\"ramona\" \/>\n\t<meta name=\"twitter:label2\" content=\"Gesch\u00e4tzte Lesezeit\" \/>\n\t<meta name=\"twitter:data2\" content=\"1\u00a0Minute\" \/>\n<script type=\"application\/ld+json\" class=\"yoast-schema-graph\">{\"@context\":\"https:\/\/schema.org\",\"@graph\":[{\"@type\":\"Article\",\"@id\":\"https:\/\/weltlaeden.de\/freising\/andere-oeffnungszeiten-im-august\/#article\",\"isPartOf\":{\"@id\":\"https:\/\/weltlaeden.de\/freising\/andere-oeffnungszeiten-im-august\/\"},\"author\":{\"name\":\"ramona\",\"@id\":\"https:\/\/weltlaeden.de\/freising\/#\/schema\/person\/53dd77aaaf1c3017cc2e34227efc4dea\"},\"headline\":\"Andere \u00d6ffnungszeiten im August\",\"datePublished\":\"2023-08-01T07:00:14+00:00\",\"dateModified\":\"2023-08-06T14:27:23+00:00\",\"mainEntityOfPage\":{\"@id\":\"https:\/\/weltlaeden.de\/freising\/andere-oeffnungszeiten-im-august\/\"},\"wordCount\":32,\"image\":{\"@id\":\"https:\/\/weltlaeden.de\/freising\/andere-oeffnungszeiten-im-august\/#primaryimage\"},\"thumbnailUrl\":\"https:\/\/weltlaeden.de\/freising\/wp-content\/uploads\/sites\/48\/2023\/08\/HEad-compress.png\",\"articleSection\":[\"Neuigkeiten\"],\"inLanguage\":\"de\"},{\"@type\":\"WebPage\",\"@id\":\"https:\/\/weltlaeden.de\/freising\/andere-oeffnungszeiten-im-august\/\",\"url\":\"https:\/\/weltlaeden.de\/freising\/andere-oeffnungszeiten-im-august\/\",\"name\":\"Andere \u00d6ffnungszeiten im August - Weltladen Freising\",\"isPartOf\":{\"@id\":\"https:\/\/weltlaeden.de\/freising\/#website\"},\"primaryImageOfPage\":{\"@id\":\"https:\/\/weltlaeden.de\/freising\/andere-oeffnungszeiten-im-august\/#primaryimage\"},\"image\":{\"@id\":\"https:\/\/weltlaeden.de\/freising\/andere-oeffnungszeiten-im-august\/#primaryimage\"},\"thumbnailUrl\":\"https:\/\/weltlaeden.de\/freising\/wp-content\/uploads\/sites\/48\/2023\/08\/HEad-compress.png\",\"datePublished\":\"2023-08-01T07:00:14+00:00\",\"dateModified\":\"2023-08-06T14:27:23+00:00\",\"author\":{\"@id\":\"https:\/\/weltlaeden.de\/freising\/#\/schema\/person\/53dd77aaaf1c3017cc2e34227efc4dea\"},\"breadcrumb\":{\"@id\":\"https:\/\/weltlaeden.de\/freising\/andere-oeffnungszeiten-im-august\/#breadcrumb\"},\"inLanguage\":\"de\",\"potentialAction\":[{\"@type\":\"ReadAction\",\"target\":[\"https:\/\/weltlaeden.de\/freising\/andere-oeffnungszeiten-im-august\/\"]}]},{\"@type\":\"ImageObject\",\"inLanguage\":\"de\",\"@id\":\"https:\/\/weltlaeden.de\/freising\/andere-oeffnungszeiten-im-august\/#primaryimage\",\"url\":\"https:\/\/weltlaeden.de\/freising\/wp-content\/uploads\/sites\/48\/2023\/08\/HEad-compress.png\",\"contentUrl\":\"https:\/\/weltlaeden.de\/freising\/wp-content\/uploads\/sites\/48\/2023\/08\/HEad-compress.png\",\"width\":1035,\"height\":421},{\"@type\":\"BreadcrumbList\",\"@id\":\"https:\/\/weltlaeden.de\/freising\/andere-oeffnungszeiten-im-august\/#breadcrumb\",\"itemListElement\":[{\"@type\":\"ListItem\",\"position\":1,\"name\":\"Startseite\",\"item\":\"https:\/\/weltlaeden.de\/freising\/\"},{\"@type\":\"ListItem\",\"position\":2,\"name\":\"Andere \u00d6ffnungszeiten im August\"}]},{\"@type\":\"WebSite\",\"@id\":\"https:\/\/weltlaeden.de\/freising\/#website\",\"url\":\"https:\/\/weltlaeden.de\/freising\/\",\"name\":\"Vorlage\",\"description\":\"Faire Produkte seit 1982\",\"potentialAction\":[{\"@type\":\"SearchAction\",\"target\":{\"@type\":\"EntryPoint\",\"urlTemplate\":\"https:\/\/weltlaeden.de\/freising\/?s={search_term_string}\"},\"query-input\":{\"@type\":\"PropertyValueSpecification\",\"valueRequired\":true,\"valueName\":\"search_term_string\"}}],\"inLanguage\":\"de\"},{\"@type\":\"Person\",\"@id\":\"https:\/\/weltlaeden.de\/freising\/#\/schema\/person\/53dd77aaaf1c3017cc2e34227efc4dea\",\"name\":\"ramona\",\"image\":{\"@type\":\"ImageObject\",\"inLanguage\":\"de\",\"@id\":\"https:\/\/weltlaeden.de\/freising\/#\/schema\/person\/image\/\",\"url\":\"https:\/\/secure.gravatar.com\/avatar\/736ea460d6060fb52b841bc62c6d1768?s=96&d=mm&r=g\",\"contentUrl\":\"https:\/\/secure.gravatar.com\/avatar\/736ea460d6060fb52b841bc62c6d1768?s=96&d=mm&r=g\",\"caption\":\"ramona\"}}]}<\/script>\n<!-- \/ Yoast SEO plugin. -->","yoast_head_json":{"title":"Andere \u00d6ffnungszeiten im August - Weltladen Freising","robots":{"index":"index","follow":"follow","max-snippet":"max-snippet:-1","max-image-preview":"max-image-preview:large","max-video-preview":"max-video-preview:-1"},"canonical":"https:\/\/weltlaeden.de\/freising\/andere-oeffnungszeiten-im-august\/","og_locale":"de_DE","og_type":"article","og_title":"Andere \u00d6ffnungszeiten im August - Weltladen Freising","og_description":"Wie im letzten Jahr wird der Weltladen Freising ab 1. August bereits um 16 Uhr schlie\u00dfen. Ansonsten k\u00f6nnen unsere Kunden wie gewohnt unser vielf\u00e4ltiges Sortiment durchst\u00f6bern.","og_url":"https:\/\/weltlaeden.de\/freising\/andere-oeffnungszeiten-im-august\/","og_site_name":"Weltladen Freising","article_published_time":"2023-08-01T07:00:14+00:00","article_modified_time":"2023-08-06T14:27:23+00:00","og_image":[{"width":1035,"height":421,"url":"https:\/\/weltlaeden.de\/freising\/wp-content\/uploads\/sites\/48\/2023\/08\/HEad-compress.png","type":"image\/png"}],"author":"ramona","twitter_card":"summary_large_image","twitter_misc":{"Verfasst von":"ramona","Gesch\u00e4tzte Lesezeit":"1\u00a0Minute"},"schema":{"@context":"https:\/\/schema.org","@graph":[{"@type":"Article","@id":"https:\/\/weltlaeden.de\/freising\/andere-oeffnungszeiten-im-august\/#article","isPartOf":{"@id":"https:\/\/weltlaeden.de\/freising\/andere-oeffnungszeiten-im-august\/"},"author":{"name":"ramona","@id":"https:\/\/weltlaeden.de\/freising\/#\/schema\/person\/53dd77aaaf1c3017cc2e34227efc4dea"},"headline":"Andere \u00d6ffnungszeiten im August","datePublished":"2023-08-01T07:00:14+00:00","dateModified":"2023-08-06T14:27:23+00:00","mainEntityOfPage":{"@id":"https:\/\/weltlaeden.de\/freising\/andere-oeffnungszeiten-im-august\/"},"wordCount":32,"image":{"@id":"https:\/\/weltlaeden.de\/freising\/andere-oeffnungszeiten-im-august\/#primaryimage"},"thumbnailUrl":"https:\/\/weltlaeden.de\/freising\/wp-content\/uploads\/sites\/48\/2023\/08\/HEad-compress.png","articleSection":["Neuigkeiten"],"inLanguage":"de"},{"@type":"WebPage","@id":"https:\/\/weltlaeden.de\/freising\/andere-oeffnungszeiten-im-august\/","url":"https:\/\/weltlaeden.de\/freising\/andere-oeffnungszeiten-im-august\/","name":"Andere \u00d6ffnungszeiten im August - Weltladen Freising","isPartOf":{"@id":"https:\/\/weltlaeden.de\/freising\/#website"},"primaryImageOfPage":{"@id":"https:\/\/weltlaeden.de\/freising\/andere-oeffnungszeiten-im-august\/#primaryimage"},"image":{"@id":"https:\/\/weltlaeden.de\/freising\/andere-oeffnungszeiten-im-august\/#primaryimage"},"thumbnailUrl":"https:\/\/weltlaeden.de\/freising\/wp-content\/uploads\/sites\/48\/2023\/08\/HEad-compress.png","datePublished":"2023-08-01T07:00:14+00:00","dateModified":"2023-08-06T14:27:23+00:00","author":{"@id":"https:\/\/weltlaeden.de\/freising\/#\/schema\/person\/53dd77aaaf1c3017cc2e34227efc4dea"},"breadcrumb":{"@id":"https:\/\/weltlaeden.de\/freising\/andere-oeffnungszeiten-im-august\/#breadcrumb"},"inLanguage":"de","potentialAction":[{"@type":"ReadAction","target":["https:\/\/weltlaeden.de\/freising\/andere-oeffnungszeiten-im-august\/"]}]},{"@type":"ImageObject","inLanguage":"de","@id":"https:\/\/weltlaeden.de\/freising\/andere-oeffnungszeiten-im-august\/#primaryimage","url":"https:\/\/weltlaeden.de\/freising\/wp-content\/uploads\/sites\/48\/2023\/08\/HEad-compress.png","contentUrl":"https:\/\/weltlaeden.de\/freising\/wp-content\/uploads\/sites\/48\/2023\/08\/HEad-compress.png","width":1035,"height":421},{"@type":"BreadcrumbList","@id":"https:\/\/weltlaeden.de\/freising\/andere-oeffnungszeiten-im-august\/#breadcrumb","itemListElement":[{"@type":"ListItem","position":1,"name":"Startseite","item":"https:\/\/weltlaeden.de\/freising\/"},{"@type":"ListItem","position":2,"name":"Andere \u00d6ffnungszeiten im August"}]},{"@type":"WebSite","@id":"https:\/\/weltlaeden.de\/freising\/#website","url":"https:\/\/weltlaeden.de\/freising\/","name":"Vorlage","description":"Faire Produkte seit 1982","potentialAction":[{"@type":"SearchAction","target":{"@type":"EntryPoint","urlTemplate":"https:\/\/weltlaeden.de\/freising\/?s={search_term_string}"},"query-input":{"@type":"PropertyValueSpecification","valueRequired":true,"valueName":"search_term_string"}}],"inLanguage":"de"},{"@type":"Person","@id":"https:\/\/weltlaeden.de\/freising\/#\/schema\/person\/53dd77aaaf1c3017cc2e34227efc4dea","name":"ramona","image":{"@type":"ImageObject","inLanguage":"de","@id":"https:\/\/weltlaeden.de\/freising\/#\/schema\/person\/image\/","url":"https:\/\/secure.gravatar.com\/avatar\/736ea460d6060fb52b841bc62c6d1768?s=96&d=mm&r=g","contentUrl":"https:\/\/secure.gravatar.com\/avatar\/736ea460d6060fb52b841bc62c6d1768?s=96&d=mm&r=g","caption":"ramona"}}]}},"_links":{"self":[{"href":"https:\/\/weltlaeden.de\/freising\/wp-json\/wp\/v2\/posts\/1541","targetHints":{"allow":["GET"]}}],"collection":[{"href":"https:\/\/weltlaeden.de\/freising\/wp-json\/wp\/v2\/posts"}],"about":[{"href":"https:\/\/weltlaeden.de\/freising\/wp-json\/wp\/v2\/types\/post"}],"author":[{"embeddable":true,"href":"https:\/\/weltlaeden.de\/freising\/wp-json\/wp\/v2\/users\/207"}],"replies":[{"embeddable":true,"href":"https:\/\/weltlaeden.de\/freising\/wp-json\/wp\/v2\/comments?post=1541"}],"version-history":[{"count":3,"href":"https:\/\/weltlaeden.de\/freising\/wp-json\/wp\/v2\/posts\/1541\/revisions"}],"predecessor-version":[{"id":1559,"href":"https:\/\/weltlaeden.de\/freising\/wp-json\/wp\/v2\/posts\/1541\/revisions\/1559"}],"wp:featuredmedia":[{"embeddable":true,"href":"https:\/\/weltlaeden.de\/freising\/wp-json\/wp\/v2\/media\/1558"}],"wp:attachment":[{"href":"https:\/\/weltlaeden.de\/freising\/wp-json\/wp\/v2\/media?parent=1541"}],"wp:term":[{"taxonomy":"category","embeddable":true,"href":"https:\/\/weltlaeden.de\/freising\/wp-json\/wp\/v2\/categories?post=1541"},{"taxonomy":"post_tag","embeddable":true,"href":"https:\/\/weltlaeden.de\/freising\/wp-json\/wp\/v2\/tags?post=1541"}],"curies":[{"name":"wp","href":"https:\/\/api.w.org\/{rel}","templated":true}]}}