{"id":1522,"date":"2023-06-01T16:33:25","date_gmt":"2023-06-01T14:33:25","guid":{"rendered":"https:\/\/weltlaeden.de\/freising\/?p=1522"},"modified":"2023-06-11T16:33:48","modified_gmt":"2023-06-11T14:33:48","slug":"die-neue-freisinger-stadtschokolade-ist-da","status":"publish","type":"post","link":"https:\/\/weltlaeden.de\/freising\/die-neue-freisinger-stadtschokolade-ist-da\/","title":{"rendered":"Die neue Freisinger Stadtschokolade ist da!"},"content":{"rendered":"<p>Im Amtsgerichtsgarten haben am 26. Mai Mitglieder der Agenda21-Gruppe \u201eFaires Forum\u201c gemeinsam mit Oberb\u00fcrgermeister Tobias Eschenbacher die neue S\u00fc\u00dfigkeit vorgestellt. Sie eignet sich exzellent als wohltuender Genuss zwischendurch, als Geschenk oder Mitbringsel f\u00fcr Freisinger G\u00e4ste \u2013 und ihr Kauf tut ganz im Sinne des Fairtrade-Gedanken auch noch etwas Gutes.<\/p>\n<h4><\/h4>\n<p>&nbsp;<\/p>\n<h3><span style=\"color: #ff6600\"><strong>Warum ist es uns so wichtig, wieder eine faire Freisinger Schokolade anzubieten?<\/strong><\/span><\/h3>\n<p>Wir alle lieben Schokolade. Doch extreme Armut, Ausbeutung und Kinderarbeit hinterlassen immer noch viel zu oft einen bitteren Nachgeschmack. Das muss sich \u00e4ndern.<\/p>\n<p>Vier gute Gr\u00fcnde, fair gehandelte Schokolade zu kaufen:<\/p>\n<ol>\n<li><strong>Armut abbauen<\/strong>. Die Mehrheit der Kakaobauernfamilien verdient so wenig, dass sie unter der Armutsgrenze leben. Mit einem garantierten Mindestpreis und zus\u00e4tzlichen Pr\u00e4mien, die in Gesundheit, Bildung, Umwelt und \u00d6konomie investiert werden, will Fairtrade gegen diese Armut ank\u00e4mpfen.<\/li>\n<li><strong>Perspektiven schaffen.<\/strong> Junge Menschen landen auf der Suche nach profitablen Alternativen h\u00e4ufig in den Slums der Gro\u00dfst\u00e4dte. Mit einer langfristigen Strategie versucht der Faire Handel, auf ein existenzsicherndes Einkommen auch in l\u00e4ndlichen Gebieten hinzuarbeiten.<\/li>\n<li><strong>Kinder sch\u00fctzen. <\/strong>\u00dcber 1,5 Mio. Kinder arbeiten allein in Ghana und in der Elfenbeink\u00fcste im Kakaoabbau anstatt zur Schule zu gehen. Die Faitrade-Standards verbieten ausbeuterische Kinderarbeit. Mit Pr\u00e4ventionsprojekten und regelm\u00e4\u00dfigen Kontrollen vor Ort soll Kinderarbeit im Kakaoanbau verhindert werden.<\/li>\n<li><strong>Benachteiligung beenden. <\/strong>Nur ver\u00e4nderte Strukturen im Welthandel k\u00f6nnten dies m\u00f6glich machen. Fairtrade m\u00f6chte Mindeststandards schaffen, hin zu einer Existenzsicherung.<\/li>\n<\/ol>\n<p>&nbsp;<\/p>\n<p>Mit der<strong><span style=\"color: #ff6600\"> Fairen Freisinger Schokolade<\/span><\/strong> von Kallari gehen wir einen Schritt weiter:<\/p>\n<p>Bei der Kakaoverarbeitung und der Herstellung der Schokolade werden die gro\u00dfen Gewinne nicht im Globalen Norden erwirtschaftet, sondern die gesamte Wertsch\u00f6pfung, von der Verarbeitung der Rohstoffe bis zum fertigen Produkt bleibt im Anbauland.<\/p>\n<p>Bei der <em>Asociacion Kallari<\/em>\u00a0 haben sich 850 Familien im Amazonas-Tiefland in Ecuador zu einer Kleinbauern-Genossenschaft zusammengetan. Die Mitglieder geh\u00f6ren \u00fcberwiegend zum indigenen Volk der Kichwa und leben in 21 Regenwaldgemeinden. Die Familien bewirtschaften gemeinsam ihre Waldg\u00e4rten, sogenannte \u201eChakras\u201c, in Agroforstwirtschaft, d.h. vielf\u00e4ltige Nutzpflanzen und Heilkr\u00e4uter bilden zusammen mit der nat\u00fcrlichen Vegetation ein gesundes, stabiles \u00d6kosystem. In dieser Umgebung w\u00e4chst der \u00f6ko-zertifizierte Kakao der Sorte Nacional f\u00fcr die Faire Freisinger Schokolade, dort kann er sein mildes, zart-blumiges Aroma mit fruchtiger Note entwickeln und zu einem der besten Edelkakaos heranreifen.<\/p>\n<p>In einer Manufaktur in Quito, der Hauptstadt Ecuadors, werden die Kallari-Schokoladen dann mit modernster Technologie veredelt. Das Besondere daran: Die Schokolade kommt mit sehr wenigen Zutaten aus \u2013\u00a0alle stammen aus kontrolliert \u00f6kologischer Landwirtschaft. Zudem ist die Genossenschaft selbst Besitzerin und Verwalterin der Marke Kallari. Zulieferung, Marketing, IT und Verpackung, alles wird vor Ort ausgef\u00fchrt. So bleiben 100 Prozent der Wertsch\u00f6pfung im Ursprungsland Ecuador und bei den Mitgliedern der Genossenschaft.<\/p>\n<p>Damit schaffen sich die Menschen in Ecuador ein sicheres Einkommen und somit auch Zugang zu Bildung und Gesundheitsvorsorge. Das ist sowohl sozial, als auch \u00f6konomisch nachhaltig, denn junge Menschen haben auch nach einem Schulabschluss die Perspektive, einen Arbeitsplatz zu finden. Eine positive Kettenreaktion, die mehr und mehr Arbeitspl\u00e4tze schafft.<\/p>\n<p><img loading=\"lazy\" decoding=\"async\" class=\"wp-image-1525  alignleft\" src=\"https:\/\/weltlaeden.de\/freising\/wp-content\/uploads\/sites\/48\/2023\/06\/DSC_0825_pm2605_2023-U.Blum_-scaled-e1686493938756-300x163.jpg\" alt=\"\" width=\"394\" height=\"214\" srcset=\"https:\/\/weltlaeden.de\/freising\/wp-content\/uploads\/sites\/48\/2023\/06\/DSC_0825_pm2605_2023-U.Blum_-scaled-e1686493938756-300x163.jpg 300w, https:\/\/weltlaeden.de\/freising\/wp-content\/uploads\/sites\/48\/2023\/06\/DSC_0825_pm2605_2023-U.Blum_-scaled-e1686493938756-1024x558.jpg 1024w, https:\/\/weltlaeden.de\/freising\/wp-content\/uploads\/sites\/48\/2023\/06\/DSC_0825_pm2605_2023-U.Blum_-scaled-e1686493938756-768x418.jpg 768w, https:\/\/weltlaeden.de\/freising\/wp-content\/uploads\/sites\/48\/2023\/06\/DSC_0825_pm2605_2023-U.Blum_-scaled-e1686493938756-1536x836.jpg 1536w, https:\/\/weltlaeden.de\/freising\/wp-content\/uploads\/sites\/48\/2023\/06\/DSC_0825_pm2605_2023-U.Blum_-scaled-e1686493938756.jpg 1620w\" sizes=\"auto, (max-width: 394px) 100vw, 394px\" \/><\/p>\n<p>&nbsp;<\/p>\n<p style=\"text-align: right\">Wir haben uns das Rathaus als Symbol f\u00fcr die Fairtrade Stadt Freising ausgesucht und f\u00fcr die Banderole von einer K\u00fcnstlerin gestalten und in den warmen Farben reifer Kakaofr\u00fcchte umsetzen lassen. Die Banderole enth\u00e4lt alle Infos zur Herkunft der Schokolade.<\/p>\n<p>&nbsp;<\/p>\n<p>&nbsp;<\/p>\n<h3><\/h3>\n<h3><span style=\"color: #ff6600\">Wo kann ich die Schokolade kaufen?<\/span><\/h3>\n<p>Dass die von uns ausgesuchte Schokolade mit 70% Kakaoanteil auf der Messe rei\u00dfenden Absatz gefunden hat und schon ausverkauft ist, spricht f\u00fcr ihren Geschmack und ihre Qualit\u00e4t. Bis im September die neue Lieferung kommt, k\u00f6nnen wir aber auf die Schokolade mit 75% Kakaoanteil ausweichen.<\/p>\n<p>Liste der Gesch\u00e4fte, die die Faire Freisinger Schokolade verkaufen wollen:<\/p>\n<p><strong>Bioladen Lebenskunst,<\/strong> Rindermarkt 11, 85354 Freising<\/p>\n<p><strong>Erzdi\u00f6zese M\u00fcnchen und Freising Kd\u00f6R,<\/strong> MARSTALL, Domberg 38\/40, 85354 Freising<\/p>\n<p><strong>Fashion and More,<\/strong> Untere Hauptstra\u00dfe 50, 85354 Freising<\/p>\n<p><strong>Junker\u2019s Cafe-R\u00f6sterei,<\/strong> Fischergasse 4, 85354 Freising<\/p>\n<p><strong>Kasdandler<\/strong>, Obere Hauptstr. 27, 85354 Freising<\/p>\n<p><strong>LebensArt<\/strong>, Erdinger Str. 45, 85356 Freising<\/p>\n<p><strong>Ludwigsmarkt Naturkost,<\/strong> Prinz-Ludwig-Str. 7, 85354 Freising<\/p>\n<p><strong>Tagwerk,<\/strong> Erdingerstra\u00dfe 34, 85356 Freising<\/p>\n<p><strong>Teeparadies Freising<\/strong>, Untere Hauptstra\u00dfe 30, 85354 Freising<\/p>\n","protected":false},"excerpt":{"rendered":"<p>Im Amtsgerichtsgarten haben am 26. Mai Mitglieder der Agenda21-Gruppe \u201eFaires Forum\u201c gemeinsam mit Oberb\u00fcrgermeister Tobias Eschenbacher die neue S\u00fc\u00dfigkeit vorgestellt. Sie eignet sich exzellent als wohltuender Genuss zwischendurch, als Geschenk oder Mitbringsel f\u00fcr Freisinger G\u00e4ste \u2013 und ihr Kauf tut ganz im Sinne des Fairtrade-Gedanken auch noch etwas Gutes. &nbsp; Warum ist es uns so&hellip;<\/p>\n","protected":false},"author":207,"featured_media":1523,"comment_status":"closed","ping_status":"closed","sticky":false,"template":"","format":"standard","meta":{"footnotes":""},"categories":[8,14],"tags":[],"class_list":["post-1522","post","type-post","status-publish","format-standard","has-post-thumbnail","hentry","category-neues","category-presse","category-8","category-14","description-off"],"yoast_head":"<!-- This site is optimized with the Yoast SEO plugin v26.8 - https:\/\/yoast.com\/product\/yoast-seo-wordpress\/ -->\n<title>Die neue Freisinger Stadtschokolade ist da! - Weltladen Freising<\/title>\n<meta name=\"robots\" content=\"index, follow, max-snippet:-1, max-image-preview:large, max-video-preview:-1\" \/>\n<link rel=\"canonical\" href=\"https:\/\/weltlaeden.de\/freising\/die-neue-freisinger-stadtschokolade-ist-da\/\" \/>\n<meta property=\"og:locale\" content=\"de_DE\" \/>\n<meta property=\"og:type\" content=\"article\" \/>\n<meta property=\"og:title\" content=\"Die neue Freisinger Stadtschokolade ist da! - Weltladen Freising\" \/>\n<meta property=\"og:description\" content=\"Im Amtsgerichtsgarten haben am 26. Mai Mitglieder der Agenda21-Gruppe \u201eFaires Forum\u201c gemeinsam mit Oberb\u00fcrgermeister Tobias Eschenbacher die neue S\u00fc\u00dfigkeit vorgestellt. Sie eignet sich exzellent als wohltuender Genuss zwischendurch, als Geschenk oder Mitbringsel f\u00fcr Freisinger G\u00e4ste \u2013 und ihr Kauf tut ganz im Sinne des Fairtrade-Gedanken auch noch etwas Gutes. &nbsp; Warum ist es uns so&hellip;\" \/>\n<meta property=\"og:url\" content=\"https:\/\/weltlaeden.de\/freising\/die-neue-freisinger-stadtschokolade-ist-da\/\" \/>\n<meta property=\"og:site_name\" content=\"Weltladen Freising\" \/>\n<meta property=\"article:published_time\" content=\"2023-06-01T14:33:25+00:00\" \/>\n<meta property=\"article:modified_time\" content=\"2023-06-11T14:33:48+00:00\" \/>\n<meta property=\"og:image\" content=\"https:\/\/weltlaeden.de\/freising\/wp-content\/uploads\/sites\/48\/2023\/06\/DSC_0813-Praesentation_mitOB-ub-scaled.jpg\" \/>\n\t<meta property=\"og:image:width\" content=\"1620\" \/>\n\t<meta property=\"og:image:height\" content=\"1080\" \/>\n\t<meta property=\"og:image:type\" content=\"image\/jpeg\" \/>\n<meta name=\"author\" content=\"ramona\" \/>\n<meta name=\"twitter:card\" content=\"summary_large_image\" \/>\n<meta name=\"twitter:label1\" content=\"Verfasst von\" \/>\n\t<meta name=\"twitter:data1\" content=\"ramona\" \/>\n\t<meta name=\"twitter:label2\" content=\"Gesch\u00e4tzte Lesezeit\" \/>\n\t<meta name=\"twitter:data2\" content=\"4\u00a0Minuten\" \/>\n<script type=\"application\/ld+json\" class=\"yoast-schema-graph\">{\"@context\":\"https:\/\/schema.org\",\"@graph\":[{\"@type\":\"Article\",\"@id\":\"https:\/\/weltlaeden.de\/freising\/die-neue-freisinger-stadtschokolade-ist-da\/#article\",\"isPartOf\":{\"@id\":\"https:\/\/weltlaeden.de\/freising\/die-neue-freisinger-stadtschokolade-ist-da\/\"},\"author\":{\"name\":\"ramona\",\"@id\":\"https:\/\/weltlaeden.de\/freising\/#\/schema\/person\/53dd77aaaf1c3017cc2e34227efc4dea\"},\"headline\":\"Die neue Freisinger Stadtschokolade ist da!\",\"datePublished\":\"2023-06-01T14:33:25+00:00\",\"dateModified\":\"2023-06-11T14:33:48+00:00\",\"mainEntityOfPage\":{\"@id\":\"https:\/\/weltlaeden.de\/freising\/die-neue-freisinger-stadtschokolade-ist-da\/\"},\"wordCount\":668,\"image\":{\"@id\":\"https:\/\/weltlaeden.de\/freising\/die-neue-freisinger-stadtschokolade-ist-da\/#primaryimage\"},\"thumbnailUrl\":\"https:\/\/weltlaeden.de\/freising\/wp-content\/uploads\/sites\/48\/2023\/06\/DSC_0813-Praesentation_mitOB-ub-scaled.jpg\",\"articleSection\":[\"Neuigkeiten\",\"Presse\"],\"inLanguage\":\"de\"},{\"@type\":\"WebPage\",\"@id\":\"https:\/\/weltlaeden.de\/freising\/die-neue-freisinger-stadtschokolade-ist-da\/\",\"url\":\"https:\/\/weltlaeden.de\/freising\/die-neue-freisinger-stadtschokolade-ist-da\/\",\"name\":\"Die neue Freisinger Stadtschokolade ist da! - Weltladen Freising\",\"isPartOf\":{\"@id\":\"https:\/\/weltlaeden.de\/freising\/#website\"},\"primaryImageOfPage\":{\"@id\":\"https:\/\/weltlaeden.de\/freising\/die-neue-freisinger-stadtschokolade-ist-da\/#primaryimage\"},\"image\":{\"@id\":\"https:\/\/weltlaeden.de\/freising\/die-neue-freisinger-stadtschokolade-ist-da\/#primaryimage\"},\"thumbnailUrl\":\"https:\/\/weltlaeden.de\/freising\/wp-content\/uploads\/sites\/48\/2023\/06\/DSC_0813-Praesentation_mitOB-ub-scaled.jpg\",\"datePublished\":\"2023-06-01T14:33:25+00:00\",\"dateModified\":\"2023-06-11T14:33:48+00:00\",\"author\":{\"@id\":\"https:\/\/weltlaeden.de\/freising\/#\/schema\/person\/53dd77aaaf1c3017cc2e34227efc4dea\"},\"breadcrumb\":{\"@id\":\"https:\/\/weltlaeden.de\/freising\/die-neue-freisinger-stadtschokolade-ist-da\/#breadcrumb\"},\"inLanguage\":\"de\",\"potentialAction\":[{\"@type\":\"ReadAction\",\"target\":[\"https:\/\/weltlaeden.de\/freising\/die-neue-freisinger-stadtschokolade-ist-da\/\"]}]},{\"@type\":\"ImageObject\",\"inLanguage\":\"de\",\"@id\":\"https:\/\/weltlaeden.de\/freising\/die-neue-freisinger-stadtschokolade-ist-da\/#primaryimage\",\"url\":\"https:\/\/weltlaeden.de\/freising\/wp-content\/uploads\/sites\/48\/2023\/06\/DSC_0813-Praesentation_mitOB-ub-scaled.jpg\",\"contentUrl\":\"https:\/\/weltlaeden.de\/freising\/wp-content\/uploads\/sites\/48\/2023\/06\/DSC_0813-Praesentation_mitOB-ub-scaled.jpg\",\"width\":1620,\"height\":1080},{\"@type\":\"BreadcrumbList\",\"@id\":\"https:\/\/weltlaeden.de\/freising\/die-neue-freisinger-stadtschokolade-ist-da\/#breadcrumb\",\"itemListElement\":[{\"@type\":\"ListItem\",\"position\":1,\"name\":\"Startseite\",\"item\":\"https:\/\/weltlaeden.de\/freising\/\"},{\"@type\":\"ListItem\",\"position\":2,\"name\":\"Die neue Freisinger Stadtschokolade ist da!\"}]},{\"@type\":\"WebSite\",\"@id\":\"https:\/\/weltlaeden.de\/freising\/#website\",\"url\":\"https:\/\/weltlaeden.de\/freising\/\",\"name\":\"Vorlage\",\"description\":\"Faire Produkte seit 1982\",\"potentialAction\":[{\"@type\":\"SearchAction\",\"target\":{\"@type\":\"EntryPoint\",\"urlTemplate\":\"https:\/\/weltlaeden.de\/freising\/?s={search_term_string}\"},\"query-input\":{\"@type\":\"PropertyValueSpecification\",\"valueRequired\":true,\"valueName\":\"search_term_string\"}}],\"inLanguage\":\"de\"},{\"@type\":\"Person\",\"@id\":\"https:\/\/weltlaeden.de\/freising\/#\/schema\/person\/53dd77aaaf1c3017cc2e34227efc4dea\",\"name\":\"ramona\",\"image\":{\"@type\":\"ImageObject\",\"inLanguage\":\"de\",\"@id\":\"https:\/\/weltlaeden.de\/freising\/#\/schema\/person\/image\/\",\"url\":\"https:\/\/secure.gravatar.com\/avatar\/736ea460d6060fb52b841bc62c6d1768?s=96&d=mm&r=g\",\"contentUrl\":\"https:\/\/secure.gravatar.com\/avatar\/736ea460d6060fb52b841bc62c6d1768?s=96&d=mm&r=g\",\"caption\":\"ramona\"}}]}<\/script>\n<!-- \/ Yoast SEO plugin. -->","yoast_head_json":{"title":"Die neue Freisinger Stadtschokolade ist da! - Weltladen Freising","robots":{"index":"index","follow":"follow","max-snippet":"max-snippet:-1","max-image-preview":"max-image-preview:large","max-video-preview":"max-video-preview:-1"},"canonical":"https:\/\/weltlaeden.de\/freising\/die-neue-freisinger-stadtschokolade-ist-da\/","og_locale":"de_DE","og_type":"article","og_title":"Die neue Freisinger Stadtschokolade ist da! - Weltladen Freising","og_description":"Im Amtsgerichtsgarten haben am 26. Mai Mitglieder der Agenda21-Gruppe \u201eFaires Forum\u201c gemeinsam mit Oberb\u00fcrgermeister Tobias Eschenbacher die neue S\u00fc\u00dfigkeit vorgestellt. Sie eignet sich exzellent als wohltuender Genuss zwischendurch, als Geschenk oder Mitbringsel f\u00fcr Freisinger G\u00e4ste \u2013 und ihr Kauf tut ganz im Sinne des Fairtrade-Gedanken auch noch etwas Gutes. &nbsp; Warum ist es uns so&hellip;","og_url":"https:\/\/weltlaeden.de\/freising\/die-neue-freisinger-stadtschokolade-ist-da\/","og_site_name":"Weltladen Freising","article_published_time":"2023-06-01T14:33:25+00:00","article_modified_time":"2023-06-11T14:33:48+00:00","og_image":[{"width":1620,"height":1080,"url":"https:\/\/weltlaeden.de\/freising\/wp-content\/uploads\/sites\/48\/2023\/06\/DSC_0813-Praesentation_mitOB-ub-scaled.jpg","type":"image\/jpeg"}],"author":"ramona","twitter_card":"summary_large_image","twitter_misc":{"Verfasst von":"ramona","Gesch\u00e4tzte Lesezeit":"4\u00a0Minuten"},"schema":{"@context":"https:\/\/schema.org","@graph":[{"@type":"Article","@id":"https:\/\/weltlaeden.de\/freising\/die-neue-freisinger-stadtschokolade-ist-da\/#article","isPartOf":{"@id":"https:\/\/weltlaeden.de\/freising\/die-neue-freisinger-stadtschokolade-ist-da\/"},"author":{"name":"ramona","@id":"https:\/\/weltlaeden.de\/freising\/#\/schema\/person\/53dd77aaaf1c3017cc2e34227efc4dea"},"headline":"Die neue Freisinger Stadtschokolade ist da!","datePublished":"2023-06-01T14:33:25+00:00","dateModified":"2023-06-11T14:33:48+00:00","mainEntityOfPage":{"@id":"https:\/\/weltlaeden.de\/freising\/die-neue-freisinger-stadtschokolade-ist-da\/"},"wordCount":668,"image":{"@id":"https:\/\/weltlaeden.de\/freising\/die-neue-freisinger-stadtschokolade-ist-da\/#primaryimage"},"thumbnailUrl":"https:\/\/weltlaeden.de\/freising\/wp-content\/uploads\/sites\/48\/2023\/06\/DSC_0813-Praesentation_mitOB-ub-scaled.jpg","articleSection":["Neuigkeiten","Presse"],"inLanguage":"de"},{"@type":"WebPage","@id":"https:\/\/weltlaeden.de\/freising\/die-neue-freisinger-stadtschokolade-ist-da\/","url":"https:\/\/weltlaeden.de\/freising\/die-neue-freisinger-stadtschokolade-ist-da\/","name":"Die neue Freisinger Stadtschokolade ist da! - Weltladen Freising","isPartOf":{"@id":"https:\/\/weltlaeden.de\/freising\/#website"},"primaryImageOfPage":{"@id":"https:\/\/weltlaeden.de\/freising\/die-neue-freisinger-stadtschokolade-ist-da\/#primaryimage"},"image":{"@id":"https:\/\/weltlaeden.de\/freising\/die-neue-freisinger-stadtschokolade-ist-da\/#primaryimage"},"thumbnailUrl":"https:\/\/weltlaeden.de\/freising\/wp-content\/uploads\/sites\/48\/2023\/06\/DSC_0813-Praesentation_mitOB-ub-scaled.jpg","datePublished":"2023-06-01T14:33:25+00:00","dateModified":"2023-06-11T14:33:48+00:00","author":{"@id":"https:\/\/weltlaeden.de\/freising\/#\/schema\/person\/53dd77aaaf1c3017cc2e34227efc4dea"},"breadcrumb":{"@id":"https:\/\/weltlaeden.de\/freising\/die-neue-freisinger-stadtschokolade-ist-da\/#breadcrumb"},"inLanguage":"de","potentialAction":[{"@type":"ReadAction","target":["https:\/\/weltlaeden.de\/freising\/die-neue-freisinger-stadtschokolade-ist-da\/"]}]},{"@type":"ImageObject","inLanguage":"de","@id":"https:\/\/weltlaeden.de\/freising\/die-neue-freisinger-stadtschokolade-ist-da\/#primaryimage","url":"https:\/\/weltlaeden.de\/freising\/wp-content\/uploads\/sites\/48\/2023\/06\/DSC_0813-Praesentation_mitOB-ub-scaled.jpg","contentUrl":"https:\/\/weltlaeden.de\/freising\/wp-content\/uploads\/sites\/48\/2023\/06\/DSC_0813-Praesentation_mitOB-ub-scaled.jpg","width":1620,"height":1080},{"@type":"BreadcrumbList","@id":"https:\/\/weltlaeden.de\/freising\/die-neue-freisinger-stadtschokolade-ist-da\/#breadcrumb","itemListElement":[{"@type":"ListItem","position":1,"name":"Startseite","item":"https:\/\/weltlaeden.de\/freising\/"},{"@type":"ListItem","position":2,"name":"Die neue Freisinger Stadtschokolade ist da!"}]},{"@type":"WebSite","@id":"https:\/\/weltlaeden.de\/freising\/#website","url":"https:\/\/weltlaeden.de\/freising\/","name":"Vorlage","description":"Faire Produkte seit 1982","potentialAction":[{"@type":"SearchAction","target":{"@type":"EntryPoint","urlTemplate":"https:\/\/weltlaeden.de\/freising\/?s={search_term_string}"},"query-input":{"@type":"PropertyValueSpecification","valueRequired":true,"valueName":"search_term_string"}}],"inLanguage":"de"},{"@type":"Person","@id":"https:\/\/weltlaeden.de\/freising\/#\/schema\/person\/53dd77aaaf1c3017cc2e34227efc4dea","name":"ramona","image":{"@type":"ImageObject","inLanguage":"de","@id":"https:\/\/weltlaeden.de\/freising\/#\/schema\/person\/image\/","url":"https:\/\/secure.gravatar.com\/avatar\/736ea460d6060fb52b841bc62c6d1768?s=96&d=mm&r=g","contentUrl":"https:\/\/secure.gravatar.com\/avatar\/736ea460d6060fb52b841bc62c6d1768?s=96&d=mm&r=g","caption":"ramona"}}]}},"_links":{"self":[{"href":"https:\/\/weltlaeden.de\/freising\/wp-json\/wp\/v2\/posts\/1522","targetHints":{"allow":["GET"]}}],"collection":[{"href":"https:\/\/weltlaeden.de\/freising\/wp-json\/wp\/v2\/posts"}],"about":[{"href":"https:\/\/weltlaeden.de\/freising\/wp-json\/wp\/v2\/types\/post"}],"author":[{"embeddable":true,"href":"https:\/\/weltlaeden.de\/freising\/wp-json\/wp\/v2\/users\/207"}],"replies":[{"embeddable":true,"href":"https:\/\/weltlaeden.de\/freising\/wp-json\/wp\/v2\/comments?post=1522"}],"version-history":[{"count":9,"href":"https:\/\/weltlaeden.de\/freising\/wp-json\/wp\/v2\/posts\/1522\/revisions"}],"predecessor-version":[{"id":1534,"href":"https:\/\/weltlaeden.de\/freising\/wp-json\/wp\/v2\/posts\/1522\/revisions\/1534"}],"wp:featuredmedia":[{"embeddable":true,"href":"https:\/\/weltlaeden.de\/freising\/wp-json\/wp\/v2\/media\/1523"}],"wp:attachment":[{"href":"https:\/\/weltlaeden.de\/freising\/wp-json\/wp\/v2\/media?parent=1522"}],"wp:term":[{"taxonomy":"category","embeddable":true,"href":"https:\/\/weltlaeden.de\/freising\/wp-json\/wp\/v2\/categories?post=1522"},{"taxonomy":"post_tag","embeddable":true,"href":"https:\/\/weltlaeden.de\/freising\/wp-json\/wp\/v2\/tags?post=1522"}],"curies":[{"name":"wp","href":"https:\/\/api.w.org\/{rel}","templated":true}]}}