{"id":1513,"date":"2023-05-13T12:33:12","date_gmt":"2023-05-13T10:33:12","guid":{"rendered":"https:\/\/weltlaeden.de\/freising\/?p=1513"},"modified":"2023-05-13T12:33:58","modified_gmt":"2023-05-13T10:33:58","slug":"einkaeuferin-fuer-den-weltladen-freising-m-w-d-gesucht","status":"publish","type":"post","link":"https:\/\/weltlaeden.de\/freising\/einkaeuferin-fuer-den-weltladen-freising-m-w-d-gesucht\/","title":{"rendered":"Eink\u00e4ufer*in f\u00fcr den Weltladen Freising (m\/w\/d) gesucht"},"content":{"rendered":"<p>Der Verein Weltladen Freising e. V. sucht eine*n<\/p>\n<h2><strong>Eink\u00e4ufer*in f\u00fcr den Weltladen Freising (m\/w\/d)<\/strong><\/h2>\n<p>in Teilzeit (50% oder 25%) <strong>ab sofort<\/strong><\/p>\n<p>Verg\u00fctung nach Tarif des Einzelhandels<\/p>\n<p><strong>Ihre Aufgaben<\/strong><\/p>\n<ul>\n<li>Einkauf und Vermarktung des Lebensmittel- und Kunsthandwerksortiments<\/li>\n<li>Organisation der Lagerbest\u00e4nde (Verf\u00fcgbarkeit, Bestandsanpassung)<\/li>\n<li>Steuerung der Ladenorganisation, Gew\u00e4hrleistung des Informationsflusses<\/li>\n<li>Zusammenarbeit in einem Team von Ehrenamtlichen<\/li>\n<li>Einarbeitung, Betreuung und Bewertung der Schul-Praktikant*innen<\/li>\n<li>Beratung von Kund*innen und Betreuung der Kommissionsgruppen<\/li>\n<li>Aufbereitung und Pr\u00e4sentation der Waren mit Hintergrundinformationen<\/li>\n<li>Verkauf<\/li>\n<\/ul>\n<p><strong>Ihr Profil<\/strong><\/p>\n<p>Sie identifizieren sich mit den Grunds\u00e4tzen des Fairen Handels, haben Freude am Umgang mit Menschen und verf\u00fcgen \u00fcber Improvisationstalent? Sie haben einen guten Geschmack bei der Auswahl von Produkten und verf\u00fcgen \u00fcber Einf\u00fchlungsverm\u00f6gen im Umgang mit den ehrenamtlich arbeitenden Mitarbeiter*innen und mit Kund*innen? Sie sind sicher im Umgang mit dem Computer, haben Erfahrungen mit den Microsoft-Office-Programmen und ggf. mit einem Warenwirtschaftssystem?<\/p>\n<p><strong>Unser Angebot<\/strong><\/p>\n<p>Wir bieten Ihnen eine kreative T\u00e4tigkeit in unbefristeter Anstellung mit viel Eigenverantwortung und flexibler Zeiteinteilung. An einzelnen Tagen ist die Arbeit gerne vom Homeoffice aus m\u00f6glich. Die Mitarbeit in einem engagierten Team von ehrenamtlichen Mitarbeiter*innen und Vernetzungspartner*innen gew\u00e4hrleistet ein lebendiges Aufgabenfeld in einem zukunftsorientierten und ethisch definierten Unternehmen.<\/p>\n<p>&nbsp;<\/p>\n<p>&nbsp;<\/p>\n<p>Weitere Ausk\u00fcnfte:<\/p>\n<p>Monika Vogel 08167\/8776, E-Mail: <a href=\"mailto:g@musicmaze.info\">g@musicmaze.info<\/a><\/p>\n<p>&nbsp;<\/p>\n<p>Bitte senden Sie Ihre aussagekr\u00e4ftige Bewerbung mit Angabe ihres fr\u00fchestm\u00f6glichen Eintrittsdatums im pdf-Format per Email an Monika Vogel, E-Mail <a href=\"mailto:g@musicmaze.info\">g@musicmaze.info<\/a> und an <a href=\"mailto:verein@weltladen-freising.de\">verein@weltladen-freising.de<\/a><\/p>\n","protected":false},"excerpt":{"rendered":"<p>Der Verein Weltladen Freising e. V. sucht eine*n Eink\u00e4ufer*in f\u00fcr den Weltladen Freising (m\/w\/d) in Teilzeit (50% oder 25%) ab sofort Verg\u00fctung nach Tarif des Einzelhandels Ihre Aufgaben Einkauf und Vermarktung des Lebensmittel- und Kunsthandwerksortiments Organisation der Lagerbest\u00e4nde (Verf\u00fcgbarkeit, Bestandsanpassung) Steuerung der Ladenorganisation, Gew\u00e4hrleistung des Informationsflusses Zusammenarbeit in einem Team von Ehrenamtlichen Einarbeitung, Betreuung und&hellip;<\/p>\n","protected":false},"author":207,"featured_media":1520,"comment_status":"closed","ping_status":"closed","sticky":false,"template":"","format":"standard","meta":{"footnotes":""},"categories":[8],"tags":[],"class_list":["post-1513","post","type-post","status-publish","format-standard","has-post-thumbnail","hentry","category-neues","category-8","description-off"],"yoast_head":"<!-- This site is optimized with the Yoast SEO plugin v26.8 - https:\/\/yoast.com\/product\/yoast-seo-wordpress\/ -->\n<title>Eink\u00e4ufer*in f\u00fcr den Weltladen Freising (m\/w\/d) gesucht - Weltladen Freising<\/title>\n<meta name=\"robots\" content=\"index, follow, max-snippet:-1, max-image-preview:large, max-video-preview:-1\" \/>\n<link rel=\"canonical\" href=\"https:\/\/weltlaeden.de\/freising\/einkaeuferin-fuer-den-weltladen-freising-m-w-d-gesucht\/\" \/>\n<meta property=\"og:locale\" content=\"de_DE\" \/>\n<meta property=\"og:type\" content=\"article\" \/>\n<meta property=\"og:title\" content=\"Eink\u00e4ufer*in f\u00fcr den Weltladen Freising (m\/w\/d) gesucht - Weltladen Freising\" \/>\n<meta property=\"og:description\" content=\"Der Verein Weltladen Freising e. V. sucht eine*n Eink\u00e4ufer*in f\u00fcr den Weltladen Freising (m\/w\/d) in Teilzeit (50% oder 25%) ab sofort Verg\u00fctung nach Tarif des Einzelhandels Ihre Aufgaben Einkauf und Vermarktung des Lebensmittel- und Kunsthandwerksortiments Organisation der Lagerbest\u00e4nde (Verf\u00fcgbarkeit, Bestandsanpassung) Steuerung der Ladenorganisation, Gew\u00e4hrleistung des Informationsflusses Zusammenarbeit in einem Team von Ehrenamtlichen Einarbeitung, Betreuung und&hellip;\" \/>\n<meta property=\"og:url\" content=\"https:\/\/weltlaeden.de\/freising\/einkaeuferin-fuer-den-weltladen-freising-m-w-d-gesucht\/\" \/>\n<meta property=\"og:site_name\" content=\"Weltladen Freising\" \/>\n<meta property=\"article:published_time\" content=\"2023-05-13T10:33:12+00:00\" \/>\n<meta property=\"article:modified_time\" content=\"2023-05-13T10:33:58+00:00\" \/>\n<meta property=\"og:image\" content=\"https:\/\/weltlaeden.de\/freising\/wp-content\/uploads\/sites\/48\/2023\/05\/HEad-1-compress.png\" \/>\n\t<meta property=\"og:image:width\" content=\"1035\" \/>\n\t<meta property=\"og:image:height\" content=\"421\" \/>\n\t<meta property=\"og:image:type\" content=\"image\/png\" \/>\n<meta name=\"author\" content=\"ramona\" \/>\n<meta name=\"twitter:card\" content=\"summary_large_image\" \/>\n<meta name=\"twitter:label1\" content=\"Verfasst von\" \/>\n\t<meta name=\"twitter:data1\" content=\"ramona\" \/>\n\t<meta name=\"twitter:label2\" content=\"Gesch\u00e4tzte Lesezeit\" \/>\n\t<meta name=\"twitter:data2\" content=\"2\u00a0Minuten\" \/>\n<script type=\"application\/ld+json\" class=\"yoast-schema-graph\">{\"@context\":\"https:\/\/schema.org\",\"@graph\":[{\"@type\":\"Article\",\"@id\":\"https:\/\/weltlaeden.de\/freising\/einkaeuferin-fuer-den-weltladen-freising-m-w-d-gesucht\/#article\",\"isPartOf\":{\"@id\":\"https:\/\/weltlaeden.de\/freising\/einkaeuferin-fuer-den-weltladen-freising-m-w-d-gesucht\/\"},\"author\":{\"name\":\"ramona\",\"@id\":\"https:\/\/weltlaeden.de\/freising\/#\/schema\/person\/53dd77aaaf1c3017cc2e34227efc4dea\"},\"headline\":\"Eink\u00e4ufer*in f\u00fcr den Weltladen Freising (m\/w\/d) gesucht\",\"datePublished\":\"2023-05-13T10:33:12+00:00\",\"dateModified\":\"2023-05-13T10:33:58+00:00\",\"mainEntityOfPage\":{\"@id\":\"https:\/\/weltlaeden.de\/freising\/einkaeuferin-fuer-den-weltladen-freising-m-w-d-gesucht\/\"},\"wordCount\":263,\"image\":{\"@id\":\"https:\/\/weltlaeden.de\/freising\/einkaeuferin-fuer-den-weltladen-freising-m-w-d-gesucht\/#primaryimage\"},\"thumbnailUrl\":\"https:\/\/weltlaeden.de\/freising\/wp-content\/uploads\/sites\/48\/2023\/05\/HEad-1-compress.png\",\"articleSection\":[\"Neuigkeiten\"],\"inLanguage\":\"de\"},{\"@type\":\"WebPage\",\"@id\":\"https:\/\/weltlaeden.de\/freising\/einkaeuferin-fuer-den-weltladen-freising-m-w-d-gesucht\/\",\"url\":\"https:\/\/weltlaeden.de\/freising\/einkaeuferin-fuer-den-weltladen-freising-m-w-d-gesucht\/\",\"name\":\"Eink\u00e4ufer*in f\u00fcr den Weltladen Freising (m\/w\/d) gesucht - Weltladen Freising\",\"isPartOf\":{\"@id\":\"https:\/\/weltlaeden.de\/freising\/#website\"},\"primaryImageOfPage\":{\"@id\":\"https:\/\/weltlaeden.de\/freising\/einkaeuferin-fuer-den-weltladen-freising-m-w-d-gesucht\/#primaryimage\"},\"image\":{\"@id\":\"https:\/\/weltlaeden.de\/freising\/einkaeuferin-fuer-den-weltladen-freising-m-w-d-gesucht\/#primaryimage\"},\"thumbnailUrl\":\"https:\/\/weltlaeden.de\/freising\/wp-content\/uploads\/sites\/48\/2023\/05\/HEad-1-compress.png\",\"datePublished\":\"2023-05-13T10:33:12+00:00\",\"dateModified\":\"2023-05-13T10:33:58+00:00\",\"author\":{\"@id\":\"https:\/\/weltlaeden.de\/freising\/#\/schema\/person\/53dd77aaaf1c3017cc2e34227efc4dea\"},\"breadcrumb\":{\"@id\":\"https:\/\/weltlaeden.de\/freising\/einkaeuferin-fuer-den-weltladen-freising-m-w-d-gesucht\/#breadcrumb\"},\"inLanguage\":\"de\",\"potentialAction\":[{\"@type\":\"ReadAction\",\"target\":[\"https:\/\/weltlaeden.de\/freising\/einkaeuferin-fuer-den-weltladen-freising-m-w-d-gesucht\/\"]}]},{\"@type\":\"ImageObject\",\"inLanguage\":\"de\",\"@id\":\"https:\/\/weltlaeden.de\/freising\/einkaeuferin-fuer-den-weltladen-freising-m-w-d-gesucht\/#primaryimage\",\"url\":\"https:\/\/weltlaeden.de\/freising\/wp-content\/uploads\/sites\/48\/2023\/05\/HEad-1-compress.png\",\"contentUrl\":\"https:\/\/weltlaeden.de\/freising\/wp-content\/uploads\/sites\/48\/2023\/05\/HEad-1-compress.png\",\"width\":1035,\"height\":421},{\"@type\":\"BreadcrumbList\",\"@id\":\"https:\/\/weltlaeden.de\/freising\/einkaeuferin-fuer-den-weltladen-freising-m-w-d-gesucht\/#breadcrumb\",\"itemListElement\":[{\"@type\":\"ListItem\",\"position\":1,\"name\":\"Startseite\",\"item\":\"https:\/\/weltlaeden.de\/freising\/\"},{\"@type\":\"ListItem\",\"position\":2,\"name\":\"Eink\u00e4ufer*in f\u00fcr den Weltladen Freising (m\/w\/d) gesucht\"}]},{\"@type\":\"WebSite\",\"@id\":\"https:\/\/weltlaeden.de\/freising\/#website\",\"url\":\"https:\/\/weltlaeden.de\/freising\/\",\"name\":\"Vorlage\",\"description\":\"Faire Produkte seit 1982\",\"potentialAction\":[{\"@type\":\"SearchAction\",\"target\":{\"@type\":\"EntryPoint\",\"urlTemplate\":\"https:\/\/weltlaeden.de\/freising\/?s={search_term_string}\"},\"query-input\":{\"@type\":\"PropertyValueSpecification\",\"valueRequired\":true,\"valueName\":\"search_term_string\"}}],\"inLanguage\":\"de\"},{\"@type\":\"Person\",\"@id\":\"https:\/\/weltlaeden.de\/freising\/#\/schema\/person\/53dd77aaaf1c3017cc2e34227efc4dea\",\"name\":\"ramona\",\"image\":{\"@type\":\"ImageObject\",\"inLanguage\":\"de\",\"@id\":\"https:\/\/weltlaeden.de\/freising\/#\/schema\/person\/image\/\",\"url\":\"https:\/\/secure.gravatar.com\/avatar\/736ea460d6060fb52b841bc62c6d1768?s=96&d=mm&r=g\",\"contentUrl\":\"https:\/\/secure.gravatar.com\/avatar\/736ea460d6060fb52b841bc62c6d1768?s=96&d=mm&r=g\",\"caption\":\"ramona\"}}]}<\/script>\n<!-- \/ Yoast SEO plugin. -->","yoast_head_json":{"title":"Eink\u00e4ufer*in f\u00fcr den Weltladen Freising (m\/w\/d) gesucht - Weltladen Freising","robots":{"index":"index","follow":"follow","max-snippet":"max-snippet:-1","max-image-preview":"max-image-preview:large","max-video-preview":"max-video-preview:-1"},"canonical":"https:\/\/weltlaeden.de\/freising\/einkaeuferin-fuer-den-weltladen-freising-m-w-d-gesucht\/","og_locale":"de_DE","og_type":"article","og_title":"Eink\u00e4ufer*in f\u00fcr den Weltladen Freising (m\/w\/d) gesucht - Weltladen Freising","og_description":"Der Verein Weltladen Freising e. V. sucht eine*n Eink\u00e4ufer*in f\u00fcr den Weltladen Freising (m\/w\/d) in Teilzeit (50% oder 25%) ab sofort Verg\u00fctung nach Tarif des Einzelhandels Ihre Aufgaben Einkauf und Vermarktung des Lebensmittel- und Kunsthandwerksortiments Organisation der Lagerbest\u00e4nde (Verf\u00fcgbarkeit, Bestandsanpassung) Steuerung der Ladenorganisation, Gew\u00e4hrleistung des Informationsflusses Zusammenarbeit in einem Team von Ehrenamtlichen Einarbeitung, Betreuung und&hellip;","og_url":"https:\/\/weltlaeden.de\/freising\/einkaeuferin-fuer-den-weltladen-freising-m-w-d-gesucht\/","og_site_name":"Weltladen Freising","article_published_time":"2023-05-13T10:33:12+00:00","article_modified_time":"2023-05-13T10:33:58+00:00","og_image":[{"width":1035,"height":421,"url":"https:\/\/weltlaeden.de\/freising\/wp-content\/uploads\/sites\/48\/2023\/05\/HEad-1-compress.png","type":"image\/png"}],"author":"ramona","twitter_card":"summary_large_image","twitter_misc":{"Verfasst von":"ramona","Gesch\u00e4tzte Lesezeit":"2\u00a0Minuten"},"schema":{"@context":"https:\/\/schema.org","@graph":[{"@type":"Article","@id":"https:\/\/weltlaeden.de\/freising\/einkaeuferin-fuer-den-weltladen-freising-m-w-d-gesucht\/#article","isPartOf":{"@id":"https:\/\/weltlaeden.de\/freising\/einkaeuferin-fuer-den-weltladen-freising-m-w-d-gesucht\/"},"author":{"name":"ramona","@id":"https:\/\/weltlaeden.de\/freising\/#\/schema\/person\/53dd77aaaf1c3017cc2e34227efc4dea"},"headline":"Eink\u00e4ufer*in f\u00fcr den Weltladen Freising (m\/w\/d) gesucht","datePublished":"2023-05-13T10:33:12+00:00","dateModified":"2023-05-13T10:33:58+00:00","mainEntityOfPage":{"@id":"https:\/\/weltlaeden.de\/freising\/einkaeuferin-fuer-den-weltladen-freising-m-w-d-gesucht\/"},"wordCount":263,"image":{"@id":"https:\/\/weltlaeden.de\/freising\/einkaeuferin-fuer-den-weltladen-freising-m-w-d-gesucht\/#primaryimage"},"thumbnailUrl":"https:\/\/weltlaeden.de\/freising\/wp-content\/uploads\/sites\/48\/2023\/05\/HEad-1-compress.png","articleSection":["Neuigkeiten"],"inLanguage":"de"},{"@type":"WebPage","@id":"https:\/\/weltlaeden.de\/freising\/einkaeuferin-fuer-den-weltladen-freising-m-w-d-gesucht\/","url":"https:\/\/weltlaeden.de\/freising\/einkaeuferin-fuer-den-weltladen-freising-m-w-d-gesucht\/","name":"Eink\u00e4ufer*in f\u00fcr den Weltladen Freising (m\/w\/d) gesucht - Weltladen Freising","isPartOf":{"@id":"https:\/\/weltlaeden.de\/freising\/#website"},"primaryImageOfPage":{"@id":"https:\/\/weltlaeden.de\/freising\/einkaeuferin-fuer-den-weltladen-freising-m-w-d-gesucht\/#primaryimage"},"image":{"@id":"https:\/\/weltlaeden.de\/freising\/einkaeuferin-fuer-den-weltladen-freising-m-w-d-gesucht\/#primaryimage"},"thumbnailUrl":"https:\/\/weltlaeden.de\/freising\/wp-content\/uploads\/sites\/48\/2023\/05\/HEad-1-compress.png","datePublished":"2023-05-13T10:33:12+00:00","dateModified":"2023-05-13T10:33:58+00:00","author":{"@id":"https:\/\/weltlaeden.de\/freising\/#\/schema\/person\/53dd77aaaf1c3017cc2e34227efc4dea"},"breadcrumb":{"@id":"https:\/\/weltlaeden.de\/freising\/einkaeuferin-fuer-den-weltladen-freising-m-w-d-gesucht\/#breadcrumb"},"inLanguage":"de","potentialAction":[{"@type":"ReadAction","target":["https:\/\/weltlaeden.de\/freising\/einkaeuferin-fuer-den-weltladen-freising-m-w-d-gesucht\/"]}]},{"@type":"ImageObject","inLanguage":"de","@id":"https:\/\/weltlaeden.de\/freising\/einkaeuferin-fuer-den-weltladen-freising-m-w-d-gesucht\/#primaryimage","url":"https:\/\/weltlaeden.de\/freising\/wp-content\/uploads\/sites\/48\/2023\/05\/HEad-1-compress.png","contentUrl":"https:\/\/weltlaeden.de\/freising\/wp-content\/uploads\/sites\/48\/2023\/05\/HEad-1-compress.png","width":1035,"height":421},{"@type":"BreadcrumbList","@id":"https:\/\/weltlaeden.de\/freising\/einkaeuferin-fuer-den-weltladen-freising-m-w-d-gesucht\/#breadcrumb","itemListElement":[{"@type":"ListItem","position":1,"name":"Startseite","item":"https:\/\/weltlaeden.de\/freising\/"},{"@type":"ListItem","position":2,"name":"Eink\u00e4ufer*in f\u00fcr den Weltladen Freising (m\/w\/d) gesucht"}]},{"@type":"WebSite","@id":"https:\/\/weltlaeden.de\/freising\/#website","url":"https:\/\/weltlaeden.de\/freising\/","name":"Vorlage","description":"Faire Produkte seit 1982","potentialAction":[{"@type":"SearchAction","target":{"@type":"EntryPoint","urlTemplate":"https:\/\/weltlaeden.de\/freising\/?s={search_term_string}"},"query-input":{"@type":"PropertyValueSpecification","valueRequired":true,"valueName":"search_term_string"}}],"inLanguage":"de"},{"@type":"Person","@id":"https:\/\/weltlaeden.de\/freising\/#\/schema\/person\/53dd77aaaf1c3017cc2e34227efc4dea","name":"ramona","image":{"@type":"ImageObject","inLanguage":"de","@id":"https:\/\/weltlaeden.de\/freising\/#\/schema\/person\/image\/","url":"https:\/\/secure.gravatar.com\/avatar\/736ea460d6060fb52b841bc62c6d1768?s=96&d=mm&r=g","contentUrl":"https:\/\/secure.gravatar.com\/avatar\/736ea460d6060fb52b841bc62c6d1768?s=96&d=mm&r=g","caption":"ramona"}}]}},"_links":{"self":[{"href":"https:\/\/weltlaeden.de\/freising\/wp-json\/wp\/v2\/posts\/1513","targetHints":{"allow":["GET"]}}],"collection":[{"href":"https:\/\/weltlaeden.de\/freising\/wp-json\/wp\/v2\/posts"}],"about":[{"href":"https:\/\/weltlaeden.de\/freising\/wp-json\/wp\/v2\/types\/post"}],"author":[{"embeddable":true,"href":"https:\/\/weltlaeden.de\/freising\/wp-json\/wp\/v2\/users\/207"}],"replies":[{"embeddable":true,"href":"https:\/\/weltlaeden.de\/freising\/wp-json\/wp\/v2\/comments?post=1513"}],"version-history":[{"count":1,"href":"https:\/\/weltlaeden.de\/freising\/wp-json\/wp\/v2\/posts\/1513\/revisions"}],"predecessor-version":[{"id":1515,"href":"https:\/\/weltlaeden.de\/freising\/wp-json\/wp\/v2\/posts\/1513\/revisions\/1515"}],"wp:featuredmedia":[{"embeddable":true,"href":"https:\/\/weltlaeden.de\/freising\/wp-json\/wp\/v2\/media\/1520"}],"wp:attachment":[{"href":"https:\/\/weltlaeden.de\/freising\/wp-json\/wp\/v2\/media?parent=1513"}],"wp:term":[{"taxonomy":"category","embeddable":true,"href":"https:\/\/weltlaeden.de\/freising\/wp-json\/wp\/v2\/categories?post=1513"},{"taxonomy":"post_tag","embeddable":true,"href":"https:\/\/weltlaeden.de\/freising\/wp-json\/wp\/v2\/tags?post=1513"}],"curies":[{"name":"wp","href":"https:\/\/api.w.org\/{rel}","templated":true}]}}