{"id":1386,"date":"2022-01-14T17:42:22","date_gmt":"2022-01-14T16:42:22","guid":{"rendered":"https:\/\/weltlaeden.de\/freising\/?p=1386"},"modified":"2022-01-14T17:42:56","modified_gmt":"2022-01-14T16:42:56","slug":"wir-haben-es-satt-essen-ist-politisch","status":"publish","type":"post","link":"https:\/\/weltlaeden.de\/freising\/wir-haben-es-satt-essen-ist-politisch\/","title":{"rendered":"Wir haben es satt \u2013 Essen ist politisch!"},"content":{"rendered":"<p><strong>Weltladen Freising fordert eine faire Agar- und Ern\u00e4hrungspolitik f\u00fcr alle<\/strong><\/p>\n<p><strong><em>Freising.<\/em><\/strong><em> Der Weltladen Freising beteiligt sich mit einem kreativen Protest-Schaufenster an den Forderungen des \u201eWir haben es satt\u201c-B\u00fcndnisses. F\u00fcr eine b\u00e4uerliche Landwirtschaft mit mehr Umwelt-, Tier- und Klimaschutz gehen seit 2011 allj\u00e4hrlich zehntausende Menschen zum Auftakt der \u201eGr\u00fcnen Woche\u201c in Berlin auf die Stra\u00dfe. Wegen der Pandemie haben sich die \u00fcber 60 beteiligten Organisationen entschlossen, die f\u00fcr den 22. Januar geplante Agrarwende-Demonstration zu verschieben. Das B\u00fcndnis hat stattdessen eine Mitmach-Aktion ins Leben gerufen. Der Weltladen Freising ruft dazu auf, sich am \u201eStaffel-Lauch\u201c zu beteiligen.<\/em><\/p>\n<p>\u201eEssen ist politisch!\u201c und \u201eAuf zur FAIREN Agrarwende f\u00fcr alle!\u201c prangt es auf den Bannern im Schaufenster des Weltladen Freisings. Der Verein macht so auf die Forderungen des \u201eWir haben es satt\u201c-B\u00fcndnisses aufmerksam: H\u00f6festerben stoppen, Ackerland in B\u00e4uer*innenhand, Klimakrise aufhalten, Artensterben verhindern, Hunger bek\u00e4mpfen, Handel fair gestalten.<\/p>\n<p>Die Landwirtschaft steckt mitten in der Krise. Die Krise der Artenvielfalt, in der t\u00e4glich Lebensr\u00e4ume zerst\u00f6rt werden und Insekten aussterben. Die Klimakrise, deren Auswirkungen weltweit sp\u00fcrbar sind: \u201eKaffeeb\u00e4uer*innen in Nicaragua sind gezwungen, ihr Land zu verlassen, da die B\u00f6den austrocknen\u201c, so Theresia Endri\u00df vom Weltladen Freising. Und die Krise des H\u00f6festerbens: Immer mehr B\u00e4uer*innen hierzulande m\u00fcssen aufgeben, weil sie ruin\u00f6se Preise f\u00fcr ihre Lebensmittel bekommen. Europ\u00e4ische Dumpingexporte zerst\u00f6ren b\u00e4uerliche Existenzen im globalen S\u00fcden. Auch in Deutschland fehlt vielen das Geld, um gesund und nachhaltig zu essen. \u201eWeltweit hungern immer mehr Menschen, obwohl die weltweite Lebensmittelproduktion ausreichen w\u00fcrde, um uns alle zu ern\u00e4hren\u201c, so Ursula Blum vom Weltladen-Team. Zusammen mit dem \u201eWir haben es satt\u201c-B\u00fcndnis fordert der Weltladen Freising daher von der neuen Bundesregierung einen Neustart der Agrar- und Ern\u00e4hrungspolitik. \u201eWer Lebensmittel unter Ber\u00fccksichtigung von sozialen und \u00f6kologischen Aspekten produziert, muss Unterst\u00fctzung von Seiten der Politik erhalten. Und wer in Zukunft \u00f6kologischer und tiergerechter produzieren will, soll Hilfe bei der Umstellung bekommen. F\u00f6rdergelder, die nur Landbesitz belohnen oder Naturzerst\u00f6rung und Klimakrise vorantreiben, geh\u00f6ren abgeschafft. Umweltfreundlich und artgerecht produzierte Lebensmittel m\u00fcssen f\u00fcr Verbraucher*innen auf den ersten Blick erkennbar sein. Der Preis daf\u00fcr muss erschwinglich, aber existenzsichernd f\u00fcr die Erzeuger*innen sein.\u201c fordert das B\u00fcndnis. \u201eFairer Handel, \u00f6kologischer Landbau sowie regionale Erzeugung gehen hierbei Hand in Hand. Denn die Landwirt*innen sind weltweit mit \u00e4hnlichen Problemen konfrontiert.\u201c so das Team des Weltladen Freisings.<\/p>\n<p>Der Weltladen Freising ruft daher zur Mitmach-Aktion auf: \u201eDamit die neue Bundesregierung den Neustart anpackt, braucht es jetzt unseren Druck!\u201c Bei dem &#8222;Staffel-Lauch f\u00fcr die Agrarwende&#8220; k\u00f6nnen alle, denen die b\u00e4uerliche Zukunftslandwirtschaft am Herzen liegt, ein Video mit ihrer Forderung f\u00fcr den agrarpolitischen Neustart einreichen und den \u201eStaffel-Lauch\u201c so ins politische Berlin tragen. Eine Anleitung findet sich unter <a href=\"http:\/\/www.wir-haben-es-satt.de\/lauch\">www.wir-haben-es-satt.de\/lauch<\/a>, Einsendeschluss ist der 18. Januar.<\/p>\n<p>Foto: Weltladen-Schaufenster in der Ziegelgasse 14<br \/>\nBildrechte: \u00a9 Ursula Blum, Weltladen Freising<\/p>\n","protected":false},"excerpt":{"rendered":"<p>Weltladen Freising fordert eine faire Agar- und Ern\u00e4hrungspolitik f\u00fcr alle Freising. Der Weltladen Freising beteiligt sich mit einem kreativen Protest-Schaufenster an den Forderungen des \u201eWir haben es satt\u201c-B\u00fcndnisses. F\u00fcr eine b\u00e4uerliche Landwirtschaft mit mehr Umwelt-, Tier- und Klimaschutz gehen seit 2011 allj\u00e4hrlich zehntausende Menschen zum Auftakt der \u201eGr\u00fcnen Woche\u201c in Berlin auf die Stra\u00dfe. Wegen&hellip;<\/p>\n","protected":false},"author":207,"featured_media":1387,"comment_status":"closed","ping_status":"closed","sticky":false,"template":"","format":"standard","meta":{"footnotes":""},"categories":[14],"tags":[],"class_list":["post-1386","post","type-post","status-publish","format-standard","has-post-thumbnail","hentry","category-presse","category-14","description-off"],"yoast_head":"<!-- This site is optimized with the Yoast SEO plugin v26.8 - https:\/\/yoast.com\/product\/yoast-seo-wordpress\/ -->\n<title>Wir haben es satt \u2013 Essen ist politisch! - Weltladen Freising<\/title>\n<meta name=\"robots\" content=\"index, follow, max-snippet:-1, max-image-preview:large, max-video-preview:-1\" \/>\n<link rel=\"canonical\" href=\"https:\/\/weltlaeden.de\/freising\/wir-haben-es-satt-essen-ist-politisch\/\" \/>\n<meta property=\"og:locale\" content=\"de_DE\" \/>\n<meta property=\"og:type\" content=\"article\" \/>\n<meta property=\"og:title\" content=\"Wir haben es satt \u2013 Essen ist politisch! - Weltladen Freising\" \/>\n<meta property=\"og:description\" content=\"Weltladen Freising fordert eine faire Agar- und Ern\u00e4hrungspolitik f\u00fcr alle Freising. Der Weltladen Freising beteiligt sich mit einem kreativen Protest-Schaufenster an den Forderungen des \u201eWir haben es satt\u201c-B\u00fcndnisses. F\u00fcr eine b\u00e4uerliche Landwirtschaft mit mehr Umwelt-, Tier- und Klimaschutz gehen seit 2011 allj\u00e4hrlich zehntausende Menschen zum Auftakt der \u201eGr\u00fcnen Woche\u201c in Berlin auf die Stra\u00dfe. Wegen&hellip;\" \/>\n<meta property=\"og:url\" content=\"https:\/\/weltlaeden.de\/freising\/wir-haben-es-satt-essen-ist-politisch\/\" \/>\n<meta property=\"og:site_name\" content=\"Weltladen Freising\" \/>\n<meta property=\"article:published_time\" content=\"2022-01-14T16:42:22+00:00\" \/>\n<meta property=\"article:modified_time\" content=\"2022-01-14T16:42:56+00:00\" \/>\n<meta property=\"og:image\" content=\"https:\/\/weltlaeden.de\/freising\/wp-content\/uploads\/sites\/48\/2022\/01\/Politisch.jpg\" \/>\n\t<meta property=\"og:image:width\" content=\"1920\" \/>\n\t<meta property=\"og:image:height\" content=\"1452\" \/>\n\t<meta property=\"og:image:type\" content=\"image\/jpeg\" \/>\n<meta name=\"author\" content=\"ramona\" \/>\n<meta name=\"twitter:card\" content=\"summary_large_image\" \/>\n<meta name=\"twitter:label1\" content=\"Verfasst von\" \/>\n\t<meta name=\"twitter:data1\" content=\"ramona\" \/>\n\t<meta name=\"twitter:label2\" content=\"Gesch\u00e4tzte Lesezeit\" \/>\n\t<meta name=\"twitter:data2\" content=\"2\u00a0Minuten\" \/>\n<script type=\"application\/ld+json\" class=\"yoast-schema-graph\">{\"@context\":\"https:\/\/schema.org\",\"@graph\":[{\"@type\":\"Article\",\"@id\":\"https:\/\/weltlaeden.de\/freising\/wir-haben-es-satt-essen-ist-politisch\/#article\",\"isPartOf\":{\"@id\":\"https:\/\/weltlaeden.de\/freising\/wir-haben-es-satt-essen-ist-politisch\/\"},\"author\":{\"name\":\"ramona\",\"@id\":\"https:\/\/weltlaeden.de\/freising\/#\/schema\/person\/53dd77aaaf1c3017cc2e34227efc4dea\"},\"headline\":\"Wir haben es satt \u2013 Essen ist politisch!\",\"datePublished\":\"2022-01-14T16:42:22+00:00\",\"dateModified\":\"2022-01-14T16:42:56+00:00\",\"mainEntityOfPage\":{\"@id\":\"https:\/\/weltlaeden.de\/freising\/wir-haben-es-satt-essen-ist-politisch\/\"},\"wordCount\":506,\"image\":{\"@id\":\"https:\/\/weltlaeden.de\/freising\/wir-haben-es-satt-essen-ist-politisch\/#primaryimage\"},\"thumbnailUrl\":\"https:\/\/weltlaeden.de\/freising\/wp-content\/uploads\/sites\/48\/2022\/01\/Politisch.jpg\",\"articleSection\":[\"Presse\"],\"inLanguage\":\"de\"},{\"@type\":\"WebPage\",\"@id\":\"https:\/\/weltlaeden.de\/freising\/wir-haben-es-satt-essen-ist-politisch\/\",\"url\":\"https:\/\/weltlaeden.de\/freising\/wir-haben-es-satt-essen-ist-politisch\/\",\"name\":\"Wir haben es satt \u2013 Essen ist politisch! - Weltladen Freising\",\"isPartOf\":{\"@id\":\"https:\/\/weltlaeden.de\/freising\/#website\"},\"primaryImageOfPage\":{\"@id\":\"https:\/\/weltlaeden.de\/freising\/wir-haben-es-satt-essen-ist-politisch\/#primaryimage\"},\"image\":{\"@id\":\"https:\/\/weltlaeden.de\/freising\/wir-haben-es-satt-essen-ist-politisch\/#primaryimage\"},\"thumbnailUrl\":\"https:\/\/weltlaeden.de\/freising\/wp-content\/uploads\/sites\/48\/2022\/01\/Politisch.jpg\",\"datePublished\":\"2022-01-14T16:42:22+00:00\",\"dateModified\":\"2022-01-14T16:42:56+00:00\",\"author\":{\"@id\":\"https:\/\/weltlaeden.de\/freising\/#\/schema\/person\/53dd77aaaf1c3017cc2e34227efc4dea\"},\"breadcrumb\":{\"@id\":\"https:\/\/weltlaeden.de\/freising\/wir-haben-es-satt-essen-ist-politisch\/#breadcrumb\"},\"inLanguage\":\"de\",\"potentialAction\":[{\"@type\":\"ReadAction\",\"target\":[\"https:\/\/weltlaeden.de\/freising\/wir-haben-es-satt-essen-ist-politisch\/\"]}]},{\"@type\":\"ImageObject\",\"inLanguage\":\"de\",\"@id\":\"https:\/\/weltlaeden.de\/freising\/wir-haben-es-satt-essen-ist-politisch\/#primaryimage\",\"url\":\"https:\/\/weltlaeden.de\/freising\/wp-content\/uploads\/sites\/48\/2022\/01\/Politisch.jpg\",\"contentUrl\":\"https:\/\/weltlaeden.de\/freising\/wp-content\/uploads\/sites\/48\/2022\/01\/Politisch.jpg\",\"width\":1920,\"height\":1452},{\"@type\":\"BreadcrumbList\",\"@id\":\"https:\/\/weltlaeden.de\/freising\/wir-haben-es-satt-essen-ist-politisch\/#breadcrumb\",\"itemListElement\":[{\"@type\":\"ListItem\",\"position\":1,\"name\":\"Startseite\",\"item\":\"https:\/\/weltlaeden.de\/freising\/\"},{\"@type\":\"ListItem\",\"position\":2,\"name\":\"Wir haben es satt \u2013 Essen ist politisch!\"}]},{\"@type\":\"WebSite\",\"@id\":\"https:\/\/weltlaeden.de\/freising\/#website\",\"url\":\"https:\/\/weltlaeden.de\/freising\/\",\"name\":\"Vorlage\",\"description\":\"Faire Produkte seit 1982\",\"potentialAction\":[{\"@type\":\"SearchAction\",\"target\":{\"@type\":\"EntryPoint\",\"urlTemplate\":\"https:\/\/weltlaeden.de\/freising\/?s={search_term_string}\"},\"query-input\":{\"@type\":\"PropertyValueSpecification\",\"valueRequired\":true,\"valueName\":\"search_term_string\"}}],\"inLanguage\":\"de\"},{\"@type\":\"Person\",\"@id\":\"https:\/\/weltlaeden.de\/freising\/#\/schema\/person\/53dd77aaaf1c3017cc2e34227efc4dea\",\"name\":\"ramona\",\"image\":{\"@type\":\"ImageObject\",\"inLanguage\":\"de\",\"@id\":\"https:\/\/weltlaeden.de\/freising\/#\/schema\/person\/image\/\",\"url\":\"https:\/\/secure.gravatar.com\/avatar\/736ea460d6060fb52b841bc62c6d1768?s=96&d=mm&r=g\",\"contentUrl\":\"https:\/\/secure.gravatar.com\/avatar\/736ea460d6060fb52b841bc62c6d1768?s=96&d=mm&r=g\",\"caption\":\"ramona\"}}]}<\/script>\n<!-- \/ Yoast SEO plugin. -->","yoast_head_json":{"title":"Wir haben es satt \u2013 Essen ist politisch! - Weltladen Freising","robots":{"index":"index","follow":"follow","max-snippet":"max-snippet:-1","max-image-preview":"max-image-preview:large","max-video-preview":"max-video-preview:-1"},"canonical":"https:\/\/weltlaeden.de\/freising\/wir-haben-es-satt-essen-ist-politisch\/","og_locale":"de_DE","og_type":"article","og_title":"Wir haben es satt \u2013 Essen ist politisch! - Weltladen Freising","og_description":"Weltladen Freising fordert eine faire Agar- und Ern\u00e4hrungspolitik f\u00fcr alle Freising. Der Weltladen Freising beteiligt sich mit einem kreativen Protest-Schaufenster an den Forderungen des \u201eWir haben es satt\u201c-B\u00fcndnisses. F\u00fcr eine b\u00e4uerliche Landwirtschaft mit mehr Umwelt-, Tier- und Klimaschutz gehen seit 2011 allj\u00e4hrlich zehntausende Menschen zum Auftakt der \u201eGr\u00fcnen Woche\u201c in Berlin auf die Stra\u00dfe. Wegen&hellip;","og_url":"https:\/\/weltlaeden.de\/freising\/wir-haben-es-satt-essen-ist-politisch\/","og_site_name":"Weltladen Freising","article_published_time":"2022-01-14T16:42:22+00:00","article_modified_time":"2022-01-14T16:42:56+00:00","og_image":[{"width":1920,"height":1452,"url":"https:\/\/weltlaeden.de\/freising\/wp-content\/uploads\/sites\/48\/2022\/01\/Politisch.jpg","type":"image\/jpeg"}],"author":"ramona","twitter_card":"summary_large_image","twitter_misc":{"Verfasst von":"ramona","Gesch\u00e4tzte Lesezeit":"2\u00a0Minuten"},"schema":{"@context":"https:\/\/schema.org","@graph":[{"@type":"Article","@id":"https:\/\/weltlaeden.de\/freising\/wir-haben-es-satt-essen-ist-politisch\/#article","isPartOf":{"@id":"https:\/\/weltlaeden.de\/freising\/wir-haben-es-satt-essen-ist-politisch\/"},"author":{"name":"ramona","@id":"https:\/\/weltlaeden.de\/freising\/#\/schema\/person\/53dd77aaaf1c3017cc2e34227efc4dea"},"headline":"Wir haben es satt \u2013 Essen ist politisch!","datePublished":"2022-01-14T16:42:22+00:00","dateModified":"2022-01-14T16:42:56+00:00","mainEntityOfPage":{"@id":"https:\/\/weltlaeden.de\/freising\/wir-haben-es-satt-essen-ist-politisch\/"},"wordCount":506,"image":{"@id":"https:\/\/weltlaeden.de\/freising\/wir-haben-es-satt-essen-ist-politisch\/#primaryimage"},"thumbnailUrl":"https:\/\/weltlaeden.de\/freising\/wp-content\/uploads\/sites\/48\/2022\/01\/Politisch.jpg","articleSection":["Presse"],"inLanguage":"de"},{"@type":"WebPage","@id":"https:\/\/weltlaeden.de\/freising\/wir-haben-es-satt-essen-ist-politisch\/","url":"https:\/\/weltlaeden.de\/freising\/wir-haben-es-satt-essen-ist-politisch\/","name":"Wir haben es satt \u2013 Essen ist politisch! - Weltladen Freising","isPartOf":{"@id":"https:\/\/weltlaeden.de\/freising\/#website"},"primaryImageOfPage":{"@id":"https:\/\/weltlaeden.de\/freising\/wir-haben-es-satt-essen-ist-politisch\/#primaryimage"},"image":{"@id":"https:\/\/weltlaeden.de\/freising\/wir-haben-es-satt-essen-ist-politisch\/#primaryimage"},"thumbnailUrl":"https:\/\/weltlaeden.de\/freising\/wp-content\/uploads\/sites\/48\/2022\/01\/Politisch.jpg","datePublished":"2022-01-14T16:42:22+00:00","dateModified":"2022-01-14T16:42:56+00:00","author":{"@id":"https:\/\/weltlaeden.de\/freising\/#\/schema\/person\/53dd77aaaf1c3017cc2e34227efc4dea"},"breadcrumb":{"@id":"https:\/\/weltlaeden.de\/freising\/wir-haben-es-satt-essen-ist-politisch\/#breadcrumb"},"inLanguage":"de","potentialAction":[{"@type":"ReadAction","target":["https:\/\/weltlaeden.de\/freising\/wir-haben-es-satt-essen-ist-politisch\/"]}]},{"@type":"ImageObject","inLanguage":"de","@id":"https:\/\/weltlaeden.de\/freising\/wir-haben-es-satt-essen-ist-politisch\/#primaryimage","url":"https:\/\/weltlaeden.de\/freising\/wp-content\/uploads\/sites\/48\/2022\/01\/Politisch.jpg","contentUrl":"https:\/\/weltlaeden.de\/freising\/wp-content\/uploads\/sites\/48\/2022\/01\/Politisch.jpg","width":1920,"height":1452},{"@type":"BreadcrumbList","@id":"https:\/\/weltlaeden.de\/freising\/wir-haben-es-satt-essen-ist-politisch\/#breadcrumb","itemListElement":[{"@type":"ListItem","position":1,"name":"Startseite","item":"https:\/\/weltlaeden.de\/freising\/"},{"@type":"ListItem","position":2,"name":"Wir haben es satt \u2013 Essen ist politisch!"}]},{"@type":"WebSite","@id":"https:\/\/weltlaeden.de\/freising\/#website","url":"https:\/\/weltlaeden.de\/freising\/","name":"Vorlage","description":"Faire Produkte seit 1982","potentialAction":[{"@type":"SearchAction","target":{"@type":"EntryPoint","urlTemplate":"https:\/\/weltlaeden.de\/freising\/?s={search_term_string}"},"query-input":{"@type":"PropertyValueSpecification","valueRequired":true,"valueName":"search_term_string"}}],"inLanguage":"de"},{"@type":"Person","@id":"https:\/\/weltlaeden.de\/freising\/#\/schema\/person\/53dd77aaaf1c3017cc2e34227efc4dea","name":"ramona","image":{"@type":"ImageObject","inLanguage":"de","@id":"https:\/\/weltlaeden.de\/freising\/#\/schema\/person\/image\/","url":"https:\/\/secure.gravatar.com\/avatar\/736ea460d6060fb52b841bc62c6d1768?s=96&d=mm&r=g","contentUrl":"https:\/\/secure.gravatar.com\/avatar\/736ea460d6060fb52b841bc62c6d1768?s=96&d=mm&r=g","caption":"ramona"}}]}},"_links":{"self":[{"href":"https:\/\/weltlaeden.de\/freising\/wp-json\/wp\/v2\/posts\/1386","targetHints":{"allow":["GET"]}}],"collection":[{"href":"https:\/\/weltlaeden.de\/freising\/wp-json\/wp\/v2\/posts"}],"about":[{"href":"https:\/\/weltlaeden.de\/freising\/wp-json\/wp\/v2\/types\/post"}],"author":[{"embeddable":true,"href":"https:\/\/weltlaeden.de\/freising\/wp-json\/wp\/v2\/users\/207"}],"replies":[{"embeddable":true,"href":"https:\/\/weltlaeden.de\/freising\/wp-json\/wp\/v2\/comments?post=1386"}],"version-history":[{"count":1,"href":"https:\/\/weltlaeden.de\/freising\/wp-json\/wp\/v2\/posts\/1386\/revisions"}],"predecessor-version":[{"id":1388,"href":"https:\/\/weltlaeden.de\/freising\/wp-json\/wp\/v2\/posts\/1386\/revisions\/1388"}],"wp:featuredmedia":[{"embeddable":true,"href":"https:\/\/weltlaeden.de\/freising\/wp-json\/wp\/v2\/media\/1387"}],"wp:attachment":[{"href":"https:\/\/weltlaeden.de\/freising\/wp-json\/wp\/v2\/media?parent=1386"}],"wp:term":[{"taxonomy":"category","embeddable":true,"href":"https:\/\/weltlaeden.de\/freising\/wp-json\/wp\/v2\/categories?post=1386"},{"taxonomy":"post_tag","embeddable":true,"href":"https:\/\/weltlaeden.de\/freising\/wp-json\/wp\/v2\/tags?post=1386"}],"curies":[{"name":"wp","href":"https:\/\/api.w.org\/{rel}","templated":true}]}}