{"id":1298,"date":"2021-04-25T21:44:10","date_gmt":"2021-04-25T19:44:10","guid":{"rendered":"https:\/\/weltlaeden.de\/freising\/?p=1298"},"modified":"2021-04-25T21:44:28","modified_gmt":"2021-04-25T19:44:28","slug":"fuer-ein-starkes-lieferkettengesetz-ohne-kompromisse","status":"publish","type":"post","link":"https:\/\/weltlaeden.de\/freising\/fuer-ein-starkes-lieferkettengesetz-ohne-kompromisse\/","title":{"rendered":"F\u00fcr ein starkes Lieferkettengesetz ohne Kompromisse"},"content":{"rendered":"<p>\u201eF\u00fcr ein starkes Lieferkettengesetz ohne Kompromisse\u201c so steht es auf einem Plakat im Schaufenster des Weltladens Freising.<\/p>\n<p>E<img loading=\"lazy\" decoding=\"async\" class=\" wp-image-1299 alignright\" src=\"https:\/\/weltlaeden.de\/freising\/wp-content\/uploads\/sites\/48\/2021\/04\/20210413_192801-e1619377208267-300x225.jpg\" alt=\"\" width=\"290\" height=\"218\" srcset=\"https:\/\/weltlaeden.de\/freising\/wp-content\/uploads\/sites\/48\/2021\/04\/20210413_192801-e1619377208267-300x225.jpg 300w, https:\/\/weltlaeden.de\/freising\/wp-content\/uploads\/sites\/48\/2021\/04\/20210413_192801-e1619377208267-768x576.jpg 768w, https:\/\/weltlaeden.de\/freising\/wp-content\/uploads\/sites\/48\/2021\/04\/20210413_192801-e1619377208267-1024x768.jpg 1024w, https:\/\/weltlaeden.de\/freising\/wp-content\/uploads\/sites\/48\/2021\/04\/20210413_192801-e1619377208267.jpg 1920w\" sizes=\"auto, (max-width: 290px) 100vw, 290px\" \/>rschreckende Berichte \u00fcber brennende Fabriken, ausbeuterische Kinderarbeit oder zerst\u00f6rte Regenw\u00e4lder zeigen immer wieder: freiwillig kommen nur wenige Unternehmen ihrer Verantwortung ausreichend nach. Daher fordern der Weltladen Freising und das Faire Forum ein starkes Lieferkettengesetz. Unternehmen, die Sch\u00e4den an Menschen und Umwelt in ihren Lieferketten verursachen oder fahrl\u00e4ssig in Kauf nehmen, m\u00fcssen daf\u00fcr haften. Skrupellose Gesch\u00e4ftspraktiken d\u00fcrfen sich nicht l\u00e4nger lohnen. Anl\u00e4sslich der Fashion Revolution Week (19.-25. April 2021), die an den Brand in einer pakistanischen Textilfabrik in 2012 erinnern soll, greift der Weltladen diese Forderung in seiner Schaufenster Dekoration auf, denn die Corona-Pandemie erschwert die Situation der Arbeiter*innen in der Textilindustrie zus\u00e4tzlich. Wegen geschlossener Gesch\u00e4fte haben im Fr\u00fchjahr 2020 viele Bekleidungsh\u00e4ndler*innen ihre Auftr\u00e4ge storniert oder Preisnachl\u00e4sse von den Produzent*innen verlangt. F\u00fcr die N\u00e4her*innen in der Textilindustrie hatte dies Entlassungen und niedrige L\u00f6hne und damit existenzielle Bedrohungen zur Folge.<\/p>\n<p>Jede*r von uns kann durch sein Konsumverhalten hier Zeichen setzen. Nachhaltige strukturelle Verbesserungen k\u00f6nnte ein Lieferkettengesetz bringen. Am 03. M\u00e4rz hat die Bundesregierung einen Entwurf f\u00fcr ein Lieferkettengesetz beschlossenen, welches jetzt im Bundestag beraten werden soll. Aus Sicht vom Weltladen Freising und vom Fairen Forum reicht dieser Gesetzesentwurf allerdings nicht aus, Menschen- und Umweltrechte in globalen Lieferketten wirksam zu sch\u00fctzen, denn:<\/p>\n<ul>\n<li>Im Kompromisspapier ist keine zivilrechtliche Haftung vorgesehen.<\/li>\n<li>Die Sorgfaltspflichten gelten im Entwurf nur bei direkten Lieferanten in vollem Umfang.<\/li>\n<li>Eine eigenst\u00e4ndige umweltbezogene Sorgfaltspflicht ist bisher aus unverst\u00e4ndlichen Gr\u00fcnden nicht vorgesehen.<\/li>\n<li>Das Lieferkettengesetz gilt zun\u00e4chst nur f\u00fcr gro\u00dfe Unternehmen mit mehr als 3.000 bzw. ab 2024 1.000 Besch\u00e4ftigten.<\/li>\n<\/ul>\n<p>Weltladen und Faires Forum fordern mit weiteren Aktueur*innen Nachbesserungen an dem Gesetzesentwurf (siehe unten). Wer sich dieser Forderung anschlie\u00dfen will, findet unter lieferkettenbrief.de eine M\u00f6glichkeit, dies gegen\u00fcber dem zust\u00e4ndigen Bundestagsabgeordneten kund zu tun.<\/p>\n<p>Hintergrund zu Nachbesserungen im Lieferkettengesetz:<br \/>\n<strong>Die ganz Lieferkette:<\/strong> Viele Menschenrechtsverst\u00f6\u00dfe ereignen sich am Beginn der Lieferketten, z.B. Kinderarbeit auf Plantagen oder die Vertreibung von Menschen f\u00fcr Bergbauprojekte. Deshalb fordern wir vollumf\u00e4ngliche Sorgfaltspflichten nicht nur f\u00fcr den eigenen Gesch\u00e4ftsbereich und unmittelbare, sondern auch mittelbare Zulieferer \u2013 wie es die UN-Leitprinzipien f\u00fcr Wirtschaft und Menschenrechte vorsehen. Konkret hei\u00dft dies, dass Unternehmen dazu verpflichtet werden, proaktiv entlang ihrer gesamten Lieferkette Menschenrechts-Risiken zu analysieren und dann Ma\u00dfnahmen zu ergreifen, die sich an Ausma\u00df und Umfang der Menschenrechtsverst\u00f6\u00dfe und ihren eigenen Einflussm\u00f6glichkeiten bemessen. Das Lieferkettengesetz muss sich klar an diesem internationalen Standard orientieren. Ein R\u00fcckschritt dahinter, wie er durch die abgestuften Pflichten im Referentenentwurf vorgesehen ist, ist inakzeptabel und birgt einen Anreiz zum Wegschauen bei dr\u00e4ngenden Herausforderungen in der tieferen Lieferkette.<\/p>\n<p><strong>Zivilrechtliche Haftung:<\/strong> Wer im Ausland von Sch\u00e4den durch Sorgfaltspflichtverletzungen betroffen ist, muss vor deutschen Gerichten auf Wiedergutmachung klagen k\u00f6nnen. Deswegen ist eine explizite zivilrechtliche Haftungsregel mit Anwendungsvorrang n\u00f6tig. Sie gew\u00e4hrleistet bei Schadensf\u00e4llen einen angemessenen Zugang zum Recht. Die M\u00f6glichkeit zur Vertretung der Betroffenen im Verfahren durch Organisationen und Gewerkschaften ist ein Fortschritt, aber sie l\u00f6st viele Probleme nicht. Ein Haftungsrisiko stellt au\u00dferdem den wirksamsten Anreiz f\u00fcr Unternehmen dar, menschenrechtliche und Umweltrisiken in ihren Lieferketten durch angemessene Sorgfaltsma\u00dfnahmen zu minimieren.<\/p>\n<p><strong>Umweltbezogene Sorgfalspflichten:<\/strong> Die Umwelt muss als unabh\u00e4ngiges Schutzgut in das Gesetz aufgenommen werden. Der Gesetzesentwurf grenzt umweltbezogenen Sorgfaltspflichten ein auf zwei internationale Abkommen und einige Umweltg\u00fcter in Verbindung mit Menschenrechten. So entstehen Schutzl\u00fccken \u2013 auch f\u00fcr Menschenrechte. Die eigenst\u00e4ndige umweltbezogene Sorgfaltspflicht muss alle f\u00fcr Deutschland verbindlichen internationalen und europ\u00e4ischen Standards umfassen. Das Lieferkettengesetz darf die Schutzg\u00fcter Klima und Biodiversit\u00e4t nicht ausklammern. Es muss die Umweltg\u00fcter ganzheitlich und langfristig sichern.<\/p>\n<p><strong>Ausweitung des Geltungsbereichs<\/strong> auf alle Unternehmen mit \u00fcber 250 Mitarbeitenden sowie auf kleine und mittlere Unternehmen (KMU) in Sektoren mit besonderen menschenrechtlichen Risiken: Gro\u00dfe Unternehmen mit \u00fcber 250 Mitarbeitenden haben in der Regel die Mittel, ihre Sorgfaltspflicht in den Lieferketten zu erf\u00fcllen. Sie d\u00fcrfen nicht aus ihrer Pflicht entlassen werden. Auch kleine und mittlere Unternehmen (KMU) in risikoreichen Sektoren haben Einfluss auf die Menschenrechte in Lieferketten. Auch sie sollten Sorgfaltspflichten im Rahmen ihrer M\u00f6glichkeiten erf\u00fcllen. Die aktuelle Beschr\u00e4nkung erschwert, dass kleinere und gro\u00dfe Player in risikoreichen Branchen gemeinsam bestehende Herausforderungen angehen. Eine Beschr\u00e4nkung auf Unternehmen mit Sitz in Deutschland benachteiligt diese ungerechtfertigt. Das Gesetz sollte deshalb f\u00fcr alle in Deutschland gesch\u00e4ftst\u00e4tigen Unternehmen gelten.<\/p>\n","protected":false},"excerpt":{"rendered":"<p>\u201eF\u00fcr ein starkes Lieferkettengesetz ohne Kompromisse\u201c so steht es auf einem Plakat im Schaufenster des Weltladens Freising. Erschreckende Berichte \u00fcber brennende Fabriken, ausbeuterische Kinderarbeit oder zerst\u00f6rte Regenw\u00e4lder zeigen immer wieder: freiwillig kommen nur wenige Unternehmen ihrer Verantwortung ausreichend nach. Daher fordern der Weltladen Freising und das Faire Forum ein starkes Lieferkettengesetz. Unternehmen, die Sch\u00e4den an&hellip;<\/p>\n","protected":false},"author":207,"featured_media":1296,"comment_status":"closed","ping_status":"closed","sticky":false,"template":"","format":"standard","meta":{"footnotes":""},"categories":[14],"tags":[],"class_list":["post-1298","post","type-post","status-publish","format-standard","has-post-thumbnail","hentry","category-presse","category-14","description-off"],"yoast_head":"<!-- This site is optimized with the Yoast SEO plugin v26.8 - https:\/\/yoast.com\/product\/yoast-seo-wordpress\/ -->\n<title>F\u00fcr ein starkes Lieferkettengesetz ohne Kompromisse - Weltladen Freising<\/title>\n<meta name=\"robots\" content=\"index, follow, max-snippet:-1, max-image-preview:large, max-video-preview:-1\" \/>\n<link rel=\"canonical\" href=\"https:\/\/weltlaeden.de\/freising\/fuer-ein-starkes-lieferkettengesetz-ohne-kompromisse\/\" \/>\n<meta property=\"og:locale\" content=\"de_DE\" \/>\n<meta property=\"og:type\" content=\"article\" \/>\n<meta property=\"og:title\" content=\"F\u00fcr ein starkes Lieferkettengesetz ohne Kompromisse - Weltladen Freising\" \/>\n<meta property=\"og:description\" content=\"\u201eF\u00fcr ein starkes Lieferkettengesetz ohne Kompromisse\u201c so steht es auf einem Plakat im Schaufenster des Weltladens Freising. Erschreckende Berichte \u00fcber brennende Fabriken, ausbeuterische Kinderarbeit oder zerst\u00f6rte Regenw\u00e4lder zeigen immer wieder: freiwillig kommen nur wenige Unternehmen ihrer Verantwortung ausreichend nach. Daher fordern der Weltladen Freising und das Faire Forum ein starkes Lieferkettengesetz. Unternehmen, die Sch\u00e4den an&hellip;\" \/>\n<meta property=\"og:url\" content=\"https:\/\/weltlaeden.de\/freising\/fuer-ein-starkes-lieferkettengesetz-ohne-kompromisse\/\" \/>\n<meta property=\"og:site_name\" content=\"Weltladen Freising\" \/>\n<meta property=\"article:published_time\" content=\"2021-04-25T19:44:10+00:00\" \/>\n<meta property=\"article:modified_time\" content=\"2021-04-25T19:44:28+00:00\" \/>\n<meta property=\"og:image\" content=\"https:\/\/weltlaeden.de\/freising\/wp-content\/uploads\/sites\/48\/2021\/04\/20210413_192712-e1619379754981.jpg\" \/>\n\t<meta property=\"og:image:width\" content=\"1920\" \/>\n\t<meta property=\"og:image:height\" content=\"1440\" \/>\n\t<meta property=\"og:image:type\" content=\"image\/jpeg\" \/>\n<meta name=\"author\" content=\"ramona\" \/>\n<meta name=\"twitter:card\" content=\"summary_large_image\" \/>\n<meta name=\"twitter:label1\" content=\"Verfasst von\" \/>\n\t<meta name=\"twitter:data1\" content=\"ramona\" \/>\n\t<meta name=\"twitter:label2\" content=\"Gesch\u00e4tzte Lesezeit\" \/>\n\t<meta name=\"twitter:data2\" content=\"4\u00a0Minuten\" \/>\n<script type=\"application\/ld+json\" class=\"yoast-schema-graph\">{\"@context\":\"https:\/\/schema.org\",\"@graph\":[{\"@type\":\"Article\",\"@id\":\"https:\/\/weltlaeden.de\/freising\/fuer-ein-starkes-lieferkettengesetz-ohne-kompromisse\/#article\",\"isPartOf\":{\"@id\":\"https:\/\/weltlaeden.de\/freising\/fuer-ein-starkes-lieferkettengesetz-ohne-kompromisse\/\"},\"author\":{\"name\":\"ramona\",\"@id\":\"https:\/\/weltlaeden.de\/freising\/#\/schema\/person\/53dd77aaaf1c3017cc2e34227efc4dea\"},\"headline\":\"F\u00fcr ein starkes Lieferkettengesetz ohne Kompromisse\",\"datePublished\":\"2021-04-25T19:44:10+00:00\",\"dateModified\":\"2021-04-25T19:44:28+00:00\",\"mainEntityOfPage\":{\"@id\":\"https:\/\/weltlaeden.de\/freising\/fuer-ein-starkes-lieferkettengesetz-ohne-kompromisse\/\"},\"wordCount\":765,\"image\":{\"@id\":\"https:\/\/weltlaeden.de\/freising\/fuer-ein-starkes-lieferkettengesetz-ohne-kompromisse\/#primaryimage\"},\"thumbnailUrl\":\"https:\/\/weltlaeden.de\/freising\/wp-content\/uploads\/sites\/48\/2021\/04\/20210413_192712-e1619379754981.jpg\",\"articleSection\":[\"Presse\"],\"inLanguage\":\"de\"},{\"@type\":\"WebPage\",\"@id\":\"https:\/\/weltlaeden.de\/freising\/fuer-ein-starkes-lieferkettengesetz-ohne-kompromisse\/\",\"url\":\"https:\/\/weltlaeden.de\/freising\/fuer-ein-starkes-lieferkettengesetz-ohne-kompromisse\/\",\"name\":\"F\u00fcr ein starkes Lieferkettengesetz ohne Kompromisse - Weltladen Freising\",\"isPartOf\":{\"@id\":\"https:\/\/weltlaeden.de\/freising\/#website\"},\"primaryImageOfPage\":{\"@id\":\"https:\/\/weltlaeden.de\/freising\/fuer-ein-starkes-lieferkettengesetz-ohne-kompromisse\/#primaryimage\"},\"image\":{\"@id\":\"https:\/\/weltlaeden.de\/freising\/fuer-ein-starkes-lieferkettengesetz-ohne-kompromisse\/#primaryimage\"},\"thumbnailUrl\":\"https:\/\/weltlaeden.de\/freising\/wp-content\/uploads\/sites\/48\/2021\/04\/20210413_192712-e1619379754981.jpg\",\"datePublished\":\"2021-04-25T19:44:10+00:00\",\"dateModified\":\"2021-04-25T19:44:28+00:00\",\"author\":{\"@id\":\"https:\/\/weltlaeden.de\/freising\/#\/schema\/person\/53dd77aaaf1c3017cc2e34227efc4dea\"},\"breadcrumb\":{\"@id\":\"https:\/\/weltlaeden.de\/freising\/fuer-ein-starkes-lieferkettengesetz-ohne-kompromisse\/#breadcrumb\"},\"inLanguage\":\"de\",\"potentialAction\":[{\"@type\":\"ReadAction\",\"target\":[\"https:\/\/weltlaeden.de\/freising\/fuer-ein-starkes-lieferkettengesetz-ohne-kompromisse\/\"]}]},{\"@type\":\"ImageObject\",\"inLanguage\":\"de\",\"@id\":\"https:\/\/weltlaeden.de\/freising\/fuer-ein-starkes-lieferkettengesetz-ohne-kompromisse\/#primaryimage\",\"url\":\"https:\/\/weltlaeden.de\/freising\/wp-content\/uploads\/sites\/48\/2021\/04\/20210413_192712-e1619379754981.jpg\",\"contentUrl\":\"https:\/\/weltlaeden.de\/freising\/wp-content\/uploads\/sites\/48\/2021\/04\/20210413_192712-e1619379754981.jpg\",\"width\":1920,\"height\":1440},{\"@type\":\"BreadcrumbList\",\"@id\":\"https:\/\/weltlaeden.de\/freising\/fuer-ein-starkes-lieferkettengesetz-ohne-kompromisse\/#breadcrumb\",\"itemListElement\":[{\"@type\":\"ListItem\",\"position\":1,\"name\":\"Startseite\",\"item\":\"https:\/\/weltlaeden.de\/freising\/\"},{\"@type\":\"ListItem\",\"position\":2,\"name\":\"F\u00fcr ein starkes Lieferkettengesetz ohne Kompromisse\"}]},{\"@type\":\"WebSite\",\"@id\":\"https:\/\/weltlaeden.de\/freising\/#website\",\"url\":\"https:\/\/weltlaeden.de\/freising\/\",\"name\":\"Vorlage\",\"description\":\"Faire Produkte seit 1982\",\"potentialAction\":[{\"@type\":\"SearchAction\",\"target\":{\"@type\":\"EntryPoint\",\"urlTemplate\":\"https:\/\/weltlaeden.de\/freising\/?s={search_term_string}\"},\"query-input\":{\"@type\":\"PropertyValueSpecification\",\"valueRequired\":true,\"valueName\":\"search_term_string\"}}],\"inLanguage\":\"de\"},{\"@type\":\"Person\",\"@id\":\"https:\/\/weltlaeden.de\/freising\/#\/schema\/person\/53dd77aaaf1c3017cc2e34227efc4dea\",\"name\":\"ramona\",\"image\":{\"@type\":\"ImageObject\",\"inLanguage\":\"de\",\"@id\":\"https:\/\/weltlaeden.de\/freising\/#\/schema\/person\/image\/\",\"url\":\"https:\/\/secure.gravatar.com\/avatar\/736ea460d6060fb52b841bc62c6d1768?s=96&d=mm&r=g\",\"contentUrl\":\"https:\/\/secure.gravatar.com\/avatar\/736ea460d6060fb52b841bc62c6d1768?s=96&d=mm&r=g\",\"caption\":\"ramona\"}}]}<\/script>\n<!-- \/ Yoast SEO plugin. -->","yoast_head_json":{"title":"F\u00fcr ein starkes Lieferkettengesetz ohne Kompromisse - Weltladen Freising","robots":{"index":"index","follow":"follow","max-snippet":"max-snippet:-1","max-image-preview":"max-image-preview:large","max-video-preview":"max-video-preview:-1"},"canonical":"https:\/\/weltlaeden.de\/freising\/fuer-ein-starkes-lieferkettengesetz-ohne-kompromisse\/","og_locale":"de_DE","og_type":"article","og_title":"F\u00fcr ein starkes Lieferkettengesetz ohne Kompromisse - Weltladen Freising","og_description":"\u201eF\u00fcr ein starkes Lieferkettengesetz ohne Kompromisse\u201c so steht es auf einem Plakat im Schaufenster des Weltladens Freising. Erschreckende Berichte \u00fcber brennende Fabriken, ausbeuterische Kinderarbeit oder zerst\u00f6rte Regenw\u00e4lder zeigen immer wieder: freiwillig kommen nur wenige Unternehmen ihrer Verantwortung ausreichend nach. Daher fordern der Weltladen Freising und das Faire Forum ein starkes Lieferkettengesetz. Unternehmen, die Sch\u00e4den an&hellip;","og_url":"https:\/\/weltlaeden.de\/freising\/fuer-ein-starkes-lieferkettengesetz-ohne-kompromisse\/","og_site_name":"Weltladen Freising","article_published_time":"2021-04-25T19:44:10+00:00","article_modified_time":"2021-04-25T19:44:28+00:00","og_image":[{"width":1920,"height":1440,"url":"https:\/\/weltlaeden.de\/freising\/wp-content\/uploads\/sites\/48\/2021\/04\/20210413_192712-e1619379754981.jpg","type":"image\/jpeg"}],"author":"ramona","twitter_card":"summary_large_image","twitter_misc":{"Verfasst von":"ramona","Gesch\u00e4tzte Lesezeit":"4\u00a0Minuten"},"schema":{"@context":"https:\/\/schema.org","@graph":[{"@type":"Article","@id":"https:\/\/weltlaeden.de\/freising\/fuer-ein-starkes-lieferkettengesetz-ohne-kompromisse\/#article","isPartOf":{"@id":"https:\/\/weltlaeden.de\/freising\/fuer-ein-starkes-lieferkettengesetz-ohne-kompromisse\/"},"author":{"name":"ramona","@id":"https:\/\/weltlaeden.de\/freising\/#\/schema\/person\/53dd77aaaf1c3017cc2e34227efc4dea"},"headline":"F\u00fcr ein starkes Lieferkettengesetz ohne Kompromisse","datePublished":"2021-04-25T19:44:10+00:00","dateModified":"2021-04-25T19:44:28+00:00","mainEntityOfPage":{"@id":"https:\/\/weltlaeden.de\/freising\/fuer-ein-starkes-lieferkettengesetz-ohne-kompromisse\/"},"wordCount":765,"image":{"@id":"https:\/\/weltlaeden.de\/freising\/fuer-ein-starkes-lieferkettengesetz-ohne-kompromisse\/#primaryimage"},"thumbnailUrl":"https:\/\/weltlaeden.de\/freising\/wp-content\/uploads\/sites\/48\/2021\/04\/20210413_192712-e1619379754981.jpg","articleSection":["Presse"],"inLanguage":"de"},{"@type":"WebPage","@id":"https:\/\/weltlaeden.de\/freising\/fuer-ein-starkes-lieferkettengesetz-ohne-kompromisse\/","url":"https:\/\/weltlaeden.de\/freising\/fuer-ein-starkes-lieferkettengesetz-ohne-kompromisse\/","name":"F\u00fcr ein starkes Lieferkettengesetz ohne Kompromisse - Weltladen Freising","isPartOf":{"@id":"https:\/\/weltlaeden.de\/freising\/#website"},"primaryImageOfPage":{"@id":"https:\/\/weltlaeden.de\/freising\/fuer-ein-starkes-lieferkettengesetz-ohne-kompromisse\/#primaryimage"},"image":{"@id":"https:\/\/weltlaeden.de\/freising\/fuer-ein-starkes-lieferkettengesetz-ohne-kompromisse\/#primaryimage"},"thumbnailUrl":"https:\/\/weltlaeden.de\/freising\/wp-content\/uploads\/sites\/48\/2021\/04\/20210413_192712-e1619379754981.jpg","datePublished":"2021-04-25T19:44:10+00:00","dateModified":"2021-04-25T19:44:28+00:00","author":{"@id":"https:\/\/weltlaeden.de\/freising\/#\/schema\/person\/53dd77aaaf1c3017cc2e34227efc4dea"},"breadcrumb":{"@id":"https:\/\/weltlaeden.de\/freising\/fuer-ein-starkes-lieferkettengesetz-ohne-kompromisse\/#breadcrumb"},"inLanguage":"de","potentialAction":[{"@type":"ReadAction","target":["https:\/\/weltlaeden.de\/freising\/fuer-ein-starkes-lieferkettengesetz-ohne-kompromisse\/"]}]},{"@type":"ImageObject","inLanguage":"de","@id":"https:\/\/weltlaeden.de\/freising\/fuer-ein-starkes-lieferkettengesetz-ohne-kompromisse\/#primaryimage","url":"https:\/\/weltlaeden.de\/freising\/wp-content\/uploads\/sites\/48\/2021\/04\/20210413_192712-e1619379754981.jpg","contentUrl":"https:\/\/weltlaeden.de\/freising\/wp-content\/uploads\/sites\/48\/2021\/04\/20210413_192712-e1619379754981.jpg","width":1920,"height":1440},{"@type":"BreadcrumbList","@id":"https:\/\/weltlaeden.de\/freising\/fuer-ein-starkes-lieferkettengesetz-ohne-kompromisse\/#breadcrumb","itemListElement":[{"@type":"ListItem","position":1,"name":"Startseite","item":"https:\/\/weltlaeden.de\/freising\/"},{"@type":"ListItem","position":2,"name":"F\u00fcr ein starkes Lieferkettengesetz ohne Kompromisse"}]},{"@type":"WebSite","@id":"https:\/\/weltlaeden.de\/freising\/#website","url":"https:\/\/weltlaeden.de\/freising\/","name":"Vorlage","description":"Faire Produkte seit 1982","potentialAction":[{"@type":"SearchAction","target":{"@type":"EntryPoint","urlTemplate":"https:\/\/weltlaeden.de\/freising\/?s={search_term_string}"},"query-input":{"@type":"PropertyValueSpecification","valueRequired":true,"valueName":"search_term_string"}}],"inLanguage":"de"},{"@type":"Person","@id":"https:\/\/weltlaeden.de\/freising\/#\/schema\/person\/53dd77aaaf1c3017cc2e34227efc4dea","name":"ramona","image":{"@type":"ImageObject","inLanguage":"de","@id":"https:\/\/weltlaeden.de\/freising\/#\/schema\/person\/image\/","url":"https:\/\/secure.gravatar.com\/avatar\/736ea460d6060fb52b841bc62c6d1768?s=96&d=mm&r=g","contentUrl":"https:\/\/secure.gravatar.com\/avatar\/736ea460d6060fb52b841bc62c6d1768?s=96&d=mm&r=g","caption":"ramona"}}]}},"_links":{"self":[{"href":"https:\/\/weltlaeden.de\/freising\/wp-json\/wp\/v2\/posts\/1298","targetHints":{"allow":["GET"]}}],"collection":[{"href":"https:\/\/weltlaeden.de\/freising\/wp-json\/wp\/v2\/posts"}],"about":[{"href":"https:\/\/weltlaeden.de\/freising\/wp-json\/wp\/v2\/types\/post"}],"author":[{"embeddable":true,"href":"https:\/\/weltlaeden.de\/freising\/wp-json\/wp\/v2\/users\/207"}],"replies":[{"embeddable":true,"href":"https:\/\/weltlaeden.de\/freising\/wp-json\/wp\/v2\/comments?post=1298"}],"version-history":[{"count":1,"href":"https:\/\/weltlaeden.de\/freising\/wp-json\/wp\/v2\/posts\/1298\/revisions"}],"predecessor-version":[{"id":1300,"href":"https:\/\/weltlaeden.de\/freising\/wp-json\/wp\/v2\/posts\/1298\/revisions\/1300"}],"wp:featuredmedia":[{"embeddable":true,"href":"https:\/\/weltlaeden.de\/freising\/wp-json\/wp\/v2\/media\/1296"}],"wp:attachment":[{"href":"https:\/\/weltlaeden.de\/freising\/wp-json\/wp\/v2\/media?parent=1298"}],"wp:term":[{"taxonomy":"category","embeddable":true,"href":"https:\/\/weltlaeden.de\/freising\/wp-json\/wp\/v2\/categories?post=1298"},{"taxonomy":"post_tag","embeddable":true,"href":"https:\/\/weltlaeden.de\/freising\/wp-json\/wp\/v2\/tags?post=1298"}],"curies":[{"name":"wp","href":"https:\/\/api.w.org\/{rel}","templated":true}]}}