{"id":1276,"date":"2021-03-28T22:30:05","date_gmt":"2021-03-28T20:30:05","guid":{"rendered":"https:\/\/weltlaeden.de\/freising\/?p=1276"},"modified":"2021-03-29T22:32:24","modified_gmt":"2021-03-29T20:32:24","slug":"lieferkettenkompromiss-muss-dringend-nachgebessert-werden","status":"publish","type":"post","link":"https:\/\/weltlaeden.de\/freising\/lieferkettenkompromiss-muss-dringend-nachgebessert-werden\/","title":{"rendered":"\u201eLieferkettenkompromiss\u201c muss dringend nachgebessert werden!"},"content":{"rendered":"<p>Am 3. M\u00e4rz hat die Bundesregierung einen Gesetzesentwurf f\u00fcr ein Lieferkettengesetz beschlossen. Endlich!<\/p>\n<p>Leider reicht dieser Gesetzesentwurf nicht aus, Menschen- und Umweltrechte in globalen Lieferketten wirksam zu sch\u00fctzen. Der Entwurf unterl\u00e4uft geltende internationale Menschenrechtsstandards der Vereinten Nationen und der OECD. Auch w\u00e4re er nicht wegweisend f\u00fcr ein EU-weites Lieferkettengesetz. So geht der am 10. M\u00e4rz vom EU-Parlament beschlossene Entwurf an vielen Punkten \u00fcber den deutschen Gesetzesentwurf hinaus.<\/p>\n<p>Die Gewerkschaft ver.di &#8211; selbst Mitglied der Initiative Lieferkettengesetz &#8211; bekennt sich auf ihrer Website sehr dezidiert f\u00fcr eine Versch\u00e4rfung des vorliegenden Entwurfs des Lieferkettengesetzes und begr\u00fcndet das auch aus der Sicht von betroffenen Arbeiter*innen am Anfang der Lieferkette: <a href=\"https:\/\/www.verdi.de\/themen\/internationales\/initiative-lieferkettengesetz\" target=\"_blank\" rel=\"noopener\">Ver.di Initiative Lieferkettengesetz.<\/a><\/p>\n<p>&nbsp;<\/p>\n<p><img loading=\"lazy\" decoding=\"async\" class=\"aligncenter wp-image-1274 size-large\" src=\"https:\/\/weltlaeden.de\/freising\/wp-content\/uploads\/sites\/48\/2021\/03\/Lieferkettengesetz-Umfrage_Shareable_Zahl-1a_1200x630-1024x538.png\" alt=\"\" width=\"1024\" height=\"538\" srcset=\"https:\/\/weltlaeden.de\/freising\/wp-content\/uploads\/sites\/48\/2021\/03\/Lieferkettengesetz-Umfrage_Shareable_Zahl-1a_1200x630-1024x538.png 1024w, https:\/\/weltlaeden.de\/freising\/wp-content\/uploads\/sites\/48\/2021\/03\/Lieferkettengesetz-Umfrage_Shareable_Zahl-1a_1200x630-300x158.png 300w, https:\/\/weltlaeden.de\/freising\/wp-content\/uploads\/sites\/48\/2021\/03\/Lieferkettengesetz-Umfrage_Shareable_Zahl-1a_1200x630-768x403.png 768w, https:\/\/weltlaeden.de\/freising\/wp-content\/uploads\/sites\/48\/2021\/03\/Lieferkettengesetz-Umfrage_Shareable_Zahl-1a_1200x630.png 1200w\" sizes=\"auto, (max-width: 1024px) 100vw, 1024px\" \/><\/p>\n<p>&nbsp;<\/p>\n<p>Ab Mitte April wird der Gesetzesentwurf im Bundestag beraten.\u00a0Die Abgeordneten haben dann die Chance, das Gesetz an den entscheidenden Stellen nachzubessern.\u00a0 Wenn Sie dies auch gerne pers\u00f6nlich \/ als Kirchgemeinde \/ Verein \/ Einrichtung \/ etc. best\u00e4rken m\u00f6chten, dann nehmen Sie doch Kontakt zum zust\u00e4ndigen Bundestagabgeordneten auf und forrdern ein starkes Lieferkettengesetz. Auch die Gegner*innen des Lieferkettengesetzes werden dies in den n\u00e4chsten Wochen sicher machen, um zu versuchen, den Gesetzesentwurf zu verw\u00e4ssern. So ist es wichtig, dass viele f\u00fcr eine Nachbesserung aktiv eintreten.<\/p>\n<p>Hierzu stellen wir drei M\u00f6glichkeiten vor:<\/p>\n<ol>\n<li><strong>Brief:<\/strong> Hier finden Sie eine <a href=\"https:\/\/weltlaeden.de\/freising\/wp-content\/uploads\/sites\/48\/2021\/03\/20210317_brf_irlstorfer_Lieferkettengesetz_leer_lang.odt\" target=\"_blank\" rel=\"noopener\">Briefvorlage<\/a>, welche entsprechend angepasst an Herrn Irlstorfer, als Bundestagsabgeordneter f\u00fcr den Wahlbezirk Freising\/Pfaffenhofen, geschickt werden kann.<\/li>\n<li><strong>Mailing: <\/strong>Die Initiative Lieferkettengesetz organisiert ein Mailing, an dem Jede*r individuell teilnehmen kann: <a href=\"https:\/\/lieferkettengesetz.de\/\" target=\"_blank\" rel=\"noopener\">Lieferkettengesetz.de<\/a><\/li>\n<li><strong>Osterei:<\/strong> INKOTA l\u00e4dt unter dem Motto &#8222;<em>Keine faulen Eier im Lieferkettengesetz<\/em>&#8220; dazu ein, Papier-Eier mit einem Brief an die T\u00fcr des Bundestagsabgeordneten zu h\u00e4ngen: <a href=\"https:\/\/www.inkota.de\/themen\/wirtschaft-und-menschenrechte\/initiative-lieferkettengesetz\/keine-faulen-eier-im-lieferkettengesetz\/\" target=\"_blank\" rel=\"noopener\">Inkota Osteraktion<\/a><\/li>\n<\/ol>\n<p>Wir hoffen, es ist etwas Passendes f\u00fcr Sie dabei.<\/p>\n<p>&nbsp;<\/p>\n","protected":false},"excerpt":{"rendered":"<p>Am 3. M\u00e4rz hat die Bundesregierung einen Gesetzesentwurf f\u00fcr ein Lieferkettengesetz beschlossen. Endlich! Leider reicht dieser Gesetzesentwurf nicht aus, Menschen- und Umweltrechte in globalen Lieferketten wirksam zu sch\u00fctzen. Der Entwurf unterl\u00e4uft geltende internationale Menschenrechtsstandards der Vereinten Nationen und der OECD. Auch w\u00e4re er nicht wegweisend f\u00fcr ein EU-weites Lieferkettengesetz. So geht der am 10. M\u00e4rz&hellip;<\/p>\n","protected":false},"author":207,"featured_media":1273,"comment_status":"closed","ping_status":"closed","sticky":false,"template":"","format":"standard","meta":{"footnotes":""},"categories":[8],"tags":[],"class_list":["post-1276","post","type-post","status-publish","format-standard","has-post-thumbnail","hentry","category-neues","category-8","description-off"],"yoast_head":"<!-- This site is optimized with the Yoast SEO plugin v26.8 - https:\/\/yoast.com\/product\/yoast-seo-wordpress\/ -->\n<title>\u201eLieferkettenkompromiss\u201c muss dringend nachgebessert werden! - Weltladen Freising<\/title>\n<meta name=\"robots\" content=\"index, follow, max-snippet:-1, max-image-preview:large, max-video-preview:-1\" \/>\n<link rel=\"canonical\" href=\"https:\/\/weltlaeden.de\/freising\/lieferkettenkompromiss-muss-dringend-nachgebessert-werden\/\" \/>\n<meta property=\"og:locale\" content=\"de_DE\" \/>\n<meta property=\"og:type\" content=\"article\" \/>\n<meta property=\"og:title\" content=\"\u201eLieferkettenkompromiss\u201c muss dringend nachgebessert werden! - Weltladen Freising\" \/>\n<meta property=\"og:description\" content=\"Am 3. M\u00e4rz hat die Bundesregierung einen Gesetzesentwurf f\u00fcr ein Lieferkettengesetz beschlossen. Endlich! Leider reicht dieser Gesetzesentwurf nicht aus, Menschen- und Umweltrechte in globalen Lieferketten wirksam zu sch\u00fctzen. Der Entwurf unterl\u00e4uft geltende internationale Menschenrechtsstandards der Vereinten Nationen und der OECD. Auch w\u00e4re er nicht wegweisend f\u00fcr ein EU-weites Lieferkettengesetz. So geht der am 10. M\u00e4rz&hellip;\" \/>\n<meta property=\"og:url\" content=\"https:\/\/weltlaeden.de\/freising\/lieferkettenkompromiss-muss-dringend-nachgebessert-werden\/\" \/>\n<meta property=\"og:site_name\" content=\"Weltladen Freising\" \/>\n<meta property=\"article:published_time\" content=\"2021-03-28T20:30:05+00:00\" \/>\n<meta property=\"article:modified_time\" content=\"2021-03-29T20:32:24+00:00\" \/>\n<meta property=\"og:image\" content=\"https:\/\/weltlaeden.de\/freising\/wp-content\/uploads\/sites\/48\/2021\/03\/Lieferkettengesetz_Forderungen_Shareable_1200x628_5.png\" \/>\n\t<meta property=\"og:image:width\" content=\"1200\" \/>\n\t<meta property=\"og:image:height\" content=\"628\" \/>\n\t<meta property=\"og:image:type\" content=\"image\/png\" \/>\n<meta name=\"author\" content=\"ramona\" \/>\n<meta name=\"twitter:card\" content=\"summary_large_image\" \/>\n<meta name=\"twitter:label1\" content=\"Verfasst von\" \/>\n\t<meta name=\"twitter:data1\" content=\"ramona\" \/>\n\t<meta name=\"twitter:label2\" content=\"Gesch\u00e4tzte Lesezeit\" \/>\n\t<meta name=\"twitter:data2\" content=\"1\u00a0Minute\" \/>\n<script type=\"application\/ld+json\" class=\"yoast-schema-graph\">{\"@context\":\"https:\/\/schema.org\",\"@graph\":[{\"@type\":\"Article\",\"@id\":\"https:\/\/weltlaeden.de\/freising\/lieferkettenkompromiss-muss-dringend-nachgebessert-werden\/#article\",\"isPartOf\":{\"@id\":\"https:\/\/weltlaeden.de\/freising\/lieferkettenkompromiss-muss-dringend-nachgebessert-werden\/\"},\"author\":{\"name\":\"ramona\",\"@id\":\"https:\/\/weltlaeden.de\/freising\/#\/schema\/person\/53dd77aaaf1c3017cc2e34227efc4dea\"},\"headline\":\"\u201eLieferkettenkompromiss\u201c muss dringend nachgebessert werden!\",\"datePublished\":\"2021-03-28T20:30:05+00:00\",\"dateModified\":\"2021-03-29T20:32:24+00:00\",\"mainEntityOfPage\":{\"@id\":\"https:\/\/weltlaeden.de\/freising\/lieferkettenkompromiss-muss-dringend-nachgebessert-werden\/\"},\"wordCount\":301,\"image\":{\"@id\":\"https:\/\/weltlaeden.de\/freising\/lieferkettenkompromiss-muss-dringend-nachgebessert-werden\/#primaryimage\"},\"thumbnailUrl\":\"https:\/\/weltlaeden.de\/freising\/wp-content\/uploads\/sites\/48\/2021\/03\/Lieferkettengesetz_Forderungen_Shareable_1200x628_5.png\",\"articleSection\":[\"Neuigkeiten\"],\"inLanguage\":\"de\"},{\"@type\":\"WebPage\",\"@id\":\"https:\/\/weltlaeden.de\/freising\/lieferkettenkompromiss-muss-dringend-nachgebessert-werden\/\",\"url\":\"https:\/\/weltlaeden.de\/freising\/lieferkettenkompromiss-muss-dringend-nachgebessert-werden\/\",\"name\":\"\u201eLieferkettenkompromiss\u201c muss dringend nachgebessert werden! - Weltladen Freising\",\"isPartOf\":{\"@id\":\"https:\/\/weltlaeden.de\/freising\/#website\"},\"primaryImageOfPage\":{\"@id\":\"https:\/\/weltlaeden.de\/freising\/lieferkettenkompromiss-muss-dringend-nachgebessert-werden\/#primaryimage\"},\"image\":{\"@id\":\"https:\/\/weltlaeden.de\/freising\/lieferkettenkompromiss-muss-dringend-nachgebessert-werden\/#primaryimage\"},\"thumbnailUrl\":\"https:\/\/weltlaeden.de\/freising\/wp-content\/uploads\/sites\/48\/2021\/03\/Lieferkettengesetz_Forderungen_Shareable_1200x628_5.png\",\"datePublished\":\"2021-03-28T20:30:05+00:00\",\"dateModified\":\"2021-03-29T20:32:24+00:00\",\"author\":{\"@id\":\"https:\/\/weltlaeden.de\/freising\/#\/schema\/person\/53dd77aaaf1c3017cc2e34227efc4dea\"},\"breadcrumb\":{\"@id\":\"https:\/\/weltlaeden.de\/freising\/lieferkettenkompromiss-muss-dringend-nachgebessert-werden\/#breadcrumb\"},\"inLanguage\":\"de\",\"potentialAction\":[{\"@type\":\"ReadAction\",\"target\":[\"https:\/\/weltlaeden.de\/freising\/lieferkettenkompromiss-muss-dringend-nachgebessert-werden\/\"]}]},{\"@type\":\"ImageObject\",\"inLanguage\":\"de\",\"@id\":\"https:\/\/weltlaeden.de\/freising\/lieferkettenkompromiss-muss-dringend-nachgebessert-werden\/#primaryimage\",\"url\":\"https:\/\/weltlaeden.de\/freising\/wp-content\/uploads\/sites\/48\/2021\/03\/Lieferkettengesetz_Forderungen_Shareable_1200x628_5.png\",\"contentUrl\":\"https:\/\/weltlaeden.de\/freising\/wp-content\/uploads\/sites\/48\/2021\/03\/Lieferkettengesetz_Forderungen_Shareable_1200x628_5.png\",\"width\":1200,\"height\":628},{\"@type\":\"BreadcrumbList\",\"@id\":\"https:\/\/weltlaeden.de\/freising\/lieferkettenkompromiss-muss-dringend-nachgebessert-werden\/#breadcrumb\",\"itemListElement\":[{\"@type\":\"ListItem\",\"position\":1,\"name\":\"Startseite\",\"item\":\"https:\/\/weltlaeden.de\/freising\/\"},{\"@type\":\"ListItem\",\"position\":2,\"name\":\"\u201eLieferkettenkompromiss\u201c muss dringend nachgebessert werden!\"}]},{\"@type\":\"WebSite\",\"@id\":\"https:\/\/weltlaeden.de\/freising\/#website\",\"url\":\"https:\/\/weltlaeden.de\/freising\/\",\"name\":\"Vorlage\",\"description\":\"Faire Produkte seit 1982\",\"potentialAction\":[{\"@type\":\"SearchAction\",\"target\":{\"@type\":\"EntryPoint\",\"urlTemplate\":\"https:\/\/weltlaeden.de\/freising\/?s={search_term_string}\"},\"query-input\":{\"@type\":\"PropertyValueSpecification\",\"valueRequired\":true,\"valueName\":\"search_term_string\"}}],\"inLanguage\":\"de\"},{\"@type\":\"Person\",\"@id\":\"https:\/\/weltlaeden.de\/freising\/#\/schema\/person\/53dd77aaaf1c3017cc2e34227efc4dea\",\"name\":\"ramona\",\"image\":{\"@type\":\"ImageObject\",\"inLanguage\":\"de\",\"@id\":\"https:\/\/weltlaeden.de\/freising\/#\/schema\/person\/image\/\",\"url\":\"https:\/\/secure.gravatar.com\/avatar\/736ea460d6060fb52b841bc62c6d1768?s=96&d=mm&r=g\",\"contentUrl\":\"https:\/\/secure.gravatar.com\/avatar\/736ea460d6060fb52b841bc62c6d1768?s=96&d=mm&r=g\",\"caption\":\"ramona\"}}]}<\/script>\n<!-- \/ Yoast SEO plugin. -->","yoast_head_json":{"title":"\u201eLieferkettenkompromiss\u201c muss dringend nachgebessert werden! - Weltladen Freising","robots":{"index":"index","follow":"follow","max-snippet":"max-snippet:-1","max-image-preview":"max-image-preview:large","max-video-preview":"max-video-preview:-1"},"canonical":"https:\/\/weltlaeden.de\/freising\/lieferkettenkompromiss-muss-dringend-nachgebessert-werden\/","og_locale":"de_DE","og_type":"article","og_title":"\u201eLieferkettenkompromiss\u201c muss dringend nachgebessert werden! - Weltladen Freising","og_description":"Am 3. M\u00e4rz hat die Bundesregierung einen Gesetzesentwurf f\u00fcr ein Lieferkettengesetz beschlossen. Endlich! Leider reicht dieser Gesetzesentwurf nicht aus, Menschen- und Umweltrechte in globalen Lieferketten wirksam zu sch\u00fctzen. Der Entwurf unterl\u00e4uft geltende internationale Menschenrechtsstandards der Vereinten Nationen und der OECD. Auch w\u00e4re er nicht wegweisend f\u00fcr ein EU-weites Lieferkettengesetz. So geht der am 10. M\u00e4rz&hellip;","og_url":"https:\/\/weltlaeden.de\/freising\/lieferkettenkompromiss-muss-dringend-nachgebessert-werden\/","og_site_name":"Weltladen Freising","article_published_time":"2021-03-28T20:30:05+00:00","article_modified_time":"2021-03-29T20:32:24+00:00","og_image":[{"width":1200,"height":628,"url":"https:\/\/weltlaeden.de\/freising\/wp-content\/uploads\/sites\/48\/2021\/03\/Lieferkettengesetz_Forderungen_Shareable_1200x628_5.png","type":"image\/png"}],"author":"ramona","twitter_card":"summary_large_image","twitter_misc":{"Verfasst von":"ramona","Gesch\u00e4tzte Lesezeit":"1\u00a0Minute"},"schema":{"@context":"https:\/\/schema.org","@graph":[{"@type":"Article","@id":"https:\/\/weltlaeden.de\/freising\/lieferkettenkompromiss-muss-dringend-nachgebessert-werden\/#article","isPartOf":{"@id":"https:\/\/weltlaeden.de\/freising\/lieferkettenkompromiss-muss-dringend-nachgebessert-werden\/"},"author":{"name":"ramona","@id":"https:\/\/weltlaeden.de\/freising\/#\/schema\/person\/53dd77aaaf1c3017cc2e34227efc4dea"},"headline":"\u201eLieferkettenkompromiss\u201c muss dringend nachgebessert werden!","datePublished":"2021-03-28T20:30:05+00:00","dateModified":"2021-03-29T20:32:24+00:00","mainEntityOfPage":{"@id":"https:\/\/weltlaeden.de\/freising\/lieferkettenkompromiss-muss-dringend-nachgebessert-werden\/"},"wordCount":301,"image":{"@id":"https:\/\/weltlaeden.de\/freising\/lieferkettenkompromiss-muss-dringend-nachgebessert-werden\/#primaryimage"},"thumbnailUrl":"https:\/\/weltlaeden.de\/freising\/wp-content\/uploads\/sites\/48\/2021\/03\/Lieferkettengesetz_Forderungen_Shareable_1200x628_5.png","articleSection":["Neuigkeiten"],"inLanguage":"de"},{"@type":"WebPage","@id":"https:\/\/weltlaeden.de\/freising\/lieferkettenkompromiss-muss-dringend-nachgebessert-werden\/","url":"https:\/\/weltlaeden.de\/freising\/lieferkettenkompromiss-muss-dringend-nachgebessert-werden\/","name":"\u201eLieferkettenkompromiss\u201c muss dringend nachgebessert werden! - Weltladen Freising","isPartOf":{"@id":"https:\/\/weltlaeden.de\/freising\/#website"},"primaryImageOfPage":{"@id":"https:\/\/weltlaeden.de\/freising\/lieferkettenkompromiss-muss-dringend-nachgebessert-werden\/#primaryimage"},"image":{"@id":"https:\/\/weltlaeden.de\/freising\/lieferkettenkompromiss-muss-dringend-nachgebessert-werden\/#primaryimage"},"thumbnailUrl":"https:\/\/weltlaeden.de\/freising\/wp-content\/uploads\/sites\/48\/2021\/03\/Lieferkettengesetz_Forderungen_Shareable_1200x628_5.png","datePublished":"2021-03-28T20:30:05+00:00","dateModified":"2021-03-29T20:32:24+00:00","author":{"@id":"https:\/\/weltlaeden.de\/freising\/#\/schema\/person\/53dd77aaaf1c3017cc2e34227efc4dea"},"breadcrumb":{"@id":"https:\/\/weltlaeden.de\/freising\/lieferkettenkompromiss-muss-dringend-nachgebessert-werden\/#breadcrumb"},"inLanguage":"de","potentialAction":[{"@type":"ReadAction","target":["https:\/\/weltlaeden.de\/freising\/lieferkettenkompromiss-muss-dringend-nachgebessert-werden\/"]}]},{"@type":"ImageObject","inLanguage":"de","@id":"https:\/\/weltlaeden.de\/freising\/lieferkettenkompromiss-muss-dringend-nachgebessert-werden\/#primaryimage","url":"https:\/\/weltlaeden.de\/freising\/wp-content\/uploads\/sites\/48\/2021\/03\/Lieferkettengesetz_Forderungen_Shareable_1200x628_5.png","contentUrl":"https:\/\/weltlaeden.de\/freising\/wp-content\/uploads\/sites\/48\/2021\/03\/Lieferkettengesetz_Forderungen_Shareable_1200x628_5.png","width":1200,"height":628},{"@type":"BreadcrumbList","@id":"https:\/\/weltlaeden.de\/freising\/lieferkettenkompromiss-muss-dringend-nachgebessert-werden\/#breadcrumb","itemListElement":[{"@type":"ListItem","position":1,"name":"Startseite","item":"https:\/\/weltlaeden.de\/freising\/"},{"@type":"ListItem","position":2,"name":"\u201eLieferkettenkompromiss\u201c muss dringend nachgebessert werden!"}]},{"@type":"WebSite","@id":"https:\/\/weltlaeden.de\/freising\/#website","url":"https:\/\/weltlaeden.de\/freising\/","name":"Vorlage","description":"Faire Produkte seit 1982","potentialAction":[{"@type":"SearchAction","target":{"@type":"EntryPoint","urlTemplate":"https:\/\/weltlaeden.de\/freising\/?s={search_term_string}"},"query-input":{"@type":"PropertyValueSpecification","valueRequired":true,"valueName":"search_term_string"}}],"inLanguage":"de"},{"@type":"Person","@id":"https:\/\/weltlaeden.de\/freising\/#\/schema\/person\/53dd77aaaf1c3017cc2e34227efc4dea","name":"ramona","image":{"@type":"ImageObject","inLanguage":"de","@id":"https:\/\/weltlaeden.de\/freising\/#\/schema\/person\/image\/","url":"https:\/\/secure.gravatar.com\/avatar\/736ea460d6060fb52b841bc62c6d1768?s=96&d=mm&r=g","contentUrl":"https:\/\/secure.gravatar.com\/avatar\/736ea460d6060fb52b841bc62c6d1768?s=96&d=mm&r=g","caption":"ramona"}}]}},"_links":{"self":[{"href":"https:\/\/weltlaeden.de\/freising\/wp-json\/wp\/v2\/posts\/1276","targetHints":{"allow":["GET"]}}],"collection":[{"href":"https:\/\/weltlaeden.de\/freising\/wp-json\/wp\/v2\/posts"}],"about":[{"href":"https:\/\/weltlaeden.de\/freising\/wp-json\/wp\/v2\/types\/post"}],"author":[{"embeddable":true,"href":"https:\/\/weltlaeden.de\/freising\/wp-json\/wp\/v2\/users\/207"}],"replies":[{"embeddable":true,"href":"https:\/\/weltlaeden.de\/freising\/wp-json\/wp\/v2\/comments?post=1276"}],"version-history":[{"count":4,"href":"https:\/\/weltlaeden.de\/freising\/wp-json\/wp\/v2\/posts\/1276\/revisions"}],"predecessor-version":[{"id":1281,"href":"https:\/\/weltlaeden.de\/freising\/wp-json\/wp\/v2\/posts\/1276\/revisions\/1281"}],"wp:featuredmedia":[{"embeddable":true,"href":"https:\/\/weltlaeden.de\/freising\/wp-json\/wp\/v2\/media\/1273"}],"wp:attachment":[{"href":"https:\/\/weltlaeden.de\/freising\/wp-json\/wp\/v2\/media?parent=1276"}],"wp:term":[{"taxonomy":"category","embeddable":true,"href":"https:\/\/weltlaeden.de\/freising\/wp-json\/wp\/v2\/categories?post=1276"},{"taxonomy":"post_tag","embeddable":true,"href":"https:\/\/weltlaeden.de\/freising\/wp-json\/wp\/v2\/tags?post=1276"}],"curies":[{"name":"wp","href":"https:\/\/api.w.org\/{rel}","templated":true}]}}