{"id":1086,"date":"2020-09-18T13:04:58","date_gmt":"2020-09-18T11:04:58","guid":{"rendered":"https:\/\/weltlaeden.de\/freising\/?p=1086"},"modified":"2020-09-18T13:05:33","modified_gmt":"2020-09-18T11:05:33","slug":"segelkaffee-und-espresso","status":"publish","type":"post","link":"https:\/\/weltlaeden.de\/freising\/segelkaffee-und-espresso\/","title":{"rendered":"Segelkaffee und -espresso"},"content":{"rendered":"<div class=\"\" dir=\"auto\">\n<div id=\"jsc_c_b5\" class=\"ecm0bbzt hv4rvrfc ihqw7lf3 dati1w0a\">\n<div class=\"j83agx80 cbu4d94t ew0dbk1b irj2b8pg\">\n<div class=\"qzhwtbm6 knvmm38d\">\n<div class=\"kvgmc6g5 cxmmr5t8 oygrvhab hcukyx3x c1et5uql ii04i59q\">\n<div dir=\"auto\">Am 23. Juli ist der Frachtsegler AVONTUUR nach 16.782 Seemeilen wieder in Hamburg eingelaufen. An Bord: Mehr als 60 Tonnen Ware, die mit 90 Prozent weniger CO2-Emission \u00fcbers Meer gesegelt wurde, als bei konventionellen Lieferungen mit Containerschiffen \u00fcblich.<\/div>\n<div dir=\"auto\"><\/div>\n<div dir=\"auto\"><\/div>\n<div dir=\"auto\">Und jetzt gibt es ihn auch bei uns im Weltladen <span class=\"pq6dq46d tbxw36s4 knj5qynh kvgmc6g5 ditlmg2l oygrvhab nvdbi5me sf5mxxl7 gl3lb2sf hhz5lgdu\"><img loading=\"lazy\" decoding=\"async\" src=\"https:\/\/static.xx.fbcdn.net\/images\/emoji.php\/v9\/t91\/1\/16\/2615.png\" alt=\"\u2615\ufe0f\" width=\"16\" height=\"16\" \/><\/span> : den einzigartigen <strong>Segel Kaffee <\/strong>und<strong> Segel Espresso<\/strong> aus Boaco in Nicaragua: Fair, bio und <span class=\"oi732d6d ik7dh3pa d2edcug0 hpfvmrgz qv66sw1b c1et5uql a8c37x1j keod5gw0 nxhoafnm aigsh9s9 d9wwppkn fe6kdd0r mau55g9w c8b282yb hrzyx87i jq4qci2q a3bd9o3v knj5qynh oo9gr5id hzawbc8m\" dir=\"auto\">gesegelt! Im Geschmack nussig-schokoladig. Aber probiert am besten selbst.<\/span><\/div>\n<div dir=\"auto\"><\/div>\n<\/div>\n<div dir=\"auto\"><span style=\"color: black;font-family: 'Arial','sans-serif';font-size: 9pt\">\u00a0<\/span><\/div>\n<\/div>\n<div dir=\"auto\">\n<table width=\"100%\">\n<tbody>\n<tr>\n<td width=\"50%\">\n<table width=\"100%\">\n<tbody>\n<tr>\n<td>\n<table style=\"height: 317px\" width=\"451\">\n<tbody>\n<tr>\n<td>\n<blockquote>\n<p style=\"text-align: justify\"><strong><u><a href=\"https:\/\/calculate.myclimate.org\/tracking_numbers\/01-20-977566?language=de\" target=\"_blank\" rel=\"noopener\">KLIMANEUTRALER KAFFEE<\/a>:<\/u><\/strong><br \/>\nIn Kooperation mit der Schweizer Stiftung &#8222;myclimate&#8220; wurde der CO2-Fu\u00dfabdruck des Kaffees vom Kaffeestrauch bis nach Hause ermittelt. An vielen Stellen wurden die Emissionen im Vergleich zum konventionellen Kaffeehandel nat\u00fcrlich schon deutlich reduziert, beispielsweise durch den <strong>Transport per Frachtsegler, \u00d6kostrom und die besonders effiziente Technik in der R\u00f6sterei<\/strong>. Aber trotz allem schleppt jeder Kaffeebeutel einen beachtlichen CO2-Rucksack mit sich. Diesen k\u00f6nnen wir nun kompensieren &#8211; und zwar in einem <strong> Aufforstungsprojekt mit Kaffeebauern in Nicaragua. Das ist der Beginn eines ambitionierten Projektes<\/strong>.<\/p>\n<\/blockquote>\n<\/td>\n<\/tr>\n<\/tbody>\n<\/table>\n<\/td>\n<\/tr>\n<\/tbody>\n<\/table>\n<\/td>\n<td width=\"50%\">\n<table width=\"100%\">\n<tbody>\n<tr>\n<td>\n<table width=\"100%\">\n<tbody>\n<tr>\n<td>\n<blockquote>\n<p style=\"text-align: justify\"><strong><u>MITARBEITER-BONUS:<\/u><\/strong><br \/>\nDas Preismodell wurde erweitert und zus\u00e4tzlich zum ohnehin deutlich \u00fcber Fairtrade-Niveau liegenden Kaffeepreis wird an Partner in Nicaragua eine Mitarbeiterpr\u00e4mie bezahlt. Das ist laut\u00a0Caf\u00e9 Chavalo ein <strong>absolutes Novum<\/strong> im Fairen Handel und gleichzeitig ein l\u00e4ngst \u00fcberf\u00e4lliger Schritt. Denn oft ger\u00e4t in Vergessenheit, welchen immensen Beitrag die Kooperativenmitarbeiter in Verwaltung, Qualit\u00e4tskontrolle, Kaffeeaufbereitung und vielen anderen Bereichen zum Erfolg der Kaffee-Kooperativen leisten. <strong>Wir stocken ihre Geh\u00e4lter deswegen nun mit einem speziellen Bonus auf.<\/strong><\/p>\n<\/blockquote>\n<\/td>\n<\/tr>\n<\/tbody>\n<\/table>\n<\/td>\n<\/tr>\n<\/tbody>\n<\/table>\n<\/td>\n<\/tr>\n<\/tbody>\n<\/table>\n<\/div>\n<p>&nbsp;<\/p>\n<p>Quelle: <span style=\"color: black;font-family: 'Arial','sans-serif';font-size: 9pt\"><!--StartFragment -->Caf\u00e9 Chavalo eG <!--EndFragment --><\/span><\/p>\n<\/div>\n<\/div>\n<\/div>\n","protected":false},"excerpt":{"rendered":"<p>Am 23. Juli ist der Frachtsegler AVONTUUR nach 16.782 Seemeilen wieder in Hamburg eingelaufen. An Bord: Mehr als 60 Tonnen Ware, die mit 90 Prozent weniger CO2-Emission \u00fcbers Meer gesegelt wurde, als bei konventionellen Lieferungen mit Containerschiffen \u00fcblich. Und jetzt gibt es ihn auch bei uns im Weltladen : den einzigartigen Segel Kaffee und Segel&hellip;<\/p>\n","protected":false},"author":207,"featured_media":1089,"comment_status":"closed","ping_status":"closed","sticky":false,"template":"","format":"standard","meta":{"footnotes":""},"categories":[8],"tags":[],"class_list":["post-1086","post","type-post","status-publish","format-standard","has-post-thumbnail","hentry","category-neues","category-8","description-off"],"yoast_head":"<!-- This site is optimized with the Yoast SEO plugin v26.8 - https:\/\/yoast.com\/product\/yoast-seo-wordpress\/ -->\n<title>Segelkaffee und -espresso - Weltladen Freising<\/title>\n<meta name=\"robots\" content=\"index, follow, max-snippet:-1, max-image-preview:large, max-video-preview:-1\" \/>\n<link rel=\"canonical\" href=\"https:\/\/weltlaeden.de\/freising\/segelkaffee-und-espresso\/\" \/>\n<meta property=\"og:locale\" content=\"de_DE\" \/>\n<meta property=\"og:type\" content=\"article\" \/>\n<meta property=\"og:title\" content=\"Segelkaffee und -espresso - Weltladen Freising\" \/>\n<meta property=\"og:description\" content=\"Am 23. Juli ist der Frachtsegler AVONTUUR nach 16.782 Seemeilen wieder in Hamburg eingelaufen. An Bord: Mehr als 60 Tonnen Ware, die mit 90 Prozent weniger CO2-Emission \u00fcbers Meer gesegelt wurde, als bei konventionellen Lieferungen mit Containerschiffen \u00fcblich. Und jetzt gibt es ihn auch bei uns im Weltladen : den einzigartigen Segel Kaffee und Segel&hellip;\" \/>\n<meta property=\"og:url\" content=\"https:\/\/weltlaeden.de\/freising\/segelkaffee-und-espresso\/\" \/>\n<meta property=\"og:site_name\" content=\"Weltladen Freising\" \/>\n<meta property=\"article:published_time\" content=\"2020-09-18T11:04:58+00:00\" \/>\n<meta property=\"article:modified_time\" content=\"2020-09-18T11:05:33+00:00\" \/>\n<meta property=\"og:image\" content=\"https:\/\/weltlaeden.de\/freising\/wp-content\/uploads\/sites\/48\/2020\/09\/CIMG3727.jpg\" \/>\n\t<meta property=\"og:image:width\" content=\"1920\" \/>\n\t<meta property=\"og:image:height\" content=\"1440\" \/>\n\t<meta property=\"og:image:type\" content=\"image\/jpeg\" \/>\n<meta name=\"author\" content=\"ramona\" \/>\n<meta name=\"twitter:card\" content=\"summary_large_image\" \/>\n<meta name=\"twitter:label1\" content=\"Verfasst von\" \/>\n\t<meta name=\"twitter:data1\" content=\"ramona\" \/>\n\t<meta name=\"twitter:label2\" content=\"Gesch\u00e4tzte Lesezeit\" \/>\n\t<meta name=\"twitter:data2\" content=\"1\u00a0Minute\" \/>\n<script type=\"application\/ld+json\" class=\"yoast-schema-graph\">{\"@context\":\"https:\/\/schema.org\",\"@graph\":[{\"@type\":\"Article\",\"@id\":\"https:\/\/weltlaeden.de\/freising\/segelkaffee-und-espresso\/#article\",\"isPartOf\":{\"@id\":\"https:\/\/weltlaeden.de\/freising\/segelkaffee-und-espresso\/\"},\"author\":{\"name\":\"ramona\",\"@id\":\"https:\/\/weltlaeden.de\/freising\/#\/schema\/person\/53dd77aaaf1c3017cc2e34227efc4dea\"},\"headline\":\"Segelkaffee und -espresso\",\"datePublished\":\"2020-09-18T11:04:58+00:00\",\"dateModified\":\"2020-09-18T11:05:33+00:00\",\"mainEntityOfPage\":{\"@id\":\"https:\/\/weltlaeden.de\/freising\/segelkaffee-und-espresso\/\"},\"wordCount\":245,\"image\":{\"@id\":\"https:\/\/weltlaeden.de\/freising\/segelkaffee-und-espresso\/#primaryimage\"},\"thumbnailUrl\":\"https:\/\/weltlaeden.de\/freising\/wp-content\/uploads\/sites\/48\/2020\/09\/CIMG3727.jpg\",\"articleSection\":[\"Neuigkeiten\"],\"inLanguage\":\"de\"},{\"@type\":\"WebPage\",\"@id\":\"https:\/\/weltlaeden.de\/freising\/segelkaffee-und-espresso\/\",\"url\":\"https:\/\/weltlaeden.de\/freising\/segelkaffee-und-espresso\/\",\"name\":\"Segelkaffee und -espresso - Weltladen Freising\",\"isPartOf\":{\"@id\":\"https:\/\/weltlaeden.de\/freising\/#website\"},\"primaryImageOfPage\":{\"@id\":\"https:\/\/weltlaeden.de\/freising\/segelkaffee-und-espresso\/#primaryimage\"},\"image\":{\"@id\":\"https:\/\/weltlaeden.de\/freising\/segelkaffee-und-espresso\/#primaryimage\"},\"thumbnailUrl\":\"https:\/\/weltlaeden.de\/freising\/wp-content\/uploads\/sites\/48\/2020\/09\/CIMG3727.jpg\",\"datePublished\":\"2020-09-18T11:04:58+00:00\",\"dateModified\":\"2020-09-18T11:05:33+00:00\",\"author\":{\"@id\":\"https:\/\/weltlaeden.de\/freising\/#\/schema\/person\/53dd77aaaf1c3017cc2e34227efc4dea\"},\"breadcrumb\":{\"@id\":\"https:\/\/weltlaeden.de\/freising\/segelkaffee-und-espresso\/#breadcrumb\"},\"inLanguage\":\"de\",\"potentialAction\":[{\"@type\":\"ReadAction\",\"target\":[\"https:\/\/weltlaeden.de\/freising\/segelkaffee-und-espresso\/\"]}]},{\"@type\":\"ImageObject\",\"inLanguage\":\"de\",\"@id\":\"https:\/\/weltlaeden.de\/freising\/segelkaffee-und-espresso\/#primaryimage\",\"url\":\"https:\/\/weltlaeden.de\/freising\/wp-content\/uploads\/sites\/48\/2020\/09\/CIMG3727.jpg\",\"contentUrl\":\"https:\/\/weltlaeden.de\/freising\/wp-content\/uploads\/sites\/48\/2020\/09\/CIMG3727.jpg\",\"width\":1920,\"height\":1440},{\"@type\":\"BreadcrumbList\",\"@id\":\"https:\/\/weltlaeden.de\/freising\/segelkaffee-und-espresso\/#breadcrumb\",\"itemListElement\":[{\"@type\":\"ListItem\",\"position\":1,\"name\":\"Startseite\",\"item\":\"https:\/\/weltlaeden.de\/freising\/\"},{\"@type\":\"ListItem\",\"position\":2,\"name\":\"Segelkaffee und -espresso\"}]},{\"@type\":\"WebSite\",\"@id\":\"https:\/\/weltlaeden.de\/freising\/#website\",\"url\":\"https:\/\/weltlaeden.de\/freising\/\",\"name\":\"Vorlage\",\"description\":\"Faire Produkte seit 1982\",\"potentialAction\":[{\"@type\":\"SearchAction\",\"target\":{\"@type\":\"EntryPoint\",\"urlTemplate\":\"https:\/\/weltlaeden.de\/freising\/?s={search_term_string}\"},\"query-input\":{\"@type\":\"PropertyValueSpecification\",\"valueRequired\":true,\"valueName\":\"search_term_string\"}}],\"inLanguage\":\"de\"},{\"@type\":\"Person\",\"@id\":\"https:\/\/weltlaeden.de\/freising\/#\/schema\/person\/53dd77aaaf1c3017cc2e34227efc4dea\",\"name\":\"ramona\",\"image\":{\"@type\":\"ImageObject\",\"inLanguage\":\"de\",\"@id\":\"https:\/\/weltlaeden.de\/freising\/#\/schema\/person\/image\/\",\"url\":\"https:\/\/secure.gravatar.com\/avatar\/736ea460d6060fb52b841bc62c6d1768?s=96&d=mm&r=g\",\"contentUrl\":\"https:\/\/secure.gravatar.com\/avatar\/736ea460d6060fb52b841bc62c6d1768?s=96&d=mm&r=g\",\"caption\":\"ramona\"}}]}<\/script>\n<!-- \/ Yoast SEO plugin. -->","yoast_head_json":{"title":"Segelkaffee und -espresso - Weltladen Freising","robots":{"index":"index","follow":"follow","max-snippet":"max-snippet:-1","max-image-preview":"max-image-preview:large","max-video-preview":"max-video-preview:-1"},"canonical":"https:\/\/weltlaeden.de\/freising\/segelkaffee-und-espresso\/","og_locale":"de_DE","og_type":"article","og_title":"Segelkaffee und -espresso - Weltladen Freising","og_description":"Am 23. Juli ist der Frachtsegler AVONTUUR nach 16.782 Seemeilen wieder in Hamburg eingelaufen. An Bord: Mehr als 60 Tonnen Ware, die mit 90 Prozent weniger CO2-Emission \u00fcbers Meer gesegelt wurde, als bei konventionellen Lieferungen mit Containerschiffen \u00fcblich. Und jetzt gibt es ihn auch bei uns im Weltladen : den einzigartigen Segel Kaffee und Segel&hellip;","og_url":"https:\/\/weltlaeden.de\/freising\/segelkaffee-und-espresso\/","og_site_name":"Weltladen Freising","article_published_time":"2020-09-18T11:04:58+00:00","article_modified_time":"2020-09-18T11:05:33+00:00","og_image":[{"width":1920,"height":1440,"url":"https:\/\/weltlaeden.de\/freising\/wp-content\/uploads\/sites\/48\/2020\/09\/CIMG3727.jpg","type":"image\/jpeg"}],"author":"ramona","twitter_card":"summary_large_image","twitter_misc":{"Verfasst von":"ramona","Gesch\u00e4tzte Lesezeit":"1\u00a0Minute"},"schema":{"@context":"https:\/\/schema.org","@graph":[{"@type":"Article","@id":"https:\/\/weltlaeden.de\/freising\/segelkaffee-und-espresso\/#article","isPartOf":{"@id":"https:\/\/weltlaeden.de\/freising\/segelkaffee-und-espresso\/"},"author":{"name":"ramona","@id":"https:\/\/weltlaeden.de\/freising\/#\/schema\/person\/53dd77aaaf1c3017cc2e34227efc4dea"},"headline":"Segelkaffee und -espresso","datePublished":"2020-09-18T11:04:58+00:00","dateModified":"2020-09-18T11:05:33+00:00","mainEntityOfPage":{"@id":"https:\/\/weltlaeden.de\/freising\/segelkaffee-und-espresso\/"},"wordCount":245,"image":{"@id":"https:\/\/weltlaeden.de\/freising\/segelkaffee-und-espresso\/#primaryimage"},"thumbnailUrl":"https:\/\/weltlaeden.de\/freising\/wp-content\/uploads\/sites\/48\/2020\/09\/CIMG3727.jpg","articleSection":["Neuigkeiten"],"inLanguage":"de"},{"@type":"WebPage","@id":"https:\/\/weltlaeden.de\/freising\/segelkaffee-und-espresso\/","url":"https:\/\/weltlaeden.de\/freising\/segelkaffee-und-espresso\/","name":"Segelkaffee und -espresso - Weltladen Freising","isPartOf":{"@id":"https:\/\/weltlaeden.de\/freising\/#website"},"primaryImageOfPage":{"@id":"https:\/\/weltlaeden.de\/freising\/segelkaffee-und-espresso\/#primaryimage"},"image":{"@id":"https:\/\/weltlaeden.de\/freising\/segelkaffee-und-espresso\/#primaryimage"},"thumbnailUrl":"https:\/\/weltlaeden.de\/freising\/wp-content\/uploads\/sites\/48\/2020\/09\/CIMG3727.jpg","datePublished":"2020-09-18T11:04:58+00:00","dateModified":"2020-09-18T11:05:33+00:00","author":{"@id":"https:\/\/weltlaeden.de\/freising\/#\/schema\/person\/53dd77aaaf1c3017cc2e34227efc4dea"},"breadcrumb":{"@id":"https:\/\/weltlaeden.de\/freising\/segelkaffee-und-espresso\/#breadcrumb"},"inLanguage":"de","potentialAction":[{"@type":"ReadAction","target":["https:\/\/weltlaeden.de\/freising\/segelkaffee-und-espresso\/"]}]},{"@type":"ImageObject","inLanguage":"de","@id":"https:\/\/weltlaeden.de\/freising\/segelkaffee-und-espresso\/#primaryimage","url":"https:\/\/weltlaeden.de\/freising\/wp-content\/uploads\/sites\/48\/2020\/09\/CIMG3727.jpg","contentUrl":"https:\/\/weltlaeden.de\/freising\/wp-content\/uploads\/sites\/48\/2020\/09\/CIMG3727.jpg","width":1920,"height":1440},{"@type":"BreadcrumbList","@id":"https:\/\/weltlaeden.de\/freising\/segelkaffee-und-espresso\/#breadcrumb","itemListElement":[{"@type":"ListItem","position":1,"name":"Startseite","item":"https:\/\/weltlaeden.de\/freising\/"},{"@type":"ListItem","position":2,"name":"Segelkaffee und -espresso"}]},{"@type":"WebSite","@id":"https:\/\/weltlaeden.de\/freising\/#website","url":"https:\/\/weltlaeden.de\/freising\/","name":"Vorlage","description":"Faire Produkte seit 1982","potentialAction":[{"@type":"SearchAction","target":{"@type":"EntryPoint","urlTemplate":"https:\/\/weltlaeden.de\/freising\/?s={search_term_string}"},"query-input":{"@type":"PropertyValueSpecification","valueRequired":true,"valueName":"search_term_string"}}],"inLanguage":"de"},{"@type":"Person","@id":"https:\/\/weltlaeden.de\/freising\/#\/schema\/person\/53dd77aaaf1c3017cc2e34227efc4dea","name":"ramona","image":{"@type":"ImageObject","inLanguage":"de","@id":"https:\/\/weltlaeden.de\/freising\/#\/schema\/person\/image\/","url":"https:\/\/secure.gravatar.com\/avatar\/736ea460d6060fb52b841bc62c6d1768?s=96&d=mm&r=g","contentUrl":"https:\/\/secure.gravatar.com\/avatar\/736ea460d6060fb52b841bc62c6d1768?s=96&d=mm&r=g","caption":"ramona"}}]}},"_links":{"self":[{"href":"https:\/\/weltlaeden.de\/freising\/wp-json\/wp\/v2\/posts\/1086","targetHints":{"allow":["GET"]}}],"collection":[{"href":"https:\/\/weltlaeden.de\/freising\/wp-json\/wp\/v2\/posts"}],"about":[{"href":"https:\/\/weltlaeden.de\/freising\/wp-json\/wp\/v2\/types\/post"}],"author":[{"embeddable":true,"href":"https:\/\/weltlaeden.de\/freising\/wp-json\/wp\/v2\/users\/207"}],"replies":[{"embeddable":true,"href":"https:\/\/weltlaeden.de\/freising\/wp-json\/wp\/v2\/comments?post=1086"}],"version-history":[{"count":2,"href":"https:\/\/weltlaeden.de\/freising\/wp-json\/wp\/v2\/posts\/1086\/revisions"}],"predecessor-version":[{"id":1090,"href":"https:\/\/weltlaeden.de\/freising\/wp-json\/wp\/v2\/posts\/1086\/revisions\/1090"}],"wp:featuredmedia":[{"embeddable":true,"href":"https:\/\/weltlaeden.de\/freising\/wp-json\/wp\/v2\/media\/1089"}],"wp:attachment":[{"href":"https:\/\/weltlaeden.de\/freising\/wp-json\/wp\/v2\/media?parent=1086"}],"wp:term":[{"taxonomy":"category","embeddable":true,"href":"https:\/\/weltlaeden.de\/freising\/wp-json\/wp\/v2\/categories?post=1086"},{"taxonomy":"post_tag","embeddable":true,"href":"https:\/\/weltlaeden.de\/freising\/wp-json\/wp\/v2\/tags?post=1086"}],"curies":[{"name":"wp","href":"https:\/\/api.w.org\/{rel}","templated":true}]}}