{"id":2663,"date":"2026-09-01T18:19:08","date_gmt":"2026-09-01T16:19:08","guid":{"rendered":"https:\/\/weltlaeden.de\/flair-weltladen\/?p=2663"},"modified":"2026-09-01T18:48:18","modified_gmt":"2026-09-01T16:48:18","slug":"redezeit-erden-ankay-nachtwein-stellt-das-buch-das-integration-paradox-vor","status":"publish","type":"post","link":"https:\/\/weltlaeden.de\/flair-weltladen\/redezeit-erden-ankay-nachtwein-stellt-das-buch-das-integration-paradox-vor\/","title":{"rendered":"Redezeit &#8211; Erden Ankay-Nachtwein stellt das Buch &#8222;Das Integration Paradox&#8220; vor"},"content":{"rendered":"<p class=\"western\"><strong><span style=\"font-family: Gill Sans Nova, sans-serif\"><span style=\"font-size: medium\">Donnerstag, 17. September 2026 um 19 Uhr im F(l)air-Weltladen<\/span><\/span><\/strong><\/p>\n<p class=\"western\"><span style=\"font-family: Gill Sans Nova, sans-serif\"><span style=\"font-size: medium\">Im Rahmen der Fairen Woche, die in diesem Jahr unter dem Thema \u201eVielfalt leben\u201c steht, stellt <strong>Frau Erden Ankay-Nachtwein<\/strong> das Buch <strong>\u201eDas Integrationsparadox\u201c von Aladin El-Mafaalani<\/strong> vor. Das Buch beschreibt, zu welchen Konflikten eine fortschreitende Integration f\u00fchrt. Was bedeutet das f\u00fcr unser Zusammenleben in Vielfalt?<\/span><\/span><\/p>\n<p class=\"western\"><span style=\"font-family: Gill Sans Nova, sans-serif\"><span style=\"font-size: medium\">Frau Erden Ankay-Nachtwein ist pensionierte Grundschullehrerin und SPD-Ratsfrau im Remscheid<\/span><\/span><\/p>\n<p class=\"western\"><span style=\"font-family: Gill Sans Nova, sans-serif\"><span style=\"font-size: medium\">Der Eintritt ist frei.<\/span><\/span><\/p>\n<p>&nbsp;<\/p>\n<p class=\"western\"><span style=\"font-family: Gill Sans Nova, sans-serif\"><span style=\"font-size: medium\">N\u00e4heres zum Buch: In \u00bbDas Integrationsparadox\u00ab analysiert Aladin El-Mafaalani das paradoxe Verh\u00e4ltnis zwischen einer zunehmend offenen und liberalen Gesellschaft einerseits und dem Erstarken radikaler Kr\u00e4fte andererseits. Er zeigt auf, wie dieses scheinbar widerspr\u00fcchliche Ph\u00e4nomen zu verstehen ist und welche Herausforderungen sich daraus f\u00fcr den gesellschaftlichen Zusammenhalt ergeben.<\/span><\/span><\/p>\n<p class=\"western\"><span style=\"font-family: Gill Sans Nova, sans-serif\"><span style=\"font-size: medium\">Er beleuchtet Themen wie Diskriminierung, Rassismus und die Debatte um eine deutsche Leitkultur. Er geht der Frage nach, wie eine offene Gesellschaft mit Konflikten umgehen kann, die durch Migration und kulturelle Vielfalt entstehen, und pl\u00e4diert f\u00fcr einen differenzierten Blick auf Integration und Pluralismus.<\/span><\/span><\/p>\n<p><em>Quelle von Bild und Buchbeschreibung: KIWI-Verlag<\/em><\/p>\n","protected":false},"excerpt":{"rendered":"<p>Donnerstag, 17. September 2026 um 19 Uhr im F(l)air-Weltladen Im Rahmen der Fairen Woche, die in diesem Jahr unter dem Thema \u201eVielfalt leben\u201c steht, stellt Frau Erden Ankay-Nachtwein das Buch \u201eDas Integrationsparadox\u201c von Aladin El-Mafaalani vor. Das Buch beschreibt, zu welchen Konflikten eine fortschreitende Integration f\u00fchrt. Was bedeutet das f\u00fcr unser Zusammenleben in Vielfalt? Frau&hellip;<\/p>\n","protected":false},"author":304,"featured_media":2662,"comment_status":"closed","ping_status":"closed","sticky":false,"template":"","format":"standard","meta":{"footnotes":""},"categories":[1],"tags":[],"class_list":["post-2663","post","type-post","status-publish","format-standard","has-post-thumbnail","hentry","category-allgemein","category-1","description-off"],"yoast_head":"<!-- This site is optimized with the Yoast SEO plugin v26.8 - https:\/\/yoast.com\/product\/yoast-seo-wordpress\/ -->\n<title>Redezeit - Erden Ankay-Nachtwein stellt das Buch &quot;Das Integration Paradox&quot; vor - F(l)air-Weltladen-L\u00fcttringhausen<\/title>\n<meta name=\"robots\" content=\"index, follow, max-snippet:-1, max-image-preview:large, max-video-preview:-1\" \/>\n<link rel=\"canonical\" href=\"https:\/\/weltlaeden.de\/flair-weltladen\/redezeit-erden-ankay-nachtwein-stellt-das-buch-das-integration-paradox-vor\/\" \/>\n<meta property=\"og:locale\" content=\"de_DE\" \/>\n<meta property=\"og:type\" content=\"article\" \/>\n<meta property=\"og:title\" content=\"Redezeit - Erden Ankay-Nachtwein stellt das Buch &quot;Das Integration Paradox&quot; vor - F(l)air-Weltladen-L\u00fcttringhausen\" \/>\n<meta property=\"og:description\" content=\"Donnerstag, 17. September 2026 um 19 Uhr im F(l)air-Weltladen Im Rahmen der Fairen Woche, die in diesem Jahr unter dem Thema \u201eVielfalt leben\u201c steht, stellt Frau Erden Ankay-Nachtwein das Buch \u201eDas Integrationsparadox\u201c von Aladin El-Mafaalani vor. Das Buch beschreibt, zu welchen Konflikten eine fortschreitende Integration f\u00fchrt. Was bedeutet das f\u00fcr unser Zusammenleben in Vielfalt? Frau&hellip;\" \/>\n<meta property=\"og:url\" content=\"https:\/\/weltlaeden.de\/flair-weltladen\/redezeit-erden-ankay-nachtwein-stellt-das-buch-das-integration-paradox-vor\/\" \/>\n<meta property=\"og:site_name\" content=\"F(l)air-Weltladen-L\u00fcttringhausen\" \/>\n<meta property=\"article:published_time\" content=\"2026-09-01T16:19:08+00:00\" \/>\n<meta property=\"article:modified_time\" content=\"2026-09-01T16:48:18+00:00\" \/>\n<meta property=\"og:image\" content=\"https:\/\/weltlaeden.de\/flair-weltladen\/wp-content\/uploads\/sites\/32\/2026\/09\/Das-Integrations-Paradox.png\" \/>\n\t<meta property=\"og:image:width\" content=\"457\" \/>\n\t<meta property=\"og:image:height\" content=\"692\" \/>\n\t<meta property=\"og:image:type\" content=\"image\/png\" \/>\n<meta name=\"author\" content=\"ralfschnippering\" \/>\n<meta name=\"twitter:card\" content=\"summary_large_image\" \/>\n<meta name=\"twitter:label1\" content=\"Verfasst von\" \/>\n\t<meta name=\"twitter:data1\" content=\"ralfschnippering\" \/>\n\t<meta name=\"twitter:label2\" content=\"Gesch\u00e4tzte Lesezeit\" \/>\n\t<meta name=\"twitter:data2\" content=\"2\u00a0Minuten\" \/>\n<script type=\"application\/ld+json\" class=\"yoast-schema-graph\">{\"@context\":\"https:\/\/schema.org\",\"@graph\":[{\"@type\":\"Article\",\"@id\":\"https:\/\/weltlaeden.de\/flair-weltladen\/redezeit-erden-ankay-nachtwein-stellt-das-buch-das-integration-paradox-vor\/#article\",\"isPartOf\":{\"@id\":\"https:\/\/weltlaeden.de\/flair-weltladen\/redezeit-erden-ankay-nachtwein-stellt-das-buch-das-integration-paradox-vor\/\"},\"author\":{\"name\":\"ralfschnippering\",\"@id\":\"https:\/\/weltlaeden.de\/flair-weltladen\/#\/schema\/person\/34e1c33ea0c820c6b6000eab819c729b\"},\"headline\":\"Redezeit &#8211; Erden Ankay-Nachtwein stellt das Buch &#8222;Das Integration Paradox&#8220; vor\",\"datePublished\":\"2026-09-01T16:19:08+00:00\",\"dateModified\":\"2026-09-01T16:48:18+00:00\",\"mainEntityOfPage\":{\"@id\":\"https:\/\/weltlaeden.de\/flair-weltladen\/redezeit-erden-ankay-nachtwein-stellt-das-buch-das-integration-paradox-vor\/\"},\"wordCount\":185,\"image\":{\"@id\":\"https:\/\/weltlaeden.de\/flair-weltladen\/redezeit-erden-ankay-nachtwein-stellt-das-buch-das-integration-paradox-vor\/#primaryimage\"},\"thumbnailUrl\":\"https:\/\/weltlaeden.de\/flair-weltladen\/wp-content\/uploads\/sites\/32\/2026\/09\/Das-Integrations-Paradox.png\",\"articleSection\":[\"Keine Kategorie\"],\"inLanguage\":\"de\"},{\"@type\":\"WebPage\",\"@id\":\"https:\/\/weltlaeden.de\/flair-weltladen\/redezeit-erden-ankay-nachtwein-stellt-das-buch-das-integration-paradox-vor\/\",\"url\":\"https:\/\/weltlaeden.de\/flair-weltladen\/redezeit-erden-ankay-nachtwein-stellt-das-buch-das-integration-paradox-vor\/\",\"name\":\"Redezeit - Erden Ankay-Nachtwein stellt das Buch \\\"Das Integration Paradox\\\" vor - F(l)air-Weltladen-L\u00fcttringhausen\",\"isPartOf\":{\"@id\":\"https:\/\/weltlaeden.de\/flair-weltladen\/#website\"},\"primaryImageOfPage\":{\"@id\":\"https:\/\/weltlaeden.de\/flair-weltladen\/redezeit-erden-ankay-nachtwein-stellt-das-buch-das-integration-paradox-vor\/#primaryimage\"},\"image\":{\"@id\":\"https:\/\/weltlaeden.de\/flair-weltladen\/redezeit-erden-ankay-nachtwein-stellt-das-buch-das-integration-paradox-vor\/#primaryimage\"},\"thumbnailUrl\":\"https:\/\/weltlaeden.de\/flair-weltladen\/wp-content\/uploads\/sites\/32\/2026\/09\/Das-Integrations-Paradox.png\",\"datePublished\":\"2026-09-01T16:19:08+00:00\",\"dateModified\":\"2026-09-01T16:48:18+00:00\",\"author\":{\"@id\":\"https:\/\/weltlaeden.de\/flair-weltladen\/#\/schema\/person\/34e1c33ea0c820c6b6000eab819c729b\"},\"breadcrumb\":{\"@id\":\"https:\/\/weltlaeden.de\/flair-weltladen\/redezeit-erden-ankay-nachtwein-stellt-das-buch-das-integration-paradox-vor\/#breadcrumb\"},\"inLanguage\":\"de\",\"potentialAction\":[{\"@type\":\"ReadAction\",\"target\":[\"https:\/\/weltlaeden.de\/flair-weltladen\/redezeit-erden-ankay-nachtwein-stellt-das-buch-das-integration-paradox-vor\/\"]}]},{\"@type\":\"ImageObject\",\"inLanguage\":\"de\",\"@id\":\"https:\/\/weltlaeden.de\/flair-weltladen\/redezeit-erden-ankay-nachtwein-stellt-das-buch-das-integration-paradox-vor\/#primaryimage\",\"url\":\"https:\/\/weltlaeden.de\/flair-weltladen\/wp-content\/uploads\/sites\/32\/2026\/09\/Das-Integrations-Paradox.png\",\"contentUrl\":\"https:\/\/weltlaeden.de\/flair-weltladen\/wp-content\/uploads\/sites\/32\/2026\/09\/Das-Integrations-Paradox.png\",\"width\":457,\"height\":692},{\"@type\":\"BreadcrumbList\",\"@id\":\"https:\/\/weltlaeden.de\/flair-weltladen\/redezeit-erden-ankay-nachtwein-stellt-das-buch-das-integration-paradox-vor\/#breadcrumb\",\"itemListElement\":[{\"@type\":\"ListItem\",\"position\":1,\"name\":\"Startseite\",\"item\":\"https:\/\/weltlaeden.de\/flair-weltladen\/\"},{\"@type\":\"ListItem\",\"position\":2,\"name\":\"Redezeit &#8211; Erden Ankay-Nachtwein stellt das Buch &#8222;Das Integration Paradox&#8220; vor\"}]},{\"@type\":\"WebSite\",\"@id\":\"https:\/\/weltlaeden.de\/flair-weltladen\/#website\",\"url\":\"https:\/\/weltlaeden.de\/flair-weltladen\/\",\"name\":\"F(l)air-Weltladen-L\u00fcttringhausen\",\"description\":\"Faire Produkte seit 1990\",\"potentialAction\":[{\"@type\":\"SearchAction\",\"target\":{\"@type\":\"EntryPoint\",\"urlTemplate\":\"https:\/\/weltlaeden.de\/flair-weltladen\/?s={search_term_string}\"},\"query-input\":{\"@type\":\"PropertyValueSpecification\",\"valueRequired\":true,\"valueName\":\"search_term_string\"}}],\"inLanguage\":\"de\"},{\"@type\":\"Person\",\"@id\":\"https:\/\/weltlaeden.de\/flair-weltladen\/#\/schema\/person\/34e1c33ea0c820c6b6000eab819c729b\",\"name\":\"ralfschnippering\",\"image\":{\"@type\":\"ImageObject\",\"inLanguage\":\"de\",\"@id\":\"https:\/\/weltlaeden.de\/flair-weltladen\/#\/schema\/person\/image\/\",\"url\":\"https:\/\/secure.gravatar.com\/avatar\/e64c5ff26b1ef3791e83ab0359d7a377?s=96&d=mm&r=g\",\"contentUrl\":\"https:\/\/secure.gravatar.com\/avatar\/e64c5ff26b1ef3791e83ab0359d7a377?s=96&d=mm&r=g\",\"caption\":\"ralfschnippering\"},\"url\":\"https:\/\/weltlaeden.de\/flair-weltladen\/author\/ralfschnippering\/\"}]}<\/script>\n<!-- \/ Yoast SEO plugin. -->","yoast_head_json":{"title":"Redezeit - Erden Ankay-Nachtwein stellt das Buch \"Das Integration Paradox\" vor - F(l)air-Weltladen-L\u00fcttringhausen","robots":{"index":"index","follow":"follow","max-snippet":"max-snippet:-1","max-image-preview":"max-image-preview:large","max-video-preview":"max-video-preview:-1"},"canonical":"https:\/\/weltlaeden.de\/flair-weltladen\/redezeit-erden-ankay-nachtwein-stellt-das-buch-das-integration-paradox-vor\/","og_locale":"de_DE","og_type":"article","og_title":"Redezeit - Erden Ankay-Nachtwein stellt das Buch \"Das Integration Paradox\" vor - F(l)air-Weltladen-L\u00fcttringhausen","og_description":"Donnerstag, 17. September 2026 um 19 Uhr im F(l)air-Weltladen Im Rahmen der Fairen Woche, die in diesem Jahr unter dem Thema \u201eVielfalt leben\u201c steht, stellt Frau Erden Ankay-Nachtwein das Buch \u201eDas Integrationsparadox\u201c von Aladin El-Mafaalani vor. Das Buch beschreibt, zu welchen Konflikten eine fortschreitende Integration f\u00fchrt. Was bedeutet das f\u00fcr unser Zusammenleben in Vielfalt? Frau&hellip;","og_url":"https:\/\/weltlaeden.de\/flair-weltladen\/redezeit-erden-ankay-nachtwein-stellt-das-buch-das-integration-paradox-vor\/","og_site_name":"F(l)air-Weltladen-L\u00fcttringhausen","article_published_time":"2026-09-01T16:19:08+00:00","article_modified_time":"2026-09-01T16:48:18+00:00","og_image":[{"width":457,"height":692,"url":"https:\/\/weltlaeden.de\/flair-weltladen\/wp-content\/uploads\/sites\/32\/2026\/09\/Das-Integrations-Paradox.png","type":"image\/png"}],"author":"ralfschnippering","twitter_card":"summary_large_image","twitter_misc":{"Verfasst von":"ralfschnippering","Gesch\u00e4tzte Lesezeit":"2\u00a0Minuten"},"schema":{"@context":"https:\/\/schema.org","@graph":[{"@type":"Article","@id":"https:\/\/weltlaeden.de\/flair-weltladen\/redezeit-erden-ankay-nachtwein-stellt-das-buch-das-integration-paradox-vor\/#article","isPartOf":{"@id":"https:\/\/weltlaeden.de\/flair-weltladen\/redezeit-erden-ankay-nachtwein-stellt-das-buch-das-integration-paradox-vor\/"},"author":{"name":"ralfschnippering","@id":"https:\/\/weltlaeden.de\/flair-weltladen\/#\/schema\/person\/34e1c33ea0c820c6b6000eab819c729b"},"headline":"Redezeit &#8211; Erden Ankay-Nachtwein stellt das Buch &#8222;Das Integration Paradox&#8220; vor","datePublished":"2026-09-01T16:19:08+00:00","dateModified":"2026-09-01T16:48:18+00:00","mainEntityOfPage":{"@id":"https:\/\/weltlaeden.de\/flair-weltladen\/redezeit-erden-ankay-nachtwein-stellt-das-buch-das-integration-paradox-vor\/"},"wordCount":185,"image":{"@id":"https:\/\/weltlaeden.de\/flair-weltladen\/redezeit-erden-ankay-nachtwein-stellt-das-buch-das-integration-paradox-vor\/#primaryimage"},"thumbnailUrl":"https:\/\/weltlaeden.de\/flair-weltladen\/wp-content\/uploads\/sites\/32\/2026\/09\/Das-Integrations-Paradox.png","articleSection":["Keine Kategorie"],"inLanguage":"de"},{"@type":"WebPage","@id":"https:\/\/weltlaeden.de\/flair-weltladen\/redezeit-erden-ankay-nachtwein-stellt-das-buch-das-integration-paradox-vor\/","url":"https:\/\/weltlaeden.de\/flair-weltladen\/redezeit-erden-ankay-nachtwein-stellt-das-buch-das-integration-paradox-vor\/","name":"Redezeit - Erden Ankay-Nachtwein stellt das Buch \"Das Integration Paradox\" vor - F(l)air-Weltladen-L\u00fcttringhausen","isPartOf":{"@id":"https:\/\/weltlaeden.de\/flair-weltladen\/#website"},"primaryImageOfPage":{"@id":"https:\/\/weltlaeden.de\/flair-weltladen\/redezeit-erden-ankay-nachtwein-stellt-das-buch-das-integration-paradox-vor\/#primaryimage"},"image":{"@id":"https:\/\/weltlaeden.de\/flair-weltladen\/redezeit-erden-ankay-nachtwein-stellt-das-buch-das-integration-paradox-vor\/#primaryimage"},"thumbnailUrl":"https:\/\/weltlaeden.de\/flair-weltladen\/wp-content\/uploads\/sites\/32\/2026\/09\/Das-Integrations-Paradox.png","datePublished":"2026-09-01T16:19:08+00:00","dateModified":"2026-09-01T16:48:18+00:00","author":{"@id":"https:\/\/weltlaeden.de\/flair-weltladen\/#\/schema\/person\/34e1c33ea0c820c6b6000eab819c729b"},"breadcrumb":{"@id":"https:\/\/weltlaeden.de\/flair-weltladen\/redezeit-erden-ankay-nachtwein-stellt-das-buch-das-integration-paradox-vor\/#breadcrumb"},"inLanguage":"de","potentialAction":[{"@type":"ReadAction","target":["https:\/\/weltlaeden.de\/flair-weltladen\/redezeit-erden-ankay-nachtwein-stellt-das-buch-das-integration-paradox-vor\/"]}]},{"@type":"ImageObject","inLanguage":"de","@id":"https:\/\/weltlaeden.de\/flair-weltladen\/redezeit-erden-ankay-nachtwein-stellt-das-buch-das-integration-paradox-vor\/#primaryimage","url":"https:\/\/weltlaeden.de\/flair-weltladen\/wp-content\/uploads\/sites\/32\/2026\/09\/Das-Integrations-Paradox.png","contentUrl":"https:\/\/weltlaeden.de\/flair-weltladen\/wp-content\/uploads\/sites\/32\/2026\/09\/Das-Integrations-Paradox.png","width":457,"height":692},{"@type":"BreadcrumbList","@id":"https:\/\/weltlaeden.de\/flair-weltladen\/redezeit-erden-ankay-nachtwein-stellt-das-buch-das-integration-paradox-vor\/#breadcrumb","itemListElement":[{"@type":"ListItem","position":1,"name":"Startseite","item":"https:\/\/weltlaeden.de\/flair-weltladen\/"},{"@type":"ListItem","position":2,"name":"Redezeit &#8211; Erden Ankay-Nachtwein stellt das Buch &#8222;Das Integration Paradox&#8220; vor"}]},{"@type":"WebSite","@id":"https:\/\/weltlaeden.de\/flair-weltladen\/#website","url":"https:\/\/weltlaeden.de\/flair-weltladen\/","name":"F(l)air-Weltladen-L\u00fcttringhausen","description":"Faire Produkte seit 1990","potentialAction":[{"@type":"SearchAction","target":{"@type":"EntryPoint","urlTemplate":"https:\/\/weltlaeden.de\/flair-weltladen\/?s={search_term_string}"},"query-input":{"@type":"PropertyValueSpecification","valueRequired":true,"valueName":"search_term_string"}}],"inLanguage":"de"},{"@type":"Person","@id":"https:\/\/weltlaeden.de\/flair-weltladen\/#\/schema\/person\/34e1c33ea0c820c6b6000eab819c729b","name":"ralfschnippering","image":{"@type":"ImageObject","inLanguage":"de","@id":"https:\/\/weltlaeden.de\/flair-weltladen\/#\/schema\/person\/image\/","url":"https:\/\/secure.gravatar.com\/avatar\/e64c5ff26b1ef3791e83ab0359d7a377?s=96&d=mm&r=g","contentUrl":"https:\/\/secure.gravatar.com\/avatar\/e64c5ff26b1ef3791e83ab0359d7a377?s=96&d=mm&r=g","caption":"ralfschnippering"},"url":"https:\/\/weltlaeden.de\/flair-weltladen\/author\/ralfschnippering\/"}]}},"_links":{"self":[{"href":"https:\/\/weltlaeden.de\/flair-weltladen\/wp-json\/wp\/v2\/posts\/2663","targetHints":{"allow":["GET"]}}],"collection":[{"href":"https:\/\/weltlaeden.de\/flair-weltladen\/wp-json\/wp\/v2\/posts"}],"about":[{"href":"https:\/\/weltlaeden.de\/flair-weltladen\/wp-json\/wp\/v2\/types\/post"}],"author":[{"embeddable":true,"href":"https:\/\/weltlaeden.de\/flair-weltladen\/wp-json\/wp\/v2\/users\/304"}],"replies":[{"embeddable":true,"href":"https:\/\/weltlaeden.de\/flair-weltladen\/wp-json\/wp\/v2\/comments?post=2663"}],"version-history":[{"count":5,"href":"https:\/\/weltlaeden.de\/flair-weltladen\/wp-json\/wp\/v2\/posts\/2663\/revisions"}],"predecessor-version":[{"id":2673,"href":"https:\/\/weltlaeden.de\/flair-weltladen\/wp-json\/wp\/v2\/posts\/2663\/revisions\/2673"}],"wp:featuredmedia":[{"embeddable":true,"href":"https:\/\/weltlaeden.de\/flair-weltladen\/wp-json\/wp\/v2\/media\/2662"}],"wp:attachment":[{"href":"https:\/\/weltlaeden.de\/flair-weltladen\/wp-json\/wp\/v2\/media?parent=2663"}],"wp:term":[{"taxonomy":"category","embeddable":true,"href":"https:\/\/weltlaeden.de\/flair-weltladen\/wp-json\/wp\/v2\/categories?post=2663"},{"taxonomy":"post_tag","embeddable":true,"href":"https:\/\/weltlaeden.de\/flair-weltladen\/wp-json\/wp\/v2\/tags?post=2663"}],"curies":[{"name":"wp","href":"https:\/\/api.w.org\/{rel}","templated":true}]}}