{"id":2580,"date":"2026-04-21T17:54:35","date_gmt":"2026-04-21T15:54:35","guid":{"rendered":"https:\/\/weltlaeden.de\/flair-weltladen\/?p=2580"},"modified":"2026-04-21T17:59:34","modified_gmt":"2026-04-21T15:59:34","slug":"weltladentag-familienfruehstueck-fuer-alle","status":"publish","type":"post","link":"https:\/\/weltlaeden.de\/flair-weltladen\/weltladentag-familienfruehstueck-fuer-alle\/","title":{"rendered":"Weltladentag &#8211; Familienfr\u00fchst\u00fcck f\u00fcr alle"},"content":{"rendered":"<p class=\"western\" align=\"left\"><strong><span style=\"font-family: Gill Sans Nova, sans-serif\">Samstag, 9. Mai 2026, 10:00 \u2013 13:00 Uhr<\/span><\/strong><\/p>\n<p class=\"western\" align=\"left\"><strong><span style=\"font-family: Gill Sans Nova, sans-serif\">F(l)air-Weltladen, Gertenbachstr. 17, 42899 Remscheid<\/span><\/strong><\/p>\n<p class=\"western\" align=\"left\"><span style=\"font-family: Gill Sans Nova, sans-serif\">Eintritt frei<\/span><\/p>\n<p class=\"western\" align=\"left\"><span style=\"font-family: Gill Sans Nova, sans-serif\">Der F(l)air-Weltladen l\u00e4dt am Weltladentag zum \u201eFamilienfr\u00fchst\u00fcck f\u00fcr Alle\u201c ein. Der Tag steht unter dem Motto \u201eFair fruchtet\u201c und das l\u00e4sst sich am besten \u00fcber den Gaumen erfahren.<\/span><\/p>\n<p class=\"western\" align=\"left\"><span style=\"font-family: Gill Sans Nova, sans-serif\">Wer dabei Appetit auf weiter Informationen und Hintergrunde bekommt, kann auch diesen Hunger stillen.<\/span><\/p>\n<p class=\"western\" align=\"left\"><span style=\"font-family: Gill Sans Nova, sans-serif\">Den Abschluss bildet die Vorf\u00fchrung des Filmes \u201eBittere Orangen\u201c, der die Ausbeutung in Europa bei der Orangenernte und Alternativen dazu aufzeigt.<\/span><\/p>\n<p class=\"western\" align=\"left\">\n","protected":false},"excerpt":{"rendered":"<p>Samstag, 9. Mai 2026, 10:00 \u2013 13:00 Uhr F(l)air-Weltladen, Gertenbachstr. 17, 42899 Remscheid Eintritt frei Der F(l)air-Weltladen l\u00e4dt am Weltladentag zum \u201eFamilienfr\u00fchst\u00fcck f\u00fcr Alle\u201c ein. Der Tag steht unter dem Motto \u201eFair fruchtet\u201c und das l\u00e4sst sich am besten \u00fcber den Gaumen erfahren. Wer dabei Appetit auf weiter Informationen und Hintergrunde bekommt, kann auch diesen&hellip;<\/p>\n","protected":false},"author":304,"featured_media":2583,"comment_status":"closed","ping_status":"closed","sticky":false,"template":"","format":"standard","meta":{"footnotes":""},"categories":[1],"tags":[],"class_list":["post-2580","post","type-post","status-publish","format-standard","has-post-thumbnail","hentry","category-allgemein","category-1","description-off"],"yoast_head":"<!-- This site is optimized with the Yoast SEO plugin v26.8 - https:\/\/yoast.com\/product\/yoast-seo-wordpress\/ -->\n<title>Weltladentag - Familienfr\u00fchst\u00fcck f\u00fcr alle - F(l)air-Weltladen-L\u00fcttringhausen<\/title>\n<meta name=\"robots\" content=\"index, follow, max-snippet:-1, max-image-preview:large, max-video-preview:-1\" \/>\n<link rel=\"canonical\" href=\"https:\/\/weltlaeden.de\/flair-weltladen\/weltladentag-familienfruehstueck-fuer-alle\/\" \/>\n<meta property=\"og:locale\" content=\"de_DE\" \/>\n<meta property=\"og:type\" content=\"article\" \/>\n<meta property=\"og:title\" content=\"Weltladentag - Familienfr\u00fchst\u00fcck f\u00fcr alle - F(l)air-Weltladen-L\u00fcttringhausen\" \/>\n<meta property=\"og:description\" content=\"Samstag, 9. Mai 2026, 10:00 \u2013 13:00 Uhr F(l)air-Weltladen, Gertenbachstr. 17, 42899 Remscheid Eintritt frei Der F(l)air-Weltladen l\u00e4dt am Weltladentag zum \u201eFamilienfr\u00fchst\u00fcck f\u00fcr Alle\u201c ein. Der Tag steht unter dem Motto \u201eFair fruchtet\u201c und das l\u00e4sst sich am besten \u00fcber den Gaumen erfahren. Wer dabei Appetit auf weiter Informationen und Hintergrunde bekommt, kann auch diesen&hellip;\" \/>\n<meta property=\"og:url\" content=\"https:\/\/weltlaeden.de\/flair-weltladen\/weltladentag-familienfruehstueck-fuer-alle\/\" \/>\n<meta property=\"og:site_name\" content=\"F(l)air-Weltladen-L\u00fcttringhausen\" \/>\n<meta property=\"article:published_time\" content=\"2026-04-21T15:54:35+00:00\" \/>\n<meta property=\"article:modified_time\" content=\"2026-04-21T15:59:34+00:00\" \/>\n<meta property=\"og:image\" content=\"https:\/\/weltlaeden.de\/flair-weltladen\/wp-content\/uploads\/sites\/32\/2026\/04\/Weltladentag-2-e1776786845664.png\" \/>\n\t<meta property=\"og:image:width\" content=\"687\" \/>\n\t<meta property=\"og:image:height\" content=\"353\" \/>\n\t<meta property=\"og:image:type\" content=\"image\/png\" \/>\n<meta name=\"author\" content=\"ralfschnippering\" \/>\n<meta name=\"twitter:card\" content=\"summary_large_image\" \/>\n<meta name=\"twitter:label1\" content=\"Verfasst von\" \/>\n\t<meta name=\"twitter:data1\" content=\"ralfschnippering\" \/>\n\t<meta name=\"twitter:label2\" content=\"Gesch\u00e4tzte Lesezeit\" \/>\n\t<meta name=\"twitter:data2\" content=\"1\u00a0Minute\" \/>\n<script type=\"application\/ld+json\" class=\"yoast-schema-graph\">{\"@context\":\"https:\/\/schema.org\",\"@graph\":[{\"@type\":\"Article\",\"@id\":\"https:\/\/weltlaeden.de\/flair-weltladen\/weltladentag-familienfruehstueck-fuer-alle\/#article\",\"isPartOf\":{\"@id\":\"https:\/\/weltlaeden.de\/flair-weltladen\/weltladentag-familienfruehstueck-fuer-alle\/\"},\"author\":{\"name\":\"ralfschnippering\",\"@id\":\"https:\/\/weltlaeden.de\/flair-weltladen\/#\/schema\/person\/34e1c33ea0c820c6b6000eab819c729b\"},\"headline\":\"Weltladentag &#8211; Familienfr\u00fchst\u00fcck f\u00fcr alle\",\"datePublished\":\"2026-04-21T15:54:35+00:00\",\"dateModified\":\"2026-04-21T15:59:34+00:00\",\"mainEntityOfPage\":{\"@id\":\"https:\/\/weltlaeden.de\/flair-weltladen\/weltladentag-familienfruehstueck-fuer-alle\/\"},\"wordCount\":89,\"image\":{\"@id\":\"https:\/\/weltlaeden.de\/flair-weltladen\/weltladentag-familienfruehstueck-fuer-alle\/#primaryimage\"},\"thumbnailUrl\":\"https:\/\/weltlaeden.de\/flair-weltladen\/wp-content\/uploads\/sites\/32\/2026\/04\/Weltladentag-2-e1776786845664.png\",\"articleSection\":[\"Keine Kategorie\"],\"inLanguage\":\"de\"},{\"@type\":\"WebPage\",\"@id\":\"https:\/\/weltlaeden.de\/flair-weltladen\/weltladentag-familienfruehstueck-fuer-alle\/\",\"url\":\"https:\/\/weltlaeden.de\/flair-weltladen\/weltladentag-familienfruehstueck-fuer-alle\/\",\"name\":\"Weltladentag - Familienfr\u00fchst\u00fcck f\u00fcr alle - F(l)air-Weltladen-L\u00fcttringhausen\",\"isPartOf\":{\"@id\":\"https:\/\/weltlaeden.de\/flair-weltladen\/#website\"},\"primaryImageOfPage\":{\"@id\":\"https:\/\/weltlaeden.de\/flair-weltladen\/weltladentag-familienfruehstueck-fuer-alle\/#primaryimage\"},\"image\":{\"@id\":\"https:\/\/weltlaeden.de\/flair-weltladen\/weltladentag-familienfruehstueck-fuer-alle\/#primaryimage\"},\"thumbnailUrl\":\"https:\/\/weltlaeden.de\/flair-weltladen\/wp-content\/uploads\/sites\/32\/2026\/04\/Weltladentag-2-e1776786845664.png\",\"datePublished\":\"2026-04-21T15:54:35+00:00\",\"dateModified\":\"2026-04-21T15:59:34+00:00\",\"author\":{\"@id\":\"https:\/\/weltlaeden.de\/flair-weltladen\/#\/schema\/person\/34e1c33ea0c820c6b6000eab819c729b\"},\"breadcrumb\":{\"@id\":\"https:\/\/weltlaeden.de\/flair-weltladen\/weltladentag-familienfruehstueck-fuer-alle\/#breadcrumb\"},\"inLanguage\":\"de\",\"potentialAction\":[{\"@type\":\"ReadAction\",\"target\":[\"https:\/\/weltlaeden.de\/flair-weltladen\/weltladentag-familienfruehstueck-fuer-alle\/\"]}]},{\"@type\":\"ImageObject\",\"inLanguage\":\"de\",\"@id\":\"https:\/\/weltlaeden.de\/flair-weltladen\/weltladentag-familienfruehstueck-fuer-alle\/#primaryimage\",\"url\":\"https:\/\/weltlaeden.de\/flair-weltladen\/wp-content\/uploads\/sites\/32\/2026\/04\/Weltladentag-2-e1776786845664.png\",\"contentUrl\":\"https:\/\/weltlaeden.de\/flair-weltladen\/wp-content\/uploads\/sites\/32\/2026\/04\/Weltladentag-2-e1776786845664.png\",\"width\":687,\"height\":353},{\"@type\":\"BreadcrumbList\",\"@id\":\"https:\/\/weltlaeden.de\/flair-weltladen\/weltladentag-familienfruehstueck-fuer-alle\/#breadcrumb\",\"itemListElement\":[{\"@type\":\"ListItem\",\"position\":1,\"name\":\"Startseite\",\"item\":\"https:\/\/weltlaeden.de\/flair-weltladen\/\"},{\"@type\":\"ListItem\",\"position\":2,\"name\":\"Weltladentag &#8211; Familienfr\u00fchst\u00fcck f\u00fcr alle\"}]},{\"@type\":\"WebSite\",\"@id\":\"https:\/\/weltlaeden.de\/flair-weltladen\/#website\",\"url\":\"https:\/\/weltlaeden.de\/flair-weltladen\/\",\"name\":\"F(l)air-Weltladen-L\u00fcttringhausen\",\"description\":\"Faire Produkte seit 1990\",\"potentialAction\":[{\"@type\":\"SearchAction\",\"target\":{\"@type\":\"EntryPoint\",\"urlTemplate\":\"https:\/\/weltlaeden.de\/flair-weltladen\/?s={search_term_string}\"},\"query-input\":{\"@type\":\"PropertyValueSpecification\",\"valueRequired\":true,\"valueName\":\"search_term_string\"}}],\"inLanguage\":\"de\"},{\"@type\":\"Person\",\"@id\":\"https:\/\/weltlaeden.de\/flair-weltladen\/#\/schema\/person\/34e1c33ea0c820c6b6000eab819c729b\",\"name\":\"ralfschnippering\",\"image\":{\"@type\":\"ImageObject\",\"inLanguage\":\"de\",\"@id\":\"https:\/\/weltlaeden.de\/flair-weltladen\/#\/schema\/person\/image\/\",\"url\":\"https:\/\/secure.gravatar.com\/avatar\/e64c5ff26b1ef3791e83ab0359d7a377?s=96&d=mm&r=g\",\"contentUrl\":\"https:\/\/secure.gravatar.com\/avatar\/e64c5ff26b1ef3791e83ab0359d7a377?s=96&d=mm&r=g\",\"caption\":\"ralfschnippering\"},\"url\":\"https:\/\/weltlaeden.de\/flair-weltladen\/author\/ralfschnippering\/\"}]}<\/script>\n<!-- \/ Yoast SEO plugin. -->","yoast_head_json":{"title":"Weltladentag - Familienfr\u00fchst\u00fcck f\u00fcr alle - F(l)air-Weltladen-L\u00fcttringhausen","robots":{"index":"index","follow":"follow","max-snippet":"max-snippet:-1","max-image-preview":"max-image-preview:large","max-video-preview":"max-video-preview:-1"},"canonical":"https:\/\/weltlaeden.de\/flair-weltladen\/weltladentag-familienfruehstueck-fuer-alle\/","og_locale":"de_DE","og_type":"article","og_title":"Weltladentag - Familienfr\u00fchst\u00fcck f\u00fcr alle - F(l)air-Weltladen-L\u00fcttringhausen","og_description":"Samstag, 9. Mai 2026, 10:00 \u2013 13:00 Uhr F(l)air-Weltladen, Gertenbachstr. 17, 42899 Remscheid Eintritt frei Der F(l)air-Weltladen l\u00e4dt am Weltladentag zum \u201eFamilienfr\u00fchst\u00fcck f\u00fcr Alle\u201c ein. Der Tag steht unter dem Motto \u201eFair fruchtet\u201c und das l\u00e4sst sich am besten \u00fcber den Gaumen erfahren. Wer dabei Appetit auf weiter Informationen und Hintergrunde bekommt, kann auch diesen&hellip;","og_url":"https:\/\/weltlaeden.de\/flair-weltladen\/weltladentag-familienfruehstueck-fuer-alle\/","og_site_name":"F(l)air-Weltladen-L\u00fcttringhausen","article_published_time":"2026-04-21T15:54:35+00:00","article_modified_time":"2026-04-21T15:59:34+00:00","og_image":[{"width":687,"height":353,"url":"https:\/\/weltlaeden.de\/flair-weltladen\/wp-content\/uploads\/sites\/32\/2026\/04\/Weltladentag-2-e1776786845664.png","type":"image\/png"}],"author":"ralfschnippering","twitter_card":"summary_large_image","twitter_misc":{"Verfasst von":"ralfschnippering","Gesch\u00e4tzte Lesezeit":"1\u00a0Minute"},"schema":{"@context":"https:\/\/schema.org","@graph":[{"@type":"Article","@id":"https:\/\/weltlaeden.de\/flair-weltladen\/weltladentag-familienfruehstueck-fuer-alle\/#article","isPartOf":{"@id":"https:\/\/weltlaeden.de\/flair-weltladen\/weltladentag-familienfruehstueck-fuer-alle\/"},"author":{"name":"ralfschnippering","@id":"https:\/\/weltlaeden.de\/flair-weltladen\/#\/schema\/person\/34e1c33ea0c820c6b6000eab819c729b"},"headline":"Weltladentag &#8211; Familienfr\u00fchst\u00fcck f\u00fcr alle","datePublished":"2026-04-21T15:54:35+00:00","dateModified":"2026-04-21T15:59:34+00:00","mainEntityOfPage":{"@id":"https:\/\/weltlaeden.de\/flair-weltladen\/weltladentag-familienfruehstueck-fuer-alle\/"},"wordCount":89,"image":{"@id":"https:\/\/weltlaeden.de\/flair-weltladen\/weltladentag-familienfruehstueck-fuer-alle\/#primaryimage"},"thumbnailUrl":"https:\/\/weltlaeden.de\/flair-weltladen\/wp-content\/uploads\/sites\/32\/2026\/04\/Weltladentag-2-e1776786845664.png","articleSection":["Keine Kategorie"],"inLanguage":"de"},{"@type":"WebPage","@id":"https:\/\/weltlaeden.de\/flair-weltladen\/weltladentag-familienfruehstueck-fuer-alle\/","url":"https:\/\/weltlaeden.de\/flair-weltladen\/weltladentag-familienfruehstueck-fuer-alle\/","name":"Weltladentag - Familienfr\u00fchst\u00fcck f\u00fcr alle - F(l)air-Weltladen-L\u00fcttringhausen","isPartOf":{"@id":"https:\/\/weltlaeden.de\/flair-weltladen\/#website"},"primaryImageOfPage":{"@id":"https:\/\/weltlaeden.de\/flair-weltladen\/weltladentag-familienfruehstueck-fuer-alle\/#primaryimage"},"image":{"@id":"https:\/\/weltlaeden.de\/flair-weltladen\/weltladentag-familienfruehstueck-fuer-alle\/#primaryimage"},"thumbnailUrl":"https:\/\/weltlaeden.de\/flair-weltladen\/wp-content\/uploads\/sites\/32\/2026\/04\/Weltladentag-2-e1776786845664.png","datePublished":"2026-04-21T15:54:35+00:00","dateModified":"2026-04-21T15:59:34+00:00","author":{"@id":"https:\/\/weltlaeden.de\/flair-weltladen\/#\/schema\/person\/34e1c33ea0c820c6b6000eab819c729b"},"breadcrumb":{"@id":"https:\/\/weltlaeden.de\/flair-weltladen\/weltladentag-familienfruehstueck-fuer-alle\/#breadcrumb"},"inLanguage":"de","potentialAction":[{"@type":"ReadAction","target":["https:\/\/weltlaeden.de\/flair-weltladen\/weltladentag-familienfruehstueck-fuer-alle\/"]}]},{"@type":"ImageObject","inLanguage":"de","@id":"https:\/\/weltlaeden.de\/flair-weltladen\/weltladentag-familienfruehstueck-fuer-alle\/#primaryimage","url":"https:\/\/weltlaeden.de\/flair-weltladen\/wp-content\/uploads\/sites\/32\/2026\/04\/Weltladentag-2-e1776786845664.png","contentUrl":"https:\/\/weltlaeden.de\/flair-weltladen\/wp-content\/uploads\/sites\/32\/2026\/04\/Weltladentag-2-e1776786845664.png","width":687,"height":353},{"@type":"BreadcrumbList","@id":"https:\/\/weltlaeden.de\/flair-weltladen\/weltladentag-familienfruehstueck-fuer-alle\/#breadcrumb","itemListElement":[{"@type":"ListItem","position":1,"name":"Startseite","item":"https:\/\/weltlaeden.de\/flair-weltladen\/"},{"@type":"ListItem","position":2,"name":"Weltladentag &#8211; Familienfr\u00fchst\u00fcck f\u00fcr alle"}]},{"@type":"WebSite","@id":"https:\/\/weltlaeden.de\/flair-weltladen\/#website","url":"https:\/\/weltlaeden.de\/flair-weltladen\/","name":"F(l)air-Weltladen-L\u00fcttringhausen","description":"Faire Produkte seit 1990","potentialAction":[{"@type":"SearchAction","target":{"@type":"EntryPoint","urlTemplate":"https:\/\/weltlaeden.de\/flair-weltladen\/?s={search_term_string}"},"query-input":{"@type":"PropertyValueSpecification","valueRequired":true,"valueName":"search_term_string"}}],"inLanguage":"de"},{"@type":"Person","@id":"https:\/\/weltlaeden.de\/flair-weltladen\/#\/schema\/person\/34e1c33ea0c820c6b6000eab819c729b","name":"ralfschnippering","image":{"@type":"ImageObject","inLanguage":"de","@id":"https:\/\/weltlaeden.de\/flair-weltladen\/#\/schema\/person\/image\/","url":"https:\/\/secure.gravatar.com\/avatar\/e64c5ff26b1ef3791e83ab0359d7a377?s=96&d=mm&r=g","contentUrl":"https:\/\/secure.gravatar.com\/avatar\/e64c5ff26b1ef3791e83ab0359d7a377?s=96&d=mm&r=g","caption":"ralfschnippering"},"url":"https:\/\/weltlaeden.de\/flair-weltladen\/author\/ralfschnippering\/"}]}},"_links":{"self":[{"href":"https:\/\/weltlaeden.de\/flair-weltladen\/wp-json\/wp\/v2\/posts\/2580","targetHints":{"allow":["GET"]}}],"collection":[{"href":"https:\/\/weltlaeden.de\/flair-weltladen\/wp-json\/wp\/v2\/posts"}],"about":[{"href":"https:\/\/weltlaeden.de\/flair-weltladen\/wp-json\/wp\/v2\/types\/post"}],"author":[{"embeddable":true,"href":"https:\/\/weltlaeden.de\/flair-weltladen\/wp-json\/wp\/v2\/users\/304"}],"replies":[{"embeddable":true,"href":"https:\/\/weltlaeden.de\/flair-weltladen\/wp-json\/wp\/v2\/comments?post=2580"}],"version-history":[{"count":1,"href":"https:\/\/weltlaeden.de\/flair-weltladen\/wp-json\/wp\/v2\/posts\/2580\/revisions"}],"predecessor-version":[{"id":2581,"href":"https:\/\/weltlaeden.de\/flair-weltladen\/wp-json\/wp\/v2\/posts\/2580\/revisions\/2581"}],"wp:featuredmedia":[{"embeddable":true,"href":"https:\/\/weltlaeden.de\/flair-weltladen\/wp-json\/wp\/v2\/media\/2583"}],"wp:attachment":[{"href":"https:\/\/weltlaeden.de\/flair-weltladen\/wp-json\/wp\/v2\/media?parent=2580"}],"wp:term":[{"taxonomy":"category","embeddable":true,"href":"https:\/\/weltlaeden.de\/flair-weltladen\/wp-json\/wp\/v2\/categories?post=2580"},{"taxonomy":"post_tag","embeddable":true,"href":"https:\/\/weltlaeden.de\/flair-weltladen\/wp-json\/wp\/v2\/tags?post=2580"}],"curies":[{"name":"wp","href":"https:\/\/api.w.org\/{rel}","templated":true}]}}