{"id":2573,"date":"2026-04-21T17:31:16","date_gmt":"2026-04-21T15:31:16","guid":{"rendered":"https:\/\/weltlaeden.de\/flair-weltladen\/?p=2573"},"modified":"2026-04-21T18:01:18","modified_gmt":"2026-04-21T16:01:18","slug":"bittere-orangen","status":"publish","type":"post","link":"https:\/\/weltlaeden.de\/flair-weltladen\/bittere-orangen\/","title":{"rendered":"Bittere Orangen"},"content":{"rendered":"<p class=\"western\"><strong><span style=\"color: #000000\"><span style=\"font-family: Gill Sans Nova, sans-serif\"><span style=\"font-size: medium\">Montag, <\/span><\/span><\/span><span style=\"color: #000000\"><span style=\"font-family: Gill Sans Nova, sans-serif\"><span style=\"font-size: medium\">4. Mai 2026, 19:00 Uhr<\/span><\/span><\/span><\/strong><\/p>\n<p class=\"western\"><strong><span style=\"color: #000000\"><span style=\"font-family: Gill Sans Nova, sans-serif\"><span style=\"font-size: medium\">F(l)air-Weltladen, Gertenbachstra\u00dfe 17, 42899 Remscheid<\/span><\/span><\/span><\/strong><\/p>\n<p class=\"western\" align=\"left\"><span style=\"font-family: Gill Sans Nova, sans-serif\"><span style=\"font-size: medium\">&#8222;Bittere Orangen \/ Aktion \u201eS\u00fc\u00df statt bitter!\u201c &#8211; Vortrag und Diskussion, Eintritt frei<\/span><\/span><\/p>\n<p class=\"western\" align=\"left\"><span style=\"font-family: Gill Sans Nova, sans-serif\"><span style=\"font-size: medium\">Orangen geh\u00f6ren hierzulande zur kalten Jahreszeit. Aus Italiens S\u00fcden kommen sie nach Deutschland. Auf Kalabriens Obstfeldern schuften rund 2.000 afrikanische Wanderarbeiter als Erntehelfer. Sie erhalten daf\u00fcr nur etwa 30 Euro am Tag. Kein Lohn, der f\u00fcr ein Leben in W\u00fcrde reicht. Sie hausen in einfachen H\u00fctten, ohne flie\u00dfend Wasser und Strom. Die Kleinbauern wiederum k\u00f6nnen ihnen nur Billigl\u00f6hne zahlen, weil die niedrigen Preise der Supermarktketten ihnen keine andere Wahl lassen.\u00a0<\/span><\/span><\/p>\n<p class=\"western\" align=\"left\"><span style=\"font-family: Gill Sans Nova, sans-serif\"><span style=\"font-size: medium\">Diese Spirale durchbricht \u201eSOS Rosarno\u201c. Der Verein sucht den direkten Kontakt zwischen Obstbauern, Arbeitern und Einkaufsgemeinschaften, damit alle einen fairen Preis erhalten. Au\u00dferdem unterst\u00fctzt SOS Rosarno die Fl\u00fcchtlingsarbeit der Waldenser Kirche \u2013 das Projekt \u201eMediterranean Hope\u201c. <\/span><\/span><\/p>\n<p class=\"western\" align=\"left\"><span style=\"font-family: Gill Sans Nova, sans-serif\"><span style=\"font-size: medium\">Die Orangenaktion \u201eS\u00fc\u00df statt bitter\u201c bringt diese Fr\u00fcchte ins Bergische Land und macht damit auf unmenschliche Zust\u00e4nde und moderne Sklaverei bei der Obsternte in S\u00fcditalien aufmerksam. Sie zeigt auf, wie fairer Handel gelingen kann und schafft Bewusstsein f\u00fcr alternative Handelsmodelle. Mit dem Ankauf der kalabrischen Orangen leistet die Orangenaktion zudem einen konkreten Beitrag, damit das Projekt S.O.S. Rosarno ein Erfolg wird und viele Nachahmer findet.<\/span><\/span><\/p>\n<p class=\"western\" align=\"left\"><span style=\"font-family: Gill Sans Nova, sans-serif\"><span style=\"font-size: medium\">Die Aktion wird im Bergischen Land vom lokalen, \u00fcberwiegend ehrenamtlichen Orangennetzwerk koordiniert.<\/span><\/span><\/p>\n<p class=\"western\" align=\"left\"><span style=\"font-family: Gill Sans Nova, sans-serif\"><span style=\"font-size: medium\">Referent*in: Matthias Schmid, Koordinator im Regionalen Dienst der Vereinten Evangelischen Mission \/ Cornelia Hoffmann, Pfadfinder Grafen von Berg aus Remscheid<\/span><\/span><\/p>\n","protected":false},"excerpt":{"rendered":"<p>Montag, 4. Mai 2026, 19:00 Uhr F(l)air-Weltladen, Gertenbachstra\u00dfe 17, 42899 Remscheid &#8222;Bittere Orangen \/ Aktion \u201eS\u00fc\u00df statt bitter!\u201c &#8211; Vortrag und Diskussion, Eintritt frei Orangen geh\u00f6ren hierzulande zur kalten Jahreszeit. Aus Italiens S\u00fcden kommen sie nach Deutschland. Auf Kalabriens Obstfeldern schuften rund 2.000 afrikanische Wanderarbeiter als Erntehelfer. Sie erhalten daf\u00fcr nur etwa 30 Euro am&hellip;<\/p>\n","protected":false},"author":304,"featured_media":2575,"comment_status":"closed","ping_status":"closed","sticky":false,"template":"","format":"standard","meta":{"footnotes":""},"categories":[1],"tags":[],"class_list":["post-2573","post","type-post","status-publish","format-standard","has-post-thumbnail","hentry","category-allgemein","category-1","description-off"],"yoast_head":"<!-- This site is optimized with the Yoast SEO plugin v26.8 - https:\/\/yoast.com\/product\/yoast-seo-wordpress\/ -->\n<title>Bittere Orangen - F(l)air-Weltladen-L\u00fcttringhausen<\/title>\n<meta name=\"robots\" content=\"index, follow, max-snippet:-1, max-image-preview:large, max-video-preview:-1\" \/>\n<link rel=\"canonical\" href=\"https:\/\/weltlaeden.de\/flair-weltladen\/bittere-orangen\/\" \/>\n<meta property=\"og:locale\" content=\"de_DE\" \/>\n<meta property=\"og:type\" content=\"article\" \/>\n<meta property=\"og:title\" content=\"Bittere Orangen - F(l)air-Weltladen-L\u00fcttringhausen\" \/>\n<meta property=\"og:description\" content=\"Montag, 4. Mai 2026, 19:00 Uhr F(l)air-Weltladen, Gertenbachstra\u00dfe 17, 42899 Remscheid &#8222;Bittere Orangen \/ Aktion \u201eS\u00fc\u00df statt bitter!\u201c &#8211; Vortrag und Diskussion, Eintritt frei Orangen geh\u00f6ren hierzulande zur kalten Jahreszeit. Aus Italiens S\u00fcden kommen sie nach Deutschland. Auf Kalabriens Obstfeldern schuften rund 2.000 afrikanische Wanderarbeiter als Erntehelfer. Sie erhalten daf\u00fcr nur etwa 30 Euro am&hellip;\" \/>\n<meta property=\"og:url\" content=\"https:\/\/weltlaeden.de\/flair-weltladen\/bittere-orangen\/\" \/>\n<meta property=\"og:site_name\" content=\"F(l)air-Weltladen-L\u00fcttringhausen\" \/>\n<meta property=\"article:published_time\" content=\"2026-04-21T15:31:16+00:00\" \/>\n<meta property=\"article:modified_time\" content=\"2026-04-21T16:01:18+00:00\" \/>\n<meta property=\"og:image\" content=\"https:\/\/weltlaeden.de\/flair-weltladen\/wp-content\/uploads\/sites\/32\/2026\/04\/Bittere-Orangen.png\" \/>\n\t<meta property=\"og:image:width\" content=\"941\" \/>\n\t<meta property=\"og:image:height\" content=\"517\" \/>\n\t<meta property=\"og:image:type\" content=\"image\/png\" \/>\n<meta name=\"author\" content=\"ralfschnippering\" \/>\n<meta name=\"twitter:card\" content=\"summary_large_image\" \/>\n<meta name=\"twitter:label1\" content=\"Verfasst von\" \/>\n\t<meta name=\"twitter:data1\" content=\"ralfschnippering\" \/>\n\t<meta name=\"twitter:label2\" content=\"Gesch\u00e4tzte Lesezeit\" \/>\n\t<meta name=\"twitter:data2\" content=\"2\u00a0Minuten\" \/>\n<script type=\"application\/ld+json\" class=\"yoast-schema-graph\">{\"@context\":\"https:\/\/schema.org\",\"@graph\":[{\"@type\":\"Article\",\"@id\":\"https:\/\/weltlaeden.de\/flair-weltladen\/bittere-orangen\/#article\",\"isPartOf\":{\"@id\":\"https:\/\/weltlaeden.de\/flair-weltladen\/bittere-orangen\/\"},\"author\":{\"name\":\"ralfschnippering\",\"@id\":\"https:\/\/weltlaeden.de\/flair-weltladen\/#\/schema\/person\/34e1c33ea0c820c6b6000eab819c729b\"},\"headline\":\"Bittere Orangen\",\"datePublished\":\"2026-04-21T15:31:16+00:00\",\"dateModified\":\"2026-04-21T16:01:18+00:00\",\"mainEntityOfPage\":{\"@id\":\"https:\/\/weltlaeden.de\/flair-weltladen\/bittere-orangen\/\"},\"wordCount\":241,\"image\":{\"@id\":\"https:\/\/weltlaeden.de\/flair-weltladen\/bittere-orangen\/#primaryimage\"},\"thumbnailUrl\":\"https:\/\/weltlaeden.de\/flair-weltladen\/wp-content\/uploads\/sites\/32\/2026\/04\/Bittere-Orangen.png\",\"articleSection\":[\"Keine Kategorie\"],\"inLanguage\":\"de\"},{\"@type\":\"WebPage\",\"@id\":\"https:\/\/weltlaeden.de\/flair-weltladen\/bittere-orangen\/\",\"url\":\"https:\/\/weltlaeden.de\/flair-weltladen\/bittere-orangen\/\",\"name\":\"Bittere Orangen - F(l)air-Weltladen-L\u00fcttringhausen\",\"isPartOf\":{\"@id\":\"https:\/\/weltlaeden.de\/flair-weltladen\/#website\"},\"primaryImageOfPage\":{\"@id\":\"https:\/\/weltlaeden.de\/flair-weltladen\/bittere-orangen\/#primaryimage\"},\"image\":{\"@id\":\"https:\/\/weltlaeden.de\/flair-weltladen\/bittere-orangen\/#primaryimage\"},\"thumbnailUrl\":\"https:\/\/weltlaeden.de\/flair-weltladen\/wp-content\/uploads\/sites\/32\/2026\/04\/Bittere-Orangen.png\",\"datePublished\":\"2026-04-21T15:31:16+00:00\",\"dateModified\":\"2026-04-21T16:01:18+00:00\",\"author\":{\"@id\":\"https:\/\/weltlaeden.de\/flair-weltladen\/#\/schema\/person\/34e1c33ea0c820c6b6000eab819c729b\"},\"breadcrumb\":{\"@id\":\"https:\/\/weltlaeden.de\/flair-weltladen\/bittere-orangen\/#breadcrumb\"},\"inLanguage\":\"de\",\"potentialAction\":[{\"@type\":\"ReadAction\",\"target\":[\"https:\/\/weltlaeden.de\/flair-weltladen\/bittere-orangen\/\"]}]},{\"@type\":\"ImageObject\",\"inLanguage\":\"de\",\"@id\":\"https:\/\/weltlaeden.de\/flair-weltladen\/bittere-orangen\/#primaryimage\",\"url\":\"https:\/\/weltlaeden.de\/flair-weltladen\/wp-content\/uploads\/sites\/32\/2026\/04\/Bittere-Orangen.png\",\"contentUrl\":\"https:\/\/weltlaeden.de\/flair-weltladen\/wp-content\/uploads\/sites\/32\/2026\/04\/Bittere-Orangen.png\",\"width\":941,\"height\":517},{\"@type\":\"BreadcrumbList\",\"@id\":\"https:\/\/weltlaeden.de\/flair-weltladen\/bittere-orangen\/#breadcrumb\",\"itemListElement\":[{\"@type\":\"ListItem\",\"position\":1,\"name\":\"Startseite\",\"item\":\"https:\/\/weltlaeden.de\/flair-weltladen\/\"},{\"@type\":\"ListItem\",\"position\":2,\"name\":\"Bittere Orangen\"}]},{\"@type\":\"WebSite\",\"@id\":\"https:\/\/weltlaeden.de\/flair-weltladen\/#website\",\"url\":\"https:\/\/weltlaeden.de\/flair-weltladen\/\",\"name\":\"F(l)air-Weltladen-L\u00fcttringhausen\",\"description\":\"Faire Produkte seit 1990\",\"potentialAction\":[{\"@type\":\"SearchAction\",\"target\":{\"@type\":\"EntryPoint\",\"urlTemplate\":\"https:\/\/weltlaeden.de\/flair-weltladen\/?s={search_term_string}\"},\"query-input\":{\"@type\":\"PropertyValueSpecification\",\"valueRequired\":true,\"valueName\":\"search_term_string\"}}],\"inLanguage\":\"de\"},{\"@type\":\"Person\",\"@id\":\"https:\/\/weltlaeden.de\/flair-weltladen\/#\/schema\/person\/34e1c33ea0c820c6b6000eab819c729b\",\"name\":\"ralfschnippering\",\"image\":{\"@type\":\"ImageObject\",\"inLanguage\":\"de\",\"@id\":\"https:\/\/weltlaeden.de\/flair-weltladen\/#\/schema\/person\/image\/\",\"url\":\"https:\/\/secure.gravatar.com\/avatar\/e64c5ff26b1ef3791e83ab0359d7a377?s=96&d=mm&r=g\",\"contentUrl\":\"https:\/\/secure.gravatar.com\/avatar\/e64c5ff26b1ef3791e83ab0359d7a377?s=96&d=mm&r=g\",\"caption\":\"ralfschnippering\"},\"url\":\"https:\/\/weltlaeden.de\/flair-weltladen\/author\/ralfschnippering\/\"}]}<\/script>\n<!-- \/ Yoast SEO plugin. -->","yoast_head_json":{"title":"Bittere Orangen - F(l)air-Weltladen-L\u00fcttringhausen","robots":{"index":"index","follow":"follow","max-snippet":"max-snippet:-1","max-image-preview":"max-image-preview:large","max-video-preview":"max-video-preview:-1"},"canonical":"https:\/\/weltlaeden.de\/flair-weltladen\/bittere-orangen\/","og_locale":"de_DE","og_type":"article","og_title":"Bittere Orangen - F(l)air-Weltladen-L\u00fcttringhausen","og_description":"Montag, 4. Mai 2026, 19:00 Uhr F(l)air-Weltladen, Gertenbachstra\u00dfe 17, 42899 Remscheid &#8222;Bittere Orangen \/ Aktion \u201eS\u00fc\u00df statt bitter!\u201c &#8211; Vortrag und Diskussion, Eintritt frei Orangen geh\u00f6ren hierzulande zur kalten Jahreszeit. Aus Italiens S\u00fcden kommen sie nach Deutschland. Auf Kalabriens Obstfeldern schuften rund 2.000 afrikanische Wanderarbeiter als Erntehelfer. Sie erhalten daf\u00fcr nur etwa 30 Euro am&hellip;","og_url":"https:\/\/weltlaeden.de\/flair-weltladen\/bittere-orangen\/","og_site_name":"F(l)air-Weltladen-L\u00fcttringhausen","article_published_time":"2026-04-21T15:31:16+00:00","article_modified_time":"2026-04-21T16:01:18+00:00","og_image":[{"width":941,"height":517,"url":"https:\/\/weltlaeden.de\/flair-weltladen\/wp-content\/uploads\/sites\/32\/2026\/04\/Bittere-Orangen.png","type":"image\/png"}],"author":"ralfschnippering","twitter_card":"summary_large_image","twitter_misc":{"Verfasst von":"ralfschnippering","Gesch\u00e4tzte Lesezeit":"2\u00a0Minuten"},"schema":{"@context":"https:\/\/schema.org","@graph":[{"@type":"Article","@id":"https:\/\/weltlaeden.de\/flair-weltladen\/bittere-orangen\/#article","isPartOf":{"@id":"https:\/\/weltlaeden.de\/flair-weltladen\/bittere-orangen\/"},"author":{"name":"ralfschnippering","@id":"https:\/\/weltlaeden.de\/flair-weltladen\/#\/schema\/person\/34e1c33ea0c820c6b6000eab819c729b"},"headline":"Bittere Orangen","datePublished":"2026-04-21T15:31:16+00:00","dateModified":"2026-04-21T16:01:18+00:00","mainEntityOfPage":{"@id":"https:\/\/weltlaeden.de\/flair-weltladen\/bittere-orangen\/"},"wordCount":241,"image":{"@id":"https:\/\/weltlaeden.de\/flair-weltladen\/bittere-orangen\/#primaryimage"},"thumbnailUrl":"https:\/\/weltlaeden.de\/flair-weltladen\/wp-content\/uploads\/sites\/32\/2026\/04\/Bittere-Orangen.png","articleSection":["Keine Kategorie"],"inLanguage":"de"},{"@type":"WebPage","@id":"https:\/\/weltlaeden.de\/flair-weltladen\/bittere-orangen\/","url":"https:\/\/weltlaeden.de\/flair-weltladen\/bittere-orangen\/","name":"Bittere Orangen - F(l)air-Weltladen-L\u00fcttringhausen","isPartOf":{"@id":"https:\/\/weltlaeden.de\/flair-weltladen\/#website"},"primaryImageOfPage":{"@id":"https:\/\/weltlaeden.de\/flair-weltladen\/bittere-orangen\/#primaryimage"},"image":{"@id":"https:\/\/weltlaeden.de\/flair-weltladen\/bittere-orangen\/#primaryimage"},"thumbnailUrl":"https:\/\/weltlaeden.de\/flair-weltladen\/wp-content\/uploads\/sites\/32\/2026\/04\/Bittere-Orangen.png","datePublished":"2026-04-21T15:31:16+00:00","dateModified":"2026-04-21T16:01:18+00:00","author":{"@id":"https:\/\/weltlaeden.de\/flair-weltladen\/#\/schema\/person\/34e1c33ea0c820c6b6000eab819c729b"},"breadcrumb":{"@id":"https:\/\/weltlaeden.de\/flair-weltladen\/bittere-orangen\/#breadcrumb"},"inLanguage":"de","potentialAction":[{"@type":"ReadAction","target":["https:\/\/weltlaeden.de\/flair-weltladen\/bittere-orangen\/"]}]},{"@type":"ImageObject","inLanguage":"de","@id":"https:\/\/weltlaeden.de\/flair-weltladen\/bittere-orangen\/#primaryimage","url":"https:\/\/weltlaeden.de\/flair-weltladen\/wp-content\/uploads\/sites\/32\/2026\/04\/Bittere-Orangen.png","contentUrl":"https:\/\/weltlaeden.de\/flair-weltladen\/wp-content\/uploads\/sites\/32\/2026\/04\/Bittere-Orangen.png","width":941,"height":517},{"@type":"BreadcrumbList","@id":"https:\/\/weltlaeden.de\/flair-weltladen\/bittere-orangen\/#breadcrumb","itemListElement":[{"@type":"ListItem","position":1,"name":"Startseite","item":"https:\/\/weltlaeden.de\/flair-weltladen\/"},{"@type":"ListItem","position":2,"name":"Bittere Orangen"}]},{"@type":"WebSite","@id":"https:\/\/weltlaeden.de\/flair-weltladen\/#website","url":"https:\/\/weltlaeden.de\/flair-weltladen\/","name":"F(l)air-Weltladen-L\u00fcttringhausen","description":"Faire Produkte seit 1990","potentialAction":[{"@type":"SearchAction","target":{"@type":"EntryPoint","urlTemplate":"https:\/\/weltlaeden.de\/flair-weltladen\/?s={search_term_string}"},"query-input":{"@type":"PropertyValueSpecification","valueRequired":true,"valueName":"search_term_string"}}],"inLanguage":"de"},{"@type":"Person","@id":"https:\/\/weltlaeden.de\/flair-weltladen\/#\/schema\/person\/34e1c33ea0c820c6b6000eab819c729b","name":"ralfschnippering","image":{"@type":"ImageObject","inLanguage":"de","@id":"https:\/\/weltlaeden.de\/flair-weltladen\/#\/schema\/person\/image\/","url":"https:\/\/secure.gravatar.com\/avatar\/e64c5ff26b1ef3791e83ab0359d7a377?s=96&d=mm&r=g","contentUrl":"https:\/\/secure.gravatar.com\/avatar\/e64c5ff26b1ef3791e83ab0359d7a377?s=96&d=mm&r=g","caption":"ralfschnippering"},"url":"https:\/\/weltlaeden.de\/flair-weltladen\/author\/ralfschnippering\/"}]}},"_links":{"self":[{"href":"https:\/\/weltlaeden.de\/flair-weltladen\/wp-json\/wp\/v2\/posts\/2573","targetHints":{"allow":["GET"]}}],"collection":[{"href":"https:\/\/weltlaeden.de\/flair-weltladen\/wp-json\/wp\/v2\/posts"}],"about":[{"href":"https:\/\/weltlaeden.de\/flair-weltladen\/wp-json\/wp\/v2\/types\/post"}],"author":[{"embeddable":true,"href":"https:\/\/weltlaeden.de\/flair-weltladen\/wp-json\/wp\/v2\/users\/304"}],"replies":[{"embeddable":true,"href":"https:\/\/weltlaeden.de\/flair-weltladen\/wp-json\/wp\/v2\/comments?post=2573"}],"version-history":[{"count":6,"href":"https:\/\/weltlaeden.de\/flair-weltladen\/wp-json\/wp\/v2\/posts\/2573\/revisions"}],"predecessor-version":[{"id":2588,"href":"https:\/\/weltlaeden.de\/flair-weltladen\/wp-json\/wp\/v2\/posts\/2573\/revisions\/2588"}],"wp:featuredmedia":[{"embeddable":true,"href":"https:\/\/weltlaeden.de\/flair-weltladen\/wp-json\/wp\/v2\/media\/2575"}],"wp:attachment":[{"href":"https:\/\/weltlaeden.de\/flair-weltladen\/wp-json\/wp\/v2\/media?parent=2573"}],"wp:term":[{"taxonomy":"category","embeddable":true,"href":"https:\/\/weltlaeden.de\/flair-weltladen\/wp-json\/wp\/v2\/categories?post=2573"},{"taxonomy":"post_tag","embeddable":true,"href":"https:\/\/weltlaeden.de\/flair-weltladen\/wp-json\/wp\/v2\/tags?post=2573"}],"curies":[{"name":"wp","href":"https:\/\/api.w.org\/{rel}","templated":true}]}}