{"id":2549,"date":"2026-03-06T10:41:32","date_gmt":"2026-03-06T09:41:32","guid":{"rendered":"https:\/\/weltlaeden.de\/flair-weltladen\/?p=2549"},"modified":"2026-03-06T10:42:02","modified_gmt":"2026-03-06T09:42:02","slug":"neve-shalom-wahat-al-salam-das-friedensdorf-in-israel","status":"publish","type":"post","link":"https:\/\/weltlaeden.de\/flair-weltladen\/neve-shalom-wahat-al-salam-das-friedensdorf-in-israel\/","title":{"rendered":"Neve Shalom \/ Wahat al-Salam &#8211; Das Friedensdorf in Israel"},"content":{"rendered":"<p style=\"text-align: center\" align=\"center\"><span style=\"font-family: Gill Sans Nova, sans-serif\"><span style=\"font-size: small\">Am <strong>Montag, dem 16. M\u00e4rz 2026, um 19:00 Uhr<\/strong>,\u00a0 findet im F(l)air-Weltladen L\u00fcttringhausen folgende Veranstaltung statt:<\/span><\/span><\/p>\n<p align=\"center\"><span style=\"font-family: Gill Sans Nova, sans-serif\"><span style=\"font-size: small\">Neve Shalom \u2219 Wahat al-Salam (Oase des Friedens)<\/span><\/span><\/p>\n<p align=\"center\"><span style=\"font-family: Gill Sans Nova, sans-serif\"><span style=\"font-size: small\">Das Friedensdorf in Israel<\/span><\/span><\/p>\n<p align=\"center\"><span style=\"font-family: Gill Sans Nova, sans-serif\"><span style=\"font-size: small\">Das Miteinander in Zeiten der Polarisierung<\/span><\/span><\/p>\n<p>\u201c<span style=\"font-family: Gill Sans Nova, sans-serif\"><span style=\"font-size: small\"><i>Wir dachten an ein kleines Dorf, das Menschen aus den verschiedenen Gemeinschaften des Landes umfasste. (\u2026) Dort wollten wir eine Friedensschule errichten. Denn Frieden entsteht nicht von selbst, er muss gelernt werden.\u201d<\/i><\/span><\/span><\/p>\n<p>\u2013 <span style=\"font-family: Gill Sans Nova, sans-serif\"><span style=\"font-size: small\"><i>Bruno Hussar: Ein Weg der Vers\u00f6hnung. Juden, Christen und Moslems in Israel \u2013<\/i><\/span><\/span><\/p>\n<p><span style=\"font-family: Gill Sans Nova, sans-serif\"><span style=\"font-size: small\">In Neve Shalom \u2219 Wahat al-Salam (Oase des Friedens) leben seit fast 50 Jahren j\u00fcdische und pal\u00e4stinensische Israelis vollkommen gleichberechtigt und friedlich zusammen. H<span style=\"color: #000000\">ebr\u00e4isch und Arabisch, die verschiedenen Religionen und Kulturen und die beiden nationalen Identit\u00e4ten werden von den Bewohnern gleicherma\u00dfen respektiert \u2013 eine t\u00e4glich neu zu bew\u00e4ltigende Herausforderung f\u00fcr die Dorfgemeinschaft und ihre Bildungseinrichtungen. <\/span><\/span><\/span><\/p>\n<p><span style=\"font-size: small\"><span style=\"color: #000000\"><span style=\"font-family: Gill Sans Nova, sans-serif\">Viele Konflikte haben <\/span><\/span><span style=\"color: #000000\"><span style=\"font-family: Gill Sans Nova, sans-serif\">die Dorfbewohner<\/span><\/span><span style=\"color: #000000\"><span style=\"font-family: Gill Sans Nova, sans-serif\"> bereits erlebt und gemeistert. W\u00e4hrend der zahlreichen Kriege und Krisen sind sie beieinander geblieben und haben sich f\u00fcr volle Gleichberechtigung der beiden V\u00f6lker und gegen die Besatzung und Vertreibung von Pal\u00e4stinensern eingesetzt. Bis heute stehen sie miteinander ein f\u00fcr Menschlichkeit und einen gleichberechtigten Dialog und setzen sich f\u00fcr Sicherheit und Frieden f\u00fcr beide V\u00f6lker ein. <\/span><\/span><\/span><\/p>\n<p><span style=\"font-family: Gill Sans Nova, sans-serif\"><span style=\"font-size: small\"><span style=\"color: #000000\">Wie schaffen es die Menschen in Neve Shalom \u2219 Wahat al-Salam, Gegens\u00e4tze zu vers\u00f6hnen, die nicht nur in Israel und Pal\u00e4stina sondern auch bei uns hier in Deutschland zurzeit als unvers\u00f6hnbar erscheinen? \u2013 Die Dorfbewohner sind auch heute in vielem nicht einer Meinung. Doch selbst jetzt k\u00fcndigen sie ihr Zusammenleben nicht auf. Stattdessen erkl\u00e4ren sie sich damit einverstanden, nicht einverstanden zu sein und arbeiten gemeinsam am gegenseitigen Verstehen. Sie haben verstanden, dass es einen tragf\u00e4higen Frieden und ein sicheres Leben f\u00fcr beide Seiten nur geben wird, wenn die beiden verfeindeten Nationen einen Dialog auf Augenh\u00f6he beginnen und gleichberechtigt miteinander \u00fcber L\u00f6sungen nachdenken.<\/span><\/span><\/span><\/p>\n<p><span style=\"font-family: Gill Sans Nova, sans-serif\"><span style=\"font-size: small\"><span style=\"color: #000000\">Referent: Dr. Hans-Michael Jarzembowski, Vorstandsmitglied der Freunde von Neve Shalom \u2013 Wahat al-Salam e. V.<\/span><\/span><\/span><\/p>\n<p>&nbsp;<\/p>\n<p><a name=\"_GoBack\"><\/a><\/p>\n","protected":false},"excerpt":{"rendered":"<p>Am Montag, dem 16. M\u00e4rz 2026, um 19:00 Uhr,\u00a0 findet im F(l)air-Weltladen L\u00fcttringhausen folgende Veranstaltung statt: Neve Shalom \u2219 Wahat al-Salam (Oase des Friedens) Das Friedensdorf in Israel Das Miteinander in Zeiten der Polarisierung \u201cWir dachten an ein kleines Dorf, das Menschen aus den verschiedenen Gemeinschaften des Landes umfasste. (\u2026) Dort wollten wir eine Friedensschule&hellip;<\/p>\n","protected":false},"author":304,"featured_media":2551,"comment_status":"closed","ping_status":"closed","sticky":false,"template":"","format":"standard","meta":{"footnotes":""},"categories":[1],"tags":[],"class_list":["post-2549","post","type-post","status-publish","format-standard","has-post-thumbnail","hentry","category-allgemein","category-1","description-off"],"yoast_head":"<!-- This site is optimized with the Yoast SEO plugin v26.8 - https:\/\/yoast.com\/product\/yoast-seo-wordpress\/ -->\n<title>Neve Shalom \/ Wahat al-Salam - Das Friedensdorf in Israel - F(l)air-Weltladen-L\u00fcttringhausen<\/title>\n<meta name=\"robots\" content=\"index, follow, max-snippet:-1, max-image-preview:large, max-video-preview:-1\" \/>\n<link rel=\"canonical\" href=\"https:\/\/weltlaeden.de\/flair-weltladen\/neve-shalom-wahat-al-salam-das-friedensdorf-in-israel\/\" \/>\n<meta property=\"og:locale\" content=\"de_DE\" \/>\n<meta property=\"og:type\" content=\"article\" \/>\n<meta property=\"og:title\" content=\"Neve Shalom \/ Wahat al-Salam - Das Friedensdorf in Israel - F(l)air-Weltladen-L\u00fcttringhausen\" \/>\n<meta property=\"og:description\" content=\"Am Montag, dem 16. M\u00e4rz 2026, um 19:00 Uhr,\u00a0 findet im F(l)air-Weltladen L\u00fcttringhausen folgende Veranstaltung statt: Neve Shalom \u2219 Wahat al-Salam (Oase des Friedens) Das Friedensdorf in Israel Das Miteinander in Zeiten der Polarisierung \u201cWir dachten an ein kleines Dorf, das Menschen aus den verschiedenen Gemeinschaften des Landes umfasste. (\u2026) Dort wollten wir eine Friedensschule&hellip;\" \/>\n<meta property=\"og:url\" content=\"https:\/\/weltlaeden.de\/flair-weltladen\/neve-shalom-wahat-al-salam-das-friedensdorf-in-israel\/\" \/>\n<meta property=\"og:site_name\" content=\"F(l)air-Weltladen-L\u00fcttringhausen\" \/>\n<meta property=\"article:published_time\" content=\"2026-03-06T09:41:32+00:00\" \/>\n<meta property=\"article:modified_time\" content=\"2026-03-06T09:42:02+00:00\" \/>\n<meta property=\"og:image\" content=\"https:\/\/weltlaeden.de\/flair-weltladen\/wp-content\/uploads\/sites\/32\/2026\/03\/Logo-Neve-Shalom.png\" \/>\n\t<meta property=\"og:image:width\" content=\"317\" \/>\n\t<meta property=\"og:image:height\" content=\"381\" \/>\n\t<meta property=\"og:image:type\" content=\"image\/png\" \/>\n<meta name=\"author\" content=\"ralfschnippering\" \/>\n<meta name=\"twitter:card\" content=\"summary_large_image\" \/>\n<meta name=\"twitter:label1\" content=\"Verfasst von\" \/>\n\t<meta name=\"twitter:data1\" content=\"ralfschnippering\" \/>\n\t<meta name=\"twitter:label2\" content=\"Gesch\u00e4tzte Lesezeit\" \/>\n\t<meta name=\"twitter:data2\" content=\"2\u00a0Minuten\" \/>\n<script type=\"application\/ld+json\" class=\"yoast-schema-graph\">{\"@context\":\"https:\/\/schema.org\",\"@graph\":[{\"@type\":\"Article\",\"@id\":\"https:\/\/weltlaeden.de\/flair-weltladen\/neve-shalom-wahat-al-salam-das-friedensdorf-in-israel\/#article\",\"isPartOf\":{\"@id\":\"https:\/\/weltlaeden.de\/flair-weltladen\/neve-shalom-wahat-al-salam-das-friedensdorf-in-israel\/\"},\"author\":{\"name\":\"ralfschnippering\",\"@id\":\"https:\/\/weltlaeden.de\/flair-weltladen\/#\/schema\/person\/34e1c33ea0c820c6b6000eab819c729b\"},\"headline\":\"Neve Shalom \/ Wahat al-Salam &#8211; Das Friedensdorf in Israel\",\"datePublished\":\"2026-03-06T09:41:32+00:00\",\"dateModified\":\"2026-03-06T09:42:02+00:00\",\"mainEntityOfPage\":{\"@id\":\"https:\/\/weltlaeden.de\/flair-weltladen\/neve-shalom-wahat-al-salam-das-friedensdorf-in-israel\/\"},\"wordCount\":340,\"image\":{\"@id\":\"https:\/\/weltlaeden.de\/flair-weltladen\/neve-shalom-wahat-al-salam-das-friedensdorf-in-israel\/#primaryimage\"},\"thumbnailUrl\":\"https:\/\/weltlaeden.de\/flair-weltladen\/wp-content\/uploads\/sites\/32\/2026\/03\/Logo-Neve-Shalom.png\",\"articleSection\":[\"Keine Kategorie\"],\"inLanguage\":\"de\"},{\"@type\":\"WebPage\",\"@id\":\"https:\/\/weltlaeden.de\/flair-weltladen\/neve-shalom-wahat-al-salam-das-friedensdorf-in-israel\/\",\"url\":\"https:\/\/weltlaeden.de\/flair-weltladen\/neve-shalom-wahat-al-salam-das-friedensdorf-in-israel\/\",\"name\":\"Neve Shalom \/ Wahat al-Salam - Das Friedensdorf in Israel - F(l)air-Weltladen-L\u00fcttringhausen\",\"isPartOf\":{\"@id\":\"https:\/\/weltlaeden.de\/flair-weltladen\/#website\"},\"primaryImageOfPage\":{\"@id\":\"https:\/\/weltlaeden.de\/flair-weltladen\/neve-shalom-wahat-al-salam-das-friedensdorf-in-israel\/#primaryimage\"},\"image\":{\"@id\":\"https:\/\/weltlaeden.de\/flair-weltladen\/neve-shalom-wahat-al-salam-das-friedensdorf-in-israel\/#primaryimage\"},\"thumbnailUrl\":\"https:\/\/weltlaeden.de\/flair-weltladen\/wp-content\/uploads\/sites\/32\/2026\/03\/Logo-Neve-Shalom.png\",\"datePublished\":\"2026-03-06T09:41:32+00:00\",\"dateModified\":\"2026-03-06T09:42:02+00:00\",\"author\":{\"@id\":\"https:\/\/weltlaeden.de\/flair-weltladen\/#\/schema\/person\/34e1c33ea0c820c6b6000eab819c729b\"},\"breadcrumb\":{\"@id\":\"https:\/\/weltlaeden.de\/flair-weltladen\/neve-shalom-wahat-al-salam-das-friedensdorf-in-israel\/#breadcrumb\"},\"inLanguage\":\"de\",\"potentialAction\":[{\"@type\":\"ReadAction\",\"target\":[\"https:\/\/weltlaeden.de\/flair-weltladen\/neve-shalom-wahat-al-salam-das-friedensdorf-in-israel\/\"]}]},{\"@type\":\"ImageObject\",\"inLanguage\":\"de\",\"@id\":\"https:\/\/weltlaeden.de\/flair-weltladen\/neve-shalom-wahat-al-salam-das-friedensdorf-in-israel\/#primaryimage\",\"url\":\"https:\/\/weltlaeden.de\/flair-weltladen\/wp-content\/uploads\/sites\/32\/2026\/03\/Logo-Neve-Shalom.png\",\"contentUrl\":\"https:\/\/weltlaeden.de\/flair-weltladen\/wp-content\/uploads\/sites\/32\/2026\/03\/Logo-Neve-Shalom.png\",\"width\":317,\"height\":381},{\"@type\":\"BreadcrumbList\",\"@id\":\"https:\/\/weltlaeden.de\/flair-weltladen\/neve-shalom-wahat-al-salam-das-friedensdorf-in-israel\/#breadcrumb\",\"itemListElement\":[{\"@type\":\"ListItem\",\"position\":1,\"name\":\"Startseite\",\"item\":\"https:\/\/weltlaeden.de\/flair-weltladen\/\"},{\"@type\":\"ListItem\",\"position\":2,\"name\":\"Neve Shalom \/ Wahat al-Salam &#8211; Das Friedensdorf in Israel\"}]},{\"@type\":\"WebSite\",\"@id\":\"https:\/\/weltlaeden.de\/flair-weltladen\/#website\",\"url\":\"https:\/\/weltlaeden.de\/flair-weltladen\/\",\"name\":\"F(l)air-Weltladen-L\u00fcttringhausen\",\"description\":\"Faire Produkte seit 1990\",\"potentialAction\":[{\"@type\":\"SearchAction\",\"target\":{\"@type\":\"EntryPoint\",\"urlTemplate\":\"https:\/\/weltlaeden.de\/flair-weltladen\/?s={search_term_string}\"},\"query-input\":{\"@type\":\"PropertyValueSpecification\",\"valueRequired\":true,\"valueName\":\"search_term_string\"}}],\"inLanguage\":\"de\"},{\"@type\":\"Person\",\"@id\":\"https:\/\/weltlaeden.de\/flair-weltladen\/#\/schema\/person\/34e1c33ea0c820c6b6000eab819c729b\",\"name\":\"ralfschnippering\",\"image\":{\"@type\":\"ImageObject\",\"inLanguage\":\"de\",\"@id\":\"https:\/\/weltlaeden.de\/flair-weltladen\/#\/schema\/person\/image\/\",\"url\":\"https:\/\/secure.gravatar.com\/avatar\/e64c5ff26b1ef3791e83ab0359d7a377?s=96&d=mm&r=g\",\"contentUrl\":\"https:\/\/secure.gravatar.com\/avatar\/e64c5ff26b1ef3791e83ab0359d7a377?s=96&d=mm&r=g\",\"caption\":\"ralfschnippering\"},\"url\":\"https:\/\/weltlaeden.de\/flair-weltladen\/author\/ralfschnippering\/\"}]}<\/script>\n<!-- \/ Yoast SEO plugin. -->","yoast_head_json":{"title":"Neve Shalom \/ Wahat al-Salam - Das Friedensdorf in Israel - F(l)air-Weltladen-L\u00fcttringhausen","robots":{"index":"index","follow":"follow","max-snippet":"max-snippet:-1","max-image-preview":"max-image-preview:large","max-video-preview":"max-video-preview:-1"},"canonical":"https:\/\/weltlaeden.de\/flair-weltladen\/neve-shalom-wahat-al-salam-das-friedensdorf-in-israel\/","og_locale":"de_DE","og_type":"article","og_title":"Neve Shalom \/ Wahat al-Salam - Das Friedensdorf in Israel - F(l)air-Weltladen-L\u00fcttringhausen","og_description":"Am Montag, dem 16. M\u00e4rz 2026, um 19:00 Uhr,\u00a0 findet im F(l)air-Weltladen L\u00fcttringhausen folgende Veranstaltung statt: Neve Shalom \u2219 Wahat al-Salam (Oase des Friedens) Das Friedensdorf in Israel Das Miteinander in Zeiten der Polarisierung \u201cWir dachten an ein kleines Dorf, das Menschen aus den verschiedenen Gemeinschaften des Landes umfasste. (\u2026) Dort wollten wir eine Friedensschule&hellip;","og_url":"https:\/\/weltlaeden.de\/flair-weltladen\/neve-shalom-wahat-al-salam-das-friedensdorf-in-israel\/","og_site_name":"F(l)air-Weltladen-L\u00fcttringhausen","article_published_time":"2026-03-06T09:41:32+00:00","article_modified_time":"2026-03-06T09:42:02+00:00","og_image":[{"width":317,"height":381,"url":"https:\/\/weltlaeden.de\/flair-weltladen\/wp-content\/uploads\/sites\/32\/2026\/03\/Logo-Neve-Shalom.png","type":"image\/png"}],"author":"ralfschnippering","twitter_card":"summary_large_image","twitter_misc":{"Verfasst von":"ralfschnippering","Gesch\u00e4tzte Lesezeit":"2\u00a0Minuten"},"schema":{"@context":"https:\/\/schema.org","@graph":[{"@type":"Article","@id":"https:\/\/weltlaeden.de\/flair-weltladen\/neve-shalom-wahat-al-salam-das-friedensdorf-in-israel\/#article","isPartOf":{"@id":"https:\/\/weltlaeden.de\/flair-weltladen\/neve-shalom-wahat-al-salam-das-friedensdorf-in-israel\/"},"author":{"name":"ralfschnippering","@id":"https:\/\/weltlaeden.de\/flair-weltladen\/#\/schema\/person\/34e1c33ea0c820c6b6000eab819c729b"},"headline":"Neve Shalom \/ Wahat al-Salam &#8211; Das Friedensdorf in Israel","datePublished":"2026-03-06T09:41:32+00:00","dateModified":"2026-03-06T09:42:02+00:00","mainEntityOfPage":{"@id":"https:\/\/weltlaeden.de\/flair-weltladen\/neve-shalom-wahat-al-salam-das-friedensdorf-in-israel\/"},"wordCount":340,"image":{"@id":"https:\/\/weltlaeden.de\/flair-weltladen\/neve-shalom-wahat-al-salam-das-friedensdorf-in-israel\/#primaryimage"},"thumbnailUrl":"https:\/\/weltlaeden.de\/flair-weltladen\/wp-content\/uploads\/sites\/32\/2026\/03\/Logo-Neve-Shalom.png","articleSection":["Keine Kategorie"],"inLanguage":"de"},{"@type":"WebPage","@id":"https:\/\/weltlaeden.de\/flair-weltladen\/neve-shalom-wahat-al-salam-das-friedensdorf-in-israel\/","url":"https:\/\/weltlaeden.de\/flair-weltladen\/neve-shalom-wahat-al-salam-das-friedensdorf-in-israel\/","name":"Neve Shalom \/ Wahat al-Salam - Das Friedensdorf in Israel - F(l)air-Weltladen-L\u00fcttringhausen","isPartOf":{"@id":"https:\/\/weltlaeden.de\/flair-weltladen\/#website"},"primaryImageOfPage":{"@id":"https:\/\/weltlaeden.de\/flair-weltladen\/neve-shalom-wahat-al-salam-das-friedensdorf-in-israel\/#primaryimage"},"image":{"@id":"https:\/\/weltlaeden.de\/flair-weltladen\/neve-shalom-wahat-al-salam-das-friedensdorf-in-israel\/#primaryimage"},"thumbnailUrl":"https:\/\/weltlaeden.de\/flair-weltladen\/wp-content\/uploads\/sites\/32\/2026\/03\/Logo-Neve-Shalom.png","datePublished":"2026-03-06T09:41:32+00:00","dateModified":"2026-03-06T09:42:02+00:00","author":{"@id":"https:\/\/weltlaeden.de\/flair-weltladen\/#\/schema\/person\/34e1c33ea0c820c6b6000eab819c729b"},"breadcrumb":{"@id":"https:\/\/weltlaeden.de\/flair-weltladen\/neve-shalom-wahat-al-salam-das-friedensdorf-in-israel\/#breadcrumb"},"inLanguage":"de","potentialAction":[{"@type":"ReadAction","target":["https:\/\/weltlaeden.de\/flair-weltladen\/neve-shalom-wahat-al-salam-das-friedensdorf-in-israel\/"]}]},{"@type":"ImageObject","inLanguage":"de","@id":"https:\/\/weltlaeden.de\/flair-weltladen\/neve-shalom-wahat-al-salam-das-friedensdorf-in-israel\/#primaryimage","url":"https:\/\/weltlaeden.de\/flair-weltladen\/wp-content\/uploads\/sites\/32\/2026\/03\/Logo-Neve-Shalom.png","contentUrl":"https:\/\/weltlaeden.de\/flair-weltladen\/wp-content\/uploads\/sites\/32\/2026\/03\/Logo-Neve-Shalom.png","width":317,"height":381},{"@type":"BreadcrumbList","@id":"https:\/\/weltlaeden.de\/flair-weltladen\/neve-shalom-wahat-al-salam-das-friedensdorf-in-israel\/#breadcrumb","itemListElement":[{"@type":"ListItem","position":1,"name":"Startseite","item":"https:\/\/weltlaeden.de\/flair-weltladen\/"},{"@type":"ListItem","position":2,"name":"Neve Shalom \/ Wahat al-Salam &#8211; Das Friedensdorf in Israel"}]},{"@type":"WebSite","@id":"https:\/\/weltlaeden.de\/flair-weltladen\/#website","url":"https:\/\/weltlaeden.de\/flair-weltladen\/","name":"F(l)air-Weltladen-L\u00fcttringhausen","description":"Faire Produkte seit 1990","potentialAction":[{"@type":"SearchAction","target":{"@type":"EntryPoint","urlTemplate":"https:\/\/weltlaeden.de\/flair-weltladen\/?s={search_term_string}"},"query-input":{"@type":"PropertyValueSpecification","valueRequired":true,"valueName":"search_term_string"}}],"inLanguage":"de"},{"@type":"Person","@id":"https:\/\/weltlaeden.de\/flair-weltladen\/#\/schema\/person\/34e1c33ea0c820c6b6000eab819c729b","name":"ralfschnippering","image":{"@type":"ImageObject","inLanguage":"de","@id":"https:\/\/weltlaeden.de\/flair-weltladen\/#\/schema\/person\/image\/","url":"https:\/\/secure.gravatar.com\/avatar\/e64c5ff26b1ef3791e83ab0359d7a377?s=96&d=mm&r=g","contentUrl":"https:\/\/secure.gravatar.com\/avatar\/e64c5ff26b1ef3791e83ab0359d7a377?s=96&d=mm&r=g","caption":"ralfschnippering"},"url":"https:\/\/weltlaeden.de\/flair-weltladen\/author\/ralfschnippering\/"}]}},"_links":{"self":[{"href":"https:\/\/weltlaeden.de\/flair-weltladen\/wp-json\/wp\/v2\/posts\/2549","targetHints":{"allow":["GET"]}}],"collection":[{"href":"https:\/\/weltlaeden.de\/flair-weltladen\/wp-json\/wp\/v2\/posts"}],"about":[{"href":"https:\/\/weltlaeden.de\/flair-weltladen\/wp-json\/wp\/v2\/types\/post"}],"author":[{"embeddable":true,"href":"https:\/\/weltlaeden.de\/flair-weltladen\/wp-json\/wp\/v2\/users\/304"}],"replies":[{"embeddable":true,"href":"https:\/\/weltlaeden.de\/flair-weltladen\/wp-json\/wp\/v2\/comments?post=2549"}],"version-history":[{"count":1,"href":"https:\/\/weltlaeden.de\/flair-weltladen\/wp-json\/wp\/v2\/posts\/2549\/revisions"}],"predecessor-version":[{"id":2550,"href":"https:\/\/weltlaeden.de\/flair-weltladen\/wp-json\/wp\/v2\/posts\/2549\/revisions\/2550"}],"wp:featuredmedia":[{"embeddable":true,"href":"https:\/\/weltlaeden.de\/flair-weltladen\/wp-json\/wp\/v2\/media\/2551"}],"wp:attachment":[{"href":"https:\/\/weltlaeden.de\/flair-weltladen\/wp-json\/wp\/v2\/media?parent=2549"}],"wp:term":[{"taxonomy":"category","embeddable":true,"href":"https:\/\/weltlaeden.de\/flair-weltladen\/wp-json\/wp\/v2\/categories?post=2549"},{"taxonomy":"post_tag","embeddable":true,"href":"https:\/\/weltlaeden.de\/flair-weltladen\/wp-json\/wp\/v2\/tags?post=2549"}],"curies":[{"name":"wp","href":"https:\/\/api.w.org\/{rel}","templated":true}]}}