{"id":1977,"date":"2024-08-01T19:31:06","date_gmt":"2024-08-01T17:31:06","guid":{"rendered":"https:\/\/weltlaeden.de\/flair-weltladen\/?p=1977"},"modified":"2024-08-01T19:31:06","modified_gmt":"2024-08-01T17:31:06","slug":"52-literaturcafe-was-erzaehlen-bedeuten-kann","status":"publish","type":"post","link":"https:\/\/weltlaeden.de\/flair-weltladen\/52-literaturcafe-was-erzaehlen-bedeuten-kann\/","title":{"rendered":"52. Literaturcaf\u00e9 &#8211; Was Erz\u00e4hlen bedeuten kann"},"content":{"rendered":"<p class=\"Normal tm5\"><strong><span class=\"tm6\">02.09.24, 15:30 \u2013 17:00 Uhr<\/span><\/strong><strong><em><span class=\"tm7\">\u00a0<\/span><\/em><\/strong><\/p>\n<p class=\"Normal tm5\"><em><span class=\"tm8\">Was Erz\u00e4hlen bedeuten kann<\/span><\/em><\/p>\n<p class=\"Normal tm5\"><span class=\"tm9\">\u00a0<\/span><\/p>\n<p class=\"Normal tm5\"><strong><span class=\"tm10\">Rafik Schami <\/span><\/strong><\/p>\n<p class=\"Normal tm5\"><span class=\"tm11\">Wenn du erz\u00e4hlst, erbl\u00fcht die W\u00fcste<\/span><\/p>\n<p class=\"Normal tm5\"><span class=\"tm11\">\u00a0<\/span><\/p>\n<p class=\"Normal tm5\"><span class=\"tm11\">Das Buch eines anonymen Autors aus der Bibliothek seines Vaters in Maalula (Syrien), wahrscheinlich um 1820 &#8211; 1830 verfasst als eine Sammlung von \u201ePerlen der arabischen Erz\u00e4hlkunst\u201c. Rafik Schami hat es im Jahr 2014 w\u00e4hrend des B\u00fcrgerkriegs in Syrien mit viel Gl\u00fcck vor dem Verbrennen retten k\u00f6nnen. Er hat das Werk, das im Stil der legend\u00e4ren Scheherazade verfasst ist, nicht nur \u00fcbersetzt, sondern neu f\u00fcr uns heute erz\u00e4hlt. <\/span><\/p>\n<p class=\"Normal tm5\"><em><span class=\"tm8\">In einem arabischen Land herrscht im 19. Jahrhundert der weise K\u00f6nig Salih. Als die K\u00f6nigin bei einem Attentat ums Leben kommt, versinkt die einzige Tochter in tiefe Melancholie. Die Thronfolgerin hat sich in einen armen Fischer verliebt. Davon ahnt ihr Vater nichts. <\/span><\/em><\/p>\n<p class=\"Normal tm5\"><em><span class=\"tm8\">Als Karam, der Kaffeehauserz\u00e4hler, von ihrer Krankheit erf\u00e4hrt, beschlie\u00dft er, die Prinzessin zu heilen. Allabendlich versammelt er erz\u00e4hlfreudige Menschen im Palast, um die junge Frau durch die sch\u00f6nsten Geschichten ins Leben zur\u00fcckzuholen: von Mut und Feigheit, von Freundschaft und Feindschaft, von der Liebe und der Weisheit des Herzens. Eine Hommage an das Erz\u00e4hlen, die nicht nur Leserinnen und Leser von &#8222;Tausendundeiner Nacht&#8220; begeistern wird. <\/span><\/em><\/p>\n<p class=\"Normal tm5\"><span class=\"tm11\">\u201eWenn er erz\u00e4hlt, erbl\u00fcht die W\u00fcste &#8211; der neue Roman von &#8222;Meistererz\u00e4hler Rafik Schami&#8220;\u201c. Denis Scheck<\/span><\/p>\n<p class=\"Normal tm12\"><span class=\"tm11\">Vorgestellt von Johannes Haun <\/span><\/p>\n","protected":false},"excerpt":{"rendered":"<p>02.09.24, 15:30 \u2013 17:00 Uhr\u00a0 Was Erz\u00e4hlen bedeuten kann \u00a0 Rafik Schami Wenn du erz\u00e4hlst, erbl\u00fcht die W\u00fcste \u00a0 Das Buch eines anonymen Autors aus der Bibliothek seines Vaters in Maalula (Syrien), wahrscheinlich um 1820 &#8211; 1830 verfasst als eine Sammlung von \u201ePerlen der arabischen Erz\u00e4hlkunst\u201c. Rafik Schami hat es im Jahr 2014 w\u00e4hrend des&hellip;<\/p>\n","protected":false},"author":304,"featured_media":1979,"comment_status":"closed","ping_status":"closed","sticky":false,"template":"","format":"standard","meta":{"footnotes":""},"categories":[1],"tags":[],"class_list":["post-1977","post","type-post","status-publish","format-standard","has-post-thumbnail","hentry","category-allgemein","category-1","description-off"],"yoast_head":"<!-- This site is optimized with the Yoast SEO plugin v26.8 - https:\/\/yoast.com\/product\/yoast-seo-wordpress\/ -->\n<title>52. Literaturcaf\u00e9 - Was Erz\u00e4hlen bedeuten kann - F(l)air-Weltladen-L\u00fcttringhausen<\/title>\n<meta name=\"robots\" content=\"index, follow, max-snippet:-1, max-image-preview:large, max-video-preview:-1\" \/>\n<link rel=\"canonical\" href=\"https:\/\/weltlaeden.de\/flair-weltladen\/52-literaturcafe-was-erzaehlen-bedeuten-kann\/\" \/>\n<meta property=\"og:locale\" content=\"de_DE\" \/>\n<meta property=\"og:type\" content=\"article\" \/>\n<meta property=\"og:title\" content=\"52. Literaturcaf\u00e9 - Was Erz\u00e4hlen bedeuten kann - F(l)air-Weltladen-L\u00fcttringhausen\" \/>\n<meta property=\"og:description\" content=\"02.09.24, 15:30 \u2013 17:00 Uhr\u00a0 Was Erz\u00e4hlen bedeuten kann \u00a0 Rafik Schami Wenn du erz\u00e4hlst, erbl\u00fcht die W\u00fcste \u00a0 Das Buch eines anonymen Autors aus der Bibliothek seines Vaters in Maalula (Syrien), wahrscheinlich um 1820 &#8211; 1830 verfasst als eine Sammlung von \u201ePerlen der arabischen Erz\u00e4hlkunst\u201c. Rafik Schami hat es im Jahr 2014 w\u00e4hrend des&hellip;\" \/>\n<meta property=\"og:url\" content=\"https:\/\/weltlaeden.de\/flair-weltladen\/52-literaturcafe-was-erzaehlen-bedeuten-kann\/\" \/>\n<meta property=\"og:site_name\" content=\"F(l)air-Weltladen-L\u00fcttringhausen\" \/>\n<meta property=\"article:published_time\" content=\"2024-08-01T17:31:06+00:00\" \/>\n<meta property=\"og:image\" content=\"https:\/\/weltlaeden.de\/flair-weltladen\/wp-content\/uploads\/sites\/32\/2024\/08\/Rami-Shami-e1722532947108.png\" \/>\n\t<meta property=\"og:image:width\" content=\"240\" \/>\n\t<meta property=\"og:image:height\" content=\"241\" \/>\n\t<meta property=\"og:image:type\" content=\"image\/png\" \/>\n<meta name=\"author\" content=\"ralfschnippering\" \/>\n<meta name=\"twitter:card\" content=\"summary_large_image\" \/>\n<meta name=\"twitter:label1\" content=\"Verfasst von\" \/>\n\t<meta name=\"twitter:data1\" content=\"ralfschnippering\" \/>\n\t<meta name=\"twitter:label2\" content=\"Gesch\u00e4tzte Lesezeit\" \/>\n\t<meta name=\"twitter:data2\" content=\"2\u00a0Minuten\" \/>\n<script type=\"application\/ld+json\" class=\"yoast-schema-graph\">{\"@context\":\"https:\/\/schema.org\",\"@graph\":[{\"@type\":\"Article\",\"@id\":\"https:\/\/weltlaeden.de\/flair-weltladen\/52-literaturcafe-was-erzaehlen-bedeuten-kann\/#article\",\"isPartOf\":{\"@id\":\"https:\/\/weltlaeden.de\/flair-weltladen\/52-literaturcafe-was-erzaehlen-bedeuten-kann\/\"},\"author\":{\"name\":\"ralfschnippering\",\"@id\":\"https:\/\/weltlaeden.de\/flair-weltladen\/#\/schema\/person\/34e1c33ea0c820c6b6000eab819c729b\"},\"headline\":\"52. Literaturcaf\u00e9 &#8211; Was Erz\u00e4hlen bedeuten kann\",\"datePublished\":\"2024-08-01T17:31:06+00:00\",\"mainEntityOfPage\":{\"@id\":\"https:\/\/weltlaeden.de\/flair-weltladen\/52-literaturcafe-was-erzaehlen-bedeuten-kann\/\"},\"wordCount\":235,\"image\":{\"@id\":\"https:\/\/weltlaeden.de\/flair-weltladen\/52-literaturcafe-was-erzaehlen-bedeuten-kann\/#primaryimage\"},\"thumbnailUrl\":\"https:\/\/weltlaeden.de\/flair-weltladen\/wp-content\/uploads\/sites\/32\/2024\/08\/Rami-Shami-e1722532947108.png\",\"articleSection\":[\"Keine Kategorie\"],\"inLanguage\":\"de\"},{\"@type\":\"WebPage\",\"@id\":\"https:\/\/weltlaeden.de\/flair-weltladen\/52-literaturcafe-was-erzaehlen-bedeuten-kann\/\",\"url\":\"https:\/\/weltlaeden.de\/flair-weltladen\/52-literaturcafe-was-erzaehlen-bedeuten-kann\/\",\"name\":\"52. Literaturcaf\u00e9 - Was Erz\u00e4hlen bedeuten kann - F(l)air-Weltladen-L\u00fcttringhausen\",\"isPartOf\":{\"@id\":\"https:\/\/weltlaeden.de\/flair-weltladen\/#website\"},\"primaryImageOfPage\":{\"@id\":\"https:\/\/weltlaeden.de\/flair-weltladen\/52-literaturcafe-was-erzaehlen-bedeuten-kann\/#primaryimage\"},\"image\":{\"@id\":\"https:\/\/weltlaeden.de\/flair-weltladen\/52-literaturcafe-was-erzaehlen-bedeuten-kann\/#primaryimage\"},\"thumbnailUrl\":\"https:\/\/weltlaeden.de\/flair-weltladen\/wp-content\/uploads\/sites\/32\/2024\/08\/Rami-Shami-e1722532947108.png\",\"datePublished\":\"2024-08-01T17:31:06+00:00\",\"author\":{\"@id\":\"https:\/\/weltlaeden.de\/flair-weltladen\/#\/schema\/person\/34e1c33ea0c820c6b6000eab819c729b\"},\"breadcrumb\":{\"@id\":\"https:\/\/weltlaeden.de\/flair-weltladen\/52-literaturcafe-was-erzaehlen-bedeuten-kann\/#breadcrumb\"},\"inLanguage\":\"de\",\"potentialAction\":[{\"@type\":\"ReadAction\",\"target\":[\"https:\/\/weltlaeden.de\/flair-weltladen\/52-literaturcafe-was-erzaehlen-bedeuten-kann\/\"]}]},{\"@type\":\"ImageObject\",\"inLanguage\":\"de\",\"@id\":\"https:\/\/weltlaeden.de\/flair-weltladen\/52-literaturcafe-was-erzaehlen-bedeuten-kann\/#primaryimage\",\"url\":\"https:\/\/weltlaeden.de\/flair-weltladen\/wp-content\/uploads\/sites\/32\/2024\/08\/Rami-Shami-e1722532947108.png\",\"contentUrl\":\"https:\/\/weltlaeden.de\/flair-weltladen\/wp-content\/uploads\/sites\/32\/2024\/08\/Rami-Shami-e1722532947108.png\",\"width\":240,\"height\":241},{\"@type\":\"BreadcrumbList\",\"@id\":\"https:\/\/weltlaeden.de\/flair-weltladen\/52-literaturcafe-was-erzaehlen-bedeuten-kann\/#breadcrumb\",\"itemListElement\":[{\"@type\":\"ListItem\",\"position\":1,\"name\":\"Startseite\",\"item\":\"https:\/\/weltlaeden.de\/flair-weltladen\/\"},{\"@type\":\"ListItem\",\"position\":2,\"name\":\"52. Literaturcaf\u00e9 &#8211; Was Erz\u00e4hlen bedeuten kann\"}]},{\"@type\":\"WebSite\",\"@id\":\"https:\/\/weltlaeden.de\/flair-weltladen\/#website\",\"url\":\"https:\/\/weltlaeden.de\/flair-weltladen\/\",\"name\":\"F(l)air-Weltladen-L\u00fcttringhausen\",\"description\":\"Faire Produkte seit 1990\",\"potentialAction\":[{\"@type\":\"SearchAction\",\"target\":{\"@type\":\"EntryPoint\",\"urlTemplate\":\"https:\/\/weltlaeden.de\/flair-weltladen\/?s={search_term_string}\"},\"query-input\":{\"@type\":\"PropertyValueSpecification\",\"valueRequired\":true,\"valueName\":\"search_term_string\"}}],\"inLanguage\":\"de\"},{\"@type\":\"Person\",\"@id\":\"https:\/\/weltlaeden.de\/flair-weltladen\/#\/schema\/person\/34e1c33ea0c820c6b6000eab819c729b\",\"name\":\"ralfschnippering\",\"image\":{\"@type\":\"ImageObject\",\"inLanguage\":\"de\",\"@id\":\"https:\/\/weltlaeden.de\/flair-weltladen\/#\/schema\/person\/image\/\",\"url\":\"https:\/\/secure.gravatar.com\/avatar\/e64c5ff26b1ef3791e83ab0359d7a377?s=96&d=mm&r=g\",\"contentUrl\":\"https:\/\/secure.gravatar.com\/avatar\/e64c5ff26b1ef3791e83ab0359d7a377?s=96&d=mm&r=g\",\"caption\":\"ralfschnippering\"},\"url\":\"https:\/\/weltlaeden.de\/flair-weltladen\/author\/ralfschnippering\/\"}]}<\/script>\n<!-- \/ Yoast SEO plugin. -->","yoast_head_json":{"title":"52. Literaturcaf\u00e9 - Was Erz\u00e4hlen bedeuten kann - F(l)air-Weltladen-L\u00fcttringhausen","robots":{"index":"index","follow":"follow","max-snippet":"max-snippet:-1","max-image-preview":"max-image-preview:large","max-video-preview":"max-video-preview:-1"},"canonical":"https:\/\/weltlaeden.de\/flair-weltladen\/52-literaturcafe-was-erzaehlen-bedeuten-kann\/","og_locale":"de_DE","og_type":"article","og_title":"52. Literaturcaf\u00e9 - Was Erz\u00e4hlen bedeuten kann - F(l)air-Weltladen-L\u00fcttringhausen","og_description":"02.09.24, 15:30 \u2013 17:00 Uhr\u00a0 Was Erz\u00e4hlen bedeuten kann \u00a0 Rafik Schami Wenn du erz\u00e4hlst, erbl\u00fcht die W\u00fcste \u00a0 Das Buch eines anonymen Autors aus der Bibliothek seines Vaters in Maalula (Syrien), wahrscheinlich um 1820 &#8211; 1830 verfasst als eine Sammlung von \u201ePerlen der arabischen Erz\u00e4hlkunst\u201c. Rafik Schami hat es im Jahr 2014 w\u00e4hrend des&hellip;","og_url":"https:\/\/weltlaeden.de\/flair-weltladen\/52-literaturcafe-was-erzaehlen-bedeuten-kann\/","og_site_name":"F(l)air-Weltladen-L\u00fcttringhausen","article_published_time":"2024-08-01T17:31:06+00:00","og_image":[{"width":240,"height":241,"url":"https:\/\/weltlaeden.de\/flair-weltladen\/wp-content\/uploads\/sites\/32\/2024\/08\/Rami-Shami-e1722532947108.png","type":"image\/png"}],"author":"ralfschnippering","twitter_card":"summary_large_image","twitter_misc":{"Verfasst von":"ralfschnippering","Gesch\u00e4tzte Lesezeit":"2\u00a0Minuten"},"schema":{"@context":"https:\/\/schema.org","@graph":[{"@type":"Article","@id":"https:\/\/weltlaeden.de\/flair-weltladen\/52-literaturcafe-was-erzaehlen-bedeuten-kann\/#article","isPartOf":{"@id":"https:\/\/weltlaeden.de\/flair-weltladen\/52-literaturcafe-was-erzaehlen-bedeuten-kann\/"},"author":{"name":"ralfschnippering","@id":"https:\/\/weltlaeden.de\/flair-weltladen\/#\/schema\/person\/34e1c33ea0c820c6b6000eab819c729b"},"headline":"52. Literaturcaf\u00e9 &#8211; Was Erz\u00e4hlen bedeuten kann","datePublished":"2024-08-01T17:31:06+00:00","mainEntityOfPage":{"@id":"https:\/\/weltlaeden.de\/flair-weltladen\/52-literaturcafe-was-erzaehlen-bedeuten-kann\/"},"wordCount":235,"image":{"@id":"https:\/\/weltlaeden.de\/flair-weltladen\/52-literaturcafe-was-erzaehlen-bedeuten-kann\/#primaryimage"},"thumbnailUrl":"https:\/\/weltlaeden.de\/flair-weltladen\/wp-content\/uploads\/sites\/32\/2024\/08\/Rami-Shami-e1722532947108.png","articleSection":["Keine Kategorie"],"inLanguage":"de"},{"@type":"WebPage","@id":"https:\/\/weltlaeden.de\/flair-weltladen\/52-literaturcafe-was-erzaehlen-bedeuten-kann\/","url":"https:\/\/weltlaeden.de\/flair-weltladen\/52-literaturcafe-was-erzaehlen-bedeuten-kann\/","name":"52. Literaturcaf\u00e9 - Was Erz\u00e4hlen bedeuten kann - F(l)air-Weltladen-L\u00fcttringhausen","isPartOf":{"@id":"https:\/\/weltlaeden.de\/flair-weltladen\/#website"},"primaryImageOfPage":{"@id":"https:\/\/weltlaeden.de\/flair-weltladen\/52-literaturcafe-was-erzaehlen-bedeuten-kann\/#primaryimage"},"image":{"@id":"https:\/\/weltlaeden.de\/flair-weltladen\/52-literaturcafe-was-erzaehlen-bedeuten-kann\/#primaryimage"},"thumbnailUrl":"https:\/\/weltlaeden.de\/flair-weltladen\/wp-content\/uploads\/sites\/32\/2024\/08\/Rami-Shami-e1722532947108.png","datePublished":"2024-08-01T17:31:06+00:00","author":{"@id":"https:\/\/weltlaeden.de\/flair-weltladen\/#\/schema\/person\/34e1c33ea0c820c6b6000eab819c729b"},"breadcrumb":{"@id":"https:\/\/weltlaeden.de\/flair-weltladen\/52-literaturcafe-was-erzaehlen-bedeuten-kann\/#breadcrumb"},"inLanguage":"de","potentialAction":[{"@type":"ReadAction","target":["https:\/\/weltlaeden.de\/flair-weltladen\/52-literaturcafe-was-erzaehlen-bedeuten-kann\/"]}]},{"@type":"ImageObject","inLanguage":"de","@id":"https:\/\/weltlaeden.de\/flair-weltladen\/52-literaturcafe-was-erzaehlen-bedeuten-kann\/#primaryimage","url":"https:\/\/weltlaeden.de\/flair-weltladen\/wp-content\/uploads\/sites\/32\/2024\/08\/Rami-Shami-e1722532947108.png","contentUrl":"https:\/\/weltlaeden.de\/flair-weltladen\/wp-content\/uploads\/sites\/32\/2024\/08\/Rami-Shami-e1722532947108.png","width":240,"height":241},{"@type":"BreadcrumbList","@id":"https:\/\/weltlaeden.de\/flair-weltladen\/52-literaturcafe-was-erzaehlen-bedeuten-kann\/#breadcrumb","itemListElement":[{"@type":"ListItem","position":1,"name":"Startseite","item":"https:\/\/weltlaeden.de\/flair-weltladen\/"},{"@type":"ListItem","position":2,"name":"52. Literaturcaf\u00e9 &#8211; Was Erz\u00e4hlen bedeuten kann"}]},{"@type":"WebSite","@id":"https:\/\/weltlaeden.de\/flair-weltladen\/#website","url":"https:\/\/weltlaeden.de\/flair-weltladen\/","name":"F(l)air-Weltladen-L\u00fcttringhausen","description":"Faire Produkte seit 1990","potentialAction":[{"@type":"SearchAction","target":{"@type":"EntryPoint","urlTemplate":"https:\/\/weltlaeden.de\/flair-weltladen\/?s={search_term_string}"},"query-input":{"@type":"PropertyValueSpecification","valueRequired":true,"valueName":"search_term_string"}}],"inLanguage":"de"},{"@type":"Person","@id":"https:\/\/weltlaeden.de\/flair-weltladen\/#\/schema\/person\/34e1c33ea0c820c6b6000eab819c729b","name":"ralfschnippering","image":{"@type":"ImageObject","inLanguage":"de","@id":"https:\/\/weltlaeden.de\/flair-weltladen\/#\/schema\/person\/image\/","url":"https:\/\/secure.gravatar.com\/avatar\/e64c5ff26b1ef3791e83ab0359d7a377?s=96&d=mm&r=g","contentUrl":"https:\/\/secure.gravatar.com\/avatar\/e64c5ff26b1ef3791e83ab0359d7a377?s=96&d=mm&r=g","caption":"ralfschnippering"},"url":"https:\/\/weltlaeden.de\/flair-weltladen\/author\/ralfschnippering\/"}]}},"_links":{"self":[{"href":"https:\/\/weltlaeden.de\/flair-weltladen\/wp-json\/wp\/v2\/posts\/1977","targetHints":{"allow":["GET"]}}],"collection":[{"href":"https:\/\/weltlaeden.de\/flair-weltladen\/wp-json\/wp\/v2\/posts"}],"about":[{"href":"https:\/\/weltlaeden.de\/flair-weltladen\/wp-json\/wp\/v2\/types\/post"}],"author":[{"embeddable":true,"href":"https:\/\/weltlaeden.de\/flair-weltladen\/wp-json\/wp\/v2\/users\/304"}],"replies":[{"embeddable":true,"href":"https:\/\/weltlaeden.de\/flair-weltladen\/wp-json\/wp\/v2\/comments?post=1977"}],"version-history":[{"count":1,"href":"https:\/\/weltlaeden.de\/flair-weltladen\/wp-json\/wp\/v2\/posts\/1977\/revisions"}],"predecessor-version":[{"id":1978,"href":"https:\/\/weltlaeden.de\/flair-weltladen\/wp-json\/wp\/v2\/posts\/1977\/revisions\/1978"}],"wp:featuredmedia":[{"embeddable":true,"href":"https:\/\/weltlaeden.de\/flair-weltladen\/wp-json\/wp\/v2\/media\/1979"}],"wp:attachment":[{"href":"https:\/\/weltlaeden.de\/flair-weltladen\/wp-json\/wp\/v2\/media?parent=1977"}],"wp:term":[{"taxonomy":"category","embeddable":true,"href":"https:\/\/weltlaeden.de\/flair-weltladen\/wp-json\/wp\/v2\/categories?post=1977"},{"taxonomy":"post_tag","embeddable":true,"href":"https:\/\/weltlaeden.de\/flair-weltladen\/wp-json\/wp\/v2\/tags?post=1977"}],"curies":[{"name":"wp","href":"https:\/\/api.w.org\/{rel}","templated":true}]}}