{"id":1861,"date":"2024-03-04T17:15:45","date_gmt":"2024-03-04T16:15:45","guid":{"rendered":"https:\/\/weltlaeden.de\/flair-weltladen\/?p=1861"},"modified":"2024-03-04T17:15:45","modified_gmt":"2024-03-04T16:15:45","slug":"faire-osterliche-filzprodukte","status":"publish","type":"post","link":"https:\/\/weltlaeden.de\/flair-weltladen\/faire-osterliche-filzprodukte\/","title":{"rendered":"Faire Osterliche Filzprodukte"},"content":{"rendered":"<p class=\"Normal\"><span class=\"tm6\">Passend zur Osterzeit bieten wir Filzprodukte unserer Lieferanten <\/span><strong><span class=\"tm7\">AKAR<\/span><\/strong><span class=\"tm6\"> und <\/span><strong><span class=\"tm7\">GLOBO<\/span><\/strong><span class=\"tm6\"> an:<\/span><\/p>\n<p class=\"Normal\"><span class=\"tm6\">AKAR importiert als vom Weltladen-Dachverband anerkannter Lieferant seit 1994 traditionelle kunsthandwerkliche Produkte nepalesischer Fairhandelsproduzenten f\u00fcr die Weltl\u00e4den in Deutschland und \u00d6sterreich. N\u00e4here Informationen: <\/span><u><a href=\"https:\/\/www.akarfairtrade.de\/Ueber-uns\">https:\/\/www.akarfairtrade.de\/Ueber-uns<\/a><\/u><\/p>\n<p class=\"Normal tm8\"><span class=\"tm6\">\u00a0<\/span><\/p>\n<p class=\"Normal tm8\"><span class=\"tm6\">Die Globo-Artikel aus Wollfilz kommen aus zwei Werkst\u00e4tten in Kathmandu, Nepal. Beide Betriebe besch\u00e4ftigen \u00fcberwiegend Frauen, die in der n\u00e4heren Umgebung wohnen und hier die Chance haben, ihr eigenes Einkommen zu erwirtschaften. Hohe Sozialstandards, geregelte Arbeitszeiten und nicht zuletzt eine sehr angenehme Arbeitsatmosph\u00e4re zeichnen diese Werkst\u00e4tten aus. N\u00e4here Informationen: <\/span><\/p>\n<p class=\"Normal tm8\"><u><a href=\"https:\/\/www.globo-fairtrade.com\/media\/content\/partnerwerkstaetten\/filz\/filz-faltblatt.pdf\"><span class=\"tm6\">https:\/\/www.globo-fairtrade.com\/media\/content\/partnerwerkstaetten\/filz\/filz-faltblatt.pdf<\/span><\/a><\/u><\/p>\n<p class=\"Normal tm8\"><u><a href=\"https:\/\/www.globo-fairtrade.com\/media\/content\/partnerwerkstaetten\/filz\/hatale_pb.pdf\"><span class=\"tm6\">https:\/\/www.globo-fairtrade.com\/media\/content\/partnerwerkstaetten\/filz\/hatale_pb.pdf<\/span><\/a><\/u><\/p>\n","protected":false},"excerpt":{"rendered":"<p>Passend zur Osterzeit bieten wir Filzprodukte unserer Lieferanten AKAR und GLOBO an: AKAR importiert als vom Weltladen-Dachverband anerkannter Lieferant seit 1994 traditionelle kunsthandwerkliche Produkte nepalesischer Fairhandelsproduzenten f\u00fcr die Weltl\u00e4den in Deutschland und \u00d6sterreich. N\u00e4here Informationen: https:\/\/www.akarfairtrade.de\/Ueber-uns \u00a0 Die Globo-Artikel aus Wollfilz kommen aus zwei Werkst\u00e4tten in Kathmandu, Nepal. Beide Betriebe besch\u00e4ftigen \u00fcberwiegend Frauen, die in&hellip;<\/p>\n","protected":false},"author":304,"featured_media":1864,"comment_status":"closed","ping_status":"closed","sticky":false,"template":"","format":"standard","meta":{"footnotes":""},"categories":[1],"tags":[],"class_list":["post-1861","post","type-post","status-publish","format-standard","has-post-thumbnail","hentry","category-allgemein","category-1","description-off"],"yoast_head":"<!-- This site is optimized with the Yoast SEO plugin v26.8 - https:\/\/yoast.com\/product\/yoast-seo-wordpress\/ -->\n<title>Faire Osterliche Filzprodukte - F(l)air-Weltladen-L\u00fcttringhausen<\/title>\n<meta name=\"robots\" content=\"index, follow, max-snippet:-1, max-image-preview:large, max-video-preview:-1\" \/>\n<link rel=\"canonical\" href=\"https:\/\/weltlaeden.de\/flair-weltladen\/faire-osterliche-filzprodukte\/\" \/>\n<meta property=\"og:locale\" content=\"de_DE\" \/>\n<meta property=\"og:type\" content=\"article\" \/>\n<meta property=\"og:title\" content=\"Faire Osterliche Filzprodukte - F(l)air-Weltladen-L\u00fcttringhausen\" \/>\n<meta property=\"og:description\" content=\"Passend zur Osterzeit bieten wir Filzprodukte unserer Lieferanten AKAR und GLOBO an: AKAR importiert als vom Weltladen-Dachverband anerkannter Lieferant seit 1994 traditionelle kunsthandwerkliche Produkte nepalesischer Fairhandelsproduzenten f\u00fcr die Weltl\u00e4den in Deutschland und \u00d6sterreich. N\u00e4here Informationen: https:\/\/www.akarfairtrade.de\/Ueber-uns \u00a0 Die Globo-Artikel aus Wollfilz kommen aus zwei Werkst\u00e4tten in Kathmandu, Nepal. Beide Betriebe besch\u00e4ftigen \u00fcberwiegend Frauen, die in&hellip;\" \/>\n<meta property=\"og:url\" content=\"https:\/\/weltlaeden.de\/flair-weltladen\/faire-osterliche-filzprodukte\/\" \/>\n<meta property=\"og:site_name\" content=\"F(l)air-Weltladen-L\u00fcttringhausen\" \/>\n<meta property=\"article:published_time\" content=\"2024-03-04T16:15:45+00:00\" \/>\n<meta property=\"og:image\" content=\"https:\/\/weltlaeden.de\/flair-weltladen\/wp-content\/uploads\/sites\/32\/2024\/03\/IMG_6470-a.jpg\" \/>\n\t<meta property=\"og:image:width\" content=\"1728\" \/>\n\t<meta property=\"og:image:height\" content=\"2048\" \/>\n\t<meta property=\"og:image:type\" content=\"image\/jpeg\" \/>\n<meta name=\"author\" content=\"ralfschnippering\" \/>\n<meta name=\"twitter:card\" content=\"summary_large_image\" \/>\n<meta name=\"twitter:label1\" content=\"Verfasst von\" \/>\n\t<meta name=\"twitter:data1\" content=\"ralfschnippering\" \/>\n\t<meta name=\"twitter:label2\" content=\"Gesch\u00e4tzte Lesezeit\" \/>\n\t<meta name=\"twitter:data2\" content=\"1\u00a0Minute\" \/>\n<script type=\"application\/ld+json\" class=\"yoast-schema-graph\">{\"@context\":\"https:\/\/schema.org\",\"@graph\":[{\"@type\":\"Article\",\"@id\":\"https:\/\/weltlaeden.de\/flair-weltladen\/faire-osterliche-filzprodukte\/#article\",\"isPartOf\":{\"@id\":\"https:\/\/weltlaeden.de\/flair-weltladen\/faire-osterliche-filzprodukte\/\"},\"author\":{\"name\":\"ralfschnippering\",\"@id\":\"https:\/\/weltlaeden.de\/flair-weltladen\/#\/schema\/person\/34e1c33ea0c820c6b6000eab819c729b\"},\"headline\":\"Faire Osterliche Filzprodukte\",\"datePublished\":\"2024-03-04T16:15:45+00:00\",\"mainEntityOfPage\":{\"@id\":\"https:\/\/weltlaeden.de\/flair-weltladen\/faire-osterliche-filzprodukte\/\"},\"wordCount\":121,\"image\":{\"@id\":\"https:\/\/weltlaeden.de\/flair-weltladen\/faire-osterliche-filzprodukte\/#primaryimage\"},\"thumbnailUrl\":\"https:\/\/weltlaeden.de\/flair-weltladen\/wp-content\/uploads\/sites\/32\/2024\/03\/IMG_6470-a.jpg\",\"articleSection\":[\"Keine Kategorie\"],\"inLanguage\":\"de\"},{\"@type\":\"WebPage\",\"@id\":\"https:\/\/weltlaeden.de\/flair-weltladen\/faire-osterliche-filzprodukte\/\",\"url\":\"https:\/\/weltlaeden.de\/flair-weltladen\/faire-osterliche-filzprodukte\/\",\"name\":\"Faire Osterliche Filzprodukte - F(l)air-Weltladen-L\u00fcttringhausen\",\"isPartOf\":{\"@id\":\"https:\/\/weltlaeden.de\/flair-weltladen\/#website\"},\"primaryImageOfPage\":{\"@id\":\"https:\/\/weltlaeden.de\/flair-weltladen\/faire-osterliche-filzprodukte\/#primaryimage\"},\"image\":{\"@id\":\"https:\/\/weltlaeden.de\/flair-weltladen\/faire-osterliche-filzprodukte\/#primaryimage\"},\"thumbnailUrl\":\"https:\/\/weltlaeden.de\/flair-weltladen\/wp-content\/uploads\/sites\/32\/2024\/03\/IMG_6470-a.jpg\",\"datePublished\":\"2024-03-04T16:15:45+00:00\",\"author\":{\"@id\":\"https:\/\/weltlaeden.de\/flair-weltladen\/#\/schema\/person\/34e1c33ea0c820c6b6000eab819c729b\"},\"breadcrumb\":{\"@id\":\"https:\/\/weltlaeden.de\/flair-weltladen\/faire-osterliche-filzprodukte\/#breadcrumb\"},\"inLanguage\":\"de\",\"potentialAction\":[{\"@type\":\"ReadAction\",\"target\":[\"https:\/\/weltlaeden.de\/flair-weltladen\/faire-osterliche-filzprodukte\/\"]}]},{\"@type\":\"ImageObject\",\"inLanguage\":\"de\",\"@id\":\"https:\/\/weltlaeden.de\/flair-weltladen\/faire-osterliche-filzprodukte\/#primaryimage\",\"url\":\"https:\/\/weltlaeden.de\/flair-weltladen\/wp-content\/uploads\/sites\/32\/2024\/03\/IMG_6470-a.jpg\",\"contentUrl\":\"https:\/\/weltlaeden.de\/flair-weltladen\/wp-content\/uploads\/sites\/32\/2024\/03\/IMG_6470-a.jpg\",\"width\":1728,\"height\":2048},{\"@type\":\"BreadcrumbList\",\"@id\":\"https:\/\/weltlaeden.de\/flair-weltladen\/faire-osterliche-filzprodukte\/#breadcrumb\",\"itemListElement\":[{\"@type\":\"ListItem\",\"position\":1,\"name\":\"Startseite\",\"item\":\"https:\/\/weltlaeden.de\/flair-weltladen\/\"},{\"@type\":\"ListItem\",\"position\":2,\"name\":\"Faire Osterliche Filzprodukte\"}]},{\"@type\":\"WebSite\",\"@id\":\"https:\/\/weltlaeden.de\/flair-weltladen\/#website\",\"url\":\"https:\/\/weltlaeden.de\/flair-weltladen\/\",\"name\":\"F(l)air-Weltladen-L\u00fcttringhausen\",\"description\":\"Faire Produkte seit 1990\",\"potentialAction\":[{\"@type\":\"SearchAction\",\"target\":{\"@type\":\"EntryPoint\",\"urlTemplate\":\"https:\/\/weltlaeden.de\/flair-weltladen\/?s={search_term_string}\"},\"query-input\":{\"@type\":\"PropertyValueSpecification\",\"valueRequired\":true,\"valueName\":\"search_term_string\"}}],\"inLanguage\":\"de\"},{\"@type\":\"Person\",\"@id\":\"https:\/\/weltlaeden.de\/flair-weltladen\/#\/schema\/person\/34e1c33ea0c820c6b6000eab819c729b\",\"name\":\"ralfschnippering\",\"image\":{\"@type\":\"ImageObject\",\"inLanguage\":\"de\",\"@id\":\"https:\/\/weltlaeden.de\/flair-weltladen\/#\/schema\/person\/image\/\",\"url\":\"https:\/\/secure.gravatar.com\/avatar\/e64c5ff26b1ef3791e83ab0359d7a377?s=96&d=mm&r=g\",\"contentUrl\":\"https:\/\/secure.gravatar.com\/avatar\/e64c5ff26b1ef3791e83ab0359d7a377?s=96&d=mm&r=g\",\"caption\":\"ralfschnippering\"},\"url\":\"https:\/\/weltlaeden.de\/flair-weltladen\/author\/ralfschnippering\/\"}]}<\/script>\n<!-- \/ Yoast SEO plugin. -->","yoast_head_json":{"title":"Faire Osterliche Filzprodukte - F(l)air-Weltladen-L\u00fcttringhausen","robots":{"index":"index","follow":"follow","max-snippet":"max-snippet:-1","max-image-preview":"max-image-preview:large","max-video-preview":"max-video-preview:-1"},"canonical":"https:\/\/weltlaeden.de\/flair-weltladen\/faire-osterliche-filzprodukte\/","og_locale":"de_DE","og_type":"article","og_title":"Faire Osterliche Filzprodukte - F(l)air-Weltladen-L\u00fcttringhausen","og_description":"Passend zur Osterzeit bieten wir Filzprodukte unserer Lieferanten AKAR und GLOBO an: AKAR importiert als vom Weltladen-Dachverband anerkannter Lieferant seit 1994 traditionelle kunsthandwerkliche Produkte nepalesischer Fairhandelsproduzenten f\u00fcr die Weltl\u00e4den in Deutschland und \u00d6sterreich. N\u00e4here Informationen: https:\/\/www.akarfairtrade.de\/Ueber-uns \u00a0 Die Globo-Artikel aus Wollfilz kommen aus zwei Werkst\u00e4tten in Kathmandu, Nepal. Beide Betriebe besch\u00e4ftigen \u00fcberwiegend Frauen, die in&hellip;","og_url":"https:\/\/weltlaeden.de\/flair-weltladen\/faire-osterliche-filzprodukte\/","og_site_name":"F(l)air-Weltladen-L\u00fcttringhausen","article_published_time":"2024-03-04T16:15:45+00:00","og_image":[{"width":1728,"height":2048,"url":"https:\/\/weltlaeden.de\/flair-weltladen\/wp-content\/uploads\/sites\/32\/2024\/03\/IMG_6470-a.jpg","type":"image\/jpeg"}],"author":"ralfschnippering","twitter_card":"summary_large_image","twitter_misc":{"Verfasst von":"ralfschnippering","Gesch\u00e4tzte Lesezeit":"1\u00a0Minute"},"schema":{"@context":"https:\/\/schema.org","@graph":[{"@type":"Article","@id":"https:\/\/weltlaeden.de\/flair-weltladen\/faire-osterliche-filzprodukte\/#article","isPartOf":{"@id":"https:\/\/weltlaeden.de\/flair-weltladen\/faire-osterliche-filzprodukte\/"},"author":{"name":"ralfschnippering","@id":"https:\/\/weltlaeden.de\/flair-weltladen\/#\/schema\/person\/34e1c33ea0c820c6b6000eab819c729b"},"headline":"Faire Osterliche Filzprodukte","datePublished":"2024-03-04T16:15:45+00:00","mainEntityOfPage":{"@id":"https:\/\/weltlaeden.de\/flair-weltladen\/faire-osterliche-filzprodukte\/"},"wordCount":121,"image":{"@id":"https:\/\/weltlaeden.de\/flair-weltladen\/faire-osterliche-filzprodukte\/#primaryimage"},"thumbnailUrl":"https:\/\/weltlaeden.de\/flair-weltladen\/wp-content\/uploads\/sites\/32\/2024\/03\/IMG_6470-a.jpg","articleSection":["Keine Kategorie"],"inLanguage":"de"},{"@type":"WebPage","@id":"https:\/\/weltlaeden.de\/flair-weltladen\/faire-osterliche-filzprodukte\/","url":"https:\/\/weltlaeden.de\/flair-weltladen\/faire-osterliche-filzprodukte\/","name":"Faire Osterliche Filzprodukte - F(l)air-Weltladen-L\u00fcttringhausen","isPartOf":{"@id":"https:\/\/weltlaeden.de\/flair-weltladen\/#website"},"primaryImageOfPage":{"@id":"https:\/\/weltlaeden.de\/flair-weltladen\/faire-osterliche-filzprodukte\/#primaryimage"},"image":{"@id":"https:\/\/weltlaeden.de\/flair-weltladen\/faire-osterliche-filzprodukte\/#primaryimage"},"thumbnailUrl":"https:\/\/weltlaeden.de\/flair-weltladen\/wp-content\/uploads\/sites\/32\/2024\/03\/IMG_6470-a.jpg","datePublished":"2024-03-04T16:15:45+00:00","author":{"@id":"https:\/\/weltlaeden.de\/flair-weltladen\/#\/schema\/person\/34e1c33ea0c820c6b6000eab819c729b"},"breadcrumb":{"@id":"https:\/\/weltlaeden.de\/flair-weltladen\/faire-osterliche-filzprodukte\/#breadcrumb"},"inLanguage":"de","potentialAction":[{"@type":"ReadAction","target":["https:\/\/weltlaeden.de\/flair-weltladen\/faire-osterliche-filzprodukte\/"]}]},{"@type":"ImageObject","inLanguage":"de","@id":"https:\/\/weltlaeden.de\/flair-weltladen\/faire-osterliche-filzprodukte\/#primaryimage","url":"https:\/\/weltlaeden.de\/flair-weltladen\/wp-content\/uploads\/sites\/32\/2024\/03\/IMG_6470-a.jpg","contentUrl":"https:\/\/weltlaeden.de\/flair-weltladen\/wp-content\/uploads\/sites\/32\/2024\/03\/IMG_6470-a.jpg","width":1728,"height":2048},{"@type":"BreadcrumbList","@id":"https:\/\/weltlaeden.de\/flair-weltladen\/faire-osterliche-filzprodukte\/#breadcrumb","itemListElement":[{"@type":"ListItem","position":1,"name":"Startseite","item":"https:\/\/weltlaeden.de\/flair-weltladen\/"},{"@type":"ListItem","position":2,"name":"Faire Osterliche Filzprodukte"}]},{"@type":"WebSite","@id":"https:\/\/weltlaeden.de\/flair-weltladen\/#website","url":"https:\/\/weltlaeden.de\/flair-weltladen\/","name":"F(l)air-Weltladen-L\u00fcttringhausen","description":"Faire Produkte seit 1990","potentialAction":[{"@type":"SearchAction","target":{"@type":"EntryPoint","urlTemplate":"https:\/\/weltlaeden.de\/flair-weltladen\/?s={search_term_string}"},"query-input":{"@type":"PropertyValueSpecification","valueRequired":true,"valueName":"search_term_string"}}],"inLanguage":"de"},{"@type":"Person","@id":"https:\/\/weltlaeden.de\/flair-weltladen\/#\/schema\/person\/34e1c33ea0c820c6b6000eab819c729b","name":"ralfschnippering","image":{"@type":"ImageObject","inLanguage":"de","@id":"https:\/\/weltlaeden.de\/flair-weltladen\/#\/schema\/person\/image\/","url":"https:\/\/secure.gravatar.com\/avatar\/e64c5ff26b1ef3791e83ab0359d7a377?s=96&d=mm&r=g","contentUrl":"https:\/\/secure.gravatar.com\/avatar\/e64c5ff26b1ef3791e83ab0359d7a377?s=96&d=mm&r=g","caption":"ralfschnippering"},"url":"https:\/\/weltlaeden.de\/flair-weltladen\/author\/ralfschnippering\/"}]}},"_links":{"self":[{"href":"https:\/\/weltlaeden.de\/flair-weltladen\/wp-json\/wp\/v2\/posts\/1861","targetHints":{"allow":["GET"]}}],"collection":[{"href":"https:\/\/weltlaeden.de\/flair-weltladen\/wp-json\/wp\/v2\/posts"}],"about":[{"href":"https:\/\/weltlaeden.de\/flair-weltladen\/wp-json\/wp\/v2\/types\/post"}],"author":[{"embeddable":true,"href":"https:\/\/weltlaeden.de\/flair-weltladen\/wp-json\/wp\/v2\/users\/304"}],"replies":[{"embeddable":true,"href":"https:\/\/weltlaeden.de\/flair-weltladen\/wp-json\/wp\/v2\/comments?post=1861"}],"version-history":[{"count":2,"href":"https:\/\/weltlaeden.de\/flair-weltladen\/wp-json\/wp\/v2\/posts\/1861\/revisions"}],"predecessor-version":[{"id":1865,"href":"https:\/\/weltlaeden.de\/flair-weltladen\/wp-json\/wp\/v2\/posts\/1861\/revisions\/1865"}],"wp:featuredmedia":[{"embeddable":true,"href":"https:\/\/weltlaeden.de\/flair-weltladen\/wp-json\/wp\/v2\/media\/1864"}],"wp:attachment":[{"href":"https:\/\/weltlaeden.de\/flair-weltladen\/wp-json\/wp\/v2\/media?parent=1861"}],"wp:term":[{"taxonomy":"category","embeddable":true,"href":"https:\/\/weltlaeden.de\/flair-weltladen\/wp-json\/wp\/v2\/categories?post=1861"},{"taxonomy":"post_tag","embeddable":true,"href":"https:\/\/weltlaeden.de\/flair-weltladen\/wp-json\/wp\/v2\/tags?post=1861"}],"curies":[{"name":"wp","href":"https:\/\/api.w.org\/{rel}","templated":true}]}}