{"id":1845,"date":"2024-02-19T16:28:48","date_gmt":"2024-02-19T15:28:48","guid":{"rendered":"https:\/\/weltlaeden.de\/flair-weltladen\/?p=1845"},"modified":"2024-02-19T16:28:48","modified_gmt":"2024-02-19T15:28:48","slug":"wie-ist-jesus-weiss-geworden-lesung","status":"publish","type":"post","link":"https:\/\/weltlaeden.de\/flair-weltladen\/wie-ist-jesus-weiss-geworden-lesung\/","title":{"rendered":"&#8222;Wie ist Jesus wei\u00df geworden?&#8220; &#8211; Lesung"},"content":{"rendered":"<p class=\"Normal tm5\"><strong><span class=\"tm6\">\u201eWie ist Jesus wei\u00df geworden?\u201c- <\/span><\/strong><strong><span class=\"tm8\">Mein Traum von einer Kirche ohne Rassismus.<\/span><\/strong><\/p>\n<p class=\"Normal tm5\"><span class=\"tm7\">Lesung mit Sarah Vecera<\/span><\/p>\n<p class=\"Normal tm5\"><span class=\"tm7\">\u00a0<\/span><\/p>\n<p class=\"Normal tm5\"><strong><span class=\"tm8\">Dienstag, 19.03.24, 19:00 Uhr,<\/span><\/strong><\/p>\n<p class=\"Normal tm5\"><strong><span class=\"tm8\">Va\u00dfbendersaal in Remscheid<\/span><\/strong><\/p>\n<p class=\"Normal tm5\"><strong><span class=\"tm8\">\u00a0<\/span><\/strong><\/p>\n<p class=\"Normal tm5\"><span class=\"tm7\">Die Theologin und P\u00e4dagogin Sarah Vecera hat mit \u201eWie ist Jesus wei\u00df geworden?\u201c ein Buch vorgelegt, in dem sie beschreibt, wie sie als &#8222;person of color&#8220; selbst Rassismus in der Kirche entdeckt hat und wie sie versucht, andere an ihren Erkenntnissen teilhaben zu lassen. Sie nennt ihr Buch \u201eein vers\u00f6hnliches Experiment.\u201c \u201eDurch die Verflechtung von pers\u00f6nlichen Erfahrungen und Hinweisen auf allgemeine Strukturen will ich zum Ausdruck bringen, dass Rassismus viel mehr ist als individuelle Vorurteile, Ausgrenzung und Diskriminierung. Er ist ein Merkmal unseres Systems, unserer sozialen und kirchlichen Strukturen.\u201c<\/span><\/p>\n<p class=\"Normal tm5\"><span class=\"tm7\">\u00a0<\/span><\/p>\n<p class=\"Normal tm5\"><span class=\"tm7\">Sarah Vecera, in Oberhausen geboren, ist stellvertretende Leiterin der Abteilung Deutschland bei der Vereinten Evangelischen Mission (Wuppertal). Seit Oktober 2021 geh\u00f6rt sie dem Pr\u00e4sidium des Deutschen Evangelischen Kirchentages an. Sie hat mit ihrem Buch viele Gespr\u00e4che angeregt. In den sozialen Medien ist sie mit gro\u00dfem Echo pr\u00e4sent. <\/span><\/p>\n<p class=\"Normal tm5\"><span class=\"tm7\">\u00a0<\/span><\/p>\n<p class=\"Normal tm5\"><span class=\"tm7\">Die Veranstaltung ist der Beitrag der \u00d6kumenischen Initiative L\u00fcttringhausen zum Internationalen Jahr gegen Rassismus in Remscheid 2024. Mitveranstalter sind der Evangelische Kirchenkreis Lennep, die Citykirche Remscheid, Remscheid Tolerant e.V. und das Katholische Bildungswerk Wuppertal\/Solingen\/Remscheid.<\/span><\/p>\n<p class=\"Normal tm5\"><span class=\"tm7\">Der Eintritt ist frei. Der F(l)air-Weltladen-L\u00fcttringhausen bietet einen B\u00fcchertisch an.<\/span><\/p>\n","protected":false},"excerpt":{"rendered":"<p>\u201eWie ist Jesus wei\u00df geworden?\u201c- Mein Traum von einer Kirche ohne Rassismus. Lesung mit Sarah Vecera \u00a0 Dienstag, 19.03.24, 19:00 Uhr, Va\u00dfbendersaal in Remscheid \u00a0 Die Theologin und P\u00e4dagogin Sarah Vecera hat mit \u201eWie ist Jesus wei\u00df geworden?\u201c ein Buch vorgelegt, in dem sie beschreibt, wie sie als &#8222;person of color&#8220; selbst Rassismus in der&hellip;<\/p>\n","protected":false},"author":304,"featured_media":1844,"comment_status":"closed","ping_status":"closed","sticky":false,"template":"","format":"standard","meta":{"footnotes":""},"categories":[1],"tags":[],"class_list":["post-1845","post","type-post","status-publish","format-standard","has-post-thumbnail","hentry","category-allgemein","category-1","description-off"],"yoast_head":"<!-- This site is optimized with the Yoast SEO plugin v26.8 - https:\/\/yoast.com\/product\/yoast-seo-wordpress\/ -->\n<title>&quot;Wie ist Jesus wei\u00df geworden?&quot; - Lesung - F(l)air-Weltladen-L\u00fcttringhausen<\/title>\n<meta name=\"robots\" content=\"index, follow, max-snippet:-1, max-image-preview:large, max-video-preview:-1\" \/>\n<link rel=\"canonical\" href=\"https:\/\/weltlaeden.de\/flair-weltladen\/wie-ist-jesus-weiss-geworden-lesung\/\" \/>\n<meta property=\"og:locale\" content=\"de_DE\" \/>\n<meta property=\"og:type\" content=\"article\" \/>\n<meta property=\"og:title\" content=\"&quot;Wie ist Jesus wei\u00df geworden?&quot; - Lesung - F(l)air-Weltladen-L\u00fcttringhausen\" \/>\n<meta property=\"og:description\" content=\"\u201eWie ist Jesus wei\u00df geworden?\u201c- Mein Traum von einer Kirche ohne Rassismus. Lesung mit Sarah Vecera \u00a0 Dienstag, 19.03.24, 19:00 Uhr, Va\u00dfbendersaal in Remscheid \u00a0 Die Theologin und P\u00e4dagogin Sarah Vecera hat mit \u201eWie ist Jesus wei\u00df geworden?\u201c ein Buch vorgelegt, in dem sie beschreibt, wie sie als &#8222;person of color&#8220; selbst Rassismus in der&hellip;\" \/>\n<meta property=\"og:url\" content=\"https:\/\/weltlaeden.de\/flair-weltladen\/wie-ist-jesus-weiss-geworden-lesung\/\" \/>\n<meta property=\"og:site_name\" content=\"F(l)air-Weltladen-L\u00fcttringhausen\" \/>\n<meta property=\"article:published_time\" content=\"2024-02-19T15:28:48+00:00\" \/>\n<meta property=\"og:image\" content=\"https:\/\/weltlaeden.de\/flair-weltladen\/wp-content\/uploads\/sites\/32\/2024\/02\/vecera_sarah.jpg\" \/>\n\t<meta property=\"og:image:width\" content=\"2048\" \/>\n\t<meta property=\"og:image:height\" content=\"1536\" \/>\n\t<meta property=\"og:image:type\" content=\"image\/jpeg\" \/>\n<meta name=\"author\" content=\"ralfschnippering\" \/>\n<meta name=\"twitter:card\" content=\"summary_large_image\" \/>\n<meta name=\"twitter:label1\" content=\"Verfasst von\" \/>\n\t<meta name=\"twitter:data1\" content=\"ralfschnippering\" \/>\n\t<meta name=\"twitter:label2\" content=\"Gesch\u00e4tzte Lesezeit\" \/>\n\t<meta name=\"twitter:data2\" content=\"2\u00a0Minuten\" \/>\n<script type=\"application\/ld+json\" class=\"yoast-schema-graph\">{\"@context\":\"https:\/\/schema.org\",\"@graph\":[{\"@type\":\"Article\",\"@id\":\"https:\/\/weltlaeden.de\/flair-weltladen\/wie-ist-jesus-weiss-geworden-lesung\/#article\",\"isPartOf\":{\"@id\":\"https:\/\/weltlaeden.de\/flair-weltladen\/wie-ist-jesus-weiss-geworden-lesung\/\"},\"author\":{\"name\":\"ralfschnippering\",\"@id\":\"https:\/\/weltlaeden.de\/flair-weltladen\/#\/schema\/person\/34e1c33ea0c820c6b6000eab819c729b\"},\"headline\":\"&#8222;Wie ist Jesus wei\u00df geworden?&#8220; &#8211; Lesung\",\"datePublished\":\"2024-02-19T15:28:48+00:00\",\"mainEntityOfPage\":{\"@id\":\"https:\/\/weltlaeden.de\/flair-weltladen\/wie-ist-jesus-weiss-geworden-lesung\/\"},\"wordCount\":224,\"image\":{\"@id\":\"https:\/\/weltlaeden.de\/flair-weltladen\/wie-ist-jesus-weiss-geworden-lesung\/#primaryimage\"},\"thumbnailUrl\":\"https:\/\/weltlaeden.de\/flair-weltladen\/wp-content\/uploads\/sites\/32\/2024\/02\/vecera_sarah.jpg\",\"articleSection\":[\"Keine Kategorie\"],\"inLanguage\":\"de\"},{\"@type\":\"WebPage\",\"@id\":\"https:\/\/weltlaeden.de\/flair-weltladen\/wie-ist-jesus-weiss-geworden-lesung\/\",\"url\":\"https:\/\/weltlaeden.de\/flair-weltladen\/wie-ist-jesus-weiss-geworden-lesung\/\",\"name\":\"\\\"Wie ist Jesus wei\u00df geworden?\\\" - Lesung - F(l)air-Weltladen-L\u00fcttringhausen\",\"isPartOf\":{\"@id\":\"https:\/\/weltlaeden.de\/flair-weltladen\/#website\"},\"primaryImageOfPage\":{\"@id\":\"https:\/\/weltlaeden.de\/flair-weltladen\/wie-ist-jesus-weiss-geworden-lesung\/#primaryimage\"},\"image\":{\"@id\":\"https:\/\/weltlaeden.de\/flair-weltladen\/wie-ist-jesus-weiss-geworden-lesung\/#primaryimage\"},\"thumbnailUrl\":\"https:\/\/weltlaeden.de\/flair-weltladen\/wp-content\/uploads\/sites\/32\/2024\/02\/vecera_sarah.jpg\",\"datePublished\":\"2024-02-19T15:28:48+00:00\",\"author\":{\"@id\":\"https:\/\/weltlaeden.de\/flair-weltladen\/#\/schema\/person\/34e1c33ea0c820c6b6000eab819c729b\"},\"breadcrumb\":{\"@id\":\"https:\/\/weltlaeden.de\/flair-weltladen\/wie-ist-jesus-weiss-geworden-lesung\/#breadcrumb\"},\"inLanguage\":\"de\",\"potentialAction\":[{\"@type\":\"ReadAction\",\"target\":[\"https:\/\/weltlaeden.de\/flair-weltladen\/wie-ist-jesus-weiss-geworden-lesung\/\"]}]},{\"@type\":\"ImageObject\",\"inLanguage\":\"de\",\"@id\":\"https:\/\/weltlaeden.de\/flair-weltladen\/wie-ist-jesus-weiss-geworden-lesung\/#primaryimage\",\"url\":\"https:\/\/weltlaeden.de\/flair-weltladen\/wp-content\/uploads\/sites\/32\/2024\/02\/vecera_sarah.jpg\",\"contentUrl\":\"https:\/\/weltlaeden.de\/flair-weltladen\/wp-content\/uploads\/sites\/32\/2024\/02\/vecera_sarah.jpg\",\"width\":2048,\"height\":1536},{\"@type\":\"BreadcrumbList\",\"@id\":\"https:\/\/weltlaeden.de\/flair-weltladen\/wie-ist-jesus-weiss-geworden-lesung\/#breadcrumb\",\"itemListElement\":[{\"@type\":\"ListItem\",\"position\":1,\"name\":\"Startseite\",\"item\":\"https:\/\/weltlaeden.de\/flair-weltladen\/\"},{\"@type\":\"ListItem\",\"position\":2,\"name\":\"&#8222;Wie ist Jesus wei\u00df geworden?&#8220; &#8211; Lesung\"}]},{\"@type\":\"WebSite\",\"@id\":\"https:\/\/weltlaeden.de\/flair-weltladen\/#website\",\"url\":\"https:\/\/weltlaeden.de\/flair-weltladen\/\",\"name\":\"F(l)air-Weltladen-L\u00fcttringhausen\",\"description\":\"Faire Produkte seit 1990\",\"potentialAction\":[{\"@type\":\"SearchAction\",\"target\":{\"@type\":\"EntryPoint\",\"urlTemplate\":\"https:\/\/weltlaeden.de\/flair-weltladen\/?s={search_term_string}\"},\"query-input\":{\"@type\":\"PropertyValueSpecification\",\"valueRequired\":true,\"valueName\":\"search_term_string\"}}],\"inLanguage\":\"de\"},{\"@type\":\"Person\",\"@id\":\"https:\/\/weltlaeden.de\/flair-weltladen\/#\/schema\/person\/34e1c33ea0c820c6b6000eab819c729b\",\"name\":\"ralfschnippering\",\"image\":{\"@type\":\"ImageObject\",\"inLanguage\":\"de\",\"@id\":\"https:\/\/weltlaeden.de\/flair-weltladen\/#\/schema\/person\/image\/\",\"url\":\"https:\/\/secure.gravatar.com\/avatar\/e64c5ff26b1ef3791e83ab0359d7a377?s=96&d=mm&r=g\",\"contentUrl\":\"https:\/\/secure.gravatar.com\/avatar\/e64c5ff26b1ef3791e83ab0359d7a377?s=96&d=mm&r=g\",\"caption\":\"ralfschnippering\"},\"url\":\"https:\/\/weltlaeden.de\/flair-weltladen\/author\/ralfschnippering\/\"}]}<\/script>\n<!-- \/ Yoast SEO plugin. -->","yoast_head_json":{"title":"\"Wie ist Jesus wei\u00df geworden?\" - Lesung - F(l)air-Weltladen-L\u00fcttringhausen","robots":{"index":"index","follow":"follow","max-snippet":"max-snippet:-1","max-image-preview":"max-image-preview:large","max-video-preview":"max-video-preview:-1"},"canonical":"https:\/\/weltlaeden.de\/flair-weltladen\/wie-ist-jesus-weiss-geworden-lesung\/","og_locale":"de_DE","og_type":"article","og_title":"\"Wie ist Jesus wei\u00df geworden?\" - Lesung - F(l)air-Weltladen-L\u00fcttringhausen","og_description":"\u201eWie ist Jesus wei\u00df geworden?\u201c- Mein Traum von einer Kirche ohne Rassismus. Lesung mit Sarah Vecera \u00a0 Dienstag, 19.03.24, 19:00 Uhr, Va\u00dfbendersaal in Remscheid \u00a0 Die Theologin und P\u00e4dagogin Sarah Vecera hat mit \u201eWie ist Jesus wei\u00df geworden?\u201c ein Buch vorgelegt, in dem sie beschreibt, wie sie als &#8222;person of color&#8220; selbst Rassismus in der&hellip;","og_url":"https:\/\/weltlaeden.de\/flair-weltladen\/wie-ist-jesus-weiss-geworden-lesung\/","og_site_name":"F(l)air-Weltladen-L\u00fcttringhausen","article_published_time":"2024-02-19T15:28:48+00:00","og_image":[{"width":2048,"height":1536,"url":"https:\/\/weltlaeden.de\/flair-weltladen\/wp-content\/uploads\/sites\/32\/2024\/02\/vecera_sarah.jpg","type":"image\/jpeg"}],"author":"ralfschnippering","twitter_card":"summary_large_image","twitter_misc":{"Verfasst von":"ralfschnippering","Gesch\u00e4tzte Lesezeit":"2\u00a0Minuten"},"schema":{"@context":"https:\/\/schema.org","@graph":[{"@type":"Article","@id":"https:\/\/weltlaeden.de\/flair-weltladen\/wie-ist-jesus-weiss-geworden-lesung\/#article","isPartOf":{"@id":"https:\/\/weltlaeden.de\/flair-weltladen\/wie-ist-jesus-weiss-geworden-lesung\/"},"author":{"name":"ralfschnippering","@id":"https:\/\/weltlaeden.de\/flair-weltladen\/#\/schema\/person\/34e1c33ea0c820c6b6000eab819c729b"},"headline":"&#8222;Wie ist Jesus wei\u00df geworden?&#8220; &#8211; Lesung","datePublished":"2024-02-19T15:28:48+00:00","mainEntityOfPage":{"@id":"https:\/\/weltlaeden.de\/flair-weltladen\/wie-ist-jesus-weiss-geworden-lesung\/"},"wordCount":224,"image":{"@id":"https:\/\/weltlaeden.de\/flair-weltladen\/wie-ist-jesus-weiss-geworden-lesung\/#primaryimage"},"thumbnailUrl":"https:\/\/weltlaeden.de\/flair-weltladen\/wp-content\/uploads\/sites\/32\/2024\/02\/vecera_sarah.jpg","articleSection":["Keine Kategorie"],"inLanguage":"de"},{"@type":"WebPage","@id":"https:\/\/weltlaeden.de\/flair-weltladen\/wie-ist-jesus-weiss-geworden-lesung\/","url":"https:\/\/weltlaeden.de\/flair-weltladen\/wie-ist-jesus-weiss-geworden-lesung\/","name":"\"Wie ist Jesus wei\u00df geworden?\" - Lesung - F(l)air-Weltladen-L\u00fcttringhausen","isPartOf":{"@id":"https:\/\/weltlaeden.de\/flair-weltladen\/#website"},"primaryImageOfPage":{"@id":"https:\/\/weltlaeden.de\/flair-weltladen\/wie-ist-jesus-weiss-geworden-lesung\/#primaryimage"},"image":{"@id":"https:\/\/weltlaeden.de\/flair-weltladen\/wie-ist-jesus-weiss-geworden-lesung\/#primaryimage"},"thumbnailUrl":"https:\/\/weltlaeden.de\/flair-weltladen\/wp-content\/uploads\/sites\/32\/2024\/02\/vecera_sarah.jpg","datePublished":"2024-02-19T15:28:48+00:00","author":{"@id":"https:\/\/weltlaeden.de\/flair-weltladen\/#\/schema\/person\/34e1c33ea0c820c6b6000eab819c729b"},"breadcrumb":{"@id":"https:\/\/weltlaeden.de\/flair-weltladen\/wie-ist-jesus-weiss-geworden-lesung\/#breadcrumb"},"inLanguage":"de","potentialAction":[{"@type":"ReadAction","target":["https:\/\/weltlaeden.de\/flair-weltladen\/wie-ist-jesus-weiss-geworden-lesung\/"]}]},{"@type":"ImageObject","inLanguage":"de","@id":"https:\/\/weltlaeden.de\/flair-weltladen\/wie-ist-jesus-weiss-geworden-lesung\/#primaryimage","url":"https:\/\/weltlaeden.de\/flair-weltladen\/wp-content\/uploads\/sites\/32\/2024\/02\/vecera_sarah.jpg","contentUrl":"https:\/\/weltlaeden.de\/flair-weltladen\/wp-content\/uploads\/sites\/32\/2024\/02\/vecera_sarah.jpg","width":2048,"height":1536},{"@type":"BreadcrumbList","@id":"https:\/\/weltlaeden.de\/flair-weltladen\/wie-ist-jesus-weiss-geworden-lesung\/#breadcrumb","itemListElement":[{"@type":"ListItem","position":1,"name":"Startseite","item":"https:\/\/weltlaeden.de\/flair-weltladen\/"},{"@type":"ListItem","position":2,"name":"&#8222;Wie ist Jesus wei\u00df geworden?&#8220; &#8211; Lesung"}]},{"@type":"WebSite","@id":"https:\/\/weltlaeden.de\/flair-weltladen\/#website","url":"https:\/\/weltlaeden.de\/flair-weltladen\/","name":"F(l)air-Weltladen-L\u00fcttringhausen","description":"Faire Produkte seit 1990","potentialAction":[{"@type":"SearchAction","target":{"@type":"EntryPoint","urlTemplate":"https:\/\/weltlaeden.de\/flair-weltladen\/?s={search_term_string}"},"query-input":{"@type":"PropertyValueSpecification","valueRequired":true,"valueName":"search_term_string"}}],"inLanguage":"de"},{"@type":"Person","@id":"https:\/\/weltlaeden.de\/flair-weltladen\/#\/schema\/person\/34e1c33ea0c820c6b6000eab819c729b","name":"ralfschnippering","image":{"@type":"ImageObject","inLanguage":"de","@id":"https:\/\/weltlaeden.de\/flair-weltladen\/#\/schema\/person\/image\/","url":"https:\/\/secure.gravatar.com\/avatar\/e64c5ff26b1ef3791e83ab0359d7a377?s=96&d=mm&r=g","contentUrl":"https:\/\/secure.gravatar.com\/avatar\/e64c5ff26b1ef3791e83ab0359d7a377?s=96&d=mm&r=g","caption":"ralfschnippering"},"url":"https:\/\/weltlaeden.de\/flair-weltladen\/author\/ralfschnippering\/"}]}},"_links":{"self":[{"href":"https:\/\/weltlaeden.de\/flair-weltladen\/wp-json\/wp\/v2\/posts\/1845","targetHints":{"allow":["GET"]}}],"collection":[{"href":"https:\/\/weltlaeden.de\/flair-weltladen\/wp-json\/wp\/v2\/posts"}],"about":[{"href":"https:\/\/weltlaeden.de\/flair-weltladen\/wp-json\/wp\/v2\/types\/post"}],"author":[{"embeddable":true,"href":"https:\/\/weltlaeden.de\/flair-weltladen\/wp-json\/wp\/v2\/users\/304"}],"replies":[{"embeddable":true,"href":"https:\/\/weltlaeden.de\/flair-weltladen\/wp-json\/wp\/v2\/comments?post=1845"}],"version-history":[{"count":3,"href":"https:\/\/weltlaeden.de\/flair-weltladen\/wp-json\/wp\/v2\/posts\/1845\/revisions"}],"predecessor-version":[{"id":1848,"href":"https:\/\/weltlaeden.de\/flair-weltladen\/wp-json\/wp\/v2\/posts\/1845\/revisions\/1848"}],"wp:featuredmedia":[{"embeddable":true,"href":"https:\/\/weltlaeden.de\/flair-weltladen\/wp-json\/wp\/v2\/media\/1844"}],"wp:attachment":[{"href":"https:\/\/weltlaeden.de\/flair-weltladen\/wp-json\/wp\/v2\/media?parent=1845"}],"wp:term":[{"taxonomy":"category","embeddable":true,"href":"https:\/\/weltlaeden.de\/flair-weltladen\/wp-json\/wp\/v2\/categories?post=1845"},{"taxonomy":"post_tag","embeddable":true,"href":"https:\/\/weltlaeden.de\/flair-weltladen\/wp-json\/wp\/v2\/tags?post=1845"}],"curies":[{"name":"wp","href":"https:\/\/api.w.org\/{rel}","templated":true}]}}