{"id":1814,"date":"2024-02-03T12:53:40","date_gmt":"2024-02-03T11:53:40","guid":{"rendered":"https:\/\/weltlaeden.de\/flair-weltladen\/?p=1814"},"modified":"2024-02-03T12:53:40","modified_gmt":"2024-02-03T11:53:40","slug":"49-literaturcafe-lesung-lokaler-autorinnen-und-autoren-teil-2","status":"publish","type":"post","link":"https:\/\/weltlaeden.de\/flair-weltladen\/49-literaturcafe-lesung-lokaler-autorinnen-und-autoren-teil-2\/","title":{"rendered":"49. Literaturcaf\u00e9 &#8211; Lesung lokaler Autorinnen und Autoren, Teil 2"},"content":{"rendered":"<p>Wir laden f\u00fcr <strong>Montag, den 19.02.24, zwischen 15:30 und 17:00 Uhr<\/strong> herzlich zum <strong>49. Literaturcaf\u00e9<\/strong> in den Weltladen ein.<\/p>\n<p>Die Corona-Zeit haben manche auch in L\u00fcttringhausen und Remscheid genutzt, um B\u00fccher zu schreiben. Zum 2. Mal werden deshalb die B\u00fccher lokaler Autorinnen und Autoren vorgestellt.<\/p>\n<p><strong>Margit Dorfm\u00fcller<\/strong> erz\u00e4hlt in \u201eMartha \u2013 vom Gro\u00dfwerden und Kleinbleiben\u201c von den ersten 10 Lebensjahren eines kleinw\u00fcchsigen M\u00e4dchens. Ihr Klassenlehrer sagt \u00fcber sie: Martha kann Angst besiegen und Mut machen.<\/p>\n<p><strong>Ann P\u00e4tterskon<\/strong> aus L\u00fcttringhausen ver\u00f6ffentlicht in ihrem Band \u201eRandstunden\u201c Gedichte und Prosa zu Situationen, in denen sich das Leben wendet. \u201eGeradeaus w\u00e4re ungesund, wenn das Leben eine neue Richtung braucht.\u201c<\/p>\n<p><strong>Norbert Wessels<\/strong>, Wirtschaftswissenschaftler aus L\u00fctt-ringhausen, hat mit \u201eErfolgreich verhandeln\u201c einen Ratgeber vorgelegt, der dazu hilft, mit Geschick die eigenen F\u00e4higkeiten in Verhandlungen zur Geltung zu bringen. Acht Verhandlungsbeispiele beschlie\u00dfen ein mit viel Praxiserfahrung geschriebenes Buch.<\/p>\n<p>Alle Autorinnen und Autoren stellen ihre B\u00fccher pers\u00f6nlich vor und sind breit zum Gespr\u00e4ch.<\/p>\n<p>Weitere Termine:<br \/>\n19. M\u00e4rz (Achtung: Lesung mit Sarah Vecera im Va\u00dfbendersaal Remscheid)<br \/>\n13. Mai<br \/>\n17. Juni<\/p>\n<p>Die Literaturcaf\u00e9s beginnen immer um 15:30 Uhr und dauern bis 17:00 Uhr. Der Eintritt ist frei.<br \/>\nSie werden in Verbindung mit dem Katholischen Bildungswerk Wuppertal\/Solingen\/Remscheid von Johannes Haun organisiert.<\/p>\n<p>&nbsp;<\/p>\n","protected":false},"excerpt":{"rendered":"<p>Wir laden f\u00fcr Montag, den 19.02.24, zwischen 15:30 und 17:00 Uhr herzlich zum 49. Literaturcaf\u00e9 in den Weltladen ein. Die Corona-Zeit haben manche auch in L\u00fcttringhausen und Remscheid genutzt, um B\u00fccher zu schreiben. Zum 2. Mal werden deshalb die B\u00fccher lokaler Autorinnen und Autoren vorgestellt. Margit Dorfm\u00fcller erz\u00e4hlt in \u201eMartha \u2013 vom Gro\u00dfwerden und Kleinbleiben\u201c&hellip;<\/p>\n","protected":false},"author":304,"featured_media":1815,"comment_status":"closed","ping_status":"closed","sticky":false,"template":"","format":"standard","meta":{"footnotes":""},"categories":[1],"tags":[],"class_list":["post-1814","post","type-post","status-publish","format-standard","has-post-thumbnail","hentry","category-allgemein","category-1","description-off"],"yoast_head":"<!-- This site is optimized with the Yoast SEO plugin v26.8 - https:\/\/yoast.com\/product\/yoast-seo-wordpress\/ -->\n<title>49. Literaturcaf\u00e9 - Lesung lokaler Autorinnen und Autoren, Teil 2 - F(l)air-Weltladen-L\u00fcttringhausen<\/title>\n<meta name=\"robots\" content=\"index, follow, max-snippet:-1, max-image-preview:large, max-video-preview:-1\" \/>\n<link rel=\"canonical\" href=\"https:\/\/weltlaeden.de\/flair-weltladen\/49-literaturcafe-lesung-lokaler-autorinnen-und-autoren-teil-2\/\" \/>\n<meta property=\"og:locale\" content=\"de_DE\" \/>\n<meta property=\"og:type\" content=\"article\" \/>\n<meta property=\"og:title\" content=\"49. Literaturcaf\u00e9 - Lesung lokaler Autorinnen und Autoren, Teil 2 - F(l)air-Weltladen-L\u00fcttringhausen\" \/>\n<meta property=\"og:description\" content=\"Wir laden f\u00fcr Montag, den 19.02.24, zwischen 15:30 und 17:00 Uhr herzlich zum 49. Literaturcaf\u00e9 in den Weltladen ein. Die Corona-Zeit haben manche auch in L\u00fcttringhausen und Remscheid genutzt, um B\u00fccher zu schreiben. Zum 2. Mal werden deshalb die B\u00fccher lokaler Autorinnen und Autoren vorgestellt. Margit Dorfm\u00fcller erz\u00e4hlt in \u201eMartha \u2013 vom Gro\u00dfwerden und Kleinbleiben\u201c&hellip;\" \/>\n<meta property=\"og:url\" content=\"https:\/\/weltlaeden.de\/flair-weltladen\/49-literaturcafe-lesung-lokaler-autorinnen-und-autoren-teil-2\/\" \/>\n<meta property=\"og:site_name\" content=\"F(l)air-Weltladen-L\u00fcttringhausen\" \/>\n<meta property=\"article:published_time\" content=\"2024-02-03T11:53:40+00:00\" \/>\n<meta property=\"og:image\" content=\"https:\/\/weltlaeden.de\/flair-weltladen\/wp-content\/uploads\/sites\/32\/2024\/02\/Lokale-Autoren-2.jpg\" \/>\n\t<meta property=\"og:image:width\" content=\"2048\" \/>\n\t<meta property=\"og:image:height\" content=\"1536\" \/>\n\t<meta property=\"og:image:type\" content=\"image\/jpeg\" \/>\n<meta name=\"author\" content=\"ralfschnippering\" \/>\n<meta name=\"twitter:card\" content=\"summary_large_image\" \/>\n<meta name=\"twitter:label1\" content=\"Verfasst von\" \/>\n\t<meta name=\"twitter:data1\" content=\"ralfschnippering\" \/>\n\t<meta name=\"twitter:label2\" content=\"Gesch\u00e4tzte Lesezeit\" \/>\n\t<meta name=\"twitter:data2\" content=\"2\u00a0Minuten\" \/>\n<script type=\"application\/ld+json\" class=\"yoast-schema-graph\">{\"@context\":\"https:\/\/schema.org\",\"@graph\":[{\"@type\":\"Article\",\"@id\":\"https:\/\/weltlaeden.de\/flair-weltladen\/49-literaturcafe-lesung-lokaler-autorinnen-und-autoren-teil-2\/#article\",\"isPartOf\":{\"@id\":\"https:\/\/weltlaeden.de\/flair-weltladen\/49-literaturcafe-lesung-lokaler-autorinnen-und-autoren-teil-2\/\"},\"author\":{\"name\":\"ralfschnippering\",\"@id\":\"https:\/\/weltlaeden.de\/flair-weltladen\/#\/schema\/person\/34e1c33ea0c820c6b6000eab819c729b\"},\"headline\":\"49. Literaturcaf\u00e9 &#8211; Lesung lokaler Autorinnen und Autoren, Teil 2\",\"datePublished\":\"2024-02-03T11:53:40+00:00\",\"mainEntityOfPage\":{\"@id\":\"https:\/\/weltlaeden.de\/flair-weltladen\/49-literaturcafe-lesung-lokaler-autorinnen-und-autoren-teil-2\/\"},\"wordCount\":220,\"image\":{\"@id\":\"https:\/\/weltlaeden.de\/flair-weltladen\/49-literaturcafe-lesung-lokaler-autorinnen-und-autoren-teil-2\/#primaryimage\"},\"thumbnailUrl\":\"https:\/\/weltlaeden.de\/flair-weltladen\/wp-content\/uploads\/sites\/32\/2024\/02\/Lokale-Autoren-2.jpg\",\"articleSection\":[\"Keine Kategorie\"],\"inLanguage\":\"de\"},{\"@type\":\"WebPage\",\"@id\":\"https:\/\/weltlaeden.de\/flair-weltladen\/49-literaturcafe-lesung-lokaler-autorinnen-und-autoren-teil-2\/\",\"url\":\"https:\/\/weltlaeden.de\/flair-weltladen\/49-literaturcafe-lesung-lokaler-autorinnen-und-autoren-teil-2\/\",\"name\":\"49. Literaturcaf\u00e9 - Lesung lokaler Autorinnen und Autoren, Teil 2 - F(l)air-Weltladen-L\u00fcttringhausen\",\"isPartOf\":{\"@id\":\"https:\/\/weltlaeden.de\/flair-weltladen\/#website\"},\"primaryImageOfPage\":{\"@id\":\"https:\/\/weltlaeden.de\/flair-weltladen\/49-literaturcafe-lesung-lokaler-autorinnen-und-autoren-teil-2\/#primaryimage\"},\"image\":{\"@id\":\"https:\/\/weltlaeden.de\/flair-weltladen\/49-literaturcafe-lesung-lokaler-autorinnen-und-autoren-teil-2\/#primaryimage\"},\"thumbnailUrl\":\"https:\/\/weltlaeden.de\/flair-weltladen\/wp-content\/uploads\/sites\/32\/2024\/02\/Lokale-Autoren-2.jpg\",\"datePublished\":\"2024-02-03T11:53:40+00:00\",\"author\":{\"@id\":\"https:\/\/weltlaeden.de\/flair-weltladen\/#\/schema\/person\/34e1c33ea0c820c6b6000eab819c729b\"},\"breadcrumb\":{\"@id\":\"https:\/\/weltlaeden.de\/flair-weltladen\/49-literaturcafe-lesung-lokaler-autorinnen-und-autoren-teil-2\/#breadcrumb\"},\"inLanguage\":\"de\",\"potentialAction\":[{\"@type\":\"ReadAction\",\"target\":[\"https:\/\/weltlaeden.de\/flair-weltladen\/49-literaturcafe-lesung-lokaler-autorinnen-und-autoren-teil-2\/\"]}]},{\"@type\":\"ImageObject\",\"inLanguage\":\"de\",\"@id\":\"https:\/\/weltlaeden.de\/flair-weltladen\/49-literaturcafe-lesung-lokaler-autorinnen-und-autoren-teil-2\/#primaryimage\",\"url\":\"https:\/\/weltlaeden.de\/flair-weltladen\/wp-content\/uploads\/sites\/32\/2024\/02\/Lokale-Autoren-2.jpg\",\"contentUrl\":\"https:\/\/weltlaeden.de\/flair-weltladen\/wp-content\/uploads\/sites\/32\/2024\/02\/Lokale-Autoren-2.jpg\",\"width\":2048,\"height\":1536},{\"@type\":\"BreadcrumbList\",\"@id\":\"https:\/\/weltlaeden.de\/flair-weltladen\/49-literaturcafe-lesung-lokaler-autorinnen-und-autoren-teil-2\/#breadcrumb\",\"itemListElement\":[{\"@type\":\"ListItem\",\"position\":1,\"name\":\"Startseite\",\"item\":\"https:\/\/weltlaeden.de\/flair-weltladen\/\"},{\"@type\":\"ListItem\",\"position\":2,\"name\":\"49. Literaturcaf\u00e9 &#8211; Lesung lokaler Autorinnen und Autoren, Teil 2\"}]},{\"@type\":\"WebSite\",\"@id\":\"https:\/\/weltlaeden.de\/flair-weltladen\/#website\",\"url\":\"https:\/\/weltlaeden.de\/flair-weltladen\/\",\"name\":\"F(l)air-Weltladen-L\u00fcttringhausen\",\"description\":\"Faire Produkte seit 1990\",\"potentialAction\":[{\"@type\":\"SearchAction\",\"target\":{\"@type\":\"EntryPoint\",\"urlTemplate\":\"https:\/\/weltlaeden.de\/flair-weltladen\/?s={search_term_string}\"},\"query-input\":{\"@type\":\"PropertyValueSpecification\",\"valueRequired\":true,\"valueName\":\"search_term_string\"}}],\"inLanguage\":\"de\"},{\"@type\":\"Person\",\"@id\":\"https:\/\/weltlaeden.de\/flair-weltladen\/#\/schema\/person\/34e1c33ea0c820c6b6000eab819c729b\",\"name\":\"ralfschnippering\",\"image\":{\"@type\":\"ImageObject\",\"inLanguage\":\"de\",\"@id\":\"https:\/\/weltlaeden.de\/flair-weltladen\/#\/schema\/person\/image\/\",\"url\":\"https:\/\/secure.gravatar.com\/avatar\/e64c5ff26b1ef3791e83ab0359d7a377?s=96&d=mm&r=g\",\"contentUrl\":\"https:\/\/secure.gravatar.com\/avatar\/e64c5ff26b1ef3791e83ab0359d7a377?s=96&d=mm&r=g\",\"caption\":\"ralfschnippering\"},\"url\":\"https:\/\/weltlaeden.de\/flair-weltladen\/author\/ralfschnippering\/\"}]}<\/script>\n<!-- \/ Yoast SEO plugin. -->","yoast_head_json":{"title":"49. Literaturcaf\u00e9 - Lesung lokaler Autorinnen und Autoren, Teil 2 - F(l)air-Weltladen-L\u00fcttringhausen","robots":{"index":"index","follow":"follow","max-snippet":"max-snippet:-1","max-image-preview":"max-image-preview:large","max-video-preview":"max-video-preview:-1"},"canonical":"https:\/\/weltlaeden.de\/flair-weltladen\/49-literaturcafe-lesung-lokaler-autorinnen-und-autoren-teil-2\/","og_locale":"de_DE","og_type":"article","og_title":"49. Literaturcaf\u00e9 - Lesung lokaler Autorinnen und Autoren, Teil 2 - F(l)air-Weltladen-L\u00fcttringhausen","og_description":"Wir laden f\u00fcr Montag, den 19.02.24, zwischen 15:30 und 17:00 Uhr herzlich zum 49. Literaturcaf\u00e9 in den Weltladen ein. Die Corona-Zeit haben manche auch in L\u00fcttringhausen und Remscheid genutzt, um B\u00fccher zu schreiben. Zum 2. Mal werden deshalb die B\u00fccher lokaler Autorinnen und Autoren vorgestellt. Margit Dorfm\u00fcller erz\u00e4hlt in \u201eMartha \u2013 vom Gro\u00dfwerden und Kleinbleiben\u201c&hellip;","og_url":"https:\/\/weltlaeden.de\/flair-weltladen\/49-literaturcafe-lesung-lokaler-autorinnen-und-autoren-teil-2\/","og_site_name":"F(l)air-Weltladen-L\u00fcttringhausen","article_published_time":"2024-02-03T11:53:40+00:00","og_image":[{"width":2048,"height":1536,"url":"https:\/\/weltlaeden.de\/flair-weltladen\/wp-content\/uploads\/sites\/32\/2024\/02\/Lokale-Autoren-2.jpg","type":"image\/jpeg"}],"author":"ralfschnippering","twitter_card":"summary_large_image","twitter_misc":{"Verfasst von":"ralfschnippering","Gesch\u00e4tzte Lesezeit":"2\u00a0Minuten"},"schema":{"@context":"https:\/\/schema.org","@graph":[{"@type":"Article","@id":"https:\/\/weltlaeden.de\/flair-weltladen\/49-literaturcafe-lesung-lokaler-autorinnen-und-autoren-teil-2\/#article","isPartOf":{"@id":"https:\/\/weltlaeden.de\/flair-weltladen\/49-literaturcafe-lesung-lokaler-autorinnen-und-autoren-teil-2\/"},"author":{"name":"ralfschnippering","@id":"https:\/\/weltlaeden.de\/flair-weltladen\/#\/schema\/person\/34e1c33ea0c820c6b6000eab819c729b"},"headline":"49. Literaturcaf\u00e9 &#8211; Lesung lokaler Autorinnen und Autoren, Teil 2","datePublished":"2024-02-03T11:53:40+00:00","mainEntityOfPage":{"@id":"https:\/\/weltlaeden.de\/flair-weltladen\/49-literaturcafe-lesung-lokaler-autorinnen-und-autoren-teil-2\/"},"wordCount":220,"image":{"@id":"https:\/\/weltlaeden.de\/flair-weltladen\/49-literaturcafe-lesung-lokaler-autorinnen-und-autoren-teil-2\/#primaryimage"},"thumbnailUrl":"https:\/\/weltlaeden.de\/flair-weltladen\/wp-content\/uploads\/sites\/32\/2024\/02\/Lokale-Autoren-2.jpg","articleSection":["Keine Kategorie"],"inLanguage":"de"},{"@type":"WebPage","@id":"https:\/\/weltlaeden.de\/flair-weltladen\/49-literaturcafe-lesung-lokaler-autorinnen-und-autoren-teil-2\/","url":"https:\/\/weltlaeden.de\/flair-weltladen\/49-literaturcafe-lesung-lokaler-autorinnen-und-autoren-teil-2\/","name":"49. Literaturcaf\u00e9 - Lesung lokaler Autorinnen und Autoren, Teil 2 - F(l)air-Weltladen-L\u00fcttringhausen","isPartOf":{"@id":"https:\/\/weltlaeden.de\/flair-weltladen\/#website"},"primaryImageOfPage":{"@id":"https:\/\/weltlaeden.de\/flair-weltladen\/49-literaturcafe-lesung-lokaler-autorinnen-und-autoren-teil-2\/#primaryimage"},"image":{"@id":"https:\/\/weltlaeden.de\/flair-weltladen\/49-literaturcafe-lesung-lokaler-autorinnen-und-autoren-teil-2\/#primaryimage"},"thumbnailUrl":"https:\/\/weltlaeden.de\/flair-weltladen\/wp-content\/uploads\/sites\/32\/2024\/02\/Lokale-Autoren-2.jpg","datePublished":"2024-02-03T11:53:40+00:00","author":{"@id":"https:\/\/weltlaeden.de\/flair-weltladen\/#\/schema\/person\/34e1c33ea0c820c6b6000eab819c729b"},"breadcrumb":{"@id":"https:\/\/weltlaeden.de\/flair-weltladen\/49-literaturcafe-lesung-lokaler-autorinnen-und-autoren-teil-2\/#breadcrumb"},"inLanguage":"de","potentialAction":[{"@type":"ReadAction","target":["https:\/\/weltlaeden.de\/flair-weltladen\/49-literaturcafe-lesung-lokaler-autorinnen-und-autoren-teil-2\/"]}]},{"@type":"ImageObject","inLanguage":"de","@id":"https:\/\/weltlaeden.de\/flair-weltladen\/49-literaturcafe-lesung-lokaler-autorinnen-und-autoren-teil-2\/#primaryimage","url":"https:\/\/weltlaeden.de\/flair-weltladen\/wp-content\/uploads\/sites\/32\/2024\/02\/Lokale-Autoren-2.jpg","contentUrl":"https:\/\/weltlaeden.de\/flair-weltladen\/wp-content\/uploads\/sites\/32\/2024\/02\/Lokale-Autoren-2.jpg","width":2048,"height":1536},{"@type":"BreadcrumbList","@id":"https:\/\/weltlaeden.de\/flair-weltladen\/49-literaturcafe-lesung-lokaler-autorinnen-und-autoren-teil-2\/#breadcrumb","itemListElement":[{"@type":"ListItem","position":1,"name":"Startseite","item":"https:\/\/weltlaeden.de\/flair-weltladen\/"},{"@type":"ListItem","position":2,"name":"49. Literaturcaf\u00e9 &#8211; Lesung lokaler Autorinnen und Autoren, Teil 2"}]},{"@type":"WebSite","@id":"https:\/\/weltlaeden.de\/flair-weltladen\/#website","url":"https:\/\/weltlaeden.de\/flair-weltladen\/","name":"F(l)air-Weltladen-L\u00fcttringhausen","description":"Faire Produkte seit 1990","potentialAction":[{"@type":"SearchAction","target":{"@type":"EntryPoint","urlTemplate":"https:\/\/weltlaeden.de\/flair-weltladen\/?s={search_term_string}"},"query-input":{"@type":"PropertyValueSpecification","valueRequired":true,"valueName":"search_term_string"}}],"inLanguage":"de"},{"@type":"Person","@id":"https:\/\/weltlaeden.de\/flair-weltladen\/#\/schema\/person\/34e1c33ea0c820c6b6000eab819c729b","name":"ralfschnippering","image":{"@type":"ImageObject","inLanguage":"de","@id":"https:\/\/weltlaeden.de\/flair-weltladen\/#\/schema\/person\/image\/","url":"https:\/\/secure.gravatar.com\/avatar\/e64c5ff26b1ef3791e83ab0359d7a377?s=96&d=mm&r=g","contentUrl":"https:\/\/secure.gravatar.com\/avatar\/e64c5ff26b1ef3791e83ab0359d7a377?s=96&d=mm&r=g","caption":"ralfschnippering"},"url":"https:\/\/weltlaeden.de\/flair-weltladen\/author\/ralfschnippering\/"}]}},"_links":{"self":[{"href":"https:\/\/weltlaeden.de\/flair-weltladen\/wp-json\/wp\/v2\/posts\/1814","targetHints":{"allow":["GET"]}}],"collection":[{"href":"https:\/\/weltlaeden.de\/flair-weltladen\/wp-json\/wp\/v2\/posts"}],"about":[{"href":"https:\/\/weltlaeden.de\/flair-weltladen\/wp-json\/wp\/v2\/types\/post"}],"author":[{"embeddable":true,"href":"https:\/\/weltlaeden.de\/flair-weltladen\/wp-json\/wp\/v2\/users\/304"}],"replies":[{"embeddable":true,"href":"https:\/\/weltlaeden.de\/flair-weltladen\/wp-json\/wp\/v2\/comments?post=1814"}],"version-history":[{"count":2,"href":"https:\/\/weltlaeden.de\/flair-weltladen\/wp-json\/wp\/v2\/posts\/1814\/revisions"}],"predecessor-version":[{"id":1817,"href":"https:\/\/weltlaeden.de\/flair-weltladen\/wp-json\/wp\/v2\/posts\/1814\/revisions\/1817"}],"wp:featuredmedia":[{"embeddable":true,"href":"https:\/\/weltlaeden.de\/flair-weltladen\/wp-json\/wp\/v2\/media\/1815"}],"wp:attachment":[{"href":"https:\/\/weltlaeden.de\/flair-weltladen\/wp-json\/wp\/v2\/media?parent=1814"}],"wp:term":[{"taxonomy":"category","embeddable":true,"href":"https:\/\/weltlaeden.de\/flair-weltladen\/wp-json\/wp\/v2\/categories?post=1814"},{"taxonomy":"post_tag","embeddable":true,"href":"https:\/\/weltlaeden.de\/flair-weltladen\/wp-json\/wp\/v2\/tags?post=1814"}],"curies":[{"name":"wp","href":"https:\/\/api.w.org\/{rel}","templated":true}]}}