{"id":1788,"date":"2024-01-16T12:07:37","date_gmt":"2024-01-16T11:07:37","guid":{"rendered":"https:\/\/weltlaeden.de\/flair-weltladen\/?p=1788"},"modified":"2024-01-16T12:07:37","modified_gmt":"2024-01-16T11:07:37","slug":"fastenaktion-7-wochen-ohne-alleingaenge","status":"publish","type":"post","link":"https:\/\/weltlaeden.de\/flair-weltladen\/fastenaktion-7-wochen-ohne-alleingaenge\/","title":{"rendered":"Fastenaktion &#8222;7 Wochen ohne Alleing\u00e4nge!&#8220;"},"content":{"rendered":"<p class=\"western\" align=\"left\"><span style=\"font-family: Gill Sans Nova, serif\">Liebe Kundinnen und Kunden,<\/span><\/p>\n<p class=\"western\" align=\"left\"><span style=\"font-family: Gill Sans Nova, serif\"><span style=\"font-size: medium\">traditionell dient die Fastenzeit zur Besinnung auf die eigenen Werte, das eigene Leben sowie das der Anderen. Auch das Motto der Fastenaktion \u201e7 Wochen ohne\u201c der evangelischen Kirche in diesem Jahr,\u201eKomm r\u00fcber! Sieben Wochen ohne Alleing\u00e4nge!\u201c, nimmt diesen Tenor auf.<\/span><\/span><\/p>\n<p class=\"western\" align=\"left\"><span style=\"font-family: Gill Sans Nova, serif\"><span style=\"font-size: medium\">Als Anregung das eigene Konsumverhalten noch einmal zu hinterfragen und sich mit der Herkunft der gekauften Ware auseinander zu setzen, bietet der F(l)air Weltladen L\u00fcttringhausen Ihnen auch dieses Jahr an, in der Fastenzeit faire Produkte aus vielen L\u00e4ndern der Welt n\u00e4her kennenzulernen. Bei Bestellung bis zum 30.Januar 2024 erhalten Sie w\u00e4hrend jeder der 7 Fastenwochen eine T\u00fcte mit ausgesuchten Produkten einschlie\u00dflich der Information \u00fcber deren Anbau bzw. Herstellung und die Menschen, die dahinter stehen.<\/span><\/span><\/p>\n<p class=\"western\" align=\"left\"><span style=\"font-family: Gill Sans Nova, serif\"><span style=\"font-size: medium\">Weitere Details entnehmen Sie bitte dem beiliegenden Flyer <a href=\"https:\/\/weltlaeden.de\/flair-weltladen\/wp-content\/uploads\/sites\/32\/2024\/01\/Flyer-Fastenaktion-2024.pdf\">Flyer Fastenaktion 2024<\/a>. Bei Interesse k\u00f6nnen Sie den Flyer ausgef\u00fcllt als Bestellung im Laden abgeben oder bequem am Computer ausf\u00fcllen und an <\/span><\/span><span style=\"color: #000080\"><u><a href=\"mailto:flair-weltladen@t-online.de\"><span style=\"font-family: Gill Sans Nova, serif\"><span style=\"font-size: medium\">mailto:flair-weltladen@t-online.de<\/span><\/span><\/a><\/u><\/span><span style=\"font-family: Gill Sans Nova, serif\"><span style=\"font-size: medium\"> senden.<\/span><\/span><\/p>\n<p class=\"western\" align=\"left\"><span style=\"font-family: Gill Sans Nova, serif\"><span style=\"font-size: medium\">Wir freuen uns, wenn Sie zu uns \u201er\u00fcber kommen\u201c und gemeinsam mit uns die herstellenden Menschen durch fairen Handel nicht alleine lassen.<\/span><\/span><\/p>\n","protected":false},"excerpt":{"rendered":"<p>Liebe Kundinnen und Kunden, traditionell dient die Fastenzeit zur Besinnung auf die eigenen Werte, das eigene Leben sowie das der Anderen. Auch das Motto der Fastenaktion \u201e7 Wochen ohne\u201c der evangelischen Kirche in diesem Jahr,\u201eKomm r\u00fcber! Sieben Wochen ohne Alleing\u00e4nge!\u201c, nimmt diesen Tenor auf. Als Anregung das eigene Konsumverhalten noch einmal zu hinterfragen und sich&hellip;<\/p>\n","protected":false},"author":304,"featured_media":1796,"comment_status":"closed","ping_status":"closed","sticky":false,"template":"","format":"standard","meta":{"footnotes":""},"categories":[1],"tags":[],"class_list":["post-1788","post","type-post","status-publish","format-standard","has-post-thumbnail","hentry","category-allgemein","category-1","description-off"],"yoast_head":"<!-- This site is optimized with the Yoast SEO plugin v26.8 - https:\/\/yoast.com\/product\/yoast-seo-wordpress\/ -->\n<title>Fastenaktion &quot;7 Wochen ohne Alleing\u00e4nge!&quot; - F(l)air-Weltladen-L\u00fcttringhausen<\/title>\n<meta name=\"robots\" content=\"index, follow, max-snippet:-1, max-image-preview:large, max-video-preview:-1\" \/>\n<link rel=\"canonical\" href=\"https:\/\/weltlaeden.de\/flair-weltladen\/fastenaktion-7-wochen-ohne-alleingaenge\/\" \/>\n<meta property=\"og:locale\" content=\"de_DE\" \/>\n<meta property=\"og:type\" content=\"article\" \/>\n<meta property=\"og:title\" content=\"Fastenaktion &quot;7 Wochen ohne Alleing\u00e4nge!&quot; - F(l)air-Weltladen-L\u00fcttringhausen\" \/>\n<meta property=\"og:description\" content=\"Liebe Kundinnen und Kunden, traditionell dient die Fastenzeit zur Besinnung auf die eigenen Werte, das eigene Leben sowie das der Anderen. Auch das Motto der Fastenaktion \u201e7 Wochen ohne\u201c der evangelischen Kirche in diesem Jahr,\u201eKomm r\u00fcber! Sieben Wochen ohne Alleing\u00e4nge!\u201c, nimmt diesen Tenor auf. Als Anregung das eigene Konsumverhalten noch einmal zu hinterfragen und sich&hellip;\" \/>\n<meta property=\"og:url\" content=\"https:\/\/weltlaeden.de\/flair-weltladen\/fastenaktion-7-wochen-ohne-alleingaenge\/\" \/>\n<meta property=\"og:site_name\" content=\"F(l)air-Weltladen-L\u00fcttringhausen\" \/>\n<meta property=\"article:published_time\" content=\"2024-01-16T11:07:37+00:00\" \/>\n<meta property=\"og:image\" content=\"https:\/\/weltlaeden.de\/flair-weltladen\/wp-content\/uploads\/sites\/32\/2024\/01\/Screenshot-Fastenaktion-2024.png\" \/>\n\t<meta property=\"og:image:width\" content=\"560\" \/>\n\t<meta property=\"og:image:height\" content=\"793\" \/>\n\t<meta property=\"og:image:type\" content=\"image\/png\" \/>\n<meta name=\"author\" content=\"ralfschnippering\" \/>\n<meta name=\"twitter:card\" content=\"summary_large_image\" \/>\n<meta name=\"twitter:label1\" content=\"Verfasst von\" \/>\n\t<meta name=\"twitter:data1\" content=\"ralfschnippering\" \/>\n\t<meta name=\"twitter:label2\" content=\"Gesch\u00e4tzte Lesezeit\" \/>\n\t<meta name=\"twitter:data2\" content=\"1\u00a0Minute\" \/>\n<script type=\"application\/ld+json\" class=\"yoast-schema-graph\">{\"@context\":\"https:\/\/schema.org\",\"@graph\":[{\"@type\":\"Article\",\"@id\":\"https:\/\/weltlaeden.de\/flair-weltladen\/fastenaktion-7-wochen-ohne-alleingaenge\/#article\",\"isPartOf\":{\"@id\":\"https:\/\/weltlaeden.de\/flair-weltladen\/fastenaktion-7-wochen-ohne-alleingaenge\/\"},\"author\":{\"name\":\"ralfschnippering\",\"@id\":\"https:\/\/weltlaeden.de\/flair-weltladen\/#\/schema\/person\/34e1c33ea0c820c6b6000eab819c729b\"},\"headline\":\"Fastenaktion &#8222;7 Wochen ohne Alleing\u00e4nge!&#8220;\",\"datePublished\":\"2024-01-16T11:07:37+00:00\",\"mainEntityOfPage\":{\"@id\":\"https:\/\/weltlaeden.de\/flair-weltladen\/fastenaktion-7-wochen-ohne-alleingaenge\/\"},\"wordCount\":191,\"image\":{\"@id\":\"https:\/\/weltlaeden.de\/flair-weltladen\/fastenaktion-7-wochen-ohne-alleingaenge\/#primaryimage\"},\"thumbnailUrl\":\"https:\/\/weltlaeden.de\/flair-weltladen\/wp-content\/uploads\/sites\/32\/2024\/01\/Screenshot-Fastenaktion-2024.png\",\"articleSection\":[\"Keine Kategorie\"],\"inLanguage\":\"de\"},{\"@type\":\"WebPage\",\"@id\":\"https:\/\/weltlaeden.de\/flair-weltladen\/fastenaktion-7-wochen-ohne-alleingaenge\/\",\"url\":\"https:\/\/weltlaeden.de\/flair-weltladen\/fastenaktion-7-wochen-ohne-alleingaenge\/\",\"name\":\"Fastenaktion \\\"7 Wochen ohne Alleing\u00e4nge!\\\" - F(l)air-Weltladen-L\u00fcttringhausen\",\"isPartOf\":{\"@id\":\"https:\/\/weltlaeden.de\/flair-weltladen\/#website\"},\"primaryImageOfPage\":{\"@id\":\"https:\/\/weltlaeden.de\/flair-weltladen\/fastenaktion-7-wochen-ohne-alleingaenge\/#primaryimage\"},\"image\":{\"@id\":\"https:\/\/weltlaeden.de\/flair-weltladen\/fastenaktion-7-wochen-ohne-alleingaenge\/#primaryimage\"},\"thumbnailUrl\":\"https:\/\/weltlaeden.de\/flair-weltladen\/wp-content\/uploads\/sites\/32\/2024\/01\/Screenshot-Fastenaktion-2024.png\",\"datePublished\":\"2024-01-16T11:07:37+00:00\",\"author\":{\"@id\":\"https:\/\/weltlaeden.de\/flair-weltladen\/#\/schema\/person\/34e1c33ea0c820c6b6000eab819c729b\"},\"breadcrumb\":{\"@id\":\"https:\/\/weltlaeden.de\/flair-weltladen\/fastenaktion-7-wochen-ohne-alleingaenge\/#breadcrumb\"},\"inLanguage\":\"de\",\"potentialAction\":[{\"@type\":\"ReadAction\",\"target\":[\"https:\/\/weltlaeden.de\/flair-weltladen\/fastenaktion-7-wochen-ohne-alleingaenge\/\"]}]},{\"@type\":\"ImageObject\",\"inLanguage\":\"de\",\"@id\":\"https:\/\/weltlaeden.de\/flair-weltladen\/fastenaktion-7-wochen-ohne-alleingaenge\/#primaryimage\",\"url\":\"https:\/\/weltlaeden.de\/flair-weltladen\/wp-content\/uploads\/sites\/32\/2024\/01\/Screenshot-Fastenaktion-2024.png\",\"contentUrl\":\"https:\/\/weltlaeden.de\/flair-weltladen\/wp-content\/uploads\/sites\/32\/2024\/01\/Screenshot-Fastenaktion-2024.png\",\"width\":560,\"height\":793},{\"@type\":\"BreadcrumbList\",\"@id\":\"https:\/\/weltlaeden.de\/flair-weltladen\/fastenaktion-7-wochen-ohne-alleingaenge\/#breadcrumb\",\"itemListElement\":[{\"@type\":\"ListItem\",\"position\":1,\"name\":\"Startseite\",\"item\":\"https:\/\/weltlaeden.de\/flair-weltladen\/\"},{\"@type\":\"ListItem\",\"position\":2,\"name\":\"Fastenaktion &#8222;7 Wochen ohne Alleing\u00e4nge!&#8220;\"}]},{\"@type\":\"WebSite\",\"@id\":\"https:\/\/weltlaeden.de\/flair-weltladen\/#website\",\"url\":\"https:\/\/weltlaeden.de\/flair-weltladen\/\",\"name\":\"F(l)air-Weltladen-L\u00fcttringhausen\",\"description\":\"Faire Produkte seit 1990\",\"potentialAction\":[{\"@type\":\"SearchAction\",\"target\":{\"@type\":\"EntryPoint\",\"urlTemplate\":\"https:\/\/weltlaeden.de\/flair-weltladen\/?s={search_term_string}\"},\"query-input\":{\"@type\":\"PropertyValueSpecification\",\"valueRequired\":true,\"valueName\":\"search_term_string\"}}],\"inLanguage\":\"de\"},{\"@type\":\"Person\",\"@id\":\"https:\/\/weltlaeden.de\/flair-weltladen\/#\/schema\/person\/34e1c33ea0c820c6b6000eab819c729b\",\"name\":\"ralfschnippering\",\"image\":{\"@type\":\"ImageObject\",\"inLanguage\":\"de\",\"@id\":\"https:\/\/weltlaeden.de\/flair-weltladen\/#\/schema\/person\/image\/\",\"url\":\"https:\/\/secure.gravatar.com\/avatar\/e64c5ff26b1ef3791e83ab0359d7a377?s=96&d=mm&r=g\",\"contentUrl\":\"https:\/\/secure.gravatar.com\/avatar\/e64c5ff26b1ef3791e83ab0359d7a377?s=96&d=mm&r=g\",\"caption\":\"ralfschnippering\"},\"url\":\"https:\/\/weltlaeden.de\/flair-weltladen\/author\/ralfschnippering\/\"}]}<\/script>\n<!-- \/ Yoast SEO plugin. -->","yoast_head_json":{"title":"Fastenaktion \"7 Wochen ohne Alleing\u00e4nge!\" - F(l)air-Weltladen-L\u00fcttringhausen","robots":{"index":"index","follow":"follow","max-snippet":"max-snippet:-1","max-image-preview":"max-image-preview:large","max-video-preview":"max-video-preview:-1"},"canonical":"https:\/\/weltlaeden.de\/flair-weltladen\/fastenaktion-7-wochen-ohne-alleingaenge\/","og_locale":"de_DE","og_type":"article","og_title":"Fastenaktion \"7 Wochen ohne Alleing\u00e4nge!\" - F(l)air-Weltladen-L\u00fcttringhausen","og_description":"Liebe Kundinnen und Kunden, traditionell dient die Fastenzeit zur Besinnung auf die eigenen Werte, das eigene Leben sowie das der Anderen. Auch das Motto der Fastenaktion \u201e7 Wochen ohne\u201c der evangelischen Kirche in diesem Jahr,\u201eKomm r\u00fcber! Sieben Wochen ohne Alleing\u00e4nge!\u201c, nimmt diesen Tenor auf. Als Anregung das eigene Konsumverhalten noch einmal zu hinterfragen und sich&hellip;","og_url":"https:\/\/weltlaeden.de\/flair-weltladen\/fastenaktion-7-wochen-ohne-alleingaenge\/","og_site_name":"F(l)air-Weltladen-L\u00fcttringhausen","article_published_time":"2024-01-16T11:07:37+00:00","og_image":[{"width":560,"height":793,"url":"https:\/\/weltlaeden.de\/flair-weltladen\/wp-content\/uploads\/sites\/32\/2024\/01\/Screenshot-Fastenaktion-2024.png","type":"image\/png"}],"author":"ralfschnippering","twitter_card":"summary_large_image","twitter_misc":{"Verfasst von":"ralfschnippering","Gesch\u00e4tzte Lesezeit":"1\u00a0Minute"},"schema":{"@context":"https:\/\/schema.org","@graph":[{"@type":"Article","@id":"https:\/\/weltlaeden.de\/flair-weltladen\/fastenaktion-7-wochen-ohne-alleingaenge\/#article","isPartOf":{"@id":"https:\/\/weltlaeden.de\/flair-weltladen\/fastenaktion-7-wochen-ohne-alleingaenge\/"},"author":{"name":"ralfschnippering","@id":"https:\/\/weltlaeden.de\/flair-weltladen\/#\/schema\/person\/34e1c33ea0c820c6b6000eab819c729b"},"headline":"Fastenaktion &#8222;7 Wochen ohne Alleing\u00e4nge!&#8220;","datePublished":"2024-01-16T11:07:37+00:00","mainEntityOfPage":{"@id":"https:\/\/weltlaeden.de\/flair-weltladen\/fastenaktion-7-wochen-ohne-alleingaenge\/"},"wordCount":191,"image":{"@id":"https:\/\/weltlaeden.de\/flair-weltladen\/fastenaktion-7-wochen-ohne-alleingaenge\/#primaryimage"},"thumbnailUrl":"https:\/\/weltlaeden.de\/flair-weltladen\/wp-content\/uploads\/sites\/32\/2024\/01\/Screenshot-Fastenaktion-2024.png","articleSection":["Keine Kategorie"],"inLanguage":"de"},{"@type":"WebPage","@id":"https:\/\/weltlaeden.de\/flair-weltladen\/fastenaktion-7-wochen-ohne-alleingaenge\/","url":"https:\/\/weltlaeden.de\/flair-weltladen\/fastenaktion-7-wochen-ohne-alleingaenge\/","name":"Fastenaktion \"7 Wochen ohne Alleing\u00e4nge!\" - F(l)air-Weltladen-L\u00fcttringhausen","isPartOf":{"@id":"https:\/\/weltlaeden.de\/flair-weltladen\/#website"},"primaryImageOfPage":{"@id":"https:\/\/weltlaeden.de\/flair-weltladen\/fastenaktion-7-wochen-ohne-alleingaenge\/#primaryimage"},"image":{"@id":"https:\/\/weltlaeden.de\/flair-weltladen\/fastenaktion-7-wochen-ohne-alleingaenge\/#primaryimage"},"thumbnailUrl":"https:\/\/weltlaeden.de\/flair-weltladen\/wp-content\/uploads\/sites\/32\/2024\/01\/Screenshot-Fastenaktion-2024.png","datePublished":"2024-01-16T11:07:37+00:00","author":{"@id":"https:\/\/weltlaeden.de\/flair-weltladen\/#\/schema\/person\/34e1c33ea0c820c6b6000eab819c729b"},"breadcrumb":{"@id":"https:\/\/weltlaeden.de\/flair-weltladen\/fastenaktion-7-wochen-ohne-alleingaenge\/#breadcrumb"},"inLanguage":"de","potentialAction":[{"@type":"ReadAction","target":["https:\/\/weltlaeden.de\/flair-weltladen\/fastenaktion-7-wochen-ohne-alleingaenge\/"]}]},{"@type":"ImageObject","inLanguage":"de","@id":"https:\/\/weltlaeden.de\/flair-weltladen\/fastenaktion-7-wochen-ohne-alleingaenge\/#primaryimage","url":"https:\/\/weltlaeden.de\/flair-weltladen\/wp-content\/uploads\/sites\/32\/2024\/01\/Screenshot-Fastenaktion-2024.png","contentUrl":"https:\/\/weltlaeden.de\/flair-weltladen\/wp-content\/uploads\/sites\/32\/2024\/01\/Screenshot-Fastenaktion-2024.png","width":560,"height":793},{"@type":"BreadcrumbList","@id":"https:\/\/weltlaeden.de\/flair-weltladen\/fastenaktion-7-wochen-ohne-alleingaenge\/#breadcrumb","itemListElement":[{"@type":"ListItem","position":1,"name":"Startseite","item":"https:\/\/weltlaeden.de\/flair-weltladen\/"},{"@type":"ListItem","position":2,"name":"Fastenaktion &#8222;7 Wochen ohne Alleing\u00e4nge!&#8220;"}]},{"@type":"WebSite","@id":"https:\/\/weltlaeden.de\/flair-weltladen\/#website","url":"https:\/\/weltlaeden.de\/flair-weltladen\/","name":"F(l)air-Weltladen-L\u00fcttringhausen","description":"Faire Produkte seit 1990","potentialAction":[{"@type":"SearchAction","target":{"@type":"EntryPoint","urlTemplate":"https:\/\/weltlaeden.de\/flair-weltladen\/?s={search_term_string}"},"query-input":{"@type":"PropertyValueSpecification","valueRequired":true,"valueName":"search_term_string"}}],"inLanguage":"de"},{"@type":"Person","@id":"https:\/\/weltlaeden.de\/flair-weltladen\/#\/schema\/person\/34e1c33ea0c820c6b6000eab819c729b","name":"ralfschnippering","image":{"@type":"ImageObject","inLanguage":"de","@id":"https:\/\/weltlaeden.de\/flair-weltladen\/#\/schema\/person\/image\/","url":"https:\/\/secure.gravatar.com\/avatar\/e64c5ff26b1ef3791e83ab0359d7a377?s=96&d=mm&r=g","contentUrl":"https:\/\/secure.gravatar.com\/avatar\/e64c5ff26b1ef3791e83ab0359d7a377?s=96&d=mm&r=g","caption":"ralfschnippering"},"url":"https:\/\/weltlaeden.de\/flair-weltladen\/author\/ralfschnippering\/"}]}},"_links":{"self":[{"href":"https:\/\/weltlaeden.de\/flair-weltladen\/wp-json\/wp\/v2\/posts\/1788","targetHints":{"allow":["GET"]}}],"collection":[{"href":"https:\/\/weltlaeden.de\/flair-weltladen\/wp-json\/wp\/v2\/posts"}],"about":[{"href":"https:\/\/weltlaeden.de\/flair-weltladen\/wp-json\/wp\/v2\/types\/post"}],"author":[{"embeddable":true,"href":"https:\/\/weltlaeden.de\/flair-weltladen\/wp-json\/wp\/v2\/users\/304"}],"replies":[{"embeddable":true,"href":"https:\/\/weltlaeden.de\/flair-weltladen\/wp-json\/wp\/v2\/comments?post=1788"}],"version-history":[{"count":3,"href":"https:\/\/weltlaeden.de\/flair-weltladen\/wp-json\/wp\/v2\/posts\/1788\/revisions"}],"predecessor-version":[{"id":1795,"href":"https:\/\/weltlaeden.de\/flair-weltladen\/wp-json\/wp\/v2\/posts\/1788\/revisions\/1795"}],"wp:featuredmedia":[{"embeddable":true,"href":"https:\/\/weltlaeden.de\/flair-weltladen\/wp-json\/wp\/v2\/media\/1796"}],"wp:attachment":[{"href":"https:\/\/weltlaeden.de\/flair-weltladen\/wp-json\/wp\/v2\/media?parent=1788"}],"wp:term":[{"taxonomy":"category","embeddable":true,"href":"https:\/\/weltlaeden.de\/flair-weltladen\/wp-json\/wp\/v2\/categories?post=1788"},{"taxonomy":"post_tag","embeddable":true,"href":"https:\/\/weltlaeden.de\/flair-weltladen\/wp-json\/wp\/v2\/tags?post=1788"}],"curies":[{"name":"wp","href":"https:\/\/api.w.org\/{rel}","templated":true}]}}