{"id":929,"date":"2019-11-29T20:27:06","date_gmt":"2019-11-29T19:27:06","guid":{"rendered":"https:\/\/weltlaeden.de\/bremen\/?p=929"},"modified":"2020-02-11T18:01:24","modified_gmt":"2020-02-11T17:01:24","slug":"klimastreik","status":"publish","type":"post","link":"https:\/\/weltlaeden.de\/bremen\/klimastreik\/","title":{"rendered":"Alle f\u00fcr das Klima!"},"content":{"rendered":"<p>Statt Black Friday waren wir am Freitag 29.November mit Fridays for future auf der Stra\u00dfe!<\/p>\n<p style=\"text-align: left\"><!--more-->\u00a0Auf Menschenrechte und gutes Klima gibt es keine Prozente! Jeder Tag ist Klimatag. Mit dem Klima-P\u00e4ckchen der Bundesregierung sind wir nicht zufrieden. Um die Pariser Klima-Ziele zu erreichen, brauchen wir deutlich gr\u00f6\u00dfere Anstrengungen.<\/p>\n","protected":false},"excerpt":{"rendered":"<p>Statt Black Friday waren wir am Freitag 29.November mit Fridays for future auf der Stra\u00dfe!<\/p>\n","protected":false},"author":138,"featured_media":940,"comment_status":"closed","ping_status":"closed","sticky":false,"template":"","format":"standard","meta":{"footnotes":""},"categories":[11],"tags":[],"class_list":["post-929","post","type-post","status-publish","format-standard","has-post-thumbnail","hentry","category-rueckblick","category-11","description-off"],"yoast_head":"<!-- This site is optimized with the Yoast SEO plugin v26.8 - https:\/\/yoast.com\/product\/yoast-seo-wordpress\/ -->\n<title>Alle f\u00fcr das Klima! - Weltladen Bremen<\/title>\n<meta name=\"robots\" content=\"index, follow, max-snippet:-1, max-image-preview:large, max-video-preview:-1\" \/>\n<link rel=\"canonical\" href=\"https:\/\/weltlaeden.de\/bremen\/klimastreik\/\" \/>\n<meta property=\"og:locale\" content=\"de_DE\" \/>\n<meta property=\"og:type\" content=\"article\" \/>\n<meta property=\"og:title\" content=\"Alle f\u00fcr das Klima! - Weltladen Bremen\" \/>\n<meta property=\"og:description\" content=\"Statt Black Friday waren wir am Freitag 29.November mit Fridays for future auf der Stra\u00dfe!\" \/>\n<meta property=\"og:url\" content=\"https:\/\/weltlaeden.de\/bremen\/klimastreik\/\" \/>\n<meta property=\"og:site_name\" content=\"Weltladen Bremen\" \/>\n<meta property=\"article:published_time\" content=\"2019-11-29T19:27:06+00:00\" \/>\n<meta property=\"article:modified_time\" content=\"2020-02-11T17:01:24+00:00\" \/>\n<meta property=\"og:image\" content=\"https:\/\/weltlaeden.de\/bremen\/wp-content\/uploads\/sites\/92\/2019\/12\/2019_11_Klimastreik05007-e1576749942340.jpg\" \/>\n\t<meta property=\"og:image:width\" content=\"1680\" \/>\n\t<meta property=\"og:image:height\" content=\"1262\" \/>\n\t<meta property=\"og:image:type\" content=\"image\/jpeg\" \/>\n<meta name=\"author\" content=\"bremen\" \/>\n<meta name=\"twitter:card\" content=\"summary_large_image\" \/>\n<meta name=\"twitter:label1\" content=\"Verfasst von\" \/>\n\t<meta name=\"twitter:data1\" content=\"bremen\" \/>\n<script type=\"application\/ld+json\" class=\"yoast-schema-graph\">{\"@context\":\"https:\/\/schema.org\",\"@graph\":[{\"@type\":\"Article\",\"@id\":\"https:\/\/weltlaeden.de\/bremen\/klimastreik\/#article\",\"isPartOf\":{\"@id\":\"https:\/\/weltlaeden.de\/bremen\/klimastreik\/\"},\"author\":{\"name\":\"bremen\",\"@id\":\"https:\/\/weltlaeden.de\/bremen\/#\/schema\/person\/500eb54da618b24f20dd0063d08e7236\"},\"headline\":\"Alle f\u00fcr das Klima!\",\"datePublished\":\"2019-11-29T19:27:06+00:00\",\"dateModified\":\"2020-02-11T17:01:24+00:00\",\"mainEntityOfPage\":{\"@id\":\"https:\/\/weltlaeden.de\/bremen\/klimastreik\/\"},\"wordCount\":56,\"image\":{\"@id\":\"https:\/\/weltlaeden.de\/bremen\/klimastreik\/#primaryimage\"},\"thumbnailUrl\":\"https:\/\/weltlaeden.de\/bremen\/wp-content\/uploads\/sites\/92\/2019\/12\/2019_11_Klimastreik05007-e1576749942340.jpg\",\"articleSection\":[\"R\u00fcckblick\"],\"inLanguage\":\"de\"},{\"@type\":\"WebPage\",\"@id\":\"https:\/\/weltlaeden.de\/bremen\/klimastreik\/\",\"url\":\"https:\/\/weltlaeden.de\/bremen\/klimastreik\/\",\"name\":\"Alle f\u00fcr das Klima! - Weltladen Bremen\",\"isPartOf\":{\"@id\":\"https:\/\/weltlaeden.de\/bremen\/#website\"},\"primaryImageOfPage\":{\"@id\":\"https:\/\/weltlaeden.de\/bremen\/klimastreik\/#primaryimage\"},\"image\":{\"@id\":\"https:\/\/weltlaeden.de\/bremen\/klimastreik\/#primaryimage\"},\"thumbnailUrl\":\"https:\/\/weltlaeden.de\/bremen\/wp-content\/uploads\/sites\/92\/2019\/12\/2019_11_Klimastreik05007-e1576749942340.jpg\",\"datePublished\":\"2019-11-29T19:27:06+00:00\",\"dateModified\":\"2020-02-11T17:01:24+00:00\",\"author\":{\"@id\":\"https:\/\/weltlaeden.de\/bremen\/#\/schema\/person\/500eb54da618b24f20dd0063d08e7236\"},\"breadcrumb\":{\"@id\":\"https:\/\/weltlaeden.de\/bremen\/klimastreik\/#breadcrumb\"},\"inLanguage\":\"de\",\"potentialAction\":[{\"@type\":\"ReadAction\",\"target\":[\"https:\/\/weltlaeden.de\/bremen\/klimastreik\/\"]}]},{\"@type\":\"ImageObject\",\"inLanguage\":\"de\",\"@id\":\"https:\/\/weltlaeden.de\/bremen\/klimastreik\/#primaryimage\",\"url\":\"https:\/\/weltlaeden.de\/bremen\/wp-content\/uploads\/sites\/92\/2019\/12\/2019_11_Klimastreik05007-e1576749942340.jpg\",\"contentUrl\":\"https:\/\/weltlaeden.de\/bremen\/wp-content\/uploads\/sites\/92\/2019\/12\/2019_11_Klimastreik05007-e1576749942340.jpg\",\"width\":1680,\"height\":1262},{\"@type\":\"BreadcrumbList\",\"@id\":\"https:\/\/weltlaeden.de\/bremen\/klimastreik\/#breadcrumb\",\"itemListElement\":[{\"@type\":\"ListItem\",\"position\":1,\"name\":\"Startseite\",\"item\":\"https:\/\/weltlaeden.de\/bremen\/\"},{\"@type\":\"ListItem\",\"position\":2,\"name\":\"Alle f\u00fcr das Klima!\"}]},{\"@type\":\"WebSite\",\"@id\":\"https:\/\/weltlaeden.de\/bremen\/#website\",\"url\":\"https:\/\/weltlaeden.de\/bremen\/\",\"name\":\"Weltladen Bremen\",\"description\":\"Die ganze Welt des Fairen Handels im Viertel\",\"potentialAction\":[{\"@type\":\"SearchAction\",\"target\":{\"@type\":\"EntryPoint\",\"urlTemplate\":\"https:\/\/weltlaeden.de\/bremen\/?s={search_term_string}\"},\"query-input\":{\"@type\":\"PropertyValueSpecification\",\"valueRequired\":true,\"valueName\":\"search_term_string\"}}],\"inLanguage\":\"de\"},{\"@type\":\"Person\",\"@id\":\"https:\/\/weltlaeden.de\/bremen\/#\/schema\/person\/500eb54da618b24f20dd0063d08e7236\",\"name\":\"bremen\",\"image\":{\"@type\":\"ImageObject\",\"inLanguage\":\"de\",\"@id\":\"https:\/\/weltlaeden.de\/bremen\/#\/schema\/person\/image\/\",\"url\":\"https:\/\/secure.gravatar.com\/avatar\/5884c01b35b79aadeb90f267d02a3689?s=96&d=mm&r=g\",\"contentUrl\":\"https:\/\/secure.gravatar.com\/avatar\/5884c01b35b79aadeb90f267d02a3689?s=96&d=mm&r=g\",\"caption\":\"bremen\"}}]}<\/script>\n<!-- \/ Yoast SEO plugin. -->","yoast_head_json":{"title":"Alle f\u00fcr das Klima! - Weltladen Bremen","robots":{"index":"index","follow":"follow","max-snippet":"max-snippet:-1","max-image-preview":"max-image-preview:large","max-video-preview":"max-video-preview:-1"},"canonical":"https:\/\/weltlaeden.de\/bremen\/klimastreik\/","og_locale":"de_DE","og_type":"article","og_title":"Alle f\u00fcr das Klima! - Weltladen Bremen","og_description":"Statt Black Friday waren wir am Freitag 29.November mit Fridays for future auf der Stra\u00dfe!","og_url":"https:\/\/weltlaeden.de\/bremen\/klimastreik\/","og_site_name":"Weltladen Bremen","article_published_time":"2019-11-29T19:27:06+00:00","article_modified_time":"2020-02-11T17:01:24+00:00","og_image":[{"width":1680,"height":1262,"url":"https:\/\/weltlaeden.de\/bremen\/wp-content\/uploads\/sites\/92\/2019\/12\/2019_11_Klimastreik05007-e1576749942340.jpg","type":"image\/jpeg"}],"author":"bremen","twitter_card":"summary_large_image","twitter_misc":{"Verfasst von":"bremen"},"schema":{"@context":"https:\/\/schema.org","@graph":[{"@type":"Article","@id":"https:\/\/weltlaeden.de\/bremen\/klimastreik\/#article","isPartOf":{"@id":"https:\/\/weltlaeden.de\/bremen\/klimastreik\/"},"author":{"name":"bremen","@id":"https:\/\/weltlaeden.de\/bremen\/#\/schema\/person\/500eb54da618b24f20dd0063d08e7236"},"headline":"Alle f\u00fcr das Klima!","datePublished":"2019-11-29T19:27:06+00:00","dateModified":"2020-02-11T17:01:24+00:00","mainEntityOfPage":{"@id":"https:\/\/weltlaeden.de\/bremen\/klimastreik\/"},"wordCount":56,"image":{"@id":"https:\/\/weltlaeden.de\/bremen\/klimastreik\/#primaryimage"},"thumbnailUrl":"https:\/\/weltlaeden.de\/bremen\/wp-content\/uploads\/sites\/92\/2019\/12\/2019_11_Klimastreik05007-e1576749942340.jpg","articleSection":["R\u00fcckblick"],"inLanguage":"de"},{"@type":"WebPage","@id":"https:\/\/weltlaeden.de\/bremen\/klimastreik\/","url":"https:\/\/weltlaeden.de\/bremen\/klimastreik\/","name":"Alle f\u00fcr das Klima! - Weltladen Bremen","isPartOf":{"@id":"https:\/\/weltlaeden.de\/bremen\/#website"},"primaryImageOfPage":{"@id":"https:\/\/weltlaeden.de\/bremen\/klimastreik\/#primaryimage"},"image":{"@id":"https:\/\/weltlaeden.de\/bremen\/klimastreik\/#primaryimage"},"thumbnailUrl":"https:\/\/weltlaeden.de\/bremen\/wp-content\/uploads\/sites\/92\/2019\/12\/2019_11_Klimastreik05007-e1576749942340.jpg","datePublished":"2019-11-29T19:27:06+00:00","dateModified":"2020-02-11T17:01:24+00:00","author":{"@id":"https:\/\/weltlaeden.de\/bremen\/#\/schema\/person\/500eb54da618b24f20dd0063d08e7236"},"breadcrumb":{"@id":"https:\/\/weltlaeden.de\/bremen\/klimastreik\/#breadcrumb"},"inLanguage":"de","potentialAction":[{"@type":"ReadAction","target":["https:\/\/weltlaeden.de\/bremen\/klimastreik\/"]}]},{"@type":"ImageObject","inLanguage":"de","@id":"https:\/\/weltlaeden.de\/bremen\/klimastreik\/#primaryimage","url":"https:\/\/weltlaeden.de\/bremen\/wp-content\/uploads\/sites\/92\/2019\/12\/2019_11_Klimastreik05007-e1576749942340.jpg","contentUrl":"https:\/\/weltlaeden.de\/bremen\/wp-content\/uploads\/sites\/92\/2019\/12\/2019_11_Klimastreik05007-e1576749942340.jpg","width":1680,"height":1262},{"@type":"BreadcrumbList","@id":"https:\/\/weltlaeden.de\/bremen\/klimastreik\/#breadcrumb","itemListElement":[{"@type":"ListItem","position":1,"name":"Startseite","item":"https:\/\/weltlaeden.de\/bremen\/"},{"@type":"ListItem","position":2,"name":"Alle f\u00fcr das Klima!"}]},{"@type":"WebSite","@id":"https:\/\/weltlaeden.de\/bremen\/#website","url":"https:\/\/weltlaeden.de\/bremen\/","name":"Weltladen Bremen","description":"Die ganze Welt des Fairen Handels im Viertel","potentialAction":[{"@type":"SearchAction","target":{"@type":"EntryPoint","urlTemplate":"https:\/\/weltlaeden.de\/bremen\/?s={search_term_string}"},"query-input":{"@type":"PropertyValueSpecification","valueRequired":true,"valueName":"search_term_string"}}],"inLanguage":"de"},{"@type":"Person","@id":"https:\/\/weltlaeden.de\/bremen\/#\/schema\/person\/500eb54da618b24f20dd0063d08e7236","name":"bremen","image":{"@type":"ImageObject","inLanguage":"de","@id":"https:\/\/weltlaeden.de\/bremen\/#\/schema\/person\/image\/","url":"https:\/\/secure.gravatar.com\/avatar\/5884c01b35b79aadeb90f267d02a3689?s=96&d=mm&r=g","contentUrl":"https:\/\/secure.gravatar.com\/avatar\/5884c01b35b79aadeb90f267d02a3689?s=96&d=mm&r=g","caption":"bremen"}}]}},"_links":{"self":[{"href":"https:\/\/weltlaeden.de\/bremen\/wp-json\/wp\/v2\/posts\/929","targetHints":{"allow":["GET"]}}],"collection":[{"href":"https:\/\/weltlaeden.de\/bremen\/wp-json\/wp\/v2\/posts"}],"about":[{"href":"https:\/\/weltlaeden.de\/bremen\/wp-json\/wp\/v2\/types\/post"}],"author":[{"embeddable":true,"href":"https:\/\/weltlaeden.de\/bremen\/wp-json\/wp\/v2\/users\/138"}],"replies":[{"embeddable":true,"href":"https:\/\/weltlaeden.de\/bremen\/wp-json\/wp\/v2\/comments?post=929"}],"version-history":[{"count":5,"href":"https:\/\/weltlaeden.de\/bremen\/wp-json\/wp\/v2\/posts\/929\/revisions"}],"predecessor-version":[{"id":944,"href":"https:\/\/weltlaeden.de\/bremen\/wp-json\/wp\/v2\/posts\/929\/revisions\/944"}],"wp:featuredmedia":[{"embeddable":true,"href":"https:\/\/weltlaeden.de\/bremen\/wp-json\/wp\/v2\/media\/940"}],"wp:attachment":[{"href":"https:\/\/weltlaeden.de\/bremen\/wp-json\/wp\/v2\/media?parent=929"}],"wp:term":[{"taxonomy":"category","embeddable":true,"href":"https:\/\/weltlaeden.de\/bremen\/wp-json\/wp\/v2\/categories?post=929"},{"taxonomy":"post_tag","embeddable":true,"href":"https:\/\/weltlaeden.de\/bremen\/wp-json\/wp\/v2\/tags?post=929"}],"curies":[{"name":"wp","href":"https:\/\/api.w.org\/{rel}","templated":true}]}}