{"id":634,"date":"2019-03-13T12:15:20","date_gmt":"2019-03-13T11:15:20","guid":{"rendered":"https:\/\/weltlaeden.de\/bremen\/?p=634"},"modified":"2020-01-14T18:40:40","modified_gmt":"2020-01-14T17:40:40","slug":"alles-neu-macht-der-maerz","status":"publish","type":"post","link":"https:\/\/weltlaeden.de\/bremen\/alles-neu-macht-der-maerz\/","title":{"rendered":"Im neuen Gewand"},"content":{"rendered":"<p>Nach einer Teilrenovierung haben wir im M\u00e4rz auf unsere Wiedererer\u00f6ffnung angesto\u00dfen.<\/p>\n","protected":false},"excerpt":{"rendered":"<p>Nach einer Teilrenovierung haben wir im M\u00e4rz auf unsere Wiedererer\u00f6ffnung angesto\u00dfen.<\/p>\n","protected":false},"author":138,"featured_media":635,"comment_status":"closed","ping_status":"closed","sticky":false,"template":"","format":"standard","meta":{"footnotes":""},"categories":[11],"tags":[],"class_list":["post-634","post","type-post","status-publish","format-standard","has-post-thumbnail","hentry","category-rueckblick","category-11","description-off"],"yoast_head":"<!-- This site is optimized with the Yoast SEO plugin v26.8 - https:\/\/yoast.com\/product\/yoast-seo-wordpress\/ -->\n<title>Im neuen Gewand - Weltladen Bremen<\/title>\n<meta name=\"robots\" content=\"index, follow, max-snippet:-1, max-image-preview:large, max-video-preview:-1\" \/>\n<link rel=\"canonical\" href=\"https:\/\/weltlaeden.de\/bremen\/alles-neu-macht-der-maerz\/\" \/>\n<meta property=\"og:locale\" content=\"de_DE\" \/>\n<meta property=\"og:type\" content=\"article\" \/>\n<meta property=\"og:title\" content=\"Im neuen Gewand - Weltladen Bremen\" \/>\n<meta property=\"og:description\" content=\"Nach einer Teilrenovierung haben wir im M\u00e4rz auf unsere Wiedererer\u00f6ffnung angesto\u00dfen.\" \/>\n<meta property=\"og:url\" content=\"https:\/\/weltlaeden.de\/bremen\/alles-neu-macht-der-maerz\/\" \/>\n<meta property=\"og:site_name\" content=\"Weltladen Bremen\" \/>\n<meta property=\"article:published_time\" content=\"2019-03-13T11:15:20+00:00\" \/>\n<meta property=\"article:modified_time\" content=\"2020-01-14T17:40:40+00:00\" \/>\n<meta property=\"og:image\" content=\"https:\/\/weltlaeden.de\/bremen\/wp-content\/uploads\/sites\/92\/2019\/06\/DSC00907-1024x768.jpg\" \/>\n\t<meta property=\"og:image:width\" content=\"1024\" \/>\n\t<meta property=\"og:image:height\" content=\"768\" \/>\n\t<meta property=\"og:image:type\" content=\"image\/jpeg\" \/>\n<meta name=\"author\" content=\"bremen\" \/>\n<meta name=\"twitter:card\" content=\"summary_large_image\" \/>\n<meta name=\"twitter:label1\" content=\"Verfasst von\" \/>\n\t<meta name=\"twitter:data1\" content=\"bremen\" \/>\n<script type=\"application\/ld+json\" class=\"yoast-schema-graph\">{\"@context\":\"https:\/\/schema.org\",\"@graph\":[{\"@type\":\"Article\",\"@id\":\"https:\/\/weltlaeden.de\/bremen\/alles-neu-macht-der-maerz\/#article\",\"isPartOf\":{\"@id\":\"https:\/\/weltlaeden.de\/bremen\/alles-neu-macht-der-maerz\/\"},\"author\":{\"name\":\"bremen\",\"@id\":\"https:\/\/weltlaeden.de\/bremen\/#\/schema\/person\/500eb54da618b24f20dd0063d08e7236\"},\"headline\":\"Im neuen Gewand\",\"datePublished\":\"2019-03-13T11:15:20+00:00\",\"dateModified\":\"2020-01-14T17:40:40+00:00\",\"mainEntityOfPage\":{\"@id\":\"https:\/\/weltlaeden.de\/bremen\/alles-neu-macht-der-maerz\/\"},\"wordCount\":17,\"image\":{\"@id\":\"https:\/\/weltlaeden.de\/bremen\/alles-neu-macht-der-maerz\/#primaryimage\"},\"thumbnailUrl\":\"https:\/\/weltlaeden.de\/bremen\/wp-content\/uploads\/sites\/92\/2019\/06\/DSC00907.jpg\",\"articleSection\":[\"R\u00fcckblick\"],\"inLanguage\":\"de\"},{\"@type\":\"WebPage\",\"@id\":\"https:\/\/weltlaeden.de\/bremen\/alles-neu-macht-der-maerz\/\",\"url\":\"https:\/\/weltlaeden.de\/bremen\/alles-neu-macht-der-maerz\/\",\"name\":\"Im neuen Gewand - Weltladen Bremen\",\"isPartOf\":{\"@id\":\"https:\/\/weltlaeden.de\/bremen\/#website\"},\"primaryImageOfPage\":{\"@id\":\"https:\/\/weltlaeden.de\/bremen\/alles-neu-macht-der-maerz\/#primaryimage\"},\"image\":{\"@id\":\"https:\/\/weltlaeden.de\/bremen\/alles-neu-macht-der-maerz\/#primaryimage\"},\"thumbnailUrl\":\"https:\/\/weltlaeden.de\/bremen\/wp-content\/uploads\/sites\/92\/2019\/06\/DSC00907.jpg\",\"datePublished\":\"2019-03-13T11:15:20+00:00\",\"dateModified\":\"2020-01-14T17:40:40+00:00\",\"author\":{\"@id\":\"https:\/\/weltlaeden.de\/bremen\/#\/schema\/person\/500eb54da618b24f20dd0063d08e7236\"},\"breadcrumb\":{\"@id\":\"https:\/\/weltlaeden.de\/bremen\/alles-neu-macht-der-maerz\/#breadcrumb\"},\"inLanguage\":\"de\",\"potentialAction\":[{\"@type\":\"ReadAction\",\"target\":[\"https:\/\/weltlaeden.de\/bremen\/alles-neu-macht-der-maerz\/\"]}]},{\"@type\":\"ImageObject\",\"inLanguage\":\"de\",\"@id\":\"https:\/\/weltlaeden.de\/bremen\/alles-neu-macht-der-maerz\/#primaryimage\",\"url\":\"https:\/\/weltlaeden.de\/bremen\/wp-content\/uploads\/sites\/92\/2019\/06\/DSC00907.jpg\",\"contentUrl\":\"https:\/\/weltlaeden.de\/bremen\/wp-content\/uploads\/sites\/92\/2019\/06\/DSC00907.jpg\",\"width\":3648,\"height\":2736},{\"@type\":\"BreadcrumbList\",\"@id\":\"https:\/\/weltlaeden.de\/bremen\/alles-neu-macht-der-maerz\/#breadcrumb\",\"itemListElement\":[{\"@type\":\"ListItem\",\"position\":1,\"name\":\"Startseite\",\"item\":\"https:\/\/weltlaeden.de\/bremen\/\"},{\"@type\":\"ListItem\",\"position\":2,\"name\":\"Im neuen Gewand\"}]},{\"@type\":\"WebSite\",\"@id\":\"https:\/\/weltlaeden.de\/bremen\/#website\",\"url\":\"https:\/\/weltlaeden.de\/bremen\/\",\"name\":\"Weltladen Bremen\",\"description\":\"Die ganze Welt des Fairen Handels im Viertel\",\"potentialAction\":[{\"@type\":\"SearchAction\",\"target\":{\"@type\":\"EntryPoint\",\"urlTemplate\":\"https:\/\/weltlaeden.de\/bremen\/?s={search_term_string}\"},\"query-input\":{\"@type\":\"PropertyValueSpecification\",\"valueRequired\":true,\"valueName\":\"search_term_string\"}}],\"inLanguage\":\"de\"},{\"@type\":\"Person\",\"@id\":\"https:\/\/weltlaeden.de\/bremen\/#\/schema\/person\/500eb54da618b24f20dd0063d08e7236\",\"name\":\"bremen\",\"image\":{\"@type\":\"ImageObject\",\"inLanguage\":\"de\",\"@id\":\"https:\/\/weltlaeden.de\/bremen\/#\/schema\/person\/image\/\",\"url\":\"https:\/\/secure.gravatar.com\/avatar\/5884c01b35b79aadeb90f267d02a3689?s=96&d=mm&r=g\",\"contentUrl\":\"https:\/\/secure.gravatar.com\/avatar\/5884c01b35b79aadeb90f267d02a3689?s=96&d=mm&r=g\",\"caption\":\"bremen\"}}]}<\/script>\n<!-- \/ Yoast SEO plugin. -->","yoast_head_json":{"title":"Im neuen Gewand - Weltladen Bremen","robots":{"index":"index","follow":"follow","max-snippet":"max-snippet:-1","max-image-preview":"max-image-preview:large","max-video-preview":"max-video-preview:-1"},"canonical":"https:\/\/weltlaeden.de\/bremen\/alles-neu-macht-der-maerz\/","og_locale":"de_DE","og_type":"article","og_title":"Im neuen Gewand - Weltladen Bremen","og_description":"Nach einer Teilrenovierung haben wir im M\u00e4rz auf unsere Wiedererer\u00f6ffnung angesto\u00dfen.","og_url":"https:\/\/weltlaeden.de\/bremen\/alles-neu-macht-der-maerz\/","og_site_name":"Weltladen Bremen","article_published_time":"2019-03-13T11:15:20+00:00","article_modified_time":"2020-01-14T17:40:40+00:00","og_image":[{"width":1024,"height":768,"url":"https:\/\/weltlaeden.de\/bremen\/wp-content\/uploads\/sites\/92\/2019\/06\/DSC00907-1024x768.jpg","type":"image\/jpeg"}],"author":"bremen","twitter_card":"summary_large_image","twitter_misc":{"Verfasst von":"bremen"},"schema":{"@context":"https:\/\/schema.org","@graph":[{"@type":"Article","@id":"https:\/\/weltlaeden.de\/bremen\/alles-neu-macht-der-maerz\/#article","isPartOf":{"@id":"https:\/\/weltlaeden.de\/bremen\/alles-neu-macht-der-maerz\/"},"author":{"name":"bremen","@id":"https:\/\/weltlaeden.de\/bremen\/#\/schema\/person\/500eb54da618b24f20dd0063d08e7236"},"headline":"Im neuen Gewand","datePublished":"2019-03-13T11:15:20+00:00","dateModified":"2020-01-14T17:40:40+00:00","mainEntityOfPage":{"@id":"https:\/\/weltlaeden.de\/bremen\/alles-neu-macht-der-maerz\/"},"wordCount":17,"image":{"@id":"https:\/\/weltlaeden.de\/bremen\/alles-neu-macht-der-maerz\/#primaryimage"},"thumbnailUrl":"https:\/\/weltlaeden.de\/bremen\/wp-content\/uploads\/sites\/92\/2019\/06\/DSC00907.jpg","articleSection":["R\u00fcckblick"],"inLanguage":"de"},{"@type":"WebPage","@id":"https:\/\/weltlaeden.de\/bremen\/alles-neu-macht-der-maerz\/","url":"https:\/\/weltlaeden.de\/bremen\/alles-neu-macht-der-maerz\/","name":"Im neuen Gewand - Weltladen Bremen","isPartOf":{"@id":"https:\/\/weltlaeden.de\/bremen\/#website"},"primaryImageOfPage":{"@id":"https:\/\/weltlaeden.de\/bremen\/alles-neu-macht-der-maerz\/#primaryimage"},"image":{"@id":"https:\/\/weltlaeden.de\/bremen\/alles-neu-macht-der-maerz\/#primaryimage"},"thumbnailUrl":"https:\/\/weltlaeden.de\/bremen\/wp-content\/uploads\/sites\/92\/2019\/06\/DSC00907.jpg","datePublished":"2019-03-13T11:15:20+00:00","dateModified":"2020-01-14T17:40:40+00:00","author":{"@id":"https:\/\/weltlaeden.de\/bremen\/#\/schema\/person\/500eb54da618b24f20dd0063d08e7236"},"breadcrumb":{"@id":"https:\/\/weltlaeden.de\/bremen\/alles-neu-macht-der-maerz\/#breadcrumb"},"inLanguage":"de","potentialAction":[{"@type":"ReadAction","target":["https:\/\/weltlaeden.de\/bremen\/alles-neu-macht-der-maerz\/"]}]},{"@type":"ImageObject","inLanguage":"de","@id":"https:\/\/weltlaeden.de\/bremen\/alles-neu-macht-der-maerz\/#primaryimage","url":"https:\/\/weltlaeden.de\/bremen\/wp-content\/uploads\/sites\/92\/2019\/06\/DSC00907.jpg","contentUrl":"https:\/\/weltlaeden.de\/bremen\/wp-content\/uploads\/sites\/92\/2019\/06\/DSC00907.jpg","width":3648,"height":2736},{"@type":"BreadcrumbList","@id":"https:\/\/weltlaeden.de\/bremen\/alles-neu-macht-der-maerz\/#breadcrumb","itemListElement":[{"@type":"ListItem","position":1,"name":"Startseite","item":"https:\/\/weltlaeden.de\/bremen\/"},{"@type":"ListItem","position":2,"name":"Im neuen Gewand"}]},{"@type":"WebSite","@id":"https:\/\/weltlaeden.de\/bremen\/#website","url":"https:\/\/weltlaeden.de\/bremen\/","name":"Weltladen Bremen","description":"Die ganze Welt des Fairen Handels im Viertel","potentialAction":[{"@type":"SearchAction","target":{"@type":"EntryPoint","urlTemplate":"https:\/\/weltlaeden.de\/bremen\/?s={search_term_string}"},"query-input":{"@type":"PropertyValueSpecification","valueRequired":true,"valueName":"search_term_string"}}],"inLanguage":"de"},{"@type":"Person","@id":"https:\/\/weltlaeden.de\/bremen\/#\/schema\/person\/500eb54da618b24f20dd0063d08e7236","name":"bremen","image":{"@type":"ImageObject","inLanguage":"de","@id":"https:\/\/weltlaeden.de\/bremen\/#\/schema\/person\/image\/","url":"https:\/\/secure.gravatar.com\/avatar\/5884c01b35b79aadeb90f267d02a3689?s=96&d=mm&r=g","contentUrl":"https:\/\/secure.gravatar.com\/avatar\/5884c01b35b79aadeb90f267d02a3689?s=96&d=mm&r=g","caption":"bremen"}}]}},"_links":{"self":[{"href":"https:\/\/weltlaeden.de\/bremen\/wp-json\/wp\/v2\/posts\/634","targetHints":{"allow":["GET"]}}],"collection":[{"href":"https:\/\/weltlaeden.de\/bremen\/wp-json\/wp\/v2\/posts"}],"about":[{"href":"https:\/\/weltlaeden.de\/bremen\/wp-json\/wp\/v2\/types\/post"}],"author":[{"embeddable":true,"href":"https:\/\/weltlaeden.de\/bremen\/wp-json\/wp\/v2\/users\/138"}],"replies":[{"embeddable":true,"href":"https:\/\/weltlaeden.de\/bremen\/wp-json\/wp\/v2\/comments?post=634"}],"version-history":[{"count":6,"href":"https:\/\/weltlaeden.de\/bremen\/wp-json\/wp\/v2\/posts\/634\/revisions"}],"predecessor-version":[{"id":829,"href":"https:\/\/weltlaeden.de\/bremen\/wp-json\/wp\/v2\/posts\/634\/revisions\/829"}],"wp:featuredmedia":[{"embeddable":true,"href":"https:\/\/weltlaeden.de\/bremen\/wp-json\/wp\/v2\/media\/635"}],"wp:attachment":[{"href":"https:\/\/weltlaeden.de\/bremen\/wp-json\/wp\/v2\/media?parent=634"}],"wp:term":[{"taxonomy":"category","embeddable":true,"href":"https:\/\/weltlaeden.de\/bremen\/wp-json\/wp\/v2\/categories?post=634"},{"taxonomy":"post_tag","embeddable":true,"href":"https:\/\/weltlaeden.de\/bremen\/wp-json\/wp\/v2\/tags?post=634"}],"curies":[{"name":"wp","href":"https:\/\/api.w.org\/{rel}","templated":true}]}}