{"id":2292,"date":"2024-05-11T18:18:07","date_gmt":"2024-05-11T16:18:07","guid":{"rendered":"https:\/\/weltlaeden.de\/bremen\/?p=2292"},"modified":"2024-11-28T18:23:44","modified_gmt":"2024-11-28T17:23:44","slug":"weltladentag-2024","status":"publish","type":"post","link":"https:\/\/weltlaeden.de\/bremen\/weltladentag-2024\/","title":{"rendered":"Weltladentag 2024"},"content":{"rendered":"<p>F\u00fcr Klimasch\u00e4den Verantwortung \u00fcbernehmen!<br \/>\nZum Weltladentag, am 11.Mai, hatten wir zu einem politischen Fair Trade Fest eingeladen. Wer mit uns am Rad drehte, konnte sehen, wer Geld aus dem Weltklimafonds bekommt \u2013 besser: bekommen sollte. Denn unsere Beispiele standen f\u00fcr bestehende Klimaherausforderungen im globalen S\u00fcden, besonders f\u00fcr Kleinproduzent:innen.<\/p>\n","protected":false},"excerpt":{"rendered":"<p>F\u00fcr Klimasch\u00e4den Verantwortung \u00fcbernehmen! Zum Weltladentag, am 11.Mai, hatten wir zu einem politischen Fair Trade Fest eingeladen. Wer mit uns am Rad drehte, konnte sehen, wer Geld aus dem Weltklimafonds bekommt \u2013 besser: bekommen sollte. Denn unsere Beispiele standen f\u00fcr bestehende Klimaherausforderungen im globalen S\u00fcden, besonders f\u00fcr Kleinproduzent:innen.<\/p>\n","protected":false},"author":138,"featured_media":2250,"comment_status":"closed","ping_status":"closed","sticky":false,"template":"","format":"standard","meta":{"footnotes":""},"categories":[11],"tags":[],"class_list":["post-2292","post","type-post","status-publish","format-standard","has-post-thumbnail","hentry","category-rueckblick","category-11","description-off"],"yoast_head":"<!-- This site is optimized with the Yoast SEO plugin v26.8 - https:\/\/yoast.com\/product\/yoast-seo-wordpress\/ -->\n<title>Weltladentag 2024 - Weltladen Bremen<\/title>\n<meta name=\"robots\" content=\"index, follow, max-snippet:-1, max-image-preview:large, max-video-preview:-1\" \/>\n<link rel=\"canonical\" href=\"https:\/\/weltlaeden.de\/bremen\/weltladentag-2024\/\" \/>\n<meta property=\"og:locale\" content=\"de_DE\" \/>\n<meta property=\"og:type\" content=\"article\" \/>\n<meta property=\"og:title\" content=\"Weltladentag 2024 - Weltladen Bremen\" \/>\n<meta property=\"og:description\" content=\"F\u00fcr Klimasch\u00e4den Verantwortung \u00fcbernehmen! Zum Weltladentag, am 11.Mai, hatten wir zu einem politischen Fair Trade Fest eingeladen. Wer mit uns am Rad drehte, konnte sehen, wer Geld aus dem Weltklimafonds bekommt \u2013 besser: bekommen sollte. Denn unsere Beispiele standen f\u00fcr bestehende Klimaherausforderungen im globalen S\u00fcden, besonders f\u00fcr Kleinproduzent:innen.\" \/>\n<meta property=\"og:url\" content=\"https:\/\/weltlaeden.de\/bremen\/weltladentag-2024\/\" \/>\n<meta property=\"og:site_name\" content=\"Weltladen Bremen\" \/>\n<meta property=\"article:published_time\" content=\"2024-05-11T16:18:07+00:00\" \/>\n<meta property=\"article:modified_time\" content=\"2024-11-28T17:23:44+00:00\" \/>\n<meta property=\"og:image\" content=\"https:\/\/weltlaeden.de\/bremen\/wp-content\/uploads\/sites\/92\/2024\/05\/20240511_122846-scaled-e1716287079829.jpg\" \/>\n\t<meta property=\"og:image:width\" content=\"1920\" \/>\n\t<meta property=\"og:image:height\" content=\"1440\" \/>\n\t<meta property=\"og:image:type\" content=\"image\/jpeg\" \/>\n<meta name=\"author\" content=\"bremen\" \/>\n<meta name=\"twitter:card\" content=\"summary_large_image\" \/>\n<meta name=\"twitter:label1\" content=\"Verfasst von\" \/>\n\t<meta name=\"twitter:data1\" content=\"bremen\" \/>\n<script type=\"application\/ld+json\" class=\"yoast-schema-graph\">{\"@context\":\"https:\/\/schema.org\",\"@graph\":[{\"@type\":\"Article\",\"@id\":\"https:\/\/weltlaeden.de\/bremen\/weltladentag-2024\/#article\",\"isPartOf\":{\"@id\":\"https:\/\/weltlaeden.de\/bremen\/weltladentag-2024\/\"},\"author\":{\"name\":\"bremen\",\"@id\":\"https:\/\/weltlaeden.de\/bremen\/#\/schema\/person\/500eb54da618b24f20dd0063d08e7236\"},\"headline\":\"Weltladentag 2024\",\"datePublished\":\"2024-05-11T16:18:07+00:00\",\"dateModified\":\"2024-11-28T17:23:44+00:00\",\"mainEntityOfPage\":{\"@id\":\"https:\/\/weltlaeden.de\/bremen\/weltladentag-2024\/\"},\"wordCount\":54,\"image\":{\"@id\":\"https:\/\/weltlaeden.de\/bremen\/weltladentag-2024\/#primaryimage\"},\"thumbnailUrl\":\"https:\/\/weltlaeden.de\/bremen\/wp-content\/uploads\/sites\/92\/2024\/05\/20240511_122846-scaled-e1716287079829.jpg\",\"articleSection\":[\"R\u00fcckblick\"],\"inLanguage\":\"de\"},{\"@type\":\"WebPage\",\"@id\":\"https:\/\/weltlaeden.de\/bremen\/weltladentag-2024\/\",\"url\":\"https:\/\/weltlaeden.de\/bremen\/weltladentag-2024\/\",\"name\":\"Weltladentag 2024 - Weltladen Bremen\",\"isPartOf\":{\"@id\":\"https:\/\/weltlaeden.de\/bremen\/#website\"},\"primaryImageOfPage\":{\"@id\":\"https:\/\/weltlaeden.de\/bremen\/weltladentag-2024\/#primaryimage\"},\"image\":{\"@id\":\"https:\/\/weltlaeden.de\/bremen\/weltladentag-2024\/#primaryimage\"},\"thumbnailUrl\":\"https:\/\/weltlaeden.de\/bremen\/wp-content\/uploads\/sites\/92\/2024\/05\/20240511_122846-scaled-e1716287079829.jpg\",\"datePublished\":\"2024-05-11T16:18:07+00:00\",\"dateModified\":\"2024-11-28T17:23:44+00:00\",\"author\":{\"@id\":\"https:\/\/weltlaeden.de\/bremen\/#\/schema\/person\/500eb54da618b24f20dd0063d08e7236\"},\"breadcrumb\":{\"@id\":\"https:\/\/weltlaeden.de\/bremen\/weltladentag-2024\/#breadcrumb\"},\"inLanguage\":\"de\",\"potentialAction\":[{\"@type\":\"ReadAction\",\"target\":[\"https:\/\/weltlaeden.de\/bremen\/weltladentag-2024\/\"]}]},{\"@type\":\"ImageObject\",\"inLanguage\":\"de\",\"@id\":\"https:\/\/weltlaeden.de\/bremen\/weltladentag-2024\/#primaryimage\",\"url\":\"https:\/\/weltlaeden.de\/bremen\/wp-content\/uploads\/sites\/92\/2024\/05\/20240511_122846-scaled-e1716287079829.jpg\",\"contentUrl\":\"https:\/\/weltlaeden.de\/bremen\/wp-content\/uploads\/sites\/92\/2024\/05\/20240511_122846-scaled-e1716287079829.jpg\",\"width\":1920,\"height\":1440},{\"@type\":\"BreadcrumbList\",\"@id\":\"https:\/\/weltlaeden.de\/bremen\/weltladentag-2024\/#breadcrumb\",\"itemListElement\":[{\"@type\":\"ListItem\",\"position\":1,\"name\":\"Startseite\",\"item\":\"https:\/\/weltlaeden.de\/bremen\/\"},{\"@type\":\"ListItem\",\"position\":2,\"name\":\"Weltladentag 2024\"}]},{\"@type\":\"WebSite\",\"@id\":\"https:\/\/weltlaeden.de\/bremen\/#website\",\"url\":\"https:\/\/weltlaeden.de\/bremen\/\",\"name\":\"Weltladen Bremen\",\"description\":\"Die ganze Welt des Fairen Handels im Viertel\",\"potentialAction\":[{\"@type\":\"SearchAction\",\"target\":{\"@type\":\"EntryPoint\",\"urlTemplate\":\"https:\/\/weltlaeden.de\/bremen\/?s={search_term_string}\"},\"query-input\":{\"@type\":\"PropertyValueSpecification\",\"valueRequired\":true,\"valueName\":\"search_term_string\"}}],\"inLanguage\":\"de\"},{\"@type\":\"Person\",\"@id\":\"https:\/\/weltlaeden.de\/bremen\/#\/schema\/person\/500eb54da618b24f20dd0063d08e7236\",\"name\":\"bremen\",\"image\":{\"@type\":\"ImageObject\",\"inLanguage\":\"de\",\"@id\":\"https:\/\/weltlaeden.de\/bremen\/#\/schema\/person\/image\/\",\"url\":\"https:\/\/secure.gravatar.com\/avatar\/5884c01b35b79aadeb90f267d02a3689?s=96&d=mm&r=g\",\"contentUrl\":\"https:\/\/secure.gravatar.com\/avatar\/5884c01b35b79aadeb90f267d02a3689?s=96&d=mm&r=g\",\"caption\":\"bremen\"}}]}<\/script>\n<!-- \/ Yoast SEO plugin. -->","yoast_head_json":{"title":"Weltladentag 2024 - Weltladen Bremen","robots":{"index":"index","follow":"follow","max-snippet":"max-snippet:-1","max-image-preview":"max-image-preview:large","max-video-preview":"max-video-preview:-1"},"canonical":"https:\/\/weltlaeden.de\/bremen\/weltladentag-2024\/","og_locale":"de_DE","og_type":"article","og_title":"Weltladentag 2024 - Weltladen Bremen","og_description":"F\u00fcr Klimasch\u00e4den Verantwortung \u00fcbernehmen! Zum Weltladentag, am 11.Mai, hatten wir zu einem politischen Fair Trade Fest eingeladen. Wer mit uns am Rad drehte, konnte sehen, wer Geld aus dem Weltklimafonds bekommt \u2013 besser: bekommen sollte. Denn unsere Beispiele standen f\u00fcr bestehende Klimaherausforderungen im globalen S\u00fcden, besonders f\u00fcr Kleinproduzent:innen.","og_url":"https:\/\/weltlaeden.de\/bremen\/weltladentag-2024\/","og_site_name":"Weltladen Bremen","article_published_time":"2024-05-11T16:18:07+00:00","article_modified_time":"2024-11-28T17:23:44+00:00","og_image":[{"width":1920,"height":1440,"url":"https:\/\/weltlaeden.de\/bremen\/wp-content\/uploads\/sites\/92\/2024\/05\/20240511_122846-scaled-e1716287079829.jpg","type":"image\/jpeg"}],"author":"bremen","twitter_card":"summary_large_image","twitter_misc":{"Verfasst von":"bremen"},"schema":{"@context":"https:\/\/schema.org","@graph":[{"@type":"Article","@id":"https:\/\/weltlaeden.de\/bremen\/weltladentag-2024\/#article","isPartOf":{"@id":"https:\/\/weltlaeden.de\/bremen\/weltladentag-2024\/"},"author":{"name":"bremen","@id":"https:\/\/weltlaeden.de\/bremen\/#\/schema\/person\/500eb54da618b24f20dd0063d08e7236"},"headline":"Weltladentag 2024","datePublished":"2024-05-11T16:18:07+00:00","dateModified":"2024-11-28T17:23:44+00:00","mainEntityOfPage":{"@id":"https:\/\/weltlaeden.de\/bremen\/weltladentag-2024\/"},"wordCount":54,"image":{"@id":"https:\/\/weltlaeden.de\/bremen\/weltladentag-2024\/#primaryimage"},"thumbnailUrl":"https:\/\/weltlaeden.de\/bremen\/wp-content\/uploads\/sites\/92\/2024\/05\/20240511_122846-scaled-e1716287079829.jpg","articleSection":["R\u00fcckblick"],"inLanguage":"de"},{"@type":"WebPage","@id":"https:\/\/weltlaeden.de\/bremen\/weltladentag-2024\/","url":"https:\/\/weltlaeden.de\/bremen\/weltladentag-2024\/","name":"Weltladentag 2024 - Weltladen Bremen","isPartOf":{"@id":"https:\/\/weltlaeden.de\/bremen\/#website"},"primaryImageOfPage":{"@id":"https:\/\/weltlaeden.de\/bremen\/weltladentag-2024\/#primaryimage"},"image":{"@id":"https:\/\/weltlaeden.de\/bremen\/weltladentag-2024\/#primaryimage"},"thumbnailUrl":"https:\/\/weltlaeden.de\/bremen\/wp-content\/uploads\/sites\/92\/2024\/05\/20240511_122846-scaled-e1716287079829.jpg","datePublished":"2024-05-11T16:18:07+00:00","dateModified":"2024-11-28T17:23:44+00:00","author":{"@id":"https:\/\/weltlaeden.de\/bremen\/#\/schema\/person\/500eb54da618b24f20dd0063d08e7236"},"breadcrumb":{"@id":"https:\/\/weltlaeden.de\/bremen\/weltladentag-2024\/#breadcrumb"},"inLanguage":"de","potentialAction":[{"@type":"ReadAction","target":["https:\/\/weltlaeden.de\/bremen\/weltladentag-2024\/"]}]},{"@type":"ImageObject","inLanguage":"de","@id":"https:\/\/weltlaeden.de\/bremen\/weltladentag-2024\/#primaryimage","url":"https:\/\/weltlaeden.de\/bremen\/wp-content\/uploads\/sites\/92\/2024\/05\/20240511_122846-scaled-e1716287079829.jpg","contentUrl":"https:\/\/weltlaeden.de\/bremen\/wp-content\/uploads\/sites\/92\/2024\/05\/20240511_122846-scaled-e1716287079829.jpg","width":1920,"height":1440},{"@type":"BreadcrumbList","@id":"https:\/\/weltlaeden.de\/bremen\/weltladentag-2024\/#breadcrumb","itemListElement":[{"@type":"ListItem","position":1,"name":"Startseite","item":"https:\/\/weltlaeden.de\/bremen\/"},{"@type":"ListItem","position":2,"name":"Weltladentag 2024"}]},{"@type":"WebSite","@id":"https:\/\/weltlaeden.de\/bremen\/#website","url":"https:\/\/weltlaeden.de\/bremen\/","name":"Weltladen Bremen","description":"Die ganze Welt des Fairen Handels im Viertel","potentialAction":[{"@type":"SearchAction","target":{"@type":"EntryPoint","urlTemplate":"https:\/\/weltlaeden.de\/bremen\/?s={search_term_string}"},"query-input":{"@type":"PropertyValueSpecification","valueRequired":true,"valueName":"search_term_string"}}],"inLanguage":"de"},{"@type":"Person","@id":"https:\/\/weltlaeden.de\/bremen\/#\/schema\/person\/500eb54da618b24f20dd0063d08e7236","name":"bremen","image":{"@type":"ImageObject","inLanguage":"de","@id":"https:\/\/weltlaeden.de\/bremen\/#\/schema\/person\/image\/","url":"https:\/\/secure.gravatar.com\/avatar\/5884c01b35b79aadeb90f267d02a3689?s=96&d=mm&r=g","contentUrl":"https:\/\/secure.gravatar.com\/avatar\/5884c01b35b79aadeb90f267d02a3689?s=96&d=mm&r=g","caption":"bremen"}}]}},"_links":{"self":[{"href":"https:\/\/weltlaeden.de\/bremen\/wp-json\/wp\/v2\/posts\/2292","targetHints":{"allow":["GET"]}}],"collection":[{"href":"https:\/\/weltlaeden.de\/bremen\/wp-json\/wp\/v2\/posts"}],"about":[{"href":"https:\/\/weltlaeden.de\/bremen\/wp-json\/wp\/v2\/types\/post"}],"author":[{"embeddable":true,"href":"https:\/\/weltlaeden.de\/bremen\/wp-json\/wp\/v2\/users\/138"}],"replies":[{"embeddable":true,"href":"https:\/\/weltlaeden.de\/bremen\/wp-json\/wp\/v2\/comments?post=2292"}],"version-history":[{"count":2,"href":"https:\/\/weltlaeden.de\/bremen\/wp-json\/wp\/v2\/posts\/2292\/revisions"}],"predecessor-version":[{"id":2294,"href":"https:\/\/weltlaeden.de\/bremen\/wp-json\/wp\/v2\/posts\/2292\/revisions\/2294"}],"wp:featuredmedia":[{"embeddable":true,"href":"https:\/\/weltlaeden.de\/bremen\/wp-json\/wp\/v2\/media\/2250"}],"wp:attachment":[{"href":"https:\/\/weltlaeden.de\/bremen\/wp-json\/wp\/v2\/media?parent=2292"}],"wp:term":[{"taxonomy":"category","embeddable":true,"href":"https:\/\/weltlaeden.de\/bremen\/wp-json\/wp\/v2\/categories?post=2292"},{"taxonomy":"post_tag","embeddable":true,"href":"https:\/\/weltlaeden.de\/bremen\/wp-json\/wp\/v2\/tags?post=2292"}],"curies":[{"name":"wp","href":"https:\/\/api.w.org\/{rel}","templated":true}]}}