{"id":2123,"date":"2023-09-29T16:59:48","date_gmt":"2023-09-29T14:59:48","guid":{"rendered":"https:\/\/weltlaeden.de\/bremen\/?p=2123"},"modified":"2023-11-13T17:46:07","modified_gmt":"2023-11-13T16:46:07","slug":"faire-woche-2023-klimagerechtigkeit","status":"publish","type":"post","link":"https:\/\/weltlaeden.de\/bremen\/faire-woche-2023-klimagerechtigkeit\/","title":{"rendered":"Faire Woche 2023 in Bremen &#8211; Klimagerechtigkeit"},"content":{"rendered":"<p>Was bedeutet Klimagerechtigkeit f\u00fcr Sie? Das haben wir als B\u00fcndnis Faire Woche unsere G\u00e4ste und Kund:innen gefragt und ihre Statements in den sozialen Medien gepostet. Menschen aus der Bremer Politik, Wirtschaft und Zivilgesellschaft waren dabei und die diesj\u00e4hrige Preistr\u00e4gerin des 18. Bremer Solidarit\u00e4tspreises Hamira Kobusingye. Nebenbei haben wir die Interviewpartner:innnen zu uns in die L\u00e4den auf eine Tasse fairen Kaffee eingeladen und hatten interessante Gesp\u00e4che. Ein sch\u00f6ner Erfolg!<\/p>\n","protected":false},"excerpt":{"rendered":"<p>Was bedeutet Klimagerechtigkeit f\u00fcr Sie? Das haben wir als B\u00fcndnis Faire Woche unsere G\u00e4ste und Kund:innen gefragt und ihre Statements in den sozialen Medien gepostet. Menschen aus der Bremer Politik, Wirtschaft und Zivilgesellschaft waren dabei und die diesj\u00e4hrige Preistr\u00e4gerin des 18. Bremer Solidarit\u00e4tspreises Hamira Kobusingye. Nebenbei haben wir die Interviewpartner:innnen zu uns in die L\u00e4den&hellip;<\/p>\n","protected":false},"author":138,"featured_media":2127,"comment_status":"closed","ping_status":"closed","sticky":false,"template":"","format":"standard","meta":{"footnotes":""},"categories":[11],"tags":[],"class_list":["post-2123","post","type-post","status-publish","format-standard","has-post-thumbnail","hentry","category-rueckblick","category-11","description-off"],"yoast_head":"<!-- This site is optimized with the Yoast SEO plugin v26.8 - https:\/\/yoast.com\/product\/yoast-seo-wordpress\/ -->\n<title>Faire Woche 2023 in Bremen - Klimagerechtigkeit - Weltladen Bremen<\/title>\n<meta name=\"robots\" content=\"index, follow, max-snippet:-1, max-image-preview:large, max-video-preview:-1\" \/>\n<link rel=\"canonical\" href=\"https:\/\/weltlaeden.de\/bremen\/faire-woche-2023-klimagerechtigkeit\/\" \/>\n<meta property=\"og:locale\" content=\"de_DE\" \/>\n<meta property=\"og:type\" content=\"article\" \/>\n<meta property=\"og:title\" content=\"Faire Woche 2023 in Bremen - Klimagerechtigkeit - Weltladen Bremen\" \/>\n<meta property=\"og:description\" content=\"Was bedeutet Klimagerechtigkeit f\u00fcr Sie? Das haben wir als B\u00fcndnis Faire Woche unsere G\u00e4ste und Kund:innen gefragt und ihre Statements in den sozialen Medien gepostet. Menschen aus der Bremer Politik, Wirtschaft und Zivilgesellschaft waren dabei und die diesj\u00e4hrige Preistr\u00e4gerin des 18. Bremer Solidarit\u00e4tspreises Hamira Kobusingye. Nebenbei haben wir die Interviewpartner:innnen zu uns in die L\u00e4den&hellip;\" \/>\n<meta property=\"og:url\" content=\"https:\/\/weltlaeden.de\/bremen\/faire-woche-2023-klimagerechtigkeit\/\" \/>\n<meta property=\"og:site_name\" content=\"Weltladen Bremen\" \/>\n<meta property=\"article:published_time\" content=\"2023-09-29T14:59:48+00:00\" \/>\n<meta property=\"article:modified_time\" content=\"2023-11-13T16:46:07+00:00\" \/>\n<meta property=\"og:image\" content=\"https:\/\/weltlaeden.de\/bremen\/wp-content\/uploads\/sites\/92\/2023\/09\/2023_FW-Hamira-Kobusingye_Statement_Ausschnitt.png\" \/>\n\t<meta property=\"og:image:width\" content=\"1030\" \/>\n\t<meta property=\"og:image:height\" content=\"775\" \/>\n\t<meta property=\"og:image:type\" content=\"image\/png\" \/>\n<meta name=\"author\" content=\"bremen\" \/>\n<meta name=\"twitter:card\" content=\"summary_large_image\" \/>\n<meta name=\"twitter:label1\" content=\"Verfasst von\" \/>\n\t<meta name=\"twitter:data1\" content=\"bremen\" \/>\n<script type=\"application\/ld+json\" class=\"yoast-schema-graph\">{\"@context\":\"https:\/\/schema.org\",\"@graph\":[{\"@type\":\"Article\",\"@id\":\"https:\/\/weltlaeden.de\/bremen\/faire-woche-2023-klimagerechtigkeit\/#article\",\"isPartOf\":{\"@id\":\"https:\/\/weltlaeden.de\/bremen\/faire-woche-2023-klimagerechtigkeit\/\"},\"author\":{\"name\":\"bremen\",\"@id\":\"https:\/\/weltlaeden.de\/bremen\/#\/schema\/person\/500eb54da618b24f20dd0063d08e7236\"},\"headline\":\"Faire Woche 2023 in Bremen &#8211; Klimagerechtigkeit\",\"datePublished\":\"2023-09-29T14:59:48+00:00\",\"dateModified\":\"2023-11-13T16:46:07+00:00\",\"mainEntityOfPage\":{\"@id\":\"https:\/\/weltlaeden.de\/bremen\/faire-woche-2023-klimagerechtigkeit\/\"},\"wordCount\":84,\"image\":{\"@id\":\"https:\/\/weltlaeden.de\/bremen\/faire-woche-2023-klimagerechtigkeit\/#primaryimage\"},\"thumbnailUrl\":\"https:\/\/weltlaeden.de\/bremen\/wp-content\/uploads\/sites\/92\/2023\/09\/2023_FW-Hamira-Kobusingye_Statement_Ausschnitt.png\",\"articleSection\":[\"R\u00fcckblick\"],\"inLanguage\":\"de\"},{\"@type\":\"WebPage\",\"@id\":\"https:\/\/weltlaeden.de\/bremen\/faire-woche-2023-klimagerechtigkeit\/\",\"url\":\"https:\/\/weltlaeden.de\/bremen\/faire-woche-2023-klimagerechtigkeit\/\",\"name\":\"Faire Woche 2023 in Bremen - Klimagerechtigkeit - Weltladen Bremen\",\"isPartOf\":{\"@id\":\"https:\/\/weltlaeden.de\/bremen\/#website\"},\"primaryImageOfPage\":{\"@id\":\"https:\/\/weltlaeden.de\/bremen\/faire-woche-2023-klimagerechtigkeit\/#primaryimage\"},\"image\":{\"@id\":\"https:\/\/weltlaeden.de\/bremen\/faire-woche-2023-klimagerechtigkeit\/#primaryimage\"},\"thumbnailUrl\":\"https:\/\/weltlaeden.de\/bremen\/wp-content\/uploads\/sites\/92\/2023\/09\/2023_FW-Hamira-Kobusingye_Statement_Ausschnitt.png\",\"datePublished\":\"2023-09-29T14:59:48+00:00\",\"dateModified\":\"2023-11-13T16:46:07+00:00\",\"author\":{\"@id\":\"https:\/\/weltlaeden.de\/bremen\/#\/schema\/person\/500eb54da618b24f20dd0063d08e7236\"},\"breadcrumb\":{\"@id\":\"https:\/\/weltlaeden.de\/bremen\/faire-woche-2023-klimagerechtigkeit\/#breadcrumb\"},\"inLanguage\":\"de\",\"potentialAction\":[{\"@type\":\"ReadAction\",\"target\":[\"https:\/\/weltlaeden.de\/bremen\/faire-woche-2023-klimagerechtigkeit\/\"]}]},{\"@type\":\"ImageObject\",\"inLanguage\":\"de\",\"@id\":\"https:\/\/weltlaeden.de\/bremen\/faire-woche-2023-klimagerechtigkeit\/#primaryimage\",\"url\":\"https:\/\/weltlaeden.de\/bremen\/wp-content\/uploads\/sites\/92\/2023\/09\/2023_FW-Hamira-Kobusingye_Statement_Ausschnitt.png\",\"contentUrl\":\"https:\/\/weltlaeden.de\/bremen\/wp-content\/uploads\/sites\/92\/2023\/09\/2023_FW-Hamira-Kobusingye_Statement_Ausschnitt.png\",\"width\":1030,\"height\":775},{\"@type\":\"BreadcrumbList\",\"@id\":\"https:\/\/weltlaeden.de\/bremen\/faire-woche-2023-klimagerechtigkeit\/#breadcrumb\",\"itemListElement\":[{\"@type\":\"ListItem\",\"position\":1,\"name\":\"Startseite\",\"item\":\"https:\/\/weltlaeden.de\/bremen\/\"},{\"@type\":\"ListItem\",\"position\":2,\"name\":\"Faire Woche 2023 in Bremen &#8211; Klimagerechtigkeit\"}]},{\"@type\":\"WebSite\",\"@id\":\"https:\/\/weltlaeden.de\/bremen\/#website\",\"url\":\"https:\/\/weltlaeden.de\/bremen\/\",\"name\":\"Weltladen Bremen\",\"description\":\"Die ganze Welt des Fairen Handels im Viertel\",\"potentialAction\":[{\"@type\":\"SearchAction\",\"target\":{\"@type\":\"EntryPoint\",\"urlTemplate\":\"https:\/\/weltlaeden.de\/bremen\/?s={search_term_string}\"},\"query-input\":{\"@type\":\"PropertyValueSpecification\",\"valueRequired\":true,\"valueName\":\"search_term_string\"}}],\"inLanguage\":\"de\"},{\"@type\":\"Person\",\"@id\":\"https:\/\/weltlaeden.de\/bremen\/#\/schema\/person\/500eb54da618b24f20dd0063d08e7236\",\"name\":\"bremen\",\"image\":{\"@type\":\"ImageObject\",\"inLanguage\":\"de\",\"@id\":\"https:\/\/weltlaeden.de\/bremen\/#\/schema\/person\/image\/\",\"url\":\"https:\/\/secure.gravatar.com\/avatar\/5884c01b35b79aadeb90f267d02a3689?s=96&d=mm&r=g\",\"contentUrl\":\"https:\/\/secure.gravatar.com\/avatar\/5884c01b35b79aadeb90f267d02a3689?s=96&d=mm&r=g\",\"caption\":\"bremen\"}}]}<\/script>\n<!-- \/ Yoast SEO plugin. -->","yoast_head_json":{"title":"Faire Woche 2023 in Bremen - Klimagerechtigkeit - Weltladen Bremen","robots":{"index":"index","follow":"follow","max-snippet":"max-snippet:-1","max-image-preview":"max-image-preview:large","max-video-preview":"max-video-preview:-1"},"canonical":"https:\/\/weltlaeden.de\/bremen\/faire-woche-2023-klimagerechtigkeit\/","og_locale":"de_DE","og_type":"article","og_title":"Faire Woche 2023 in Bremen - Klimagerechtigkeit - Weltladen Bremen","og_description":"Was bedeutet Klimagerechtigkeit f\u00fcr Sie? Das haben wir als B\u00fcndnis Faire Woche unsere G\u00e4ste und Kund:innen gefragt und ihre Statements in den sozialen Medien gepostet. Menschen aus der Bremer Politik, Wirtschaft und Zivilgesellschaft waren dabei und die diesj\u00e4hrige Preistr\u00e4gerin des 18. Bremer Solidarit\u00e4tspreises Hamira Kobusingye. Nebenbei haben wir die Interviewpartner:innnen zu uns in die L\u00e4den&hellip;","og_url":"https:\/\/weltlaeden.de\/bremen\/faire-woche-2023-klimagerechtigkeit\/","og_site_name":"Weltladen Bremen","article_published_time":"2023-09-29T14:59:48+00:00","article_modified_time":"2023-11-13T16:46:07+00:00","og_image":[{"width":1030,"height":775,"url":"https:\/\/weltlaeden.de\/bremen\/wp-content\/uploads\/sites\/92\/2023\/09\/2023_FW-Hamira-Kobusingye_Statement_Ausschnitt.png","type":"image\/png"}],"author":"bremen","twitter_card":"summary_large_image","twitter_misc":{"Verfasst von":"bremen"},"schema":{"@context":"https:\/\/schema.org","@graph":[{"@type":"Article","@id":"https:\/\/weltlaeden.de\/bremen\/faire-woche-2023-klimagerechtigkeit\/#article","isPartOf":{"@id":"https:\/\/weltlaeden.de\/bremen\/faire-woche-2023-klimagerechtigkeit\/"},"author":{"name":"bremen","@id":"https:\/\/weltlaeden.de\/bremen\/#\/schema\/person\/500eb54da618b24f20dd0063d08e7236"},"headline":"Faire Woche 2023 in Bremen &#8211; Klimagerechtigkeit","datePublished":"2023-09-29T14:59:48+00:00","dateModified":"2023-11-13T16:46:07+00:00","mainEntityOfPage":{"@id":"https:\/\/weltlaeden.de\/bremen\/faire-woche-2023-klimagerechtigkeit\/"},"wordCount":84,"image":{"@id":"https:\/\/weltlaeden.de\/bremen\/faire-woche-2023-klimagerechtigkeit\/#primaryimage"},"thumbnailUrl":"https:\/\/weltlaeden.de\/bremen\/wp-content\/uploads\/sites\/92\/2023\/09\/2023_FW-Hamira-Kobusingye_Statement_Ausschnitt.png","articleSection":["R\u00fcckblick"],"inLanguage":"de"},{"@type":"WebPage","@id":"https:\/\/weltlaeden.de\/bremen\/faire-woche-2023-klimagerechtigkeit\/","url":"https:\/\/weltlaeden.de\/bremen\/faire-woche-2023-klimagerechtigkeit\/","name":"Faire Woche 2023 in Bremen - Klimagerechtigkeit - Weltladen Bremen","isPartOf":{"@id":"https:\/\/weltlaeden.de\/bremen\/#website"},"primaryImageOfPage":{"@id":"https:\/\/weltlaeden.de\/bremen\/faire-woche-2023-klimagerechtigkeit\/#primaryimage"},"image":{"@id":"https:\/\/weltlaeden.de\/bremen\/faire-woche-2023-klimagerechtigkeit\/#primaryimage"},"thumbnailUrl":"https:\/\/weltlaeden.de\/bremen\/wp-content\/uploads\/sites\/92\/2023\/09\/2023_FW-Hamira-Kobusingye_Statement_Ausschnitt.png","datePublished":"2023-09-29T14:59:48+00:00","dateModified":"2023-11-13T16:46:07+00:00","author":{"@id":"https:\/\/weltlaeden.de\/bremen\/#\/schema\/person\/500eb54da618b24f20dd0063d08e7236"},"breadcrumb":{"@id":"https:\/\/weltlaeden.de\/bremen\/faire-woche-2023-klimagerechtigkeit\/#breadcrumb"},"inLanguage":"de","potentialAction":[{"@type":"ReadAction","target":["https:\/\/weltlaeden.de\/bremen\/faire-woche-2023-klimagerechtigkeit\/"]}]},{"@type":"ImageObject","inLanguage":"de","@id":"https:\/\/weltlaeden.de\/bremen\/faire-woche-2023-klimagerechtigkeit\/#primaryimage","url":"https:\/\/weltlaeden.de\/bremen\/wp-content\/uploads\/sites\/92\/2023\/09\/2023_FW-Hamira-Kobusingye_Statement_Ausschnitt.png","contentUrl":"https:\/\/weltlaeden.de\/bremen\/wp-content\/uploads\/sites\/92\/2023\/09\/2023_FW-Hamira-Kobusingye_Statement_Ausschnitt.png","width":1030,"height":775},{"@type":"BreadcrumbList","@id":"https:\/\/weltlaeden.de\/bremen\/faire-woche-2023-klimagerechtigkeit\/#breadcrumb","itemListElement":[{"@type":"ListItem","position":1,"name":"Startseite","item":"https:\/\/weltlaeden.de\/bremen\/"},{"@type":"ListItem","position":2,"name":"Faire Woche 2023 in Bremen &#8211; Klimagerechtigkeit"}]},{"@type":"WebSite","@id":"https:\/\/weltlaeden.de\/bremen\/#website","url":"https:\/\/weltlaeden.de\/bremen\/","name":"Weltladen Bremen","description":"Die ganze Welt des Fairen Handels im Viertel","potentialAction":[{"@type":"SearchAction","target":{"@type":"EntryPoint","urlTemplate":"https:\/\/weltlaeden.de\/bremen\/?s={search_term_string}"},"query-input":{"@type":"PropertyValueSpecification","valueRequired":true,"valueName":"search_term_string"}}],"inLanguage":"de"},{"@type":"Person","@id":"https:\/\/weltlaeden.de\/bremen\/#\/schema\/person\/500eb54da618b24f20dd0063d08e7236","name":"bremen","image":{"@type":"ImageObject","inLanguage":"de","@id":"https:\/\/weltlaeden.de\/bremen\/#\/schema\/person\/image\/","url":"https:\/\/secure.gravatar.com\/avatar\/5884c01b35b79aadeb90f267d02a3689?s=96&d=mm&r=g","contentUrl":"https:\/\/secure.gravatar.com\/avatar\/5884c01b35b79aadeb90f267d02a3689?s=96&d=mm&r=g","caption":"bremen"}}]}},"_links":{"self":[{"href":"https:\/\/weltlaeden.de\/bremen\/wp-json\/wp\/v2\/posts\/2123","targetHints":{"allow":["GET"]}}],"collection":[{"href":"https:\/\/weltlaeden.de\/bremen\/wp-json\/wp\/v2\/posts"}],"about":[{"href":"https:\/\/weltlaeden.de\/bremen\/wp-json\/wp\/v2\/types\/post"}],"author":[{"embeddable":true,"href":"https:\/\/weltlaeden.de\/bremen\/wp-json\/wp\/v2\/users\/138"}],"replies":[{"embeddable":true,"href":"https:\/\/weltlaeden.de\/bremen\/wp-json\/wp\/v2\/comments?post=2123"}],"version-history":[{"count":3,"href":"https:\/\/weltlaeden.de\/bremen\/wp-json\/wp\/v2\/posts\/2123\/revisions"}],"predecessor-version":[{"id":2129,"href":"https:\/\/weltlaeden.de\/bremen\/wp-json\/wp\/v2\/posts\/2123\/revisions\/2129"}],"wp:featuredmedia":[{"embeddable":true,"href":"https:\/\/weltlaeden.de\/bremen\/wp-json\/wp\/v2\/media\/2127"}],"wp:attachment":[{"href":"https:\/\/weltlaeden.de\/bremen\/wp-json\/wp\/v2\/media?parent=2123"}],"wp:term":[{"taxonomy":"category","embeddable":true,"href":"https:\/\/weltlaeden.de\/bremen\/wp-json\/wp\/v2\/categories?post=2123"},{"taxonomy":"post_tag","embeddable":true,"href":"https:\/\/weltlaeden.de\/bremen\/wp-json\/wp\/v2\/tags?post=2123"}],"curies":[{"name":"wp","href":"https:\/\/api.w.org\/{rel}","templated":true}]}}