{"id":2068,"date":"2022-09-30T17:42:22","date_gmt":"2022-09-30T15:42:22","guid":{"rendered":"https:\/\/weltlaeden.de\/bremen\/?p=2068"},"modified":"2023-07-20T17:53:50","modified_gmt":"2023-07-20T15:53:50","slug":"faire-woche-2022","status":"publish","type":"post","link":"https:\/\/weltlaeden.de\/bremen\/faire-woche-2022\/","title":{"rendered":"Faire Woche 2022"},"content":{"rendered":"<p><strong>Unter dem Motto &#8222;Fair steht dir \u2013 #fairhandeln f\u00fcr Menschenrechte weltweit\u201c<\/strong> drehte sich die bundesweite Faire Woche (16. bis 30. September 2022) um das Thema Textilien<strong>.<\/strong> \u00d6ko-faire Mode ist guter Stoff f\u00fcr alle! Der Weltladen war bei einer \u00f6ko-fairen Modenschau in der Markthalle Acht und Aktionen im Laden mit dabei!<\/p>\n","protected":false},"excerpt":{"rendered":"<p>Unter dem Motto &#8222;Fair steht dir \u2013 #fairhandeln f\u00fcr Menschenrechte weltweit\u201c drehte sich die bundesweite Faire Woche (16. bis 30. September 2022) um das Thema Textilien. \u00d6ko-faire Mode ist guter Stoff f\u00fcr alle! Der Weltladen war bei einer \u00f6ko-fairen Modenschau in der Markthalle Acht und Aktionen im Laden mit dabei!<\/p>\n","protected":false},"author":138,"featured_media":1974,"comment_status":"closed","ping_status":"closed","sticky":false,"template":"","format":"standard","meta":{"footnotes":""},"categories":[11],"tags":[],"class_list":["post-2068","post","type-post","status-publish","format-standard","has-post-thumbnail","hentry","category-rueckblick","category-11","description-off"],"yoast_head":"<!-- This site is optimized with the Yoast SEO plugin v26.8 - https:\/\/yoast.com\/product\/yoast-seo-wordpress\/ -->\n<title>Faire Woche 2022 - Weltladen Bremen<\/title>\n<meta name=\"robots\" content=\"index, follow, max-snippet:-1, max-image-preview:large, max-video-preview:-1\" \/>\n<link rel=\"canonical\" href=\"https:\/\/weltlaeden.de\/bremen\/faire-woche-2022\/\" \/>\n<meta property=\"og:locale\" content=\"de_DE\" \/>\n<meta property=\"og:type\" content=\"article\" \/>\n<meta property=\"og:title\" content=\"Faire Woche 2022 - Weltladen Bremen\" \/>\n<meta property=\"og:description\" content=\"Unter dem Motto &#8222;Fair steht dir \u2013 #fairhandeln f\u00fcr Menschenrechte weltweit\u201c drehte sich die bundesweite Faire Woche (16. bis 30. September 2022) um das Thema Textilien. \u00d6ko-faire Mode ist guter Stoff f\u00fcr alle! Der Weltladen war bei einer \u00f6ko-fairen Modenschau in der Markthalle Acht und Aktionen im Laden mit dabei!\" \/>\n<meta property=\"og:url\" content=\"https:\/\/weltlaeden.de\/bremen\/faire-woche-2022\/\" \/>\n<meta property=\"og:site_name\" content=\"Weltladen Bremen\" \/>\n<meta property=\"article:published_time\" content=\"2022-09-30T15:42:22+00:00\" \/>\n<meta property=\"article:modified_time\" content=\"2023-07-20T15:53:50+00:00\" \/>\n<meta property=\"og:image\" content=\"https:\/\/weltlaeden.de\/bremen\/wp-content\/uploads\/sites\/92\/2022\/09\/Christa_1-e1689868152137.jpg\" \/>\n\t<meta property=\"og:image:width\" content=\"2048\" \/>\n\t<meta property=\"og:image:height\" content=\"1152\" \/>\n\t<meta property=\"og:image:type\" content=\"image\/jpeg\" \/>\n<meta name=\"author\" content=\"bremen\" \/>\n<meta name=\"twitter:card\" content=\"summary_large_image\" \/>\n<meta name=\"twitter:label1\" content=\"Verfasst von\" \/>\n\t<meta name=\"twitter:data1\" content=\"bremen\" \/>\n<script type=\"application\/ld+json\" class=\"yoast-schema-graph\">{\"@context\":\"https:\/\/schema.org\",\"@graph\":[{\"@type\":\"Article\",\"@id\":\"https:\/\/weltlaeden.de\/bremen\/faire-woche-2022\/#article\",\"isPartOf\":{\"@id\":\"https:\/\/weltlaeden.de\/bremen\/faire-woche-2022\/\"},\"author\":{\"name\":\"bremen\",\"@id\":\"https:\/\/weltlaeden.de\/bremen\/#\/schema\/person\/500eb54da618b24f20dd0063d08e7236\"},\"headline\":\"Faire Woche 2022\",\"datePublished\":\"2022-09-30T15:42:22+00:00\",\"dateModified\":\"2023-07-20T15:53:50+00:00\",\"mainEntityOfPage\":{\"@id\":\"https:\/\/weltlaeden.de\/bremen\/faire-woche-2022\/\"},\"wordCount\":50,\"image\":{\"@id\":\"https:\/\/weltlaeden.de\/bremen\/faire-woche-2022\/#primaryimage\"},\"thumbnailUrl\":\"https:\/\/weltlaeden.de\/bremen\/wp-content\/uploads\/sites\/92\/2022\/09\/Christa_1-e1689868152137.jpg\",\"articleSection\":[\"R\u00fcckblick\"],\"inLanguage\":\"de\"},{\"@type\":\"WebPage\",\"@id\":\"https:\/\/weltlaeden.de\/bremen\/faire-woche-2022\/\",\"url\":\"https:\/\/weltlaeden.de\/bremen\/faire-woche-2022\/\",\"name\":\"Faire Woche 2022 - Weltladen Bremen\",\"isPartOf\":{\"@id\":\"https:\/\/weltlaeden.de\/bremen\/#website\"},\"primaryImageOfPage\":{\"@id\":\"https:\/\/weltlaeden.de\/bremen\/faire-woche-2022\/#primaryimage\"},\"image\":{\"@id\":\"https:\/\/weltlaeden.de\/bremen\/faire-woche-2022\/#primaryimage\"},\"thumbnailUrl\":\"https:\/\/weltlaeden.de\/bremen\/wp-content\/uploads\/sites\/92\/2022\/09\/Christa_1-e1689868152137.jpg\",\"datePublished\":\"2022-09-30T15:42:22+00:00\",\"dateModified\":\"2023-07-20T15:53:50+00:00\",\"author\":{\"@id\":\"https:\/\/weltlaeden.de\/bremen\/#\/schema\/person\/500eb54da618b24f20dd0063d08e7236\"},\"breadcrumb\":{\"@id\":\"https:\/\/weltlaeden.de\/bremen\/faire-woche-2022\/#breadcrumb\"},\"inLanguage\":\"de\",\"potentialAction\":[{\"@type\":\"ReadAction\",\"target\":[\"https:\/\/weltlaeden.de\/bremen\/faire-woche-2022\/\"]}]},{\"@type\":\"ImageObject\",\"inLanguage\":\"de\",\"@id\":\"https:\/\/weltlaeden.de\/bremen\/faire-woche-2022\/#primaryimage\",\"url\":\"https:\/\/weltlaeden.de\/bremen\/wp-content\/uploads\/sites\/92\/2022\/09\/Christa_1-e1689868152137.jpg\",\"contentUrl\":\"https:\/\/weltlaeden.de\/bremen\/wp-content\/uploads\/sites\/92\/2022\/09\/Christa_1-e1689868152137.jpg\",\"width\":2048,\"height\":1152},{\"@type\":\"BreadcrumbList\",\"@id\":\"https:\/\/weltlaeden.de\/bremen\/faire-woche-2022\/#breadcrumb\",\"itemListElement\":[{\"@type\":\"ListItem\",\"position\":1,\"name\":\"Startseite\",\"item\":\"https:\/\/weltlaeden.de\/bremen\/\"},{\"@type\":\"ListItem\",\"position\":2,\"name\":\"Faire Woche 2022\"}]},{\"@type\":\"WebSite\",\"@id\":\"https:\/\/weltlaeden.de\/bremen\/#website\",\"url\":\"https:\/\/weltlaeden.de\/bremen\/\",\"name\":\"Weltladen Bremen\",\"description\":\"Die ganze Welt des Fairen Handels im Viertel\",\"potentialAction\":[{\"@type\":\"SearchAction\",\"target\":{\"@type\":\"EntryPoint\",\"urlTemplate\":\"https:\/\/weltlaeden.de\/bremen\/?s={search_term_string}\"},\"query-input\":{\"@type\":\"PropertyValueSpecification\",\"valueRequired\":true,\"valueName\":\"search_term_string\"}}],\"inLanguage\":\"de\"},{\"@type\":\"Person\",\"@id\":\"https:\/\/weltlaeden.de\/bremen\/#\/schema\/person\/500eb54da618b24f20dd0063d08e7236\",\"name\":\"bremen\",\"image\":{\"@type\":\"ImageObject\",\"inLanguage\":\"de\",\"@id\":\"https:\/\/weltlaeden.de\/bremen\/#\/schema\/person\/image\/\",\"url\":\"https:\/\/secure.gravatar.com\/avatar\/5884c01b35b79aadeb90f267d02a3689?s=96&d=mm&r=g\",\"contentUrl\":\"https:\/\/secure.gravatar.com\/avatar\/5884c01b35b79aadeb90f267d02a3689?s=96&d=mm&r=g\",\"caption\":\"bremen\"}}]}<\/script>\n<!-- \/ Yoast SEO plugin. -->","yoast_head_json":{"title":"Faire Woche 2022 - Weltladen Bremen","robots":{"index":"index","follow":"follow","max-snippet":"max-snippet:-1","max-image-preview":"max-image-preview:large","max-video-preview":"max-video-preview:-1"},"canonical":"https:\/\/weltlaeden.de\/bremen\/faire-woche-2022\/","og_locale":"de_DE","og_type":"article","og_title":"Faire Woche 2022 - Weltladen Bremen","og_description":"Unter dem Motto &#8222;Fair steht dir \u2013 #fairhandeln f\u00fcr Menschenrechte weltweit\u201c drehte sich die bundesweite Faire Woche (16. bis 30. September 2022) um das Thema Textilien. \u00d6ko-faire Mode ist guter Stoff f\u00fcr alle! Der Weltladen war bei einer \u00f6ko-fairen Modenschau in der Markthalle Acht und Aktionen im Laden mit dabei!","og_url":"https:\/\/weltlaeden.de\/bremen\/faire-woche-2022\/","og_site_name":"Weltladen Bremen","article_published_time":"2022-09-30T15:42:22+00:00","article_modified_time":"2023-07-20T15:53:50+00:00","og_image":[{"width":2048,"height":1152,"url":"https:\/\/weltlaeden.de\/bremen\/wp-content\/uploads\/sites\/92\/2022\/09\/Christa_1-e1689868152137.jpg","type":"image\/jpeg"}],"author":"bremen","twitter_card":"summary_large_image","twitter_misc":{"Verfasst von":"bremen"},"schema":{"@context":"https:\/\/schema.org","@graph":[{"@type":"Article","@id":"https:\/\/weltlaeden.de\/bremen\/faire-woche-2022\/#article","isPartOf":{"@id":"https:\/\/weltlaeden.de\/bremen\/faire-woche-2022\/"},"author":{"name":"bremen","@id":"https:\/\/weltlaeden.de\/bremen\/#\/schema\/person\/500eb54da618b24f20dd0063d08e7236"},"headline":"Faire Woche 2022","datePublished":"2022-09-30T15:42:22+00:00","dateModified":"2023-07-20T15:53:50+00:00","mainEntityOfPage":{"@id":"https:\/\/weltlaeden.de\/bremen\/faire-woche-2022\/"},"wordCount":50,"image":{"@id":"https:\/\/weltlaeden.de\/bremen\/faire-woche-2022\/#primaryimage"},"thumbnailUrl":"https:\/\/weltlaeden.de\/bremen\/wp-content\/uploads\/sites\/92\/2022\/09\/Christa_1-e1689868152137.jpg","articleSection":["R\u00fcckblick"],"inLanguage":"de"},{"@type":"WebPage","@id":"https:\/\/weltlaeden.de\/bremen\/faire-woche-2022\/","url":"https:\/\/weltlaeden.de\/bremen\/faire-woche-2022\/","name":"Faire Woche 2022 - Weltladen Bremen","isPartOf":{"@id":"https:\/\/weltlaeden.de\/bremen\/#website"},"primaryImageOfPage":{"@id":"https:\/\/weltlaeden.de\/bremen\/faire-woche-2022\/#primaryimage"},"image":{"@id":"https:\/\/weltlaeden.de\/bremen\/faire-woche-2022\/#primaryimage"},"thumbnailUrl":"https:\/\/weltlaeden.de\/bremen\/wp-content\/uploads\/sites\/92\/2022\/09\/Christa_1-e1689868152137.jpg","datePublished":"2022-09-30T15:42:22+00:00","dateModified":"2023-07-20T15:53:50+00:00","author":{"@id":"https:\/\/weltlaeden.de\/bremen\/#\/schema\/person\/500eb54da618b24f20dd0063d08e7236"},"breadcrumb":{"@id":"https:\/\/weltlaeden.de\/bremen\/faire-woche-2022\/#breadcrumb"},"inLanguage":"de","potentialAction":[{"@type":"ReadAction","target":["https:\/\/weltlaeden.de\/bremen\/faire-woche-2022\/"]}]},{"@type":"ImageObject","inLanguage":"de","@id":"https:\/\/weltlaeden.de\/bremen\/faire-woche-2022\/#primaryimage","url":"https:\/\/weltlaeden.de\/bremen\/wp-content\/uploads\/sites\/92\/2022\/09\/Christa_1-e1689868152137.jpg","contentUrl":"https:\/\/weltlaeden.de\/bremen\/wp-content\/uploads\/sites\/92\/2022\/09\/Christa_1-e1689868152137.jpg","width":2048,"height":1152},{"@type":"BreadcrumbList","@id":"https:\/\/weltlaeden.de\/bremen\/faire-woche-2022\/#breadcrumb","itemListElement":[{"@type":"ListItem","position":1,"name":"Startseite","item":"https:\/\/weltlaeden.de\/bremen\/"},{"@type":"ListItem","position":2,"name":"Faire Woche 2022"}]},{"@type":"WebSite","@id":"https:\/\/weltlaeden.de\/bremen\/#website","url":"https:\/\/weltlaeden.de\/bremen\/","name":"Weltladen Bremen","description":"Die ganze Welt des Fairen Handels im Viertel","potentialAction":[{"@type":"SearchAction","target":{"@type":"EntryPoint","urlTemplate":"https:\/\/weltlaeden.de\/bremen\/?s={search_term_string}"},"query-input":{"@type":"PropertyValueSpecification","valueRequired":true,"valueName":"search_term_string"}}],"inLanguage":"de"},{"@type":"Person","@id":"https:\/\/weltlaeden.de\/bremen\/#\/schema\/person\/500eb54da618b24f20dd0063d08e7236","name":"bremen","image":{"@type":"ImageObject","inLanguage":"de","@id":"https:\/\/weltlaeden.de\/bremen\/#\/schema\/person\/image\/","url":"https:\/\/secure.gravatar.com\/avatar\/5884c01b35b79aadeb90f267d02a3689?s=96&d=mm&r=g","contentUrl":"https:\/\/secure.gravatar.com\/avatar\/5884c01b35b79aadeb90f267d02a3689?s=96&d=mm&r=g","caption":"bremen"}}]}},"_links":{"self":[{"href":"https:\/\/weltlaeden.de\/bremen\/wp-json\/wp\/v2\/posts\/2068","targetHints":{"allow":["GET"]}}],"collection":[{"href":"https:\/\/weltlaeden.de\/bremen\/wp-json\/wp\/v2\/posts"}],"about":[{"href":"https:\/\/weltlaeden.de\/bremen\/wp-json\/wp\/v2\/types\/post"}],"author":[{"embeddable":true,"href":"https:\/\/weltlaeden.de\/bremen\/wp-json\/wp\/v2\/users\/138"}],"replies":[{"embeddable":true,"href":"https:\/\/weltlaeden.de\/bremen\/wp-json\/wp\/v2\/comments?post=2068"}],"version-history":[{"count":2,"href":"https:\/\/weltlaeden.de\/bremen\/wp-json\/wp\/v2\/posts\/2068\/revisions"}],"predecessor-version":[{"id":2070,"href":"https:\/\/weltlaeden.de\/bremen\/wp-json\/wp\/v2\/posts\/2068\/revisions\/2070"}],"wp:featuredmedia":[{"embeddable":true,"href":"https:\/\/weltlaeden.de\/bremen\/wp-json\/wp\/v2\/media\/1974"}],"wp:attachment":[{"href":"https:\/\/weltlaeden.de\/bremen\/wp-json\/wp\/v2\/media?parent=2068"}],"wp:term":[{"taxonomy":"category","embeddable":true,"href":"https:\/\/weltlaeden.de\/bremen\/wp-json\/wp\/v2\/categories?post=2068"},{"taxonomy":"post_tag","embeddable":true,"href":"https:\/\/weltlaeden.de\/bremen\/wp-json\/wp\/v2\/tags?post=2068"}],"curies":[{"name":"wp","href":"https:\/\/api.w.org\/{rel}","templated":true}]}}