{"id":963,"date":"2021-09-17T22:16:48","date_gmt":"2021-09-17T20:16:48","guid":{"rendered":"https:\/\/weltlaeden.de\/bensheim\/?p=963"},"modified":"2021-09-17T22:19:47","modified_gmt":"2021-09-17T20:19:47","slug":"missio-hilfwerk-pfarreienverbund-und-weltladen-laden-zu-kulinarischer-aktion-ein-kochboxen-vorbestellen","status":"publish","type":"post","link":"https:\/\/weltlaeden.de\/bensheim\/missio-hilfwerk-pfarreienverbund-und-weltladen-laden-zu-kulinarischer-aktion-ein-kochboxen-vorbestellen\/","title":{"rendered":"MISSIO-HILFWERK:\u00a0Pfarreienverbund und Weltladen laden zu kulinarischer Aktion ein \/ Kochboxen vorbestellen"},"content":{"rendered":"<div class=\"ArticleImage\">\n<div class=\"ArticleImageDescription\">\n<p>..Quelle: Bergstr\u00e4sser Anzeiger 17.09.2021\u00a0 http:\/\/www.morgenweb.de\/ALFA.mmm0000017184597<\/p>\n<h3><span class=\"Kicker\">MISSIO-HILFWERK:<\/span>\u00a0Pfarreienverbund und Weltladen laden zu kulinarischer Aktion ein \/ Kochboxen vorbestellen<\/h3>\n<\/div>\n<\/div>\n<div class=\"ArticleContent\">\n<h2>Ein Solidarit\u00e4tsessen f\u00fcr zu Hause<\/h2>\n<p><img loading=\"lazy\" decoding=\"async\" class=\"alignright wp-image-965\" src=\"https:\/\/weltlaeden.de\/bensheim\/wp-content\/uploads\/sites\/105\/2021\/09\/welt_ld.jpg\" alt=\"\" width=\"343\" height=\"489\" srcset=\"https:\/\/weltlaeden.de\/bensheim\/wp-content\/uploads\/sites\/105\/2021\/09\/welt_ld.jpg 635w, https:\/\/weltlaeden.de\/bensheim\/wp-content\/uploads\/sites\/105\/2021\/09\/welt_ld-210x300.jpg 210w\" sizes=\"auto, (max-width: 343px) 100vw, 343px\" \/><\/p>\n<p class=\"article_text \"><strong>Bensheim.<\/strong>\u00a0\u201eLasst uns nicht m\u00fcde werden, das Gute zu tun.\u201c Das Wort, das der Apostel Paulus einst an die Gemeinden in Galatien schrieb, ist das Leitwort der diesj\u00e4hrigen Missio-Aktion, der gr\u00f6\u00dften Solidarit\u00e4tsaktion der Katholiken weltweit.<\/p>\n<p class=\"article_text \">Lasst uns Gutes tun: Dieses Wort ist damals wie heute die Aufforderung zu einem Leben in Geschwisterlichkeit. Am Beispiel von Nigeria m\u00f6chte das Hilfswerk Missio zeigen, was m\u00f6glich ist, wenn Menschen aus diesem Geist heraus handeln. Die Menschen in dem westafrikanischen Land sind stark gezeichnet von der Corona-Pandemie. Armut und Jugendarbeitslosigkeit n\u00e4hren Gewalt und religi\u00f6sen Fundamentalismus, Entf\u00fchrungen und Anschl\u00e4ge s\u00e4en Furcht und Misstrauen.<\/p>\n<p class=\"article_text \"><strong><span class=\"Zwischentitel\">Staatsversagen und Extremismus<\/span><\/strong><\/p>\n<p class=\"article_text \">Staatsversagen und eine schlechte Regierungsf\u00fchrung, die den Menschen keinerlei Sicherheit oder Zukunftsaussichten bietet, sind ein N\u00e4hrboden f\u00fcr religi\u00f6sen Extremismus. In dieser explosiven Gemengelage setzt die Kirche auf den Dialog. Gemeinsam mit muslimischen Partnern macht sie deutlich, dass Gewalt im Namen Gottes dem Wesen der Religion zutiefst widerspricht und zeigt im Alltag, dass Gottes Liebe allen Menschen gilt. Angeh\u00f6rige verschiedener Religionen arbeiten in den Projekten zusammen, von denen Menschen unabh\u00e4ngig von ihrer religi\u00f6sen Zugeh\u00f6rigkeit profitieren.<\/p>\n<p class=\"article_text \">Die Gemeinden des Pfarreienverbunds Bensheim und der Weltladen Sankt Georg unterst\u00fctzen das Anliegen der Missio-Aktion und laden alle Interessierten f\u00fcr Sonntag, 24. Oktober, zu einem Solidarit\u00e4tsessen zu Hause ein. <strong>Der Weltladen bietet dazu wieder eine Kochbox mit einem Rezept und den Zutaten f\u00fcr ein nigerianisches Gericht an, die bis zum 2. Oktober telefonisch oder per Mail vorbestellt werden kann:\u00a0<a href=\"tel:0625166730\">06251\/66730<\/a>, info@weltladen-bensheim.de.<\/strong><\/p>\n<p class=\"article_text \">Die vorbestellten Kochboxen k\u00f6nnen dann am 22. und 23. Oktober beim Weltladen abgeholt werden. Alle Teilnehmenden sind au\u00dferdem eingeladen, Fotos vom Kochen, dem Essen oder den Gerichten zur Ver\u00f6ffentlichung an den Weltladen zu schicken.<\/p>\n<p class=\"article_text \"><span class=\"Zwischentitel\">Gottesdienste Ende Oktober<\/span><\/p>\n<p class=\"article_text \">Neben dem Solidarit\u00e4tsessen werden auch die Gottesdienste im Pfarreienverbund am Samstag, 23. und Sonntag, 24. Oktober, thematisch an der Missio-Aktion ausgerichtet sein. Im Anschluss an die Gottesdienste werden kleine Brote als Zeichen der Solidarit\u00e4t gegen eine Spende angeboten.<\/p>\n<p class=\"Kursiv right_align\">Quelle BA Bensheim<\/p>\n<\/div>\n","protected":false},"excerpt":{"rendered":"<p>..Quelle: Bergstr\u00e4sser Anzeiger 17.09.2021\u00a0 http:\/\/www.morgenweb.de\/ALFA.mmm0000017184597 MISSIO-HILFWERK:\u00a0Pfarreienverbund und Weltladen laden zu kulinarischer Aktion ein \/ Kochboxen vorbestellen Ein Solidarit\u00e4tsessen f\u00fcr zu Hause Bensheim.\u00a0\u201eLasst uns nicht m\u00fcde werden, das Gute zu tun.\u201c Das Wort, das der Apostel Paulus einst an die Gemeinden in Galatien schrieb, ist das Leitwort der diesj\u00e4hrigen Missio-Aktion, der gr\u00f6\u00dften Solidarit\u00e4tsaktion der Katholiken weltweit.&hellip;<\/p>\n","protected":false},"author":160,"featured_media":965,"comment_status":"closed","ping_status":"closed","sticky":false,"template":"","format":"standard","meta":{"footnotes":""},"categories":[20,21],"tags":[],"class_list":["post-963","post","type-post","status-publish","format-standard","has-post-thumbnail","hentry","category-aktionen","category-miserior","category-20","category-21","description-off"],"yoast_head":"<!-- This site is optimized with the Yoast SEO plugin v26.8 - https:\/\/yoast.com\/product\/yoast-seo-wordpress\/ -->\n<title>MISSIO-HILFWERK:\u00a0Pfarreienverbund und Weltladen laden zu kulinarischer Aktion ein \/ Kochboxen vorbestellen - Weltladen Bensheim - Sankt Georg<\/title>\n<meta name=\"robots\" content=\"index, follow, max-snippet:-1, max-image-preview:large, max-video-preview:-1\" \/>\n<link rel=\"canonical\" href=\"https:\/\/weltlaeden.de\/bensheim\/missio-hilfwerk-pfarreienverbund-und-weltladen-laden-zu-kulinarischer-aktion-ein-kochboxen-vorbestellen\/\" \/>\n<meta property=\"og:locale\" content=\"de_DE\" \/>\n<meta property=\"og:type\" content=\"article\" \/>\n<meta property=\"og:title\" content=\"MISSIO-HILFWERK:\u00a0Pfarreienverbund und Weltladen laden zu kulinarischer Aktion ein \/ Kochboxen vorbestellen - Weltladen Bensheim - Sankt Georg\" \/>\n<meta property=\"og:description\" content=\"..Quelle: Bergstr\u00e4sser Anzeiger 17.09.2021\u00a0 http:\/\/www.morgenweb.de\/ALFA.mmm0000017184597 MISSIO-HILFWERK:\u00a0Pfarreienverbund und Weltladen laden zu kulinarischer Aktion ein \/ Kochboxen vorbestellen Ein Solidarit\u00e4tsessen f\u00fcr zu Hause Bensheim.\u00a0\u201eLasst uns nicht m\u00fcde werden, das Gute zu tun.\u201c Das Wort, das der Apostel Paulus einst an die Gemeinden in Galatien schrieb, ist das Leitwort der diesj\u00e4hrigen Missio-Aktion, der gr\u00f6\u00dften Solidarit\u00e4tsaktion der Katholiken weltweit.&hellip;\" \/>\n<meta property=\"og:url\" content=\"https:\/\/weltlaeden.de\/bensheim\/missio-hilfwerk-pfarreienverbund-und-weltladen-laden-zu-kulinarischer-aktion-ein-kochboxen-vorbestellen\/\" \/>\n<meta property=\"og:site_name\" content=\"Weltladen Bensheim - Sankt Georg\" \/>\n<meta property=\"article:published_time\" content=\"2021-09-17T20:16:48+00:00\" \/>\n<meta property=\"article:modified_time\" content=\"2021-09-17T20:19:47+00:00\" \/>\n<meta property=\"og:image\" content=\"https:\/\/weltlaeden.de\/bensheim\/wp-content\/uploads\/sites\/105\/2021\/09\/welt_ld.jpg\" \/>\n\t<meta property=\"og:image:width\" content=\"635\" \/>\n\t<meta property=\"og:image:height\" content=\"905\" \/>\n\t<meta property=\"og:image:type\" content=\"image\/jpeg\" \/>\n<meta name=\"author\" content=\"bensheim\" \/>\n<meta name=\"twitter:card\" content=\"summary_large_image\" \/>\n<meta name=\"twitter:label1\" content=\"Verfasst von\" \/>\n\t<meta name=\"twitter:data1\" content=\"bensheim\" \/>\n\t<meta name=\"twitter:label2\" content=\"Gesch\u00e4tzte Lesezeit\" \/>\n\t<meta name=\"twitter:data2\" content=\"2\u00a0Minuten\" \/>\n<script type=\"application\/ld+json\" class=\"yoast-schema-graph\">{\"@context\":\"https:\/\/schema.org\",\"@graph\":[{\"@type\":\"Article\",\"@id\":\"https:\/\/weltlaeden.de\/bensheim\/missio-hilfwerk-pfarreienverbund-und-weltladen-laden-zu-kulinarischer-aktion-ein-kochboxen-vorbestellen\/#article\",\"isPartOf\":{\"@id\":\"https:\/\/weltlaeden.de\/bensheim\/missio-hilfwerk-pfarreienverbund-und-weltladen-laden-zu-kulinarischer-aktion-ein-kochboxen-vorbestellen\/\"},\"author\":{\"name\":\"bensheim\",\"@id\":\"https:\/\/weltlaeden.de\/bensheim\/#\/schema\/person\/9103edce11c0fbacaea656ebc13b21c2\"},\"headline\":\"MISSIO-HILFWERK:\u00a0Pfarreienverbund und Weltladen laden zu kulinarischer Aktion ein \/ Kochboxen vorbestellen\",\"datePublished\":\"2021-09-17T20:16:48+00:00\",\"dateModified\":\"2021-09-17T20:19:47+00:00\",\"mainEntityOfPage\":{\"@id\":\"https:\/\/weltlaeden.de\/bensheim\/missio-hilfwerk-pfarreienverbund-und-weltladen-laden-zu-kulinarischer-aktion-ein-kochboxen-vorbestellen\/\"},\"wordCount\":376,\"image\":{\"@id\":\"https:\/\/weltlaeden.de\/bensheim\/missio-hilfwerk-pfarreienverbund-und-weltladen-laden-zu-kulinarischer-aktion-ein-kochboxen-vorbestellen\/#primaryimage\"},\"thumbnailUrl\":\"https:\/\/weltlaeden.de\/bensheim\/wp-content\/uploads\/sites\/105\/2021\/09\/welt_ld.jpg\",\"articleSection\":[\"Aktionen\",\"Miserior\"],\"inLanguage\":\"de\"},{\"@type\":\"WebPage\",\"@id\":\"https:\/\/weltlaeden.de\/bensheim\/missio-hilfwerk-pfarreienverbund-und-weltladen-laden-zu-kulinarischer-aktion-ein-kochboxen-vorbestellen\/\",\"url\":\"https:\/\/weltlaeden.de\/bensheim\/missio-hilfwerk-pfarreienverbund-und-weltladen-laden-zu-kulinarischer-aktion-ein-kochboxen-vorbestellen\/\",\"name\":\"MISSIO-HILFWERK:\u00a0Pfarreienverbund und Weltladen laden zu kulinarischer Aktion ein \/ Kochboxen vorbestellen - Weltladen Bensheim - Sankt Georg\",\"isPartOf\":{\"@id\":\"https:\/\/weltlaeden.de\/bensheim\/#website\"},\"primaryImageOfPage\":{\"@id\":\"https:\/\/weltlaeden.de\/bensheim\/missio-hilfwerk-pfarreienverbund-und-weltladen-laden-zu-kulinarischer-aktion-ein-kochboxen-vorbestellen\/#primaryimage\"},\"image\":{\"@id\":\"https:\/\/weltlaeden.de\/bensheim\/missio-hilfwerk-pfarreienverbund-und-weltladen-laden-zu-kulinarischer-aktion-ein-kochboxen-vorbestellen\/#primaryimage\"},\"thumbnailUrl\":\"https:\/\/weltlaeden.de\/bensheim\/wp-content\/uploads\/sites\/105\/2021\/09\/welt_ld.jpg\",\"datePublished\":\"2021-09-17T20:16:48+00:00\",\"dateModified\":\"2021-09-17T20:19:47+00:00\",\"author\":{\"@id\":\"https:\/\/weltlaeden.de\/bensheim\/#\/schema\/person\/9103edce11c0fbacaea656ebc13b21c2\"},\"breadcrumb\":{\"@id\":\"https:\/\/weltlaeden.de\/bensheim\/missio-hilfwerk-pfarreienverbund-und-weltladen-laden-zu-kulinarischer-aktion-ein-kochboxen-vorbestellen\/#breadcrumb\"},\"inLanguage\":\"de\",\"potentialAction\":[{\"@type\":\"ReadAction\",\"target\":[\"https:\/\/weltlaeden.de\/bensheim\/missio-hilfwerk-pfarreienverbund-und-weltladen-laden-zu-kulinarischer-aktion-ein-kochboxen-vorbestellen\/\"]}]},{\"@type\":\"ImageObject\",\"inLanguage\":\"de\",\"@id\":\"https:\/\/weltlaeden.de\/bensheim\/missio-hilfwerk-pfarreienverbund-und-weltladen-laden-zu-kulinarischer-aktion-ein-kochboxen-vorbestellen\/#primaryimage\",\"url\":\"https:\/\/weltlaeden.de\/bensheim\/wp-content\/uploads\/sites\/105\/2021\/09\/welt_ld.jpg\",\"contentUrl\":\"https:\/\/weltlaeden.de\/bensheim\/wp-content\/uploads\/sites\/105\/2021\/09\/welt_ld.jpg\",\"width\":635,\"height\":905},{\"@type\":\"BreadcrumbList\",\"@id\":\"https:\/\/weltlaeden.de\/bensheim\/missio-hilfwerk-pfarreienverbund-und-weltladen-laden-zu-kulinarischer-aktion-ein-kochboxen-vorbestellen\/#breadcrumb\",\"itemListElement\":[{\"@type\":\"ListItem\",\"position\":1,\"name\":\"Startseite\",\"item\":\"https:\/\/weltlaeden.de\/bensheim\/\"},{\"@type\":\"ListItem\",\"position\":2,\"name\":\"MISSIO-HILFWERK:\u00a0Pfarreienverbund und Weltladen laden zu kulinarischer Aktion ein \/ Kochboxen vorbestellen\"}]},{\"@type\":\"WebSite\",\"@id\":\"https:\/\/weltlaeden.de\/bensheim\/#website\",\"url\":\"https:\/\/weltlaeden.de\/bensheim\/\",\"name\":\"Weltladen Bensheim - Sankt Georg\",\"description\":\"Faire Produkte und Handel\",\"potentialAction\":[{\"@type\":\"SearchAction\",\"target\":{\"@type\":\"EntryPoint\",\"urlTemplate\":\"https:\/\/weltlaeden.de\/bensheim\/?s={search_term_string}\"},\"query-input\":{\"@type\":\"PropertyValueSpecification\",\"valueRequired\":true,\"valueName\":\"search_term_string\"}}],\"inLanguage\":\"de\"},{\"@type\":\"Person\",\"@id\":\"https:\/\/weltlaeden.de\/bensheim\/#\/schema\/person\/9103edce11c0fbacaea656ebc13b21c2\",\"name\":\"bensheim\",\"image\":{\"@type\":\"ImageObject\",\"inLanguage\":\"de\",\"@id\":\"https:\/\/weltlaeden.de\/bensheim\/#\/schema\/person\/image\/\",\"url\":\"https:\/\/secure.gravatar.com\/avatar\/12395c7d949c31d7690fdd02af2bf163?s=96&d=mm&r=g\",\"contentUrl\":\"https:\/\/secure.gravatar.com\/avatar\/12395c7d949c31d7690fdd02af2bf163?s=96&d=mm&r=g\",\"caption\":\"bensheim\"}}]}<\/script>\n<!-- \/ Yoast SEO plugin. -->","yoast_head_json":{"title":"MISSIO-HILFWERK:\u00a0Pfarreienverbund und Weltladen laden zu kulinarischer Aktion ein \/ Kochboxen vorbestellen - Weltladen Bensheim - Sankt Georg","robots":{"index":"index","follow":"follow","max-snippet":"max-snippet:-1","max-image-preview":"max-image-preview:large","max-video-preview":"max-video-preview:-1"},"canonical":"https:\/\/weltlaeden.de\/bensheim\/missio-hilfwerk-pfarreienverbund-und-weltladen-laden-zu-kulinarischer-aktion-ein-kochboxen-vorbestellen\/","og_locale":"de_DE","og_type":"article","og_title":"MISSIO-HILFWERK:\u00a0Pfarreienverbund und Weltladen laden zu kulinarischer Aktion ein \/ Kochboxen vorbestellen - Weltladen Bensheim - Sankt Georg","og_description":"..Quelle: Bergstr\u00e4sser Anzeiger 17.09.2021\u00a0 http:\/\/www.morgenweb.de\/ALFA.mmm0000017184597 MISSIO-HILFWERK:\u00a0Pfarreienverbund und Weltladen laden zu kulinarischer Aktion ein \/ Kochboxen vorbestellen Ein Solidarit\u00e4tsessen f\u00fcr zu Hause Bensheim.\u00a0\u201eLasst uns nicht m\u00fcde werden, das Gute zu tun.\u201c Das Wort, das der Apostel Paulus einst an die Gemeinden in Galatien schrieb, ist das Leitwort der diesj\u00e4hrigen Missio-Aktion, der gr\u00f6\u00dften Solidarit\u00e4tsaktion der Katholiken weltweit.&hellip;","og_url":"https:\/\/weltlaeden.de\/bensheim\/missio-hilfwerk-pfarreienverbund-und-weltladen-laden-zu-kulinarischer-aktion-ein-kochboxen-vorbestellen\/","og_site_name":"Weltladen Bensheim - Sankt Georg","article_published_time":"2021-09-17T20:16:48+00:00","article_modified_time":"2021-09-17T20:19:47+00:00","og_image":[{"width":635,"height":905,"url":"https:\/\/weltlaeden.de\/bensheim\/wp-content\/uploads\/sites\/105\/2021\/09\/welt_ld.jpg","type":"image\/jpeg"}],"author":"bensheim","twitter_card":"summary_large_image","twitter_misc":{"Verfasst von":"bensheim","Gesch\u00e4tzte Lesezeit":"2\u00a0Minuten"},"schema":{"@context":"https:\/\/schema.org","@graph":[{"@type":"Article","@id":"https:\/\/weltlaeden.de\/bensheim\/missio-hilfwerk-pfarreienverbund-und-weltladen-laden-zu-kulinarischer-aktion-ein-kochboxen-vorbestellen\/#article","isPartOf":{"@id":"https:\/\/weltlaeden.de\/bensheim\/missio-hilfwerk-pfarreienverbund-und-weltladen-laden-zu-kulinarischer-aktion-ein-kochboxen-vorbestellen\/"},"author":{"name":"bensheim","@id":"https:\/\/weltlaeden.de\/bensheim\/#\/schema\/person\/9103edce11c0fbacaea656ebc13b21c2"},"headline":"MISSIO-HILFWERK:\u00a0Pfarreienverbund und Weltladen laden zu kulinarischer Aktion ein \/ Kochboxen vorbestellen","datePublished":"2021-09-17T20:16:48+00:00","dateModified":"2021-09-17T20:19:47+00:00","mainEntityOfPage":{"@id":"https:\/\/weltlaeden.de\/bensheim\/missio-hilfwerk-pfarreienverbund-und-weltladen-laden-zu-kulinarischer-aktion-ein-kochboxen-vorbestellen\/"},"wordCount":376,"image":{"@id":"https:\/\/weltlaeden.de\/bensheim\/missio-hilfwerk-pfarreienverbund-und-weltladen-laden-zu-kulinarischer-aktion-ein-kochboxen-vorbestellen\/#primaryimage"},"thumbnailUrl":"https:\/\/weltlaeden.de\/bensheim\/wp-content\/uploads\/sites\/105\/2021\/09\/welt_ld.jpg","articleSection":["Aktionen","Miserior"],"inLanguage":"de"},{"@type":"WebPage","@id":"https:\/\/weltlaeden.de\/bensheim\/missio-hilfwerk-pfarreienverbund-und-weltladen-laden-zu-kulinarischer-aktion-ein-kochboxen-vorbestellen\/","url":"https:\/\/weltlaeden.de\/bensheim\/missio-hilfwerk-pfarreienverbund-und-weltladen-laden-zu-kulinarischer-aktion-ein-kochboxen-vorbestellen\/","name":"MISSIO-HILFWERK:\u00a0Pfarreienverbund und Weltladen laden zu kulinarischer Aktion ein \/ Kochboxen vorbestellen - Weltladen Bensheim - Sankt Georg","isPartOf":{"@id":"https:\/\/weltlaeden.de\/bensheim\/#website"},"primaryImageOfPage":{"@id":"https:\/\/weltlaeden.de\/bensheim\/missio-hilfwerk-pfarreienverbund-und-weltladen-laden-zu-kulinarischer-aktion-ein-kochboxen-vorbestellen\/#primaryimage"},"image":{"@id":"https:\/\/weltlaeden.de\/bensheim\/missio-hilfwerk-pfarreienverbund-und-weltladen-laden-zu-kulinarischer-aktion-ein-kochboxen-vorbestellen\/#primaryimage"},"thumbnailUrl":"https:\/\/weltlaeden.de\/bensheim\/wp-content\/uploads\/sites\/105\/2021\/09\/welt_ld.jpg","datePublished":"2021-09-17T20:16:48+00:00","dateModified":"2021-09-17T20:19:47+00:00","author":{"@id":"https:\/\/weltlaeden.de\/bensheim\/#\/schema\/person\/9103edce11c0fbacaea656ebc13b21c2"},"breadcrumb":{"@id":"https:\/\/weltlaeden.de\/bensheim\/missio-hilfwerk-pfarreienverbund-und-weltladen-laden-zu-kulinarischer-aktion-ein-kochboxen-vorbestellen\/#breadcrumb"},"inLanguage":"de","potentialAction":[{"@type":"ReadAction","target":["https:\/\/weltlaeden.de\/bensheim\/missio-hilfwerk-pfarreienverbund-und-weltladen-laden-zu-kulinarischer-aktion-ein-kochboxen-vorbestellen\/"]}]},{"@type":"ImageObject","inLanguage":"de","@id":"https:\/\/weltlaeden.de\/bensheim\/missio-hilfwerk-pfarreienverbund-und-weltladen-laden-zu-kulinarischer-aktion-ein-kochboxen-vorbestellen\/#primaryimage","url":"https:\/\/weltlaeden.de\/bensheim\/wp-content\/uploads\/sites\/105\/2021\/09\/welt_ld.jpg","contentUrl":"https:\/\/weltlaeden.de\/bensheim\/wp-content\/uploads\/sites\/105\/2021\/09\/welt_ld.jpg","width":635,"height":905},{"@type":"BreadcrumbList","@id":"https:\/\/weltlaeden.de\/bensheim\/missio-hilfwerk-pfarreienverbund-und-weltladen-laden-zu-kulinarischer-aktion-ein-kochboxen-vorbestellen\/#breadcrumb","itemListElement":[{"@type":"ListItem","position":1,"name":"Startseite","item":"https:\/\/weltlaeden.de\/bensheim\/"},{"@type":"ListItem","position":2,"name":"MISSIO-HILFWERK:\u00a0Pfarreienverbund und Weltladen laden zu kulinarischer Aktion ein \/ Kochboxen vorbestellen"}]},{"@type":"WebSite","@id":"https:\/\/weltlaeden.de\/bensheim\/#website","url":"https:\/\/weltlaeden.de\/bensheim\/","name":"Weltladen Bensheim - Sankt Georg","description":"Faire Produkte und Handel","potentialAction":[{"@type":"SearchAction","target":{"@type":"EntryPoint","urlTemplate":"https:\/\/weltlaeden.de\/bensheim\/?s={search_term_string}"},"query-input":{"@type":"PropertyValueSpecification","valueRequired":true,"valueName":"search_term_string"}}],"inLanguage":"de"},{"@type":"Person","@id":"https:\/\/weltlaeden.de\/bensheim\/#\/schema\/person\/9103edce11c0fbacaea656ebc13b21c2","name":"bensheim","image":{"@type":"ImageObject","inLanguage":"de","@id":"https:\/\/weltlaeden.de\/bensheim\/#\/schema\/person\/image\/","url":"https:\/\/secure.gravatar.com\/avatar\/12395c7d949c31d7690fdd02af2bf163?s=96&d=mm&r=g","contentUrl":"https:\/\/secure.gravatar.com\/avatar\/12395c7d949c31d7690fdd02af2bf163?s=96&d=mm&r=g","caption":"bensheim"}}]}},"_links":{"self":[{"href":"https:\/\/weltlaeden.de\/bensheim\/wp-json\/wp\/v2\/posts\/963","targetHints":{"allow":["GET"]}}],"collection":[{"href":"https:\/\/weltlaeden.de\/bensheim\/wp-json\/wp\/v2\/posts"}],"about":[{"href":"https:\/\/weltlaeden.de\/bensheim\/wp-json\/wp\/v2\/types\/post"}],"author":[{"embeddable":true,"href":"https:\/\/weltlaeden.de\/bensheim\/wp-json\/wp\/v2\/users\/160"}],"replies":[{"embeddable":true,"href":"https:\/\/weltlaeden.de\/bensheim\/wp-json\/wp\/v2\/comments?post=963"}],"version-history":[{"count":3,"href":"https:\/\/weltlaeden.de\/bensheim\/wp-json\/wp\/v2\/posts\/963\/revisions"}],"predecessor-version":[{"id":968,"href":"https:\/\/weltlaeden.de\/bensheim\/wp-json\/wp\/v2\/posts\/963\/revisions\/968"}],"wp:featuredmedia":[{"embeddable":true,"href":"https:\/\/weltlaeden.de\/bensheim\/wp-json\/wp\/v2\/media\/965"}],"wp:attachment":[{"href":"https:\/\/weltlaeden.de\/bensheim\/wp-json\/wp\/v2\/media?parent=963"}],"wp:term":[{"taxonomy":"category","embeddable":true,"href":"https:\/\/weltlaeden.de\/bensheim\/wp-json\/wp\/v2\/categories?post=963"},{"taxonomy":"post_tag","embeddable":true,"href":"https:\/\/weltlaeden.de\/bensheim\/wp-json\/wp\/v2\/tags?post=963"}],"curies":[{"name":"wp","href":"https:\/\/api.w.org\/{rel}","templated":true}]}}