{"id":705,"date":"2020-02-20T17:59:15","date_gmt":"2020-02-20T16:59:15","guid":{"rendered":"https:\/\/weltlaeden.de\/bensheim\/?p=705"},"modified":"2020-02-20T17:59:15","modified_gmt":"2020-02-20T16:59:15","slug":"bensemer-bohne-folgt-bensemer-leggersche","status":"publish","type":"post","link":"https:\/\/weltlaeden.de\/bensheim\/bensemer-bohne-folgt-bensemer-leggersche\/","title":{"rendered":"Bensemer Bohne folgt Bensemer Leggersche"},"content":{"rendered":"<p>Im August vergangenen Jahres brachte die Zusammenarbeit der Steuerungsgruppe \u201eFairtrade-Stadt Bensheim\u201c, des Goethegymnasiums und des Bensheimer Weltladens St. Georg das \u201eBensemer Leggersche\u201c hervor, eine Schokolade aus fairem Handel mit Bensheim-typischem Motiv auf der Verpackung. Der Erfolg war gro\u00df deshalb folgt jetzt die \u201eBensemer Bohne\u201c, dieses Mal in Zusammenarbeit der Steuerungsgruppe, des Weltladens und der Stadt Bensheim.<\/p>\n<p>Es handelt sich um eine Biokaffeemischung, die es kleineren Produzenten in Peru, Honduras, Mexico und Nicaragua erm\u00f6glicht, ihren Kaffee zu den Bedingungen des fairen Handels abzusetzen. Damit erhalten\u00a0die Erzeugerinnen und Erzeuger f\u00fcr die Bensemer Bohne einen Preis, der \u00fcber dem Weltmarktpreis liegt und der ihnen eine existenzsichernde Lebensgrundlage erm\u00f6glicht. Zus\u00e4tzlich erhalten die Kooperativen einen Fair-Trade-Aufschlag, der f\u00fcr die\u00a0Beratung im Biokaffeeanbau, den Bau von Schulen und f\u00fcr Frauenf\u00f6rderprogramme verwendet wird.<\/p>\n<p><img loading=\"lazy\" decoding=\"async\" class=\"size-medium wp-image-707 alignright\" src=\"https:\/\/weltlaeden.de\/bensheim\/wp-content\/uploads\/sites\/105\/2020\/02\/bensheim3-300x239.jpg\" alt=\"\" width=\"300\" height=\"239\" srcset=\"https:\/\/weltlaeden.de\/bensheim\/wp-content\/uploads\/sites\/105\/2020\/02\/bensheim3-300x239.jpg 300w, https:\/\/weltlaeden.de\/bensheim\/wp-content\/uploads\/sites\/105\/2020\/02\/bensheim3-768x612.jpg 768w, https:\/\/weltlaeden.de\/bensheim\/wp-content\/uploads\/sites\/105\/2020\/02\/bensheim3-1024x817.jpg 1024w, https:\/\/weltlaeden.de\/bensheim\/wp-content\/uploads\/sites\/105\/2020\/02\/bensheim3.jpg 1200w\" sizes=\"auto, (max-width: 300px) 100vw, 300px\" \/>Die Verpackung ziert das Motiv der\u00a0<strong>Fraa vun Bensem<\/strong> nach dem Entwurf des Produktdesigners Dirk Seidlitz, das von der Stadt Bensheim bei zahlreichen Produkten des Stadtmarketings verwendet wird. Dass dieses Motiv jetzt auch ein Produkt aus fairem Handel schm\u00fcckt, ist f\u00fcr die Steuerungsgruppe \u201eFairtrade-Stadt Bensheim\u201c ein sch\u00f6nes Signal f\u00fcr das Engagement der Stadt.<\/p>\n<p>Erh\u00e4ltlich ist die Bensemer Bohne im Weltladen<\/p>\n<p><strong>Weltladen Bensheim<br \/>\nSankt Georg<\/strong><br \/>\nHauptstra\u00dfe 53<br \/>\n64625 Bensheim<\/p>\n<p><strong>\u00d6ffnungszeiten<\/strong><br \/>\nMo-Fr: 10-13 Uhr<br \/>\nMo-Fr: 14-18 Uhr<br \/>\nSa: 10-13 Uhr<\/p>\n<p>sowie bei Kr\u00e4mer reloaded (Hauptstrasse 27 \/ Bahnhofstrasse).<\/p>\n","protected":false},"excerpt":{"rendered":"<p>Im August vergangenen Jahres brachte die Zusammenarbeit der Steuerungsgruppe \u201eFairtrade-Stadt Bensheim\u201c, des Goethegymnasiums und des Bensheimer Weltladens St. Georg das \u201eBensemer Leggersche\u201c hervor, eine Schokolade aus fairem Handel mit Bensheim-typischem Motiv auf der Verpackung. Der Erfolg war gro\u00df deshalb folgt jetzt die \u201eBensemer Bohne\u201c, dieses Mal in Zusammenarbeit der Steuerungsgruppe, des Weltladens und der Stadt&hellip;<\/p>\n","protected":false},"author":160,"featured_media":706,"comment_status":"closed","ping_status":"closed","sticky":false,"template":"","format":"standard","meta":{"footnotes":""},"categories":[12,8],"tags":[],"class_list":["post-705","post","type-post","status-publish","format-standard","has-post-thumbnail","hentry","category-kaffee","category-neues","category-12","category-8","description-off"],"yoast_head":"<!-- This site is optimized with the Yoast SEO plugin v26.8 - https:\/\/yoast.com\/product\/yoast-seo-wordpress\/ -->\n<title>Bensemer Bohne folgt Bensemer Leggersche - Weltladen Bensheim - Sankt Georg<\/title>\n<meta name=\"robots\" content=\"index, follow, max-snippet:-1, max-image-preview:large, max-video-preview:-1\" \/>\n<link rel=\"canonical\" href=\"https:\/\/weltlaeden.de\/bensheim\/bensemer-bohne-folgt-bensemer-leggersche\/\" \/>\n<meta property=\"og:locale\" content=\"de_DE\" \/>\n<meta property=\"og:type\" content=\"article\" \/>\n<meta property=\"og:title\" content=\"Bensemer Bohne folgt Bensemer Leggersche - Weltladen Bensheim - Sankt Georg\" \/>\n<meta property=\"og:description\" content=\"Im August vergangenen Jahres brachte die Zusammenarbeit der Steuerungsgruppe \u201eFairtrade-Stadt Bensheim\u201c, des Goethegymnasiums und des Bensheimer Weltladens St. Georg das \u201eBensemer Leggersche\u201c hervor, eine Schokolade aus fairem Handel mit Bensheim-typischem Motiv auf der Verpackung. Der Erfolg war gro\u00df deshalb folgt jetzt die \u201eBensemer Bohne\u201c, dieses Mal in Zusammenarbeit der Steuerungsgruppe, des Weltladens und der Stadt&hellip;\" \/>\n<meta property=\"og:url\" content=\"https:\/\/weltlaeden.de\/bensheim\/bensemer-bohne-folgt-bensemer-leggersche\/\" \/>\n<meta property=\"og:site_name\" content=\"Weltladen Bensheim - Sankt Georg\" \/>\n<meta property=\"article:published_time\" content=\"2020-02-20T16:59:15+00:00\" \/>\n<meta property=\"og:image\" content=\"https:\/\/weltlaeden.de\/bensheim\/wp-content\/uploads\/sites\/105\/2020\/02\/bensheim2.jpg\" \/>\n\t<meta property=\"og:image:width\" content=\"1920\" \/>\n\t<meta property=\"og:image:height\" content=\"445\" \/>\n\t<meta property=\"og:image:type\" content=\"image\/jpeg\" \/>\n<meta name=\"author\" content=\"bensheim\" \/>\n<meta name=\"twitter:card\" content=\"summary_large_image\" \/>\n<meta name=\"twitter:label1\" content=\"Verfasst von\" \/>\n\t<meta name=\"twitter:data1\" content=\"bensheim\" \/>\n\t<meta name=\"twitter:label2\" content=\"Gesch\u00e4tzte Lesezeit\" \/>\n\t<meta name=\"twitter:data2\" content=\"1\u00a0Minute\" \/>\n<script type=\"application\/ld+json\" class=\"yoast-schema-graph\">{\"@context\":\"https:\/\/schema.org\",\"@graph\":[{\"@type\":\"Article\",\"@id\":\"https:\/\/weltlaeden.de\/bensheim\/bensemer-bohne-folgt-bensemer-leggersche\/#article\",\"isPartOf\":{\"@id\":\"https:\/\/weltlaeden.de\/bensheim\/bensemer-bohne-folgt-bensemer-leggersche\/\"},\"author\":{\"name\":\"bensheim\",\"@id\":\"https:\/\/weltlaeden.de\/bensheim\/#\/schema\/person\/9103edce11c0fbacaea656ebc13b21c2\"},\"headline\":\"Bensemer Bohne folgt Bensemer Leggersche\",\"datePublished\":\"2020-02-20T16:59:15+00:00\",\"mainEntityOfPage\":{\"@id\":\"https:\/\/weltlaeden.de\/bensheim\/bensemer-bohne-folgt-bensemer-leggersche\/\"},\"wordCount\":228,\"image\":{\"@id\":\"https:\/\/weltlaeden.de\/bensheim\/bensemer-bohne-folgt-bensemer-leggersche\/#primaryimage\"},\"thumbnailUrl\":\"https:\/\/weltlaeden.de\/bensheim\/wp-content\/uploads\/sites\/105\/2020\/02\/bensheim2.jpg\",\"articleSection\":[\"Kaffee\",\"Neuigkeiten\"],\"inLanguage\":\"de\"},{\"@type\":\"WebPage\",\"@id\":\"https:\/\/weltlaeden.de\/bensheim\/bensemer-bohne-folgt-bensemer-leggersche\/\",\"url\":\"https:\/\/weltlaeden.de\/bensheim\/bensemer-bohne-folgt-bensemer-leggersche\/\",\"name\":\"Bensemer Bohne folgt Bensemer Leggersche - Weltladen Bensheim - Sankt Georg\",\"isPartOf\":{\"@id\":\"https:\/\/weltlaeden.de\/bensheim\/#website\"},\"primaryImageOfPage\":{\"@id\":\"https:\/\/weltlaeden.de\/bensheim\/bensemer-bohne-folgt-bensemer-leggersche\/#primaryimage\"},\"image\":{\"@id\":\"https:\/\/weltlaeden.de\/bensheim\/bensemer-bohne-folgt-bensemer-leggersche\/#primaryimage\"},\"thumbnailUrl\":\"https:\/\/weltlaeden.de\/bensheim\/wp-content\/uploads\/sites\/105\/2020\/02\/bensheim2.jpg\",\"datePublished\":\"2020-02-20T16:59:15+00:00\",\"author\":{\"@id\":\"https:\/\/weltlaeden.de\/bensheim\/#\/schema\/person\/9103edce11c0fbacaea656ebc13b21c2\"},\"breadcrumb\":{\"@id\":\"https:\/\/weltlaeden.de\/bensheim\/bensemer-bohne-folgt-bensemer-leggersche\/#breadcrumb\"},\"inLanguage\":\"de\",\"potentialAction\":[{\"@type\":\"ReadAction\",\"target\":[\"https:\/\/weltlaeden.de\/bensheim\/bensemer-bohne-folgt-bensemer-leggersche\/\"]}]},{\"@type\":\"ImageObject\",\"inLanguage\":\"de\",\"@id\":\"https:\/\/weltlaeden.de\/bensheim\/bensemer-bohne-folgt-bensemer-leggersche\/#primaryimage\",\"url\":\"https:\/\/weltlaeden.de\/bensheim\/wp-content\/uploads\/sites\/105\/2020\/02\/bensheim2.jpg\",\"contentUrl\":\"https:\/\/weltlaeden.de\/bensheim\/wp-content\/uploads\/sites\/105\/2020\/02\/bensheim2.jpg\",\"width\":1920,\"height\":445},{\"@type\":\"BreadcrumbList\",\"@id\":\"https:\/\/weltlaeden.de\/bensheim\/bensemer-bohne-folgt-bensemer-leggersche\/#breadcrumb\",\"itemListElement\":[{\"@type\":\"ListItem\",\"position\":1,\"name\":\"Startseite\",\"item\":\"https:\/\/weltlaeden.de\/bensheim\/\"},{\"@type\":\"ListItem\",\"position\":2,\"name\":\"Bensemer Bohne folgt Bensemer Leggersche\"}]},{\"@type\":\"WebSite\",\"@id\":\"https:\/\/weltlaeden.de\/bensheim\/#website\",\"url\":\"https:\/\/weltlaeden.de\/bensheim\/\",\"name\":\"Weltladen Bensheim - Sankt Georg\",\"description\":\"Faire Produkte und Handel\",\"potentialAction\":[{\"@type\":\"SearchAction\",\"target\":{\"@type\":\"EntryPoint\",\"urlTemplate\":\"https:\/\/weltlaeden.de\/bensheim\/?s={search_term_string}\"},\"query-input\":{\"@type\":\"PropertyValueSpecification\",\"valueRequired\":true,\"valueName\":\"search_term_string\"}}],\"inLanguage\":\"de\"},{\"@type\":\"Person\",\"@id\":\"https:\/\/weltlaeden.de\/bensheim\/#\/schema\/person\/9103edce11c0fbacaea656ebc13b21c2\",\"name\":\"bensheim\",\"image\":{\"@type\":\"ImageObject\",\"inLanguage\":\"de\",\"@id\":\"https:\/\/weltlaeden.de\/bensheim\/#\/schema\/person\/image\/\",\"url\":\"https:\/\/secure.gravatar.com\/avatar\/12395c7d949c31d7690fdd02af2bf163?s=96&d=mm&r=g\",\"contentUrl\":\"https:\/\/secure.gravatar.com\/avatar\/12395c7d949c31d7690fdd02af2bf163?s=96&d=mm&r=g\",\"caption\":\"bensheim\"}}]}<\/script>\n<!-- \/ Yoast SEO plugin. -->","yoast_head_json":{"title":"Bensemer Bohne folgt Bensemer Leggersche - Weltladen Bensheim - Sankt Georg","robots":{"index":"index","follow":"follow","max-snippet":"max-snippet:-1","max-image-preview":"max-image-preview:large","max-video-preview":"max-video-preview:-1"},"canonical":"https:\/\/weltlaeden.de\/bensheim\/bensemer-bohne-folgt-bensemer-leggersche\/","og_locale":"de_DE","og_type":"article","og_title":"Bensemer Bohne folgt Bensemer Leggersche - Weltladen Bensheim - Sankt Georg","og_description":"Im August vergangenen Jahres brachte die Zusammenarbeit der Steuerungsgruppe \u201eFairtrade-Stadt Bensheim\u201c, des Goethegymnasiums und des Bensheimer Weltladens St. Georg das \u201eBensemer Leggersche\u201c hervor, eine Schokolade aus fairem Handel mit Bensheim-typischem Motiv auf der Verpackung. Der Erfolg war gro\u00df deshalb folgt jetzt die \u201eBensemer Bohne\u201c, dieses Mal in Zusammenarbeit der Steuerungsgruppe, des Weltladens und der Stadt&hellip;","og_url":"https:\/\/weltlaeden.de\/bensheim\/bensemer-bohne-folgt-bensemer-leggersche\/","og_site_name":"Weltladen Bensheim - Sankt Georg","article_published_time":"2020-02-20T16:59:15+00:00","og_image":[{"width":1920,"height":445,"url":"https:\/\/weltlaeden.de\/bensheim\/wp-content\/uploads\/sites\/105\/2020\/02\/bensheim2.jpg","type":"image\/jpeg"}],"author":"bensheim","twitter_card":"summary_large_image","twitter_misc":{"Verfasst von":"bensheim","Gesch\u00e4tzte Lesezeit":"1\u00a0Minute"},"schema":{"@context":"https:\/\/schema.org","@graph":[{"@type":"Article","@id":"https:\/\/weltlaeden.de\/bensheim\/bensemer-bohne-folgt-bensemer-leggersche\/#article","isPartOf":{"@id":"https:\/\/weltlaeden.de\/bensheim\/bensemer-bohne-folgt-bensemer-leggersche\/"},"author":{"name":"bensheim","@id":"https:\/\/weltlaeden.de\/bensheim\/#\/schema\/person\/9103edce11c0fbacaea656ebc13b21c2"},"headline":"Bensemer Bohne folgt Bensemer Leggersche","datePublished":"2020-02-20T16:59:15+00:00","mainEntityOfPage":{"@id":"https:\/\/weltlaeden.de\/bensheim\/bensemer-bohne-folgt-bensemer-leggersche\/"},"wordCount":228,"image":{"@id":"https:\/\/weltlaeden.de\/bensheim\/bensemer-bohne-folgt-bensemer-leggersche\/#primaryimage"},"thumbnailUrl":"https:\/\/weltlaeden.de\/bensheim\/wp-content\/uploads\/sites\/105\/2020\/02\/bensheim2.jpg","articleSection":["Kaffee","Neuigkeiten"],"inLanguage":"de"},{"@type":"WebPage","@id":"https:\/\/weltlaeden.de\/bensheim\/bensemer-bohne-folgt-bensemer-leggersche\/","url":"https:\/\/weltlaeden.de\/bensheim\/bensemer-bohne-folgt-bensemer-leggersche\/","name":"Bensemer Bohne folgt Bensemer Leggersche - Weltladen Bensheim - Sankt Georg","isPartOf":{"@id":"https:\/\/weltlaeden.de\/bensheim\/#website"},"primaryImageOfPage":{"@id":"https:\/\/weltlaeden.de\/bensheim\/bensemer-bohne-folgt-bensemer-leggersche\/#primaryimage"},"image":{"@id":"https:\/\/weltlaeden.de\/bensheim\/bensemer-bohne-folgt-bensemer-leggersche\/#primaryimage"},"thumbnailUrl":"https:\/\/weltlaeden.de\/bensheim\/wp-content\/uploads\/sites\/105\/2020\/02\/bensheim2.jpg","datePublished":"2020-02-20T16:59:15+00:00","author":{"@id":"https:\/\/weltlaeden.de\/bensheim\/#\/schema\/person\/9103edce11c0fbacaea656ebc13b21c2"},"breadcrumb":{"@id":"https:\/\/weltlaeden.de\/bensheim\/bensemer-bohne-folgt-bensemer-leggersche\/#breadcrumb"},"inLanguage":"de","potentialAction":[{"@type":"ReadAction","target":["https:\/\/weltlaeden.de\/bensheim\/bensemer-bohne-folgt-bensemer-leggersche\/"]}]},{"@type":"ImageObject","inLanguage":"de","@id":"https:\/\/weltlaeden.de\/bensheim\/bensemer-bohne-folgt-bensemer-leggersche\/#primaryimage","url":"https:\/\/weltlaeden.de\/bensheim\/wp-content\/uploads\/sites\/105\/2020\/02\/bensheim2.jpg","contentUrl":"https:\/\/weltlaeden.de\/bensheim\/wp-content\/uploads\/sites\/105\/2020\/02\/bensheim2.jpg","width":1920,"height":445},{"@type":"BreadcrumbList","@id":"https:\/\/weltlaeden.de\/bensheim\/bensemer-bohne-folgt-bensemer-leggersche\/#breadcrumb","itemListElement":[{"@type":"ListItem","position":1,"name":"Startseite","item":"https:\/\/weltlaeden.de\/bensheim\/"},{"@type":"ListItem","position":2,"name":"Bensemer Bohne folgt Bensemer Leggersche"}]},{"@type":"WebSite","@id":"https:\/\/weltlaeden.de\/bensheim\/#website","url":"https:\/\/weltlaeden.de\/bensheim\/","name":"Weltladen Bensheim - Sankt Georg","description":"Faire Produkte und Handel","potentialAction":[{"@type":"SearchAction","target":{"@type":"EntryPoint","urlTemplate":"https:\/\/weltlaeden.de\/bensheim\/?s={search_term_string}"},"query-input":{"@type":"PropertyValueSpecification","valueRequired":true,"valueName":"search_term_string"}}],"inLanguage":"de"},{"@type":"Person","@id":"https:\/\/weltlaeden.de\/bensheim\/#\/schema\/person\/9103edce11c0fbacaea656ebc13b21c2","name":"bensheim","image":{"@type":"ImageObject","inLanguage":"de","@id":"https:\/\/weltlaeden.de\/bensheim\/#\/schema\/person\/image\/","url":"https:\/\/secure.gravatar.com\/avatar\/12395c7d949c31d7690fdd02af2bf163?s=96&d=mm&r=g","contentUrl":"https:\/\/secure.gravatar.com\/avatar\/12395c7d949c31d7690fdd02af2bf163?s=96&d=mm&r=g","caption":"bensheim"}}]}},"_links":{"self":[{"href":"https:\/\/weltlaeden.de\/bensheim\/wp-json\/wp\/v2\/posts\/705","targetHints":{"allow":["GET"]}}],"collection":[{"href":"https:\/\/weltlaeden.de\/bensheim\/wp-json\/wp\/v2\/posts"}],"about":[{"href":"https:\/\/weltlaeden.de\/bensheim\/wp-json\/wp\/v2\/types\/post"}],"author":[{"embeddable":true,"href":"https:\/\/weltlaeden.de\/bensheim\/wp-json\/wp\/v2\/users\/160"}],"replies":[{"embeddable":true,"href":"https:\/\/weltlaeden.de\/bensheim\/wp-json\/wp\/v2\/comments?post=705"}],"version-history":[{"count":1,"href":"https:\/\/weltlaeden.de\/bensheim\/wp-json\/wp\/v2\/posts\/705\/revisions"}],"predecessor-version":[{"id":708,"href":"https:\/\/weltlaeden.de\/bensheim\/wp-json\/wp\/v2\/posts\/705\/revisions\/708"}],"wp:featuredmedia":[{"embeddable":true,"href":"https:\/\/weltlaeden.de\/bensheim\/wp-json\/wp\/v2\/media\/706"}],"wp:attachment":[{"href":"https:\/\/weltlaeden.de\/bensheim\/wp-json\/wp\/v2\/media?parent=705"}],"wp:term":[{"taxonomy":"category","embeddable":true,"href":"https:\/\/weltlaeden.de\/bensheim\/wp-json\/wp\/v2\/categories?post=705"},{"taxonomy":"post_tag","embeddable":true,"href":"https:\/\/weltlaeden.de\/bensheim\/wp-json\/wp\/v2\/tags?post=705"}],"curies":[{"name":"wp","href":"https:\/\/api.w.org\/{rel}","templated":true}]}}