{"id":1757,"date":"2026-04-15T10:43:56","date_gmt":"2026-04-15T08:43:56","guid":{"rendered":"https:\/\/weltlaeden.de\/bensheim\/?p=1757"},"modified":"2026-04-15T10:43:56","modified_gmt":"2026-04-15T08:43:56","slug":"koerbe-fuer-jeden-anlass","status":"publish","type":"post","link":"https:\/\/weltlaeden.de\/bensheim\/koerbe-fuer-jeden-anlass\/","title":{"rendered":"K\u00f6rbe f\u00fcr jeden Anlass"},"content":{"rendered":"<div class=\"wpb-content-wrapper\"><p>[vc_row][vc_column][vc_column_text css=&#8220;&#8220;]Entdecken Sie bei uns eine vielf\u00e4ltige Auswahl an K\u00f6rben in unterschiedlichen Farben, Formen und Gr\u00f6\u00dfen.<br \/>\nOb f\u00fcr den Alltag oder als stilvolles Wohnaccessoire \u2013 unsere K\u00f6rbe sind vielseitig einsetzbar:<\/p>\n<p>Aufbewahrungsk\u00f6rbe, Brotk\u00f6rbe, Papierk\u00f6rbe, W\u00e4schek\u00f6rbe oder Einkaufsk\u00f6rbe \u2013<br \/>\nf\u00fcr jeden Zweck finden Sie bei uns das passende St\u00fcck.<\/p>\n<p>Sie haben besondere W\u00fcnsche?<br \/>\nWir bestellen gerne individuell f\u00fcr Sie.<\/p>\n<p><strong>Besuchen Sie uns im Weltladen und lassen Sie sich pers\u00f6nlich beraten!<\/strong><\/p>\n\n\t\t\t<style type='text\/css'>\n\t\t\t\t#gallery-1 {\n\t\t\t\t\tmargin: auto;\n\t\t\t\t}\n\t\t\t\t#gallery-1 .gallery-item {\n\t\t\t\t\tfloat: left;\n\t\t\t\t\tmargin-top: 10px;\n\t\t\t\t\ttext-align: center;\n\t\t\t\t\twidth: 33%;\n\t\t\t\t}\n\t\t\t\t#gallery-1 img {\n\t\t\t\t\tborder: 2px solid #cfcfcf;\n\t\t\t\t}\n\t\t\t\t#gallery-1 .gallery-caption {\n\t\t\t\t\tmargin-left: 0;\n\t\t\t\t}\n\t\t\t\t\/* see gallery_shortcode() in wp-includes\/media.php *\/\n\t\t\t<\/style>\n\t\t<div id='gallery-1' class='dt-gallery-container gallery galleryid-1757 gallery-columns-3 gallery-size-medium'><dl class='gallery-item'>\n\t\t\t\t<dt class='gallery-icon portrait'>\n\t\t\t\t\t<a class=\"rollover rollover-zoom dt-pswp-item\" title=\"korb3\" data-dt-img-description=\"\" data-large_image_width=\"1105\" data-large_image_height=\"1657\"href='https:\/\/weltlaeden.de\/bensheim\/wp-content\/uploads\/sites\/105\/2026\/04\/korb3.png'><img loading=\"lazy\" decoding=\"async\" width=\"200\" height=\"300\" src=\"https:\/\/weltlaeden.de\/bensheim\/wp-content\/uploads\/sites\/105\/2026\/04\/korb3-200x300.png\" class=\"attachment-medium size-medium\" alt=\"\" srcset=\"https:\/\/weltlaeden.de\/bensheim\/wp-content\/uploads\/sites\/105\/2026\/04\/korb3-200x300.png 200w, https:\/\/weltlaeden.de\/bensheim\/wp-content\/uploads\/sites\/105\/2026\/04\/korb3-683x1024.png 683w, https:\/\/weltlaeden.de\/bensheim\/wp-content\/uploads\/sites\/105\/2026\/04\/korb3-768x1152.png 768w, https:\/\/weltlaeden.de\/bensheim\/wp-content\/uploads\/sites\/105\/2026\/04\/korb3-1024x1536.png 1024w, https:\/\/weltlaeden.de\/bensheim\/wp-content\/uploads\/sites\/105\/2026\/04\/korb3.png 1105w\" sizes=\"auto, (max-width: 200px) 100vw, 200px\" \/><\/a>\n\t\t\t\t<\/dt><\/dl><dl class='gallery-item'>\n\t\t\t\t<dt class='gallery-icon portrait'>\n\t\t\t\t\t<a class=\"rollover rollover-zoom dt-pswp-item\" title=\"korb2\" data-dt-img-description=\"\" data-large_image_width=\"942\" data-large_image_height=\"1938\"href='https:\/\/weltlaeden.de\/bensheim\/wp-content\/uploads\/sites\/105\/2026\/04\/korb2.jpg'><img loading=\"lazy\" decoding=\"async\" width=\"146\" height=\"300\" src=\"https:\/\/weltlaeden.de\/bensheim\/wp-content\/uploads\/sites\/105\/2026\/04\/korb2-146x300.jpg\" class=\"attachment-medium size-medium\" alt=\"\" srcset=\"https:\/\/weltlaeden.de\/bensheim\/wp-content\/uploads\/sites\/105\/2026\/04\/korb2-146x300.jpg 146w, https:\/\/weltlaeden.de\/bensheim\/wp-content\/uploads\/sites\/105\/2026\/04\/korb2-498x1024.jpg 498w, https:\/\/weltlaeden.de\/bensheim\/wp-content\/uploads\/sites\/105\/2026\/04\/korb2-768x1580.jpg 768w, https:\/\/weltlaeden.de\/bensheim\/wp-content\/uploads\/sites\/105\/2026\/04\/korb2-747x1536.jpg 747w, https:\/\/weltlaeden.de\/bensheim\/wp-content\/uploads\/sites\/105\/2026\/04\/korb2.jpg 942w\" sizes=\"auto, (max-width: 146px) 100vw, 146px\" \/><\/a>\n\t\t\t\t<\/dt><\/dl><dl class='gallery-item'>\n\t\t\t\t<dt class='gallery-icon portrait'>\n\t\t\t\t\t<a class=\"rollover rollover-zoom dt-pswp-item\" title=\"korb1\" data-dt-img-description=\"\" data-large_image_width=\"1165\" data-large_image_height=\"2202\"href='https:\/\/weltlaeden.de\/bensheim\/wp-content\/uploads\/sites\/105\/2026\/04\/korb1.jpg'><img loading=\"lazy\" decoding=\"async\" width=\"159\" height=\"300\" src=\"https:\/\/weltlaeden.de\/bensheim\/wp-content\/uploads\/sites\/105\/2026\/04\/korb1-159x300.jpg\" class=\"attachment-medium size-medium\" alt=\"\" srcset=\"https:\/\/weltlaeden.de\/bensheim\/wp-content\/uploads\/sites\/105\/2026\/04\/korb1-159x300.jpg 159w, https:\/\/weltlaeden.de\/bensheim\/wp-content\/uploads\/sites\/105\/2026\/04\/korb1-542x1024.jpg 542w, https:\/\/weltlaeden.de\/bensheim\/wp-content\/uploads\/sites\/105\/2026\/04\/korb1-768x1452.jpg 768w, https:\/\/weltlaeden.de\/bensheim\/wp-content\/uploads\/sites\/105\/2026\/04\/korb1-813x1536.jpg 813w, https:\/\/weltlaeden.de\/bensheim\/wp-content\/uploads\/sites\/105\/2026\/04\/korb1-1084x2048.jpg 1084w, https:\/\/weltlaeden.de\/bensheim\/wp-content\/uploads\/sites\/105\/2026\/04\/korb1.jpg 1165w\" sizes=\"auto, (max-width: 159px) 100vw, 159px\" \/><\/a>\n\t\t\t\t<\/dt><\/dl><br style=\"clear: both\" \/><dl class='gallery-item'>\n\t\t\t\t<dt class='gallery-icon landscape'>\n\t\t\t\t\t<a class=\"rollover rollover-zoom dt-pswp-item\" title=\"korb5\" data-dt-img-description=\"\" data-large_image_width=\"1194\" data-large_image_height=\"796\"href='https:\/\/weltlaeden.de\/bensheim\/wp-content\/uploads\/sites\/105\/2026\/04\/korb5.png'><img loading=\"lazy\" decoding=\"async\" width=\"300\" height=\"200\" src=\"https:\/\/weltlaeden.de\/bensheim\/wp-content\/uploads\/sites\/105\/2026\/04\/korb5-300x200.png\" class=\"attachment-medium size-medium\" alt=\"\" srcset=\"https:\/\/weltlaeden.de\/bensheim\/wp-content\/uploads\/sites\/105\/2026\/04\/korb5-300x200.png 300w, https:\/\/weltlaeden.de\/bensheim\/wp-content\/uploads\/sites\/105\/2026\/04\/korb5-1024x683.png 1024w, https:\/\/weltlaeden.de\/bensheim\/wp-content\/uploads\/sites\/105\/2026\/04\/korb5-768x512.png 768w, https:\/\/weltlaeden.de\/bensheim\/wp-content\/uploads\/sites\/105\/2026\/04\/korb5.png 1194w\" sizes=\"auto, (max-width: 300px) 100vw, 300px\" \/><\/a>\n\t\t\t\t<\/dt><\/dl><dl class='gallery-item'>\n\t\t\t\t<dt class='gallery-icon portrait'>\n\t\t\t\t\t<a class=\"rollover rollover-zoom dt-pswp-item\" title=\"korb4\" data-dt-img-description=\"\" data-large_image_width=\"1270\" data-large_image_height=\"1360\"href='https:\/\/weltlaeden.de\/bensheim\/wp-content\/uploads\/sites\/105\/2026\/04\/korb4.png'><img loading=\"lazy\" decoding=\"async\" width=\"280\" height=\"300\" src=\"https:\/\/weltlaeden.de\/bensheim\/wp-content\/uploads\/sites\/105\/2026\/04\/korb4-280x300.png\" class=\"attachment-medium size-medium\" alt=\"\" srcset=\"https:\/\/weltlaeden.de\/bensheim\/wp-content\/uploads\/sites\/105\/2026\/04\/korb4-280x300.png 280w, https:\/\/weltlaeden.de\/bensheim\/wp-content\/uploads\/sites\/105\/2026\/04\/korb4-956x1024.png 956w, https:\/\/weltlaeden.de\/bensheim\/wp-content\/uploads\/sites\/105\/2026\/04\/korb4-768x822.png 768w, https:\/\/weltlaeden.de\/bensheim\/wp-content\/uploads\/sites\/105\/2026\/04\/korb4.png 1270w\" sizes=\"auto, (max-width: 280px) 100vw, 280px\" \/><\/a>\n\t\t\t\t<\/dt><\/dl>\n\t\t\t\t<br style='clear: both' \/>\n\t\t\t<\/div>\n\n<p>[\/vc_column_text][\/vc_column][\/vc_row]<\/p>\n<\/div>","protected":false},"excerpt":{"rendered":"<p>[vc_row][vc_column][vc_column_text css=&#8220;&#8220;]Entdecken Sie bei uns eine vielf\u00e4ltige Auswahl an K\u00f6rben in unterschiedlichen Farben, Formen und Gr\u00f6\u00dfen. Ob f\u00fcr den Alltag oder als stilvolles Wohnaccessoire \u2013 unsere K\u00f6rbe sind vielseitig einsetzbar: Aufbewahrungsk\u00f6rbe, Brotk\u00f6rbe, Papierk\u00f6rbe, W\u00e4schek\u00f6rbe oder Einkaufsk\u00f6rbe \u2013 f\u00fcr jeden Zweck finden Sie bei uns das passende St\u00fcck. Sie haben besondere W\u00fcnsche? Wir bestellen gerne individuell&hellip;<\/p>\n","protected":false},"author":160,"featured_media":1748,"comment_status":"closed","ping_status":"closed","sticky":false,"template":"","format":"standard","meta":{"footnotes":""},"categories":[22,8],"tags":[],"class_list":["post-1757","post","type-post","status-publish","format-standard","has-post-thumbnail","hentry","category-homepage","category-neues","category-22","category-8","description-off"],"yoast_head":"<!-- This site is optimized with the Yoast SEO plugin v26.8 - https:\/\/yoast.com\/product\/yoast-seo-wordpress\/ -->\n<title>K\u00f6rbe f\u00fcr jeden Anlass - Weltladen Bensheim - Sankt Georg<\/title>\n<meta name=\"robots\" content=\"index, follow, max-snippet:-1, max-image-preview:large, max-video-preview:-1\" \/>\n<link rel=\"canonical\" href=\"https:\/\/weltlaeden.de\/bensheim\/koerbe-fuer-jeden-anlass\/\" \/>\n<meta property=\"og:locale\" content=\"de_DE\" \/>\n<meta property=\"og:type\" content=\"article\" \/>\n<meta property=\"og:title\" content=\"K\u00f6rbe f\u00fcr jeden Anlass - Weltladen Bensheim - Sankt Georg\" \/>\n<meta property=\"og:description\" content=\"[vc_row][vc_column][vc_column_text css=&#8220;&#8220;]Entdecken Sie bei uns eine vielf\u00e4ltige Auswahl an K\u00f6rben in unterschiedlichen Farben, Formen und Gr\u00f6\u00dfen. Ob f\u00fcr den Alltag oder als stilvolles Wohnaccessoire \u2013 unsere K\u00f6rbe sind vielseitig einsetzbar: Aufbewahrungsk\u00f6rbe, Brotk\u00f6rbe, Papierk\u00f6rbe, W\u00e4schek\u00f6rbe oder Einkaufsk\u00f6rbe \u2013 f\u00fcr jeden Zweck finden Sie bei uns das passende St\u00fcck. Sie haben besondere W\u00fcnsche? Wir bestellen gerne individuell&hellip;\" \/>\n<meta property=\"og:url\" content=\"https:\/\/weltlaeden.de\/bensheim\/koerbe-fuer-jeden-anlass\/\" \/>\n<meta property=\"og:site_name\" content=\"Weltladen Bensheim - Sankt Georg\" \/>\n<meta property=\"article:published_time\" content=\"2026-04-15T08:43:56+00:00\" \/>\n<meta property=\"og:image\" content=\"https:\/\/weltlaeden.de\/bensheim\/wp-content\/uploads\/sites\/105\/2026\/04\/korb4.png\" \/>\n\t<meta property=\"og:image:width\" content=\"1270\" \/>\n\t<meta property=\"og:image:height\" content=\"1360\" \/>\n\t<meta property=\"og:image:type\" content=\"image\/png\" \/>\n<meta name=\"author\" content=\"bensheim\" \/>\n<meta name=\"twitter:card\" content=\"summary_large_image\" \/>\n<meta name=\"twitter:label1\" content=\"Verfasst von\" \/>\n\t<meta name=\"twitter:data1\" content=\"bensheim\" \/>\n\t<meta name=\"twitter:label2\" content=\"Gesch\u00e4tzte Lesezeit\" \/>\n\t<meta name=\"twitter:data2\" content=\"1\u00a0Minute\" \/>\n<script type=\"application\/ld+json\" class=\"yoast-schema-graph\">{\"@context\":\"https:\/\/schema.org\",\"@graph\":[{\"@type\":\"Article\",\"@id\":\"https:\/\/weltlaeden.de\/bensheim\/koerbe-fuer-jeden-anlass\/#article\",\"isPartOf\":{\"@id\":\"https:\/\/weltlaeden.de\/bensheim\/koerbe-fuer-jeden-anlass\/\"},\"author\":{\"name\":\"bensheim\",\"@id\":\"https:\/\/weltlaeden.de\/bensheim\/#\/schema\/person\/9103edce11c0fbacaea656ebc13b21c2\"},\"headline\":\"K\u00f6rbe f\u00fcr jeden Anlass\",\"datePublished\":\"2026-04-15T08:43:56+00:00\",\"mainEntityOfPage\":{\"@id\":\"https:\/\/weltlaeden.de\/bensheim\/koerbe-fuer-jeden-anlass\/\"},\"wordCount\":108,\"image\":{\"@id\":\"https:\/\/weltlaeden.de\/bensheim\/koerbe-fuer-jeden-anlass\/#primaryimage\"},\"thumbnailUrl\":\"https:\/\/weltlaeden.de\/bensheim\/wp-content\/uploads\/sites\/105\/2026\/04\/korb4.png\",\"articleSection\":[\"Homepage\",\"Neuigkeiten\"],\"inLanguage\":\"de\"},{\"@type\":\"WebPage\",\"@id\":\"https:\/\/weltlaeden.de\/bensheim\/koerbe-fuer-jeden-anlass\/\",\"url\":\"https:\/\/weltlaeden.de\/bensheim\/koerbe-fuer-jeden-anlass\/\",\"name\":\"K\u00f6rbe f\u00fcr jeden Anlass - Weltladen Bensheim - Sankt Georg\",\"isPartOf\":{\"@id\":\"https:\/\/weltlaeden.de\/bensheim\/#website\"},\"primaryImageOfPage\":{\"@id\":\"https:\/\/weltlaeden.de\/bensheim\/koerbe-fuer-jeden-anlass\/#primaryimage\"},\"image\":{\"@id\":\"https:\/\/weltlaeden.de\/bensheim\/koerbe-fuer-jeden-anlass\/#primaryimage\"},\"thumbnailUrl\":\"https:\/\/weltlaeden.de\/bensheim\/wp-content\/uploads\/sites\/105\/2026\/04\/korb4.png\",\"datePublished\":\"2026-04-15T08:43:56+00:00\",\"author\":{\"@id\":\"https:\/\/weltlaeden.de\/bensheim\/#\/schema\/person\/9103edce11c0fbacaea656ebc13b21c2\"},\"breadcrumb\":{\"@id\":\"https:\/\/weltlaeden.de\/bensheim\/koerbe-fuer-jeden-anlass\/#breadcrumb\"},\"inLanguage\":\"de\",\"potentialAction\":[{\"@type\":\"ReadAction\",\"target\":[\"https:\/\/weltlaeden.de\/bensheim\/koerbe-fuer-jeden-anlass\/\"]}]},{\"@type\":\"ImageObject\",\"inLanguage\":\"de\",\"@id\":\"https:\/\/weltlaeden.de\/bensheim\/koerbe-fuer-jeden-anlass\/#primaryimage\",\"url\":\"https:\/\/weltlaeden.de\/bensheim\/wp-content\/uploads\/sites\/105\/2026\/04\/korb4.png\",\"contentUrl\":\"https:\/\/weltlaeden.de\/bensheim\/wp-content\/uploads\/sites\/105\/2026\/04\/korb4.png\",\"width\":1270,\"height\":1360},{\"@type\":\"BreadcrumbList\",\"@id\":\"https:\/\/weltlaeden.de\/bensheim\/koerbe-fuer-jeden-anlass\/#breadcrumb\",\"itemListElement\":[{\"@type\":\"ListItem\",\"position\":1,\"name\":\"Startseite\",\"item\":\"https:\/\/weltlaeden.de\/bensheim\/\"},{\"@type\":\"ListItem\",\"position\":2,\"name\":\"K\u00f6rbe f\u00fcr jeden Anlass\"}]},{\"@type\":\"WebSite\",\"@id\":\"https:\/\/weltlaeden.de\/bensheim\/#website\",\"url\":\"https:\/\/weltlaeden.de\/bensheim\/\",\"name\":\"Weltladen Bensheim - Sankt Georg\",\"description\":\"Faire Produkte und Handel\",\"potentialAction\":[{\"@type\":\"SearchAction\",\"target\":{\"@type\":\"EntryPoint\",\"urlTemplate\":\"https:\/\/weltlaeden.de\/bensheim\/?s={search_term_string}\"},\"query-input\":{\"@type\":\"PropertyValueSpecification\",\"valueRequired\":true,\"valueName\":\"search_term_string\"}}],\"inLanguage\":\"de\"},{\"@type\":\"Person\",\"@id\":\"https:\/\/weltlaeden.de\/bensheim\/#\/schema\/person\/9103edce11c0fbacaea656ebc13b21c2\",\"name\":\"bensheim\",\"image\":{\"@type\":\"ImageObject\",\"inLanguage\":\"de\",\"@id\":\"https:\/\/weltlaeden.de\/bensheim\/#\/schema\/person\/image\/\",\"url\":\"https:\/\/secure.gravatar.com\/avatar\/12395c7d949c31d7690fdd02af2bf163?s=96&d=mm&r=g\",\"contentUrl\":\"https:\/\/secure.gravatar.com\/avatar\/12395c7d949c31d7690fdd02af2bf163?s=96&d=mm&r=g\",\"caption\":\"bensheim\"}}]}<\/script>\n<!-- \/ Yoast SEO plugin. -->","yoast_head_json":{"title":"K\u00f6rbe f\u00fcr jeden Anlass - Weltladen Bensheim - Sankt Georg","robots":{"index":"index","follow":"follow","max-snippet":"max-snippet:-1","max-image-preview":"max-image-preview:large","max-video-preview":"max-video-preview:-1"},"canonical":"https:\/\/weltlaeden.de\/bensheim\/koerbe-fuer-jeden-anlass\/","og_locale":"de_DE","og_type":"article","og_title":"K\u00f6rbe f\u00fcr jeden Anlass - Weltladen Bensheim - Sankt Georg","og_description":"[vc_row][vc_column][vc_column_text css=&#8220;&#8220;]Entdecken Sie bei uns eine vielf\u00e4ltige Auswahl an K\u00f6rben in unterschiedlichen Farben, Formen und Gr\u00f6\u00dfen. Ob f\u00fcr den Alltag oder als stilvolles Wohnaccessoire \u2013 unsere K\u00f6rbe sind vielseitig einsetzbar: Aufbewahrungsk\u00f6rbe, Brotk\u00f6rbe, Papierk\u00f6rbe, W\u00e4schek\u00f6rbe oder Einkaufsk\u00f6rbe \u2013 f\u00fcr jeden Zweck finden Sie bei uns das passende St\u00fcck. Sie haben besondere W\u00fcnsche? Wir bestellen gerne individuell&hellip;","og_url":"https:\/\/weltlaeden.de\/bensheim\/koerbe-fuer-jeden-anlass\/","og_site_name":"Weltladen Bensheim - Sankt Georg","article_published_time":"2026-04-15T08:43:56+00:00","og_image":[{"width":1270,"height":1360,"url":"https:\/\/weltlaeden.de\/bensheim\/wp-content\/uploads\/sites\/105\/2026\/04\/korb4.png","type":"image\/png"}],"author":"bensheim","twitter_card":"summary_large_image","twitter_misc":{"Verfasst von":"bensheim","Gesch\u00e4tzte Lesezeit":"1\u00a0Minute"},"schema":{"@context":"https:\/\/schema.org","@graph":[{"@type":"Article","@id":"https:\/\/weltlaeden.de\/bensheim\/koerbe-fuer-jeden-anlass\/#article","isPartOf":{"@id":"https:\/\/weltlaeden.de\/bensheim\/koerbe-fuer-jeden-anlass\/"},"author":{"name":"bensheim","@id":"https:\/\/weltlaeden.de\/bensheim\/#\/schema\/person\/9103edce11c0fbacaea656ebc13b21c2"},"headline":"K\u00f6rbe f\u00fcr jeden Anlass","datePublished":"2026-04-15T08:43:56+00:00","mainEntityOfPage":{"@id":"https:\/\/weltlaeden.de\/bensheim\/koerbe-fuer-jeden-anlass\/"},"wordCount":108,"image":{"@id":"https:\/\/weltlaeden.de\/bensheim\/koerbe-fuer-jeden-anlass\/#primaryimage"},"thumbnailUrl":"https:\/\/weltlaeden.de\/bensheim\/wp-content\/uploads\/sites\/105\/2026\/04\/korb4.png","articleSection":["Homepage","Neuigkeiten"],"inLanguage":"de"},{"@type":"WebPage","@id":"https:\/\/weltlaeden.de\/bensheim\/koerbe-fuer-jeden-anlass\/","url":"https:\/\/weltlaeden.de\/bensheim\/koerbe-fuer-jeden-anlass\/","name":"K\u00f6rbe f\u00fcr jeden Anlass - Weltladen Bensheim - Sankt Georg","isPartOf":{"@id":"https:\/\/weltlaeden.de\/bensheim\/#website"},"primaryImageOfPage":{"@id":"https:\/\/weltlaeden.de\/bensheim\/koerbe-fuer-jeden-anlass\/#primaryimage"},"image":{"@id":"https:\/\/weltlaeden.de\/bensheim\/koerbe-fuer-jeden-anlass\/#primaryimage"},"thumbnailUrl":"https:\/\/weltlaeden.de\/bensheim\/wp-content\/uploads\/sites\/105\/2026\/04\/korb4.png","datePublished":"2026-04-15T08:43:56+00:00","author":{"@id":"https:\/\/weltlaeden.de\/bensheim\/#\/schema\/person\/9103edce11c0fbacaea656ebc13b21c2"},"breadcrumb":{"@id":"https:\/\/weltlaeden.de\/bensheim\/koerbe-fuer-jeden-anlass\/#breadcrumb"},"inLanguage":"de","potentialAction":[{"@type":"ReadAction","target":["https:\/\/weltlaeden.de\/bensheim\/koerbe-fuer-jeden-anlass\/"]}]},{"@type":"ImageObject","inLanguage":"de","@id":"https:\/\/weltlaeden.de\/bensheim\/koerbe-fuer-jeden-anlass\/#primaryimage","url":"https:\/\/weltlaeden.de\/bensheim\/wp-content\/uploads\/sites\/105\/2026\/04\/korb4.png","contentUrl":"https:\/\/weltlaeden.de\/bensheim\/wp-content\/uploads\/sites\/105\/2026\/04\/korb4.png","width":1270,"height":1360},{"@type":"BreadcrumbList","@id":"https:\/\/weltlaeden.de\/bensheim\/koerbe-fuer-jeden-anlass\/#breadcrumb","itemListElement":[{"@type":"ListItem","position":1,"name":"Startseite","item":"https:\/\/weltlaeden.de\/bensheim\/"},{"@type":"ListItem","position":2,"name":"K\u00f6rbe f\u00fcr jeden Anlass"}]},{"@type":"WebSite","@id":"https:\/\/weltlaeden.de\/bensheim\/#website","url":"https:\/\/weltlaeden.de\/bensheim\/","name":"Weltladen Bensheim - Sankt Georg","description":"Faire Produkte und Handel","potentialAction":[{"@type":"SearchAction","target":{"@type":"EntryPoint","urlTemplate":"https:\/\/weltlaeden.de\/bensheim\/?s={search_term_string}"},"query-input":{"@type":"PropertyValueSpecification","valueRequired":true,"valueName":"search_term_string"}}],"inLanguage":"de"},{"@type":"Person","@id":"https:\/\/weltlaeden.de\/bensheim\/#\/schema\/person\/9103edce11c0fbacaea656ebc13b21c2","name":"bensheim","image":{"@type":"ImageObject","inLanguage":"de","@id":"https:\/\/weltlaeden.de\/bensheim\/#\/schema\/person\/image\/","url":"https:\/\/secure.gravatar.com\/avatar\/12395c7d949c31d7690fdd02af2bf163?s=96&d=mm&r=g","contentUrl":"https:\/\/secure.gravatar.com\/avatar\/12395c7d949c31d7690fdd02af2bf163?s=96&d=mm&r=g","caption":"bensheim"}}]}},"_links":{"self":[{"href":"https:\/\/weltlaeden.de\/bensheim\/wp-json\/wp\/v2\/posts\/1757","targetHints":{"allow":["GET"]}}],"collection":[{"href":"https:\/\/weltlaeden.de\/bensheim\/wp-json\/wp\/v2\/posts"}],"about":[{"href":"https:\/\/weltlaeden.de\/bensheim\/wp-json\/wp\/v2\/types\/post"}],"author":[{"embeddable":true,"href":"https:\/\/weltlaeden.de\/bensheim\/wp-json\/wp\/v2\/users\/160"}],"replies":[{"embeddable":true,"href":"https:\/\/weltlaeden.de\/bensheim\/wp-json\/wp\/v2\/comments?post=1757"}],"version-history":[{"count":1,"href":"https:\/\/weltlaeden.de\/bensheim\/wp-json\/wp\/v2\/posts\/1757\/revisions"}],"predecessor-version":[{"id":1758,"href":"https:\/\/weltlaeden.de\/bensheim\/wp-json\/wp\/v2\/posts\/1757\/revisions\/1758"}],"wp:featuredmedia":[{"embeddable":true,"href":"https:\/\/weltlaeden.de\/bensheim\/wp-json\/wp\/v2\/media\/1748"}],"wp:attachment":[{"href":"https:\/\/weltlaeden.de\/bensheim\/wp-json\/wp\/v2\/media?parent=1757"}],"wp:term":[{"taxonomy":"category","embeddable":true,"href":"https:\/\/weltlaeden.de\/bensheim\/wp-json\/wp\/v2\/categories?post=1757"},{"taxonomy":"post_tag","embeddable":true,"href":"https:\/\/weltlaeden.de\/bensheim\/wp-json\/wp\/v2\/tags?post=1757"}],"curies":[{"name":"wp","href":"https:\/\/api.w.org\/{rel}","templated":true}]}}