{"id":1752,"date":"2026-04-15T10:38:02","date_gmt":"2026-04-15T08:38:02","guid":{"rendered":"https:\/\/weltlaeden.de\/bensheim\/?p=1752"},"modified":"2026-04-15T10:41:17","modified_gmt":"2026-04-15T08:41:17","slug":"sommerzeit-ist-haengemattenzeit","status":"publish","type":"post","link":"https:\/\/weltlaeden.de\/bensheim\/sommerzeit-ist-haengemattenzeit\/","title":{"rendered":"Sommerzeit ist H\u00e4ngemattenzeit"},"content":{"rendered":"<div class=\"wpb-content-wrapper\"><p>[vc_row][vc_column][vc_column_text css=&#8220;&#8220;]Wenn die Tage l\u00e4nger und w\u00e4rmer werden, w\u00e4chst die Sehnsucht nach Ruhe und Entspannung.<br \/>\nMit einer H\u00e4ngematte oder einem H\u00e4ngesitz aus dem Weltladen holen Sie sich Ihr pers\u00f6nliches Wohlf\u00fchlpl\u00e4tzchen nach Hause.<\/p>\n<p>Ob f\u00fcr den Garten, den Balkon oder das Wohnzimmer \u2013 bei uns finden Sie Modelle in verschiedenen Gr\u00f6\u00dfen, Formen und Farben, fair gehandelt und hochwertig verarbeitet.<\/p>\n<p>Sie haben eine bestimmte Vorstellung?<br \/>\nWir bestellen gerne Ihr Wunschmodell f\u00fcr Sie.<\/p>\n<p><strong>Kommen Sie vorbei und lassen Sie sich pers\u00f6nlich beraten \u2013 wir freuen uns auf Sie!<\/strong><\/p>\n\n\t\t\t<style type='text\/css'>\n\t\t\t\t#gallery-1 {\n\t\t\t\t\tmargin: auto;\n\t\t\t\t}\n\t\t\t\t#gallery-1 .gallery-item {\n\t\t\t\t\tfloat: left;\n\t\t\t\t\tmargin-top: 10px;\n\t\t\t\t\ttext-align: center;\n\t\t\t\t\twidth: 50%;\n\t\t\t\t}\n\t\t\t\t#gallery-1 img {\n\t\t\t\t\tborder: 2px solid #cfcfcf;\n\t\t\t\t}\n\t\t\t\t#gallery-1 .gallery-caption {\n\t\t\t\t\tmargin-left: 0;\n\t\t\t\t}\n\t\t\t\t\/* see gallery_shortcode() in wp-includes\/media.php *\/\n\t\t\t<\/style>\n\t\t<div id='gallery-1' class='dt-gallery-container gallery galleryid-1752 gallery-columns-2 gallery-size-large'><dl class='gallery-item'>\n\t\t\t\t<dt class='gallery-icon landscape'>\n\t\t\t\t\t<a class=\"rollover rollover-zoom dt-pswp-item\" title=\"hang4\" data-dt-img-description=\"\" data-large_image_width=\"1327\" data-large_image_height=\"1327\"href='https:\/\/weltlaeden.de\/bensheim\/wp-content\/uploads\/sites\/105\/2026\/04\/hang4.png'><img loading=\"lazy\" decoding=\"async\" width=\"1024\" height=\"1024\" src=\"https:\/\/weltlaeden.de\/bensheim\/wp-content\/uploads\/sites\/105\/2026\/04\/hang4-1024x1024.png\" class=\"attachment-large size-large\" alt=\"\" srcset=\"https:\/\/weltlaeden.de\/bensheim\/wp-content\/uploads\/sites\/105\/2026\/04\/hang4-1024x1024.png 1024w, https:\/\/weltlaeden.de\/bensheim\/wp-content\/uploads\/sites\/105\/2026\/04\/hang4-300x300.png 300w, https:\/\/weltlaeden.de\/bensheim\/wp-content\/uploads\/sites\/105\/2026\/04\/hang4-150x150.png 150w, https:\/\/weltlaeden.de\/bensheim\/wp-content\/uploads\/sites\/105\/2026\/04\/hang4-768x768.png 768w, https:\/\/weltlaeden.de\/bensheim\/wp-content\/uploads\/sites\/105\/2026\/04\/hang4.png 1327w\" sizes=\"auto, (max-width: 1024px) 100vw, 1024px\" \/><\/a>\n\t\t\t\t<\/dt><\/dl><dl class='gallery-item'>\n\t\t\t\t<dt class='gallery-icon landscape'>\n\t\t\t\t\t<a class=\"rollover rollover-zoom dt-pswp-item\" title=\"haeng3\" data-dt-img-description=\"\" data-large_image_width=\"964\" data-large_image_height=\"964\"href='https:\/\/weltlaeden.de\/bensheim\/wp-content\/uploads\/sites\/105\/2026\/04\/haeng3.png'><img loading=\"lazy\" decoding=\"async\" width=\"964\" height=\"964\" src=\"https:\/\/weltlaeden.de\/bensheim\/wp-content\/uploads\/sites\/105\/2026\/04\/haeng3.png\" class=\"attachment-large size-large\" alt=\"\" srcset=\"https:\/\/weltlaeden.de\/bensheim\/wp-content\/uploads\/sites\/105\/2026\/04\/haeng3.png 964w, https:\/\/weltlaeden.de\/bensheim\/wp-content\/uploads\/sites\/105\/2026\/04\/haeng3-300x300.png 300w, https:\/\/weltlaeden.de\/bensheim\/wp-content\/uploads\/sites\/105\/2026\/04\/haeng3-150x150.png 150w, https:\/\/weltlaeden.de\/bensheim\/wp-content\/uploads\/sites\/105\/2026\/04\/haeng3-768x768.png 768w\" sizes=\"auto, (max-width: 964px) 100vw, 964px\" \/><\/a>\n\t\t\t\t<\/dt><\/dl><br style=\"clear: both\" \/><dl class='gallery-item'>\n\t\t\t\t<dt class='gallery-icon landscape'>\n\t\t\t\t\t<a class=\"rollover rollover-zoom dt-pswp-item\" title=\"haeng2\" data-dt-img-description=\"\" data-large_image_width=\"934\" data-large_image_height=\"934\"href='https:\/\/weltlaeden.de\/bensheim\/wp-content\/uploads\/sites\/105\/2026\/04\/haeng2.png'><img loading=\"lazy\" decoding=\"async\" width=\"934\" height=\"934\" src=\"https:\/\/weltlaeden.de\/bensheim\/wp-content\/uploads\/sites\/105\/2026\/04\/haeng2.png\" class=\"attachment-large size-large\" alt=\"\" srcset=\"https:\/\/weltlaeden.de\/bensheim\/wp-content\/uploads\/sites\/105\/2026\/04\/haeng2.png 934w, https:\/\/weltlaeden.de\/bensheim\/wp-content\/uploads\/sites\/105\/2026\/04\/haeng2-300x300.png 300w, https:\/\/weltlaeden.de\/bensheim\/wp-content\/uploads\/sites\/105\/2026\/04\/haeng2-150x150.png 150w, https:\/\/weltlaeden.de\/bensheim\/wp-content\/uploads\/sites\/105\/2026\/04\/haeng2-768x768.png 768w\" sizes=\"auto, (max-width: 934px) 100vw, 934px\" \/><\/a>\n\t\t\t\t<\/dt><\/dl><dl class='gallery-item'>\n\t\t\t\t<dt class='gallery-icon landscape'>\n\t\t\t\t\t<a class=\"rollover rollover-zoom dt-pswp-item\" title=\"haeng1\" data-dt-img-description=\"\" data-large_image_width=\"906\" data-large_image_height=\"906\"href='https:\/\/weltlaeden.de\/bensheim\/wp-content\/uploads\/sites\/105\/2026\/04\/haeng1.png'><img loading=\"lazy\" decoding=\"async\" width=\"906\" height=\"906\" src=\"https:\/\/weltlaeden.de\/bensheim\/wp-content\/uploads\/sites\/105\/2026\/04\/haeng1.png\" class=\"attachment-large size-large\" alt=\"\" srcset=\"https:\/\/weltlaeden.de\/bensheim\/wp-content\/uploads\/sites\/105\/2026\/04\/haeng1.png 906w, https:\/\/weltlaeden.de\/bensheim\/wp-content\/uploads\/sites\/105\/2026\/04\/haeng1-300x300.png 300w, https:\/\/weltlaeden.de\/bensheim\/wp-content\/uploads\/sites\/105\/2026\/04\/haeng1-150x150.png 150w, https:\/\/weltlaeden.de\/bensheim\/wp-content\/uploads\/sites\/105\/2026\/04\/haeng1-768x768.png 768w\" sizes=\"auto, (max-width: 906px) 100vw, 906px\" \/><\/a>\n\t\t\t\t<\/dt><\/dl><br style=\"clear: both\" \/>\n\t\t\t<\/div>\n\n<p>[\/vc_column_text][\/vc_column][\/vc_row]<\/p>\n<\/div>","protected":false},"excerpt":{"rendered":"<p>[vc_row][vc_column][vc_column_text css=&#8220;&#8220;]Wenn die Tage l\u00e4nger und w\u00e4rmer werden, w\u00e4chst die Sehnsucht nach Ruhe und Entspannung. Mit einer H\u00e4ngematte oder einem H\u00e4ngesitz aus dem Weltladen holen Sie sich Ihr pers\u00f6nliches Wohlf\u00fchlpl\u00e4tzchen nach Hause. Ob f\u00fcr den Garten, den Balkon oder das Wohnzimmer \u2013 bei uns finden Sie Modelle in verschiedenen Gr\u00f6\u00dfen, Formen und Farben, fair gehandelt&hellip;<\/p>\n","protected":false},"author":160,"featured_media":1742,"comment_status":"closed","ping_status":"closed","sticky":false,"template":"","format":"standard","meta":{"footnotes":""},"categories":[22,8],"tags":[],"class_list":["post-1752","post","type-post","status-publish","format-standard","has-post-thumbnail","hentry","category-homepage","category-neues","category-22","category-8","description-off"],"yoast_head":"<!-- This site is optimized with the Yoast SEO plugin v26.8 - https:\/\/yoast.com\/product\/yoast-seo-wordpress\/ -->\n<title>Sommerzeit ist H\u00e4ngemattenzeit - Weltladen Bensheim - Sankt Georg<\/title>\n<meta name=\"robots\" content=\"index, follow, max-snippet:-1, max-image-preview:large, max-video-preview:-1\" \/>\n<link rel=\"canonical\" href=\"https:\/\/weltlaeden.de\/bensheim\/sommerzeit-ist-haengemattenzeit\/\" \/>\n<meta property=\"og:locale\" content=\"de_DE\" \/>\n<meta property=\"og:type\" content=\"article\" \/>\n<meta property=\"og:title\" content=\"Sommerzeit ist H\u00e4ngemattenzeit - Weltladen Bensheim - Sankt Georg\" \/>\n<meta property=\"og:description\" content=\"[vc_row][vc_column][vc_column_text css=&#8220;&#8220;]Wenn die Tage l\u00e4nger und w\u00e4rmer werden, w\u00e4chst die Sehnsucht nach Ruhe und Entspannung. Mit einer H\u00e4ngematte oder einem H\u00e4ngesitz aus dem Weltladen holen Sie sich Ihr pers\u00f6nliches Wohlf\u00fchlpl\u00e4tzchen nach Hause. Ob f\u00fcr den Garten, den Balkon oder das Wohnzimmer \u2013 bei uns finden Sie Modelle in verschiedenen Gr\u00f6\u00dfen, Formen und Farben, fair gehandelt&hellip;\" \/>\n<meta property=\"og:url\" content=\"https:\/\/weltlaeden.de\/bensheim\/sommerzeit-ist-haengemattenzeit\/\" \/>\n<meta property=\"og:site_name\" content=\"Weltladen Bensheim - Sankt Georg\" \/>\n<meta property=\"article:published_time\" content=\"2026-04-15T08:38:02+00:00\" \/>\n<meta property=\"article:modified_time\" content=\"2026-04-15T08:41:17+00:00\" \/>\n<meta property=\"og:image\" content=\"https:\/\/weltlaeden.de\/bensheim\/wp-content\/uploads\/sites\/105\/2026\/04\/hang4-768x768.png\" \/>\n\t<meta property=\"og:image:width\" content=\"768\" \/>\n\t<meta property=\"og:image:height\" content=\"768\" \/>\n\t<meta property=\"og:image:type\" content=\"image\/png\" \/>\n<meta name=\"author\" content=\"bensheim\" \/>\n<meta name=\"twitter:card\" content=\"summary_large_image\" \/>\n<meta name=\"twitter:label1\" content=\"Verfasst von\" \/>\n\t<meta name=\"twitter:data1\" content=\"bensheim\" \/>\n\t<meta name=\"twitter:label2\" content=\"Gesch\u00e4tzte Lesezeit\" \/>\n\t<meta name=\"twitter:data2\" content=\"1\u00a0Minute\" \/>\n<script type=\"application\/ld+json\" class=\"yoast-schema-graph\">{\"@context\":\"https:\/\/schema.org\",\"@graph\":[{\"@type\":\"Article\",\"@id\":\"https:\/\/weltlaeden.de\/bensheim\/sommerzeit-ist-haengemattenzeit\/#article\",\"isPartOf\":{\"@id\":\"https:\/\/weltlaeden.de\/bensheim\/sommerzeit-ist-haengemattenzeit\/\"},\"author\":{\"name\":\"bensheim\",\"@id\":\"https:\/\/weltlaeden.de\/bensheim\/#\/schema\/person\/9103edce11c0fbacaea656ebc13b21c2\"},\"headline\":\"Sommerzeit ist H\u00e4ngemattenzeit\",\"datePublished\":\"2026-04-15T08:38:02+00:00\",\"dateModified\":\"2026-04-15T08:41:17+00:00\",\"mainEntityOfPage\":{\"@id\":\"https:\/\/weltlaeden.de\/bensheim\/sommerzeit-ist-haengemattenzeit\/\"},\"wordCount\":120,\"image\":{\"@id\":\"https:\/\/weltlaeden.de\/bensheim\/sommerzeit-ist-haengemattenzeit\/#primaryimage\"},\"thumbnailUrl\":\"https:\/\/weltlaeden.de\/bensheim\/wp-content\/uploads\/sites\/105\/2026\/04\/hang4.png\",\"articleSection\":[\"Homepage\",\"Neuigkeiten\"],\"inLanguage\":\"de\"},{\"@type\":\"WebPage\",\"@id\":\"https:\/\/weltlaeden.de\/bensheim\/sommerzeit-ist-haengemattenzeit\/\",\"url\":\"https:\/\/weltlaeden.de\/bensheim\/sommerzeit-ist-haengemattenzeit\/\",\"name\":\"Sommerzeit ist H\u00e4ngemattenzeit - Weltladen Bensheim - Sankt Georg\",\"isPartOf\":{\"@id\":\"https:\/\/weltlaeden.de\/bensheim\/#website\"},\"primaryImageOfPage\":{\"@id\":\"https:\/\/weltlaeden.de\/bensheim\/sommerzeit-ist-haengemattenzeit\/#primaryimage\"},\"image\":{\"@id\":\"https:\/\/weltlaeden.de\/bensheim\/sommerzeit-ist-haengemattenzeit\/#primaryimage\"},\"thumbnailUrl\":\"https:\/\/weltlaeden.de\/bensheim\/wp-content\/uploads\/sites\/105\/2026\/04\/hang4.png\",\"datePublished\":\"2026-04-15T08:38:02+00:00\",\"dateModified\":\"2026-04-15T08:41:17+00:00\",\"author\":{\"@id\":\"https:\/\/weltlaeden.de\/bensheim\/#\/schema\/person\/9103edce11c0fbacaea656ebc13b21c2\"},\"breadcrumb\":{\"@id\":\"https:\/\/weltlaeden.de\/bensheim\/sommerzeit-ist-haengemattenzeit\/#breadcrumb\"},\"inLanguage\":\"de\",\"potentialAction\":[{\"@type\":\"ReadAction\",\"target\":[\"https:\/\/weltlaeden.de\/bensheim\/sommerzeit-ist-haengemattenzeit\/\"]}]},{\"@type\":\"ImageObject\",\"inLanguage\":\"de\",\"@id\":\"https:\/\/weltlaeden.de\/bensheim\/sommerzeit-ist-haengemattenzeit\/#primaryimage\",\"url\":\"https:\/\/weltlaeden.de\/bensheim\/wp-content\/uploads\/sites\/105\/2026\/04\/hang4.png\",\"contentUrl\":\"https:\/\/weltlaeden.de\/bensheim\/wp-content\/uploads\/sites\/105\/2026\/04\/hang4.png\",\"width\":1327,\"height\":1327},{\"@type\":\"BreadcrumbList\",\"@id\":\"https:\/\/weltlaeden.de\/bensheim\/sommerzeit-ist-haengemattenzeit\/#breadcrumb\",\"itemListElement\":[{\"@type\":\"ListItem\",\"position\":1,\"name\":\"Startseite\",\"item\":\"https:\/\/weltlaeden.de\/bensheim\/\"},{\"@type\":\"ListItem\",\"position\":2,\"name\":\"Sommerzeit ist H\u00e4ngemattenzeit\"}]},{\"@type\":\"WebSite\",\"@id\":\"https:\/\/weltlaeden.de\/bensheim\/#website\",\"url\":\"https:\/\/weltlaeden.de\/bensheim\/\",\"name\":\"Weltladen Bensheim - Sankt Georg\",\"description\":\"Faire Produkte und Handel\",\"potentialAction\":[{\"@type\":\"SearchAction\",\"target\":{\"@type\":\"EntryPoint\",\"urlTemplate\":\"https:\/\/weltlaeden.de\/bensheim\/?s={search_term_string}\"},\"query-input\":{\"@type\":\"PropertyValueSpecification\",\"valueRequired\":true,\"valueName\":\"search_term_string\"}}],\"inLanguage\":\"de\"},{\"@type\":\"Person\",\"@id\":\"https:\/\/weltlaeden.de\/bensheim\/#\/schema\/person\/9103edce11c0fbacaea656ebc13b21c2\",\"name\":\"bensheim\",\"image\":{\"@type\":\"ImageObject\",\"inLanguage\":\"de\",\"@id\":\"https:\/\/weltlaeden.de\/bensheim\/#\/schema\/person\/image\/\",\"url\":\"https:\/\/secure.gravatar.com\/avatar\/12395c7d949c31d7690fdd02af2bf163?s=96&d=mm&r=g\",\"contentUrl\":\"https:\/\/secure.gravatar.com\/avatar\/12395c7d949c31d7690fdd02af2bf163?s=96&d=mm&r=g\",\"caption\":\"bensheim\"}}]}<\/script>\n<!-- \/ Yoast SEO plugin. -->","yoast_head_json":{"title":"Sommerzeit ist H\u00e4ngemattenzeit - Weltladen Bensheim - Sankt Georg","robots":{"index":"index","follow":"follow","max-snippet":"max-snippet:-1","max-image-preview":"max-image-preview:large","max-video-preview":"max-video-preview:-1"},"canonical":"https:\/\/weltlaeden.de\/bensheim\/sommerzeit-ist-haengemattenzeit\/","og_locale":"de_DE","og_type":"article","og_title":"Sommerzeit ist H\u00e4ngemattenzeit - Weltladen Bensheim - Sankt Georg","og_description":"[vc_row][vc_column][vc_column_text css=&#8220;&#8220;]Wenn die Tage l\u00e4nger und w\u00e4rmer werden, w\u00e4chst die Sehnsucht nach Ruhe und Entspannung. Mit einer H\u00e4ngematte oder einem H\u00e4ngesitz aus dem Weltladen holen Sie sich Ihr pers\u00f6nliches Wohlf\u00fchlpl\u00e4tzchen nach Hause. Ob f\u00fcr den Garten, den Balkon oder das Wohnzimmer \u2013 bei uns finden Sie Modelle in verschiedenen Gr\u00f6\u00dfen, Formen und Farben, fair gehandelt&hellip;","og_url":"https:\/\/weltlaeden.de\/bensheim\/sommerzeit-ist-haengemattenzeit\/","og_site_name":"Weltladen Bensheim - Sankt Georg","article_published_time":"2026-04-15T08:38:02+00:00","article_modified_time":"2026-04-15T08:41:17+00:00","og_image":[{"width":768,"height":768,"url":"https:\/\/weltlaeden.de\/bensheim\/wp-content\/uploads\/sites\/105\/2026\/04\/hang4-768x768.png","type":"image\/png"}],"author":"bensheim","twitter_card":"summary_large_image","twitter_misc":{"Verfasst von":"bensheim","Gesch\u00e4tzte Lesezeit":"1\u00a0Minute"},"schema":{"@context":"https:\/\/schema.org","@graph":[{"@type":"Article","@id":"https:\/\/weltlaeden.de\/bensheim\/sommerzeit-ist-haengemattenzeit\/#article","isPartOf":{"@id":"https:\/\/weltlaeden.de\/bensheim\/sommerzeit-ist-haengemattenzeit\/"},"author":{"name":"bensheim","@id":"https:\/\/weltlaeden.de\/bensheim\/#\/schema\/person\/9103edce11c0fbacaea656ebc13b21c2"},"headline":"Sommerzeit ist H\u00e4ngemattenzeit","datePublished":"2026-04-15T08:38:02+00:00","dateModified":"2026-04-15T08:41:17+00:00","mainEntityOfPage":{"@id":"https:\/\/weltlaeden.de\/bensheim\/sommerzeit-ist-haengemattenzeit\/"},"wordCount":120,"image":{"@id":"https:\/\/weltlaeden.de\/bensheim\/sommerzeit-ist-haengemattenzeit\/#primaryimage"},"thumbnailUrl":"https:\/\/weltlaeden.de\/bensheim\/wp-content\/uploads\/sites\/105\/2026\/04\/hang4.png","articleSection":["Homepage","Neuigkeiten"],"inLanguage":"de"},{"@type":"WebPage","@id":"https:\/\/weltlaeden.de\/bensheim\/sommerzeit-ist-haengemattenzeit\/","url":"https:\/\/weltlaeden.de\/bensheim\/sommerzeit-ist-haengemattenzeit\/","name":"Sommerzeit ist H\u00e4ngemattenzeit - Weltladen Bensheim - Sankt Georg","isPartOf":{"@id":"https:\/\/weltlaeden.de\/bensheim\/#website"},"primaryImageOfPage":{"@id":"https:\/\/weltlaeden.de\/bensheim\/sommerzeit-ist-haengemattenzeit\/#primaryimage"},"image":{"@id":"https:\/\/weltlaeden.de\/bensheim\/sommerzeit-ist-haengemattenzeit\/#primaryimage"},"thumbnailUrl":"https:\/\/weltlaeden.de\/bensheim\/wp-content\/uploads\/sites\/105\/2026\/04\/hang4.png","datePublished":"2026-04-15T08:38:02+00:00","dateModified":"2026-04-15T08:41:17+00:00","author":{"@id":"https:\/\/weltlaeden.de\/bensheim\/#\/schema\/person\/9103edce11c0fbacaea656ebc13b21c2"},"breadcrumb":{"@id":"https:\/\/weltlaeden.de\/bensheim\/sommerzeit-ist-haengemattenzeit\/#breadcrumb"},"inLanguage":"de","potentialAction":[{"@type":"ReadAction","target":["https:\/\/weltlaeden.de\/bensheim\/sommerzeit-ist-haengemattenzeit\/"]}]},{"@type":"ImageObject","inLanguage":"de","@id":"https:\/\/weltlaeden.de\/bensheim\/sommerzeit-ist-haengemattenzeit\/#primaryimage","url":"https:\/\/weltlaeden.de\/bensheim\/wp-content\/uploads\/sites\/105\/2026\/04\/hang4.png","contentUrl":"https:\/\/weltlaeden.de\/bensheim\/wp-content\/uploads\/sites\/105\/2026\/04\/hang4.png","width":1327,"height":1327},{"@type":"BreadcrumbList","@id":"https:\/\/weltlaeden.de\/bensheim\/sommerzeit-ist-haengemattenzeit\/#breadcrumb","itemListElement":[{"@type":"ListItem","position":1,"name":"Startseite","item":"https:\/\/weltlaeden.de\/bensheim\/"},{"@type":"ListItem","position":2,"name":"Sommerzeit ist H\u00e4ngemattenzeit"}]},{"@type":"WebSite","@id":"https:\/\/weltlaeden.de\/bensheim\/#website","url":"https:\/\/weltlaeden.de\/bensheim\/","name":"Weltladen Bensheim - Sankt Georg","description":"Faire Produkte und Handel","potentialAction":[{"@type":"SearchAction","target":{"@type":"EntryPoint","urlTemplate":"https:\/\/weltlaeden.de\/bensheim\/?s={search_term_string}"},"query-input":{"@type":"PropertyValueSpecification","valueRequired":true,"valueName":"search_term_string"}}],"inLanguage":"de"},{"@type":"Person","@id":"https:\/\/weltlaeden.de\/bensheim\/#\/schema\/person\/9103edce11c0fbacaea656ebc13b21c2","name":"bensheim","image":{"@type":"ImageObject","inLanguage":"de","@id":"https:\/\/weltlaeden.de\/bensheim\/#\/schema\/person\/image\/","url":"https:\/\/secure.gravatar.com\/avatar\/12395c7d949c31d7690fdd02af2bf163?s=96&d=mm&r=g","contentUrl":"https:\/\/secure.gravatar.com\/avatar\/12395c7d949c31d7690fdd02af2bf163?s=96&d=mm&r=g","caption":"bensheim"}}]}},"_links":{"self":[{"href":"https:\/\/weltlaeden.de\/bensheim\/wp-json\/wp\/v2\/posts\/1752","targetHints":{"allow":["GET"]}}],"collection":[{"href":"https:\/\/weltlaeden.de\/bensheim\/wp-json\/wp\/v2\/posts"}],"about":[{"href":"https:\/\/weltlaeden.de\/bensheim\/wp-json\/wp\/v2\/types\/post"}],"author":[{"embeddable":true,"href":"https:\/\/weltlaeden.de\/bensheim\/wp-json\/wp\/v2\/users\/160"}],"replies":[{"embeddable":true,"href":"https:\/\/weltlaeden.de\/bensheim\/wp-json\/wp\/v2\/comments?post=1752"}],"version-history":[{"count":4,"href":"https:\/\/weltlaeden.de\/bensheim\/wp-json\/wp\/v2\/posts\/1752\/revisions"}],"predecessor-version":[{"id":1756,"href":"https:\/\/weltlaeden.de\/bensheim\/wp-json\/wp\/v2\/posts\/1752\/revisions\/1756"}],"wp:featuredmedia":[{"embeddable":true,"href":"https:\/\/weltlaeden.de\/bensheim\/wp-json\/wp\/v2\/media\/1742"}],"wp:attachment":[{"href":"https:\/\/weltlaeden.de\/bensheim\/wp-json\/wp\/v2\/media?parent=1752"}],"wp:term":[{"taxonomy":"category","embeddable":true,"href":"https:\/\/weltlaeden.de\/bensheim\/wp-json\/wp\/v2\/categories?post=1752"},{"taxonomy":"post_tag","embeddable":true,"href":"https:\/\/weltlaeden.de\/bensheim\/wp-json\/wp\/v2\/tags?post=1752"}],"curies":[{"name":"wp","href":"https:\/\/api.w.org\/{rel}","templated":true}]}}