{"id":1735,"date":"2026-03-04T20:43:47","date_gmt":"2026-03-04T19:43:47","guid":{"rendered":"https:\/\/weltlaeden.de\/bensheim\/?p=1735"},"modified":"2026-04-15T10:35:15","modified_gmt":"2026-04-15T08:35:15","slug":"faire-osterprodukte","status":"publish","type":"post","link":"https:\/\/weltlaeden.de\/bensheim\/faire-osterprodukte\/","title":{"rendered":"Faire Osterprodukte"},"content":{"rendered":"<div class=\"wpb-content-wrapper\"><p>[vc_row][vc_column][vc_column_text css=&#8220;&#8220;]Auch dieses Jahr hat sich der Weltladen gut eingedeckt mit fairen Osterprodukten. Nicht nur Schokohasen und Schokoeier, auch viele \u00f6sterlichen Dekoartikel sind dabei.<\/p>\n<p>Schokohasen f\u00fcr die Kinder geh\u00f6ren f\u00fcr viele zur Ostertradition dazu. Den fair gehandelten Bio-Kakao daf\u00fcr bezieht die GEPA vor allem von Genossenschaften in S\u00e3o Tom\u00e9 und der Dominikanischen Republik. Damit Kinder aus Kakaobauern-Familien auch in Zeiten niedriger Weltmarktpreise bessere Perspektiven haben, hat die GEPA mit ihrem Kakao-Plus-Preis einen eigenen Mindestpreis als Absicherung nach unten f\u00fcr ihren Bio-Kakao festgelegt<\/p>\n\n\t\t\t<style type='text\/css'>\n\t\t\t\t#gallery-1 {\n\t\t\t\t\tmargin: auto;\n\t\t\t\t}\n\t\t\t\t#gallery-1 .gallery-item {\n\t\t\t\t\tfloat: left;\n\t\t\t\t\tmargin-top: 10px;\n\t\t\t\t\ttext-align: center;\n\t\t\t\t\twidth: 33%;\n\t\t\t\t}\n\t\t\t\t#gallery-1 img {\n\t\t\t\t\tborder: 2px solid #cfcfcf;\n\t\t\t\t}\n\t\t\t\t#gallery-1 .gallery-caption {\n\t\t\t\t\tmargin-left: 0;\n\t\t\t\t}\n\t\t\t\t\/* see gallery_shortcode() in wp-includes\/media.php *\/\n\t\t\t<\/style>\n\t\t<div id='gallery-1' class='dt-gallery-container gallery galleryid-1735 gallery-columns-3 gallery-size-medium'><dl class='gallery-item'>\n\t\t\t\t<dt class='gallery-icon portrait'>\n\t\t\t\t\t<a class=\"rollover\" href='https:\/\/weltlaeden.de\/bensheim\/faire-osterprodukte\/beitragsbild\/'><img loading=\"lazy\" decoding=\"async\" width=\"146\" height=\"300\" src=\"https:\/\/weltlaeden.de\/bensheim\/wp-content\/uploads\/sites\/105\/2026\/03\/Beitragsbild-146x300.jpg\" class=\"attachment-medium size-medium\" alt=\"\" srcset=\"https:\/\/weltlaeden.de\/bensheim\/wp-content\/uploads\/sites\/105\/2026\/03\/Beitragsbild-146x300.jpg 146w, https:\/\/weltlaeden.de\/bensheim\/wp-content\/uploads\/sites\/105\/2026\/03\/Beitragsbild-498x1024.jpg 498w, https:\/\/weltlaeden.de\/bensheim\/wp-content\/uploads\/sites\/105\/2026\/03\/Beitragsbild-768x1580.jpg 768w, https:\/\/weltlaeden.de\/bensheim\/wp-content\/uploads\/sites\/105\/2026\/03\/Beitragsbild-747x1536.jpg 747w, https:\/\/weltlaeden.de\/bensheim\/wp-content\/uploads\/sites\/105\/2026\/03\/Beitragsbild-996x2048.jpg 996w, https:\/\/weltlaeden.de\/bensheim\/wp-content\/uploads\/sites\/105\/2026\/03\/Beitragsbild-scaled.jpg 1244w\" sizes=\"auto, (max-width: 146px) 100vw, 146px\" \/><\/a>\n\t\t\t\t<\/dt><\/dl><dl class='gallery-item'>\n\t\t\t\t<dt class='gallery-icon portrait'>\n\t\t\t\t\t<a class=\"rollover\" href='https:\/\/weltlaeden.de\/bensheim\/faire-osterprodukte\/20240220_203642\/'><img loading=\"lazy\" decoding=\"async\" width=\"146\" height=\"300\" src=\"https:\/\/weltlaeden.de\/bensheim\/wp-content\/uploads\/sites\/105\/2026\/03\/20240220_203642-146x300.jpg\" class=\"attachment-medium size-medium\" alt=\"\" srcset=\"https:\/\/weltlaeden.de\/bensheim\/wp-content\/uploads\/sites\/105\/2026\/03\/20240220_203642-146x300.jpg 146w, https:\/\/weltlaeden.de\/bensheim\/wp-content\/uploads\/sites\/105\/2026\/03\/20240220_203642-498x1024.jpg 498w, https:\/\/weltlaeden.de\/bensheim\/wp-content\/uploads\/sites\/105\/2026\/03\/20240220_203642-768x1580.jpg 768w, https:\/\/weltlaeden.de\/bensheim\/wp-content\/uploads\/sites\/105\/2026\/03\/20240220_203642-747x1536.jpg 747w, https:\/\/weltlaeden.de\/bensheim\/wp-content\/uploads\/sites\/105\/2026\/03\/20240220_203642-996x2048.jpg 996w, https:\/\/weltlaeden.de\/bensheim\/wp-content\/uploads\/sites\/105\/2026\/03\/20240220_203642-scaled.jpg 1244w\" sizes=\"auto, (max-width: 146px) 100vw, 146px\" \/><\/a>\n\t\t\t\t<\/dt><\/dl><dl class='gallery-item'>\n\t\t\t\t<dt class='gallery-icon portrait'>\n\t\t\t\t\t<a class=\"rollover\" href='https:\/\/weltlaeden.de\/bensheim\/faire-osterprodukte\/20240220_203419\/'><img loading=\"lazy\" decoding=\"async\" width=\"146\" height=\"300\" src=\"https:\/\/weltlaeden.de\/bensheim\/wp-content\/uploads\/sites\/105\/2026\/03\/20240220_203419-146x300.jpg\" class=\"attachment-medium size-medium\" alt=\"\" srcset=\"https:\/\/weltlaeden.de\/bensheim\/wp-content\/uploads\/sites\/105\/2026\/03\/20240220_203419-146x300.jpg 146w, https:\/\/weltlaeden.de\/bensheim\/wp-content\/uploads\/sites\/105\/2026\/03\/20240220_203419-498x1024.jpg 498w, https:\/\/weltlaeden.de\/bensheim\/wp-content\/uploads\/sites\/105\/2026\/03\/20240220_203419-768x1580.jpg 768w, https:\/\/weltlaeden.de\/bensheim\/wp-content\/uploads\/sites\/105\/2026\/03\/20240220_203419-747x1536.jpg 747w, https:\/\/weltlaeden.de\/bensheim\/wp-content\/uploads\/sites\/105\/2026\/03\/20240220_203419-996x2048.jpg 996w, https:\/\/weltlaeden.de\/bensheim\/wp-content\/uploads\/sites\/105\/2026\/03\/20240220_203419-scaled.jpg 1244w\" sizes=\"auto, (max-width: 146px) 100vw, 146px\" \/><\/a>\n\t\t\t\t<\/dt><\/dl><br style=\"clear: both\" \/>\n\t\t\t<\/div>\n\n<p>[\/vc_column_text][\/vc_column][\/vc_row]<\/p>\n<\/div>","protected":false},"excerpt":{"rendered":"<p>[vc_row][vc_column][vc_column_text css=&#8220;&#8220;]Auch dieses Jahr hat sich der Weltladen gut eingedeckt mit fairen Osterprodukten. Nicht nur Schokohasen und Schokoeier, auch viele \u00f6sterlichen Dekoartikel sind dabei. Schokohasen f\u00fcr die Kinder geh\u00f6ren f\u00fcr viele zur Ostertradition dazu. Den fair gehandelten Bio-Kakao daf\u00fcr bezieht die GEPA vor allem von Genossenschaften in S\u00e3o Tom\u00e9 und der Dominikanischen Republik. Damit Kinder&hellip;<\/p>\n","protected":false},"author":160,"featured_media":1738,"comment_status":"closed","ping_status":"closed","sticky":false,"template":"","format":"standard","meta":{"footnotes":""},"categories":[8],"tags":[],"class_list":["post-1735","post","type-post","status-publish","format-standard","has-post-thumbnail","hentry","category-neues","category-8","description-off"],"yoast_head":"<!-- This site is optimized with the Yoast SEO plugin v26.8 - https:\/\/yoast.com\/product\/yoast-seo-wordpress\/ -->\n<title>Faire Osterprodukte - Weltladen Bensheim - Sankt Georg<\/title>\n<meta name=\"robots\" content=\"index, follow, max-snippet:-1, max-image-preview:large, max-video-preview:-1\" \/>\n<link rel=\"canonical\" href=\"https:\/\/weltlaeden.de\/bensheim\/faire-osterprodukte\/\" \/>\n<meta property=\"og:locale\" content=\"de_DE\" \/>\n<meta property=\"og:type\" content=\"article\" \/>\n<meta property=\"og:title\" content=\"Faire Osterprodukte - Weltladen Bensheim - Sankt Georg\" \/>\n<meta property=\"og:description\" content=\"[vc_row][vc_column][vc_column_text css=&#8220;&#8220;]Auch dieses Jahr hat sich der Weltladen gut eingedeckt mit fairen Osterprodukten. Nicht nur Schokohasen und Schokoeier, auch viele \u00f6sterlichen Dekoartikel sind dabei. Schokohasen f\u00fcr die Kinder geh\u00f6ren f\u00fcr viele zur Ostertradition dazu. Den fair gehandelten Bio-Kakao daf\u00fcr bezieht die GEPA vor allem von Genossenschaften in S\u00e3o Tom\u00e9 und der Dominikanischen Republik. Damit Kinder&hellip;\" \/>\n<meta property=\"og:url\" content=\"https:\/\/weltlaeden.de\/bensheim\/faire-osterprodukte\/\" \/>\n<meta property=\"og:site_name\" content=\"Weltladen Bensheim - Sankt Georg\" \/>\n<meta property=\"article:published_time\" content=\"2026-03-04T19:43:47+00:00\" \/>\n<meta property=\"article:modified_time\" content=\"2026-04-15T08:35:15+00:00\" \/>\n<meta property=\"og:image\" content=\"https:\/\/weltlaeden.de\/bensheim\/wp-content\/uploads\/sites\/105\/2026\/03\/Beitragsbild-scaled.jpg\" \/>\n\t<meta property=\"og:image:width\" content=\"1244\" \/>\n\t<meta property=\"og:image:height\" content=\"2560\" \/>\n\t<meta property=\"og:image:type\" content=\"image\/jpeg\" \/>\n<meta name=\"author\" content=\"bensheim\" \/>\n<meta name=\"twitter:card\" content=\"summary_large_image\" \/>\n<meta name=\"twitter:label1\" content=\"Verfasst von\" \/>\n\t<meta name=\"twitter:data1\" content=\"bensheim\" \/>\n\t<meta name=\"twitter:label2\" content=\"Gesch\u00e4tzte Lesezeit\" \/>\n\t<meta name=\"twitter:data2\" content=\"1\u00a0Minute\" \/>\n<script type=\"application\/ld+json\" class=\"yoast-schema-graph\">{\"@context\":\"https:\/\/schema.org\",\"@graph\":[{\"@type\":\"Article\",\"@id\":\"https:\/\/weltlaeden.de\/bensheim\/faire-osterprodukte\/#article\",\"isPartOf\":{\"@id\":\"https:\/\/weltlaeden.de\/bensheim\/faire-osterprodukte\/\"},\"author\":{\"name\":\"bensheim\",\"@id\":\"https:\/\/weltlaeden.de\/bensheim\/#\/schema\/person\/9103edce11c0fbacaea656ebc13b21c2\"},\"headline\":\"Faire Osterprodukte\",\"datePublished\":\"2026-03-04T19:43:47+00:00\",\"dateModified\":\"2026-04-15T08:35:15+00:00\",\"mainEntityOfPage\":{\"@id\":\"https:\/\/weltlaeden.de\/bensheim\/faire-osterprodukte\/\"},\"wordCount\":108,\"image\":{\"@id\":\"https:\/\/weltlaeden.de\/bensheim\/faire-osterprodukte\/#primaryimage\"},\"thumbnailUrl\":\"https:\/\/weltlaeden.de\/bensheim\/wp-content\/uploads\/sites\/105\/2026\/03\/Beitragsbild-scaled.jpg\",\"articleSection\":[\"Neuigkeiten\"],\"inLanguage\":\"de\"},{\"@type\":\"WebPage\",\"@id\":\"https:\/\/weltlaeden.de\/bensheim\/faire-osterprodukte\/\",\"url\":\"https:\/\/weltlaeden.de\/bensheim\/faire-osterprodukte\/\",\"name\":\"Faire Osterprodukte - Weltladen Bensheim - Sankt Georg\",\"isPartOf\":{\"@id\":\"https:\/\/weltlaeden.de\/bensheim\/#website\"},\"primaryImageOfPage\":{\"@id\":\"https:\/\/weltlaeden.de\/bensheim\/faire-osterprodukte\/#primaryimage\"},\"image\":{\"@id\":\"https:\/\/weltlaeden.de\/bensheim\/faire-osterprodukte\/#primaryimage\"},\"thumbnailUrl\":\"https:\/\/weltlaeden.de\/bensheim\/wp-content\/uploads\/sites\/105\/2026\/03\/Beitragsbild-scaled.jpg\",\"datePublished\":\"2026-03-04T19:43:47+00:00\",\"dateModified\":\"2026-04-15T08:35:15+00:00\",\"author\":{\"@id\":\"https:\/\/weltlaeden.de\/bensheim\/#\/schema\/person\/9103edce11c0fbacaea656ebc13b21c2\"},\"breadcrumb\":{\"@id\":\"https:\/\/weltlaeden.de\/bensheim\/faire-osterprodukte\/#breadcrumb\"},\"inLanguage\":\"de\",\"potentialAction\":[{\"@type\":\"ReadAction\",\"target\":[\"https:\/\/weltlaeden.de\/bensheim\/faire-osterprodukte\/\"]}]},{\"@type\":\"ImageObject\",\"inLanguage\":\"de\",\"@id\":\"https:\/\/weltlaeden.de\/bensheim\/faire-osterprodukte\/#primaryimage\",\"url\":\"https:\/\/weltlaeden.de\/bensheim\/wp-content\/uploads\/sites\/105\/2026\/03\/Beitragsbild-scaled.jpg\",\"contentUrl\":\"https:\/\/weltlaeden.de\/bensheim\/wp-content\/uploads\/sites\/105\/2026\/03\/Beitragsbild-scaled.jpg\",\"width\":1244,\"height\":2560},{\"@type\":\"BreadcrumbList\",\"@id\":\"https:\/\/weltlaeden.de\/bensheim\/faire-osterprodukte\/#breadcrumb\",\"itemListElement\":[{\"@type\":\"ListItem\",\"position\":1,\"name\":\"Startseite\",\"item\":\"https:\/\/weltlaeden.de\/bensheim\/\"},{\"@type\":\"ListItem\",\"position\":2,\"name\":\"Faire Osterprodukte\"}]},{\"@type\":\"WebSite\",\"@id\":\"https:\/\/weltlaeden.de\/bensheim\/#website\",\"url\":\"https:\/\/weltlaeden.de\/bensheim\/\",\"name\":\"Weltladen Bensheim - Sankt Georg\",\"description\":\"Faire Produkte und Handel\",\"potentialAction\":[{\"@type\":\"SearchAction\",\"target\":{\"@type\":\"EntryPoint\",\"urlTemplate\":\"https:\/\/weltlaeden.de\/bensheim\/?s={search_term_string}\"},\"query-input\":{\"@type\":\"PropertyValueSpecification\",\"valueRequired\":true,\"valueName\":\"search_term_string\"}}],\"inLanguage\":\"de\"},{\"@type\":\"Person\",\"@id\":\"https:\/\/weltlaeden.de\/bensheim\/#\/schema\/person\/9103edce11c0fbacaea656ebc13b21c2\",\"name\":\"bensheim\",\"image\":{\"@type\":\"ImageObject\",\"inLanguage\":\"de\",\"@id\":\"https:\/\/weltlaeden.de\/bensheim\/#\/schema\/person\/image\/\",\"url\":\"https:\/\/secure.gravatar.com\/avatar\/12395c7d949c31d7690fdd02af2bf163?s=96&d=mm&r=g\",\"contentUrl\":\"https:\/\/secure.gravatar.com\/avatar\/12395c7d949c31d7690fdd02af2bf163?s=96&d=mm&r=g\",\"caption\":\"bensheim\"}}]}<\/script>\n<!-- \/ Yoast SEO plugin. -->","yoast_head_json":{"title":"Faire Osterprodukte - Weltladen Bensheim - Sankt Georg","robots":{"index":"index","follow":"follow","max-snippet":"max-snippet:-1","max-image-preview":"max-image-preview:large","max-video-preview":"max-video-preview:-1"},"canonical":"https:\/\/weltlaeden.de\/bensheim\/faire-osterprodukte\/","og_locale":"de_DE","og_type":"article","og_title":"Faire Osterprodukte - Weltladen Bensheim - Sankt Georg","og_description":"[vc_row][vc_column][vc_column_text css=&#8220;&#8220;]Auch dieses Jahr hat sich der Weltladen gut eingedeckt mit fairen Osterprodukten. Nicht nur Schokohasen und Schokoeier, auch viele \u00f6sterlichen Dekoartikel sind dabei. Schokohasen f\u00fcr die Kinder geh\u00f6ren f\u00fcr viele zur Ostertradition dazu. Den fair gehandelten Bio-Kakao daf\u00fcr bezieht die GEPA vor allem von Genossenschaften in S\u00e3o Tom\u00e9 und der Dominikanischen Republik. Damit Kinder&hellip;","og_url":"https:\/\/weltlaeden.de\/bensheim\/faire-osterprodukte\/","og_site_name":"Weltladen Bensheim - Sankt Georg","article_published_time":"2026-03-04T19:43:47+00:00","article_modified_time":"2026-04-15T08:35:15+00:00","og_image":[{"width":1244,"height":2560,"url":"https:\/\/weltlaeden.de\/bensheim\/wp-content\/uploads\/sites\/105\/2026\/03\/Beitragsbild-scaled.jpg","type":"image\/jpeg"}],"author":"bensheim","twitter_card":"summary_large_image","twitter_misc":{"Verfasst von":"bensheim","Gesch\u00e4tzte Lesezeit":"1\u00a0Minute"},"schema":{"@context":"https:\/\/schema.org","@graph":[{"@type":"Article","@id":"https:\/\/weltlaeden.de\/bensheim\/faire-osterprodukte\/#article","isPartOf":{"@id":"https:\/\/weltlaeden.de\/bensheim\/faire-osterprodukte\/"},"author":{"name":"bensheim","@id":"https:\/\/weltlaeden.de\/bensheim\/#\/schema\/person\/9103edce11c0fbacaea656ebc13b21c2"},"headline":"Faire Osterprodukte","datePublished":"2026-03-04T19:43:47+00:00","dateModified":"2026-04-15T08:35:15+00:00","mainEntityOfPage":{"@id":"https:\/\/weltlaeden.de\/bensheim\/faire-osterprodukte\/"},"wordCount":108,"image":{"@id":"https:\/\/weltlaeden.de\/bensheim\/faire-osterprodukte\/#primaryimage"},"thumbnailUrl":"https:\/\/weltlaeden.de\/bensheim\/wp-content\/uploads\/sites\/105\/2026\/03\/Beitragsbild-scaled.jpg","articleSection":["Neuigkeiten"],"inLanguage":"de"},{"@type":"WebPage","@id":"https:\/\/weltlaeden.de\/bensheim\/faire-osterprodukte\/","url":"https:\/\/weltlaeden.de\/bensheim\/faire-osterprodukte\/","name":"Faire Osterprodukte - Weltladen Bensheim - Sankt Georg","isPartOf":{"@id":"https:\/\/weltlaeden.de\/bensheim\/#website"},"primaryImageOfPage":{"@id":"https:\/\/weltlaeden.de\/bensheim\/faire-osterprodukte\/#primaryimage"},"image":{"@id":"https:\/\/weltlaeden.de\/bensheim\/faire-osterprodukte\/#primaryimage"},"thumbnailUrl":"https:\/\/weltlaeden.de\/bensheim\/wp-content\/uploads\/sites\/105\/2026\/03\/Beitragsbild-scaled.jpg","datePublished":"2026-03-04T19:43:47+00:00","dateModified":"2026-04-15T08:35:15+00:00","author":{"@id":"https:\/\/weltlaeden.de\/bensheim\/#\/schema\/person\/9103edce11c0fbacaea656ebc13b21c2"},"breadcrumb":{"@id":"https:\/\/weltlaeden.de\/bensheim\/faire-osterprodukte\/#breadcrumb"},"inLanguage":"de","potentialAction":[{"@type":"ReadAction","target":["https:\/\/weltlaeden.de\/bensheim\/faire-osterprodukte\/"]}]},{"@type":"ImageObject","inLanguage":"de","@id":"https:\/\/weltlaeden.de\/bensheim\/faire-osterprodukte\/#primaryimage","url":"https:\/\/weltlaeden.de\/bensheim\/wp-content\/uploads\/sites\/105\/2026\/03\/Beitragsbild-scaled.jpg","contentUrl":"https:\/\/weltlaeden.de\/bensheim\/wp-content\/uploads\/sites\/105\/2026\/03\/Beitragsbild-scaled.jpg","width":1244,"height":2560},{"@type":"BreadcrumbList","@id":"https:\/\/weltlaeden.de\/bensheim\/faire-osterprodukte\/#breadcrumb","itemListElement":[{"@type":"ListItem","position":1,"name":"Startseite","item":"https:\/\/weltlaeden.de\/bensheim\/"},{"@type":"ListItem","position":2,"name":"Faire Osterprodukte"}]},{"@type":"WebSite","@id":"https:\/\/weltlaeden.de\/bensheim\/#website","url":"https:\/\/weltlaeden.de\/bensheim\/","name":"Weltladen Bensheim - Sankt Georg","description":"Faire Produkte und Handel","potentialAction":[{"@type":"SearchAction","target":{"@type":"EntryPoint","urlTemplate":"https:\/\/weltlaeden.de\/bensheim\/?s={search_term_string}"},"query-input":{"@type":"PropertyValueSpecification","valueRequired":true,"valueName":"search_term_string"}}],"inLanguage":"de"},{"@type":"Person","@id":"https:\/\/weltlaeden.de\/bensheim\/#\/schema\/person\/9103edce11c0fbacaea656ebc13b21c2","name":"bensheim","image":{"@type":"ImageObject","inLanguage":"de","@id":"https:\/\/weltlaeden.de\/bensheim\/#\/schema\/person\/image\/","url":"https:\/\/secure.gravatar.com\/avatar\/12395c7d949c31d7690fdd02af2bf163?s=96&d=mm&r=g","contentUrl":"https:\/\/secure.gravatar.com\/avatar\/12395c7d949c31d7690fdd02af2bf163?s=96&d=mm&r=g","caption":"bensheim"}}]}},"_links":{"self":[{"href":"https:\/\/weltlaeden.de\/bensheim\/wp-json\/wp\/v2\/posts\/1735","targetHints":{"allow":["GET"]}}],"collection":[{"href":"https:\/\/weltlaeden.de\/bensheim\/wp-json\/wp\/v2\/posts"}],"about":[{"href":"https:\/\/weltlaeden.de\/bensheim\/wp-json\/wp\/v2\/types\/post"}],"author":[{"embeddable":true,"href":"https:\/\/weltlaeden.de\/bensheim\/wp-json\/wp\/v2\/users\/160"}],"replies":[{"embeddable":true,"href":"https:\/\/weltlaeden.de\/bensheim\/wp-json\/wp\/v2\/comments?post=1735"}],"version-history":[{"count":1,"href":"https:\/\/weltlaeden.de\/bensheim\/wp-json\/wp\/v2\/posts\/1735\/revisions"}],"predecessor-version":[{"id":1739,"href":"https:\/\/weltlaeden.de\/bensheim\/wp-json\/wp\/v2\/posts\/1735\/revisions\/1739"}],"wp:featuredmedia":[{"embeddable":true,"href":"https:\/\/weltlaeden.de\/bensheim\/wp-json\/wp\/v2\/media\/1738"}],"wp:attachment":[{"href":"https:\/\/weltlaeden.de\/bensheim\/wp-json\/wp\/v2\/media?parent=1735"}],"wp:term":[{"taxonomy":"category","embeddable":true,"href":"https:\/\/weltlaeden.de\/bensheim\/wp-json\/wp\/v2\/categories?post=1735"},{"taxonomy":"post_tag","embeddable":true,"href":"https:\/\/weltlaeden.de\/bensheim\/wp-json\/wp\/v2\/tags?post=1735"}],"curies":[{"name":"wp","href":"https:\/\/api.w.org\/{rel}","templated":true}]}}