{"id":1731,"date":"2026-03-04T20:29:33","date_gmt":"2026-03-04T19:29:33","guid":{"rendered":"https:\/\/weltlaeden.de\/bensheim\/?p=1731"},"modified":"2026-04-15T10:35:07","modified_gmt":"2026-04-15T08:35:07","slug":"kochboxen-zur-misereor-fastenaktion-2026","status":"publish","type":"post","link":"https:\/\/weltlaeden.de\/bensheim\/kochboxen-zur-misereor-fastenaktion-2026\/","title":{"rendered":"Kochboxen zur misereor-Fastenaktion 2026"},"content":{"rendered":"<div class=\"wpb-content-wrapper\"><p>[vc_row][vc_column][vc_column_text css=&#8220;&#8220;]<img loading=\"lazy\" decoding=\"async\" class=\"size-medium wp-image-1732 alignright\" src=\"https:\/\/weltlaeden.de\/bensheim\/wp-content\/uploads\/sites\/105\/2026\/03\/Zwischenablage_03-04-2026_01-195x300.jpg\" alt=\"\" width=\"195\" height=\"300\" srcset=\"https:\/\/weltlaeden.de\/bensheim\/wp-content\/uploads\/sites\/105\/2026\/03\/Zwischenablage_03-04-2026_01-195x300.jpg 195w, https:\/\/weltlaeden.de\/bensheim\/wp-content\/uploads\/sites\/105\/2026\/03\/Zwischenablage_03-04-2026_01.jpg 547w\" sizes=\"auto, (max-width: 195px) 100vw, 195px\" \/><\/p>\n<h3>\u201eHier f\u00e4ngt Zukunft an\u201c ist das Leitwort der diesj\u00e4hrigen misereor-Fastenaktion. Schwerpunkt ist 2026 die berufliche Bildung junger Menschen in Kamerun.<\/h3>\n<h3>Der Weltladen bereitet wieder eine Kochbox vor. Die Zutaten f\u00fcr einen westafrikanischen Erdnuss-Eintopf k\u00f6nnen bis zum 9. M\u00e4rz im Weltladen bestellt werden: Tel. 06251 \u2013 66730 oder e-mail: info@weltladen-bensheim.de, abgeholt wird die Kochbox vom 19. bis 21.M\u00e4rz im Weltladen am Wambolterhof 7, genie\u00dfen Sie mit der Familie und Freunden zusammen ein schmackhaftes veganes Gericht.<\/h3>\n<p>[\/vc_column_text][\/vc_column][\/vc_row]<\/p>\n<\/div>","protected":false},"excerpt":{"rendered":"<p>[vc_row][vc_column][vc_column_text css=&#8220;&#8220;] \u201eHier f\u00e4ngt Zukunft an\u201c ist das Leitwort der diesj\u00e4hrigen misereor-Fastenaktion. Schwerpunkt ist 2026 die berufliche Bildung junger Menschen in Kamerun. Der Weltladen bereitet wieder eine Kochbox vor. Die Zutaten f\u00fcr einen westafrikanischen Erdnuss-Eintopf k\u00f6nnen bis zum 9. M\u00e4rz im Weltladen bestellt werden: Tel. 06251 \u2013 66730 oder e-mail: info@weltladen-bensheim.de, abgeholt wird die Kochbox&hellip;<\/p>\n","protected":false},"author":160,"featured_media":1733,"comment_status":"closed","ping_status":"closed","sticky":false,"template":"","format":"standard","meta":{"footnotes":""},"categories":[1,8],"tags":[],"class_list":["post-1731","post","type-post","status-publish","format-standard","has-post-thumbnail","hentry","category-allgemein","category-neues","category-1","category-8","description-off"],"yoast_head":"<!-- This site is optimized with the Yoast SEO plugin v26.8 - https:\/\/yoast.com\/product\/yoast-seo-wordpress\/ -->\n<title>Kochboxen zur misereor-Fastenaktion 2026 - Weltladen Bensheim - Sankt Georg<\/title>\n<meta name=\"robots\" content=\"index, follow, max-snippet:-1, max-image-preview:large, max-video-preview:-1\" \/>\n<link rel=\"canonical\" href=\"https:\/\/weltlaeden.de\/bensheim\/kochboxen-zur-misereor-fastenaktion-2026\/\" \/>\n<meta property=\"og:locale\" content=\"de_DE\" \/>\n<meta property=\"og:type\" content=\"article\" \/>\n<meta property=\"og:title\" content=\"Kochboxen zur misereor-Fastenaktion 2026 - Weltladen Bensheim - Sankt Georg\" \/>\n<meta property=\"og:description\" content=\"[vc_row][vc_column][vc_column_text css=&#8220;&#8220;] \u201eHier f\u00e4ngt Zukunft an\u201c ist das Leitwort der diesj\u00e4hrigen misereor-Fastenaktion. Schwerpunkt ist 2026 die berufliche Bildung junger Menschen in Kamerun. Der Weltladen bereitet wieder eine Kochbox vor. Die Zutaten f\u00fcr einen westafrikanischen Erdnuss-Eintopf k\u00f6nnen bis zum 9. M\u00e4rz im Weltladen bestellt werden: Tel. 06251 \u2013 66730 oder e-mail: info@weltladen-bensheim.de, abgeholt wird die Kochbox&hellip;\" \/>\n<meta property=\"og:url\" content=\"https:\/\/weltlaeden.de\/bensheim\/kochboxen-zur-misereor-fastenaktion-2026\/\" \/>\n<meta property=\"og:site_name\" content=\"Weltladen Bensheim - Sankt Georg\" \/>\n<meta property=\"article:published_time\" content=\"2026-03-04T19:29:33+00:00\" \/>\n<meta property=\"article:modified_time\" content=\"2026-04-15T08:35:07+00:00\" \/>\n<meta property=\"og:image\" content=\"https:\/\/weltlaeden.de\/bensheim\/wp-content\/uploads\/sites\/105\/2026\/03\/Zwischenablage_03-04-2026_01-1.jpg\" \/>\n\t<meta property=\"og:image:width\" content=\"689\" \/>\n\t<meta property=\"og:image:height\" content=\"324\" \/>\n\t<meta property=\"og:image:type\" content=\"image\/jpeg\" \/>\n<meta name=\"author\" content=\"bensheim\" \/>\n<meta name=\"twitter:card\" content=\"summary_large_image\" \/>\n<meta name=\"twitter:label1\" content=\"Verfasst von\" \/>\n\t<meta name=\"twitter:data1\" content=\"bensheim\" \/>\n<script type=\"application\/ld+json\" class=\"yoast-schema-graph\">{\"@context\":\"https:\/\/schema.org\",\"@graph\":[{\"@type\":\"Article\",\"@id\":\"https:\/\/weltlaeden.de\/bensheim\/kochboxen-zur-misereor-fastenaktion-2026\/#article\",\"isPartOf\":{\"@id\":\"https:\/\/weltlaeden.de\/bensheim\/kochboxen-zur-misereor-fastenaktion-2026\/\"},\"author\":{\"name\":\"bensheim\",\"@id\":\"https:\/\/weltlaeden.de\/bensheim\/#\/schema\/person\/9103edce11c0fbacaea656ebc13b21c2\"},\"headline\":\"Kochboxen zur misereor-Fastenaktion 2026\",\"datePublished\":\"2026-03-04T19:29:33+00:00\",\"dateModified\":\"2026-04-15T08:35:07+00:00\",\"mainEntityOfPage\":{\"@id\":\"https:\/\/weltlaeden.de\/bensheim\/kochboxen-zur-misereor-fastenaktion-2026\/\"},\"wordCount\":94,\"image\":{\"@id\":\"https:\/\/weltlaeden.de\/bensheim\/kochboxen-zur-misereor-fastenaktion-2026\/#primaryimage\"},\"thumbnailUrl\":\"https:\/\/weltlaeden.de\/bensheim\/wp-content\/uploads\/sites\/105\/2026\/03\/Zwischenablage_03-04-2026_01-1.jpg\",\"articleSection\":[\"Keine Kategorie\",\"Neuigkeiten\"],\"inLanguage\":\"de\"},{\"@type\":\"WebPage\",\"@id\":\"https:\/\/weltlaeden.de\/bensheim\/kochboxen-zur-misereor-fastenaktion-2026\/\",\"url\":\"https:\/\/weltlaeden.de\/bensheim\/kochboxen-zur-misereor-fastenaktion-2026\/\",\"name\":\"Kochboxen zur misereor-Fastenaktion 2026 - Weltladen Bensheim - Sankt Georg\",\"isPartOf\":{\"@id\":\"https:\/\/weltlaeden.de\/bensheim\/#website\"},\"primaryImageOfPage\":{\"@id\":\"https:\/\/weltlaeden.de\/bensheim\/kochboxen-zur-misereor-fastenaktion-2026\/#primaryimage\"},\"image\":{\"@id\":\"https:\/\/weltlaeden.de\/bensheim\/kochboxen-zur-misereor-fastenaktion-2026\/#primaryimage\"},\"thumbnailUrl\":\"https:\/\/weltlaeden.de\/bensheim\/wp-content\/uploads\/sites\/105\/2026\/03\/Zwischenablage_03-04-2026_01-1.jpg\",\"datePublished\":\"2026-03-04T19:29:33+00:00\",\"dateModified\":\"2026-04-15T08:35:07+00:00\",\"author\":{\"@id\":\"https:\/\/weltlaeden.de\/bensheim\/#\/schema\/person\/9103edce11c0fbacaea656ebc13b21c2\"},\"breadcrumb\":{\"@id\":\"https:\/\/weltlaeden.de\/bensheim\/kochboxen-zur-misereor-fastenaktion-2026\/#breadcrumb\"},\"inLanguage\":\"de\",\"potentialAction\":[{\"@type\":\"ReadAction\",\"target\":[\"https:\/\/weltlaeden.de\/bensheim\/kochboxen-zur-misereor-fastenaktion-2026\/\"]}]},{\"@type\":\"ImageObject\",\"inLanguage\":\"de\",\"@id\":\"https:\/\/weltlaeden.de\/bensheim\/kochboxen-zur-misereor-fastenaktion-2026\/#primaryimage\",\"url\":\"https:\/\/weltlaeden.de\/bensheim\/wp-content\/uploads\/sites\/105\/2026\/03\/Zwischenablage_03-04-2026_01-1.jpg\",\"contentUrl\":\"https:\/\/weltlaeden.de\/bensheim\/wp-content\/uploads\/sites\/105\/2026\/03\/Zwischenablage_03-04-2026_01-1.jpg\",\"width\":689,\"height\":324},{\"@type\":\"BreadcrumbList\",\"@id\":\"https:\/\/weltlaeden.de\/bensheim\/kochboxen-zur-misereor-fastenaktion-2026\/#breadcrumb\",\"itemListElement\":[{\"@type\":\"ListItem\",\"position\":1,\"name\":\"Startseite\",\"item\":\"https:\/\/weltlaeden.de\/bensheim\/\"},{\"@type\":\"ListItem\",\"position\":2,\"name\":\"Kochboxen zur misereor-Fastenaktion 2026\"}]},{\"@type\":\"WebSite\",\"@id\":\"https:\/\/weltlaeden.de\/bensheim\/#website\",\"url\":\"https:\/\/weltlaeden.de\/bensheim\/\",\"name\":\"Weltladen Bensheim - Sankt Georg\",\"description\":\"Faire Produkte und Handel\",\"potentialAction\":[{\"@type\":\"SearchAction\",\"target\":{\"@type\":\"EntryPoint\",\"urlTemplate\":\"https:\/\/weltlaeden.de\/bensheim\/?s={search_term_string}\"},\"query-input\":{\"@type\":\"PropertyValueSpecification\",\"valueRequired\":true,\"valueName\":\"search_term_string\"}}],\"inLanguage\":\"de\"},{\"@type\":\"Person\",\"@id\":\"https:\/\/weltlaeden.de\/bensheim\/#\/schema\/person\/9103edce11c0fbacaea656ebc13b21c2\",\"name\":\"bensheim\",\"image\":{\"@type\":\"ImageObject\",\"inLanguage\":\"de\",\"@id\":\"https:\/\/weltlaeden.de\/bensheim\/#\/schema\/person\/image\/\",\"url\":\"https:\/\/secure.gravatar.com\/avatar\/12395c7d949c31d7690fdd02af2bf163?s=96&d=mm&r=g\",\"contentUrl\":\"https:\/\/secure.gravatar.com\/avatar\/12395c7d949c31d7690fdd02af2bf163?s=96&d=mm&r=g\",\"caption\":\"bensheim\"}}]}<\/script>\n<!-- \/ Yoast SEO plugin. -->","yoast_head_json":{"title":"Kochboxen zur misereor-Fastenaktion 2026 - Weltladen Bensheim - Sankt Georg","robots":{"index":"index","follow":"follow","max-snippet":"max-snippet:-1","max-image-preview":"max-image-preview:large","max-video-preview":"max-video-preview:-1"},"canonical":"https:\/\/weltlaeden.de\/bensheim\/kochboxen-zur-misereor-fastenaktion-2026\/","og_locale":"de_DE","og_type":"article","og_title":"Kochboxen zur misereor-Fastenaktion 2026 - Weltladen Bensheim - Sankt Georg","og_description":"[vc_row][vc_column][vc_column_text css=&#8220;&#8220;] \u201eHier f\u00e4ngt Zukunft an\u201c ist das Leitwort der diesj\u00e4hrigen misereor-Fastenaktion. Schwerpunkt ist 2026 die berufliche Bildung junger Menschen in Kamerun. Der Weltladen bereitet wieder eine Kochbox vor. Die Zutaten f\u00fcr einen westafrikanischen Erdnuss-Eintopf k\u00f6nnen bis zum 9. M\u00e4rz im Weltladen bestellt werden: Tel. 06251 \u2013 66730 oder e-mail: info@weltladen-bensheim.de, abgeholt wird die Kochbox&hellip;","og_url":"https:\/\/weltlaeden.de\/bensheim\/kochboxen-zur-misereor-fastenaktion-2026\/","og_site_name":"Weltladen Bensheim - Sankt Georg","article_published_time":"2026-03-04T19:29:33+00:00","article_modified_time":"2026-04-15T08:35:07+00:00","og_image":[{"width":689,"height":324,"url":"https:\/\/weltlaeden.de\/bensheim\/wp-content\/uploads\/sites\/105\/2026\/03\/Zwischenablage_03-04-2026_01-1.jpg","type":"image\/jpeg"}],"author":"bensheim","twitter_card":"summary_large_image","twitter_misc":{"Verfasst von":"bensheim"},"schema":{"@context":"https:\/\/schema.org","@graph":[{"@type":"Article","@id":"https:\/\/weltlaeden.de\/bensheim\/kochboxen-zur-misereor-fastenaktion-2026\/#article","isPartOf":{"@id":"https:\/\/weltlaeden.de\/bensheim\/kochboxen-zur-misereor-fastenaktion-2026\/"},"author":{"name":"bensheim","@id":"https:\/\/weltlaeden.de\/bensheim\/#\/schema\/person\/9103edce11c0fbacaea656ebc13b21c2"},"headline":"Kochboxen zur misereor-Fastenaktion 2026","datePublished":"2026-03-04T19:29:33+00:00","dateModified":"2026-04-15T08:35:07+00:00","mainEntityOfPage":{"@id":"https:\/\/weltlaeden.de\/bensheim\/kochboxen-zur-misereor-fastenaktion-2026\/"},"wordCount":94,"image":{"@id":"https:\/\/weltlaeden.de\/bensheim\/kochboxen-zur-misereor-fastenaktion-2026\/#primaryimage"},"thumbnailUrl":"https:\/\/weltlaeden.de\/bensheim\/wp-content\/uploads\/sites\/105\/2026\/03\/Zwischenablage_03-04-2026_01-1.jpg","articleSection":["Keine Kategorie","Neuigkeiten"],"inLanguage":"de"},{"@type":"WebPage","@id":"https:\/\/weltlaeden.de\/bensheim\/kochboxen-zur-misereor-fastenaktion-2026\/","url":"https:\/\/weltlaeden.de\/bensheim\/kochboxen-zur-misereor-fastenaktion-2026\/","name":"Kochboxen zur misereor-Fastenaktion 2026 - Weltladen Bensheim - Sankt Georg","isPartOf":{"@id":"https:\/\/weltlaeden.de\/bensheim\/#website"},"primaryImageOfPage":{"@id":"https:\/\/weltlaeden.de\/bensheim\/kochboxen-zur-misereor-fastenaktion-2026\/#primaryimage"},"image":{"@id":"https:\/\/weltlaeden.de\/bensheim\/kochboxen-zur-misereor-fastenaktion-2026\/#primaryimage"},"thumbnailUrl":"https:\/\/weltlaeden.de\/bensheim\/wp-content\/uploads\/sites\/105\/2026\/03\/Zwischenablage_03-04-2026_01-1.jpg","datePublished":"2026-03-04T19:29:33+00:00","dateModified":"2026-04-15T08:35:07+00:00","author":{"@id":"https:\/\/weltlaeden.de\/bensheim\/#\/schema\/person\/9103edce11c0fbacaea656ebc13b21c2"},"breadcrumb":{"@id":"https:\/\/weltlaeden.de\/bensheim\/kochboxen-zur-misereor-fastenaktion-2026\/#breadcrumb"},"inLanguage":"de","potentialAction":[{"@type":"ReadAction","target":["https:\/\/weltlaeden.de\/bensheim\/kochboxen-zur-misereor-fastenaktion-2026\/"]}]},{"@type":"ImageObject","inLanguage":"de","@id":"https:\/\/weltlaeden.de\/bensheim\/kochboxen-zur-misereor-fastenaktion-2026\/#primaryimage","url":"https:\/\/weltlaeden.de\/bensheim\/wp-content\/uploads\/sites\/105\/2026\/03\/Zwischenablage_03-04-2026_01-1.jpg","contentUrl":"https:\/\/weltlaeden.de\/bensheim\/wp-content\/uploads\/sites\/105\/2026\/03\/Zwischenablage_03-04-2026_01-1.jpg","width":689,"height":324},{"@type":"BreadcrumbList","@id":"https:\/\/weltlaeden.de\/bensheim\/kochboxen-zur-misereor-fastenaktion-2026\/#breadcrumb","itemListElement":[{"@type":"ListItem","position":1,"name":"Startseite","item":"https:\/\/weltlaeden.de\/bensheim\/"},{"@type":"ListItem","position":2,"name":"Kochboxen zur misereor-Fastenaktion 2026"}]},{"@type":"WebSite","@id":"https:\/\/weltlaeden.de\/bensheim\/#website","url":"https:\/\/weltlaeden.de\/bensheim\/","name":"Weltladen Bensheim - Sankt Georg","description":"Faire Produkte und Handel","potentialAction":[{"@type":"SearchAction","target":{"@type":"EntryPoint","urlTemplate":"https:\/\/weltlaeden.de\/bensheim\/?s={search_term_string}"},"query-input":{"@type":"PropertyValueSpecification","valueRequired":true,"valueName":"search_term_string"}}],"inLanguage":"de"},{"@type":"Person","@id":"https:\/\/weltlaeden.de\/bensheim\/#\/schema\/person\/9103edce11c0fbacaea656ebc13b21c2","name":"bensheim","image":{"@type":"ImageObject","inLanguage":"de","@id":"https:\/\/weltlaeden.de\/bensheim\/#\/schema\/person\/image\/","url":"https:\/\/secure.gravatar.com\/avatar\/12395c7d949c31d7690fdd02af2bf163?s=96&d=mm&r=g","contentUrl":"https:\/\/secure.gravatar.com\/avatar\/12395c7d949c31d7690fdd02af2bf163?s=96&d=mm&r=g","caption":"bensheim"}}]}},"_links":{"self":[{"href":"https:\/\/weltlaeden.de\/bensheim\/wp-json\/wp\/v2\/posts\/1731","targetHints":{"allow":["GET"]}}],"collection":[{"href":"https:\/\/weltlaeden.de\/bensheim\/wp-json\/wp\/v2\/posts"}],"about":[{"href":"https:\/\/weltlaeden.de\/bensheim\/wp-json\/wp\/v2\/types\/post"}],"author":[{"embeddable":true,"href":"https:\/\/weltlaeden.de\/bensheim\/wp-json\/wp\/v2\/users\/160"}],"replies":[{"embeddable":true,"href":"https:\/\/weltlaeden.de\/bensheim\/wp-json\/wp\/v2\/comments?post=1731"}],"version-history":[{"count":2,"href":"https:\/\/weltlaeden.de\/bensheim\/wp-json\/wp\/v2\/posts\/1731\/revisions"}],"predecessor-version":[{"id":1740,"href":"https:\/\/weltlaeden.de\/bensheim\/wp-json\/wp\/v2\/posts\/1731\/revisions\/1740"}],"wp:featuredmedia":[{"embeddable":true,"href":"https:\/\/weltlaeden.de\/bensheim\/wp-json\/wp\/v2\/media\/1733"}],"wp:attachment":[{"href":"https:\/\/weltlaeden.de\/bensheim\/wp-json\/wp\/v2\/media?parent=1731"}],"wp:term":[{"taxonomy":"category","embeddable":true,"href":"https:\/\/weltlaeden.de\/bensheim\/wp-json\/wp\/v2\/categories?post=1731"},{"taxonomy":"post_tag","embeddable":true,"href":"https:\/\/weltlaeden.de\/bensheim\/wp-json\/wp\/v2\/tags?post=1731"}],"curies":[{"name":"wp","href":"https:\/\/api.w.org\/{rel}","templated":true}]}}