{"id":1675,"date":"2025-08-09T14:13:15","date_gmt":"2025-08-09T12:13:15","guid":{"rendered":"https:\/\/weltlaeden.de\/bensheim\/?p=1675"},"modified":"2025-09-21T22:29:08","modified_gmt":"2025-09-21T20:29:08","slug":"der-weltladen-bensheim-beim-marktfruehstueck","status":"publish","type":"post","link":"https:\/\/weltlaeden.de\/bensheim\/der-weltladen-bensheim-beim-marktfruehstueck\/","title":{"rendered":"Der Weltladen Bensheim beim Marktfr\u00fchst\u00fcck"},"content":{"rendered":"<p>Heute war der Weltladen Bensheim mit einem eigenen Stand beim beliebten Marktfr\u00fchst\u00fcck vertreten. Bei bestem Marktwetter konnten Besucher*innen faire Produkte kennenlernen, probieren und sich \u00fcber den fairen Handel informieren.<br data-start=\"394\" data-end=\"397\" \/>Das engagierte Team des Weltladens nutzte die Gelegenheit, um ins Gespr\u00e4ch zu kommen, Fragen zu beantworten und auf das vielf\u00e4ltige Sortiment aufmerksam zu machen \u2013 von k\u00f6stlichem Kaffee und Schokolade bis hin zu kunsthandwerklichen Geschenkideen aus aller Welt.<br data-start=\"659\" data-end=\"662\" \/>Ein herzliches Dankesch\u00f6n an alle, die vorbeigeschaut haben, und nat\u00fcrlich an Doris Kellermann f\u00fcr die sch\u00f6nen Fotos, die diesen Tag festhalten.<\/p>\n\n\t\t\t<style type='text\/css'>\n\t\t\t\t#gallery-1 {\n\t\t\t\t\tmargin: auto;\n\t\t\t\t}\n\t\t\t\t#gallery-1 .gallery-item {\n\t\t\t\t\tfloat: left;\n\t\t\t\t\tmargin-top: 10px;\n\t\t\t\t\ttext-align: center;\n\t\t\t\t\twidth: 33%;\n\t\t\t\t}\n\t\t\t\t#gallery-1 img {\n\t\t\t\t\tborder: 2px solid #cfcfcf;\n\t\t\t\t}\n\t\t\t\t#gallery-1 .gallery-caption {\n\t\t\t\t\tmargin-left: 0;\n\t\t\t\t}\n\t\t\t\t\/* see gallery_shortcode() in wp-includes\/media.php *\/\n\t\t\t<\/style>\n\t\t<div id='gallery-1' class='dt-gallery-container gallery galleryid-1675 gallery-columns-3 gallery-size-large'><dl class='gallery-item'>\n\t\t\t\t<dt class='gallery-icon portrait'>\n\t\t\t\t\t<a class=\"rollover\" href='https:\/\/weltlaeden.de\/bensheim\/whatsapp-image-2025-08-09-at-12-54-29-2\/'><img loading=\"lazy\" decoding=\"async\" width=\"769\" height=\"1024\" src=\"https:\/\/weltlaeden.de\/bensheim\/wp-content\/uploads\/sites\/105\/2025\/08\/WhatsApp-Image-2025-08-09-at-12.54.29-1-769x1024.jpeg\" class=\"attachment-large size-large\" alt=\"\" srcset=\"https:\/\/weltlaeden.de\/bensheim\/wp-content\/uploads\/sites\/105\/2025\/08\/WhatsApp-Image-2025-08-09-at-12.54.29-1-769x1024.jpeg 769w, https:\/\/weltlaeden.de\/bensheim\/wp-content\/uploads\/sites\/105\/2025\/08\/WhatsApp-Image-2025-08-09-at-12.54.29-1-225x300.jpeg 225w, https:\/\/weltlaeden.de\/bensheim\/wp-content\/uploads\/sites\/105\/2025\/08\/WhatsApp-Image-2025-08-09-at-12.54.29-1-768x1023.jpeg 768w, https:\/\/weltlaeden.de\/bensheim\/wp-content\/uploads\/sites\/105\/2025\/08\/WhatsApp-Image-2025-08-09-at-12.54.29-1-1153x1536.jpeg 1153w, https:\/\/weltlaeden.de\/bensheim\/wp-content\/uploads\/sites\/105\/2025\/08\/WhatsApp-Image-2025-08-09-at-12.54.29-1.jpeg 1537w\" sizes=\"auto, (max-width: 769px) 100vw, 769px\" \/><\/a>\n\t\t\t\t<\/dt><\/dl><dl class='gallery-item'>\n\t\t\t\t<dt class='gallery-icon portrait'>\n\t\t\t\t\t<a class=\"rollover\" href='https:\/\/weltlaeden.de\/bensheim\/whatsapp-image-2025-08-09-at-12-54-28-2\/'><img loading=\"lazy\" decoding=\"async\" width=\"769\" height=\"1024\" src=\"https:\/\/weltlaeden.de\/bensheim\/wp-content\/uploads\/sites\/105\/2025\/08\/WhatsApp-Image-2025-08-09-at-12.54.28-2-769x1024.jpeg\" class=\"attachment-large size-large\" alt=\"\" srcset=\"https:\/\/weltlaeden.de\/bensheim\/wp-content\/uploads\/sites\/105\/2025\/08\/WhatsApp-Image-2025-08-09-at-12.54.28-2-769x1024.jpeg 769w, https:\/\/weltlaeden.de\/bensheim\/wp-content\/uploads\/sites\/105\/2025\/08\/WhatsApp-Image-2025-08-09-at-12.54.28-2-225x300.jpeg 225w, https:\/\/weltlaeden.de\/bensheim\/wp-content\/uploads\/sites\/105\/2025\/08\/WhatsApp-Image-2025-08-09-at-12.54.28-2-768x1023.jpeg 768w, https:\/\/weltlaeden.de\/bensheim\/wp-content\/uploads\/sites\/105\/2025\/08\/WhatsApp-Image-2025-08-09-at-12.54.28-2-1153x1536.jpeg 1153w, https:\/\/weltlaeden.de\/bensheim\/wp-content\/uploads\/sites\/105\/2025\/08\/WhatsApp-Image-2025-08-09-at-12.54.28-2.jpeg 1537w\" sizes=\"auto, (max-width: 769px) 100vw, 769px\" \/><\/a>\n\t\t\t\t<\/dt><\/dl><dl class='gallery-item'>\n\t\t\t\t<dt class='gallery-icon landscape'>\n\t\t\t\t\t<a class=\"rollover\" href='https:\/\/weltlaeden.de\/bensheim\/whatsapp-image-2025-08-09-at-12-54-28\/'><img loading=\"lazy\" decoding=\"async\" width=\"1024\" height=\"769\" src=\"https:\/\/weltlaeden.de\/bensheim\/wp-content\/uploads\/sites\/105\/2025\/08\/WhatsApp-Image-2025-08-09-at-12.54.28-1024x769.jpeg\" class=\"attachment-large size-large\" alt=\"\" srcset=\"https:\/\/weltlaeden.de\/bensheim\/wp-content\/uploads\/sites\/105\/2025\/08\/WhatsApp-Image-2025-08-09-at-12.54.28-1024x769.jpeg 1024w, https:\/\/weltlaeden.de\/bensheim\/wp-content\/uploads\/sites\/105\/2025\/08\/WhatsApp-Image-2025-08-09-at-12.54.28-300x225.jpeg 300w, https:\/\/weltlaeden.de\/bensheim\/wp-content\/uploads\/sites\/105\/2025\/08\/WhatsApp-Image-2025-08-09-at-12.54.28-768x576.jpeg 768w, https:\/\/weltlaeden.de\/bensheim\/wp-content\/uploads\/sites\/105\/2025\/08\/WhatsApp-Image-2025-08-09-at-12.54.28-1536x1153.jpeg 1536w, https:\/\/weltlaeden.de\/bensheim\/wp-content\/uploads\/sites\/105\/2025\/08\/WhatsApp-Image-2025-08-09-at-12.54.28.jpeg 2048w\" sizes=\"auto, (max-width: 1024px) 100vw, 1024px\" \/><\/a>\n\t\t\t\t<\/dt><\/dl><br style=\"clear: both\" \/><dl class='gallery-item'>\n\t\t\t\t<dt class='gallery-icon landscape'>\n\t\t\t\t\t<a class=\"rollover\" href='https:\/\/weltlaeden.de\/bensheim\/whatsapp-image-2025-08-09-at-12-54-27-2\/'><img loading=\"lazy\" decoding=\"async\" width=\"1024\" height=\"769\" src=\"https:\/\/weltlaeden.de\/bensheim\/wp-content\/uploads\/sites\/105\/2025\/08\/WhatsApp-Image-2025-08-09-at-12.54.27-2-1024x769.jpeg\" class=\"attachment-large size-large\" alt=\"\" srcset=\"https:\/\/weltlaeden.de\/bensheim\/wp-content\/uploads\/sites\/105\/2025\/08\/WhatsApp-Image-2025-08-09-at-12.54.27-2-1024x769.jpeg 1024w, https:\/\/weltlaeden.de\/bensheim\/wp-content\/uploads\/sites\/105\/2025\/08\/WhatsApp-Image-2025-08-09-at-12.54.27-2-300x225.jpeg 300w, https:\/\/weltlaeden.de\/bensheim\/wp-content\/uploads\/sites\/105\/2025\/08\/WhatsApp-Image-2025-08-09-at-12.54.27-2-768x576.jpeg 768w, https:\/\/weltlaeden.de\/bensheim\/wp-content\/uploads\/sites\/105\/2025\/08\/WhatsApp-Image-2025-08-09-at-12.54.27-2-1536x1153.jpeg 1536w, https:\/\/weltlaeden.de\/bensheim\/wp-content\/uploads\/sites\/105\/2025\/08\/WhatsApp-Image-2025-08-09-at-12.54.27-2.jpeg 2048w\" sizes=\"auto, (max-width: 1024px) 100vw, 1024px\" \/><\/a>\n\t\t\t\t<\/dt><\/dl><dl class='gallery-item'>\n\t\t\t\t<dt class='gallery-icon landscape'>\n\t\t\t\t\t<a class=\"rollover\" href='https:\/\/weltlaeden.de\/bensheim\/whatsapp-image-2025-08-09-at-12-54-27-1\/'><img loading=\"lazy\" decoding=\"async\" width=\"1024\" height=\"769\" src=\"https:\/\/weltlaeden.de\/bensheim\/wp-content\/uploads\/sites\/105\/2025\/08\/WhatsApp-Image-2025-08-09-at-12.54.27-1-1024x769.jpeg\" class=\"attachment-large size-large\" alt=\"\" srcset=\"https:\/\/weltlaeden.de\/bensheim\/wp-content\/uploads\/sites\/105\/2025\/08\/WhatsApp-Image-2025-08-09-at-12.54.27-1-1024x769.jpeg 1024w, https:\/\/weltlaeden.de\/bensheim\/wp-content\/uploads\/sites\/105\/2025\/08\/WhatsApp-Image-2025-08-09-at-12.54.27-1-300x225.jpeg 300w, https:\/\/weltlaeden.de\/bensheim\/wp-content\/uploads\/sites\/105\/2025\/08\/WhatsApp-Image-2025-08-09-at-12.54.27-1-768x576.jpeg 768w, https:\/\/weltlaeden.de\/bensheim\/wp-content\/uploads\/sites\/105\/2025\/08\/WhatsApp-Image-2025-08-09-at-12.54.27-1-1536x1153.jpeg 1536w, https:\/\/weltlaeden.de\/bensheim\/wp-content\/uploads\/sites\/105\/2025\/08\/WhatsApp-Image-2025-08-09-at-12.54.27-1.jpeg 2048w\" sizes=\"auto, (max-width: 1024px) 100vw, 1024px\" \/><\/a>\n\t\t\t\t<\/dt><\/dl><dl class='gallery-item'>\n\t\t\t\t<dt class='gallery-icon landscape'>\n\t\t\t\t\t<a class=\"rollover\" href='https:\/\/weltlaeden.de\/bensheim\/whatsapp-image-2025-08-09-at-12-54-27\/'><img loading=\"lazy\" decoding=\"async\" width=\"1024\" height=\"769\" src=\"https:\/\/weltlaeden.de\/bensheim\/wp-content\/uploads\/sites\/105\/2025\/08\/WhatsApp-Image-2025-08-09-at-12.54.27-1024x769.jpeg\" class=\"attachment-large size-large\" alt=\"\" srcset=\"https:\/\/weltlaeden.de\/bensheim\/wp-content\/uploads\/sites\/105\/2025\/08\/WhatsApp-Image-2025-08-09-at-12.54.27-1024x769.jpeg 1024w, https:\/\/weltlaeden.de\/bensheim\/wp-content\/uploads\/sites\/105\/2025\/08\/WhatsApp-Image-2025-08-09-at-12.54.27-300x225.jpeg 300w, https:\/\/weltlaeden.de\/bensheim\/wp-content\/uploads\/sites\/105\/2025\/08\/WhatsApp-Image-2025-08-09-at-12.54.27-768x576.jpeg 768w, https:\/\/weltlaeden.de\/bensheim\/wp-content\/uploads\/sites\/105\/2025\/08\/WhatsApp-Image-2025-08-09-at-12.54.27-1536x1153.jpeg 1536w, https:\/\/weltlaeden.de\/bensheim\/wp-content\/uploads\/sites\/105\/2025\/08\/WhatsApp-Image-2025-08-09-at-12.54.27.jpeg 2048w\" sizes=\"auto, (max-width: 1024px) 100vw, 1024px\" \/><\/a>\n\t\t\t\t<\/dt><\/dl><br style=\"clear: both\" \/>\n\t\t\t<\/div>\n\n","protected":false},"excerpt":{"rendered":"<p>Heute war der Weltladen Bensheim mit einem eigenen Stand beim beliebten Marktfr\u00fchst\u00fcck vertreten. Bei bestem Marktwetter konnten Besucher*innen faire Produkte kennenlernen, probieren und sich \u00fcber den fairen Handel informieren.Das engagierte Team des Weltladens nutzte die Gelegenheit, um ins Gespr\u00e4ch zu kommen, Fragen zu beantworten und auf das vielf\u00e4ltige Sortiment aufmerksam zu machen \u2013 von k\u00f6stlichem&hellip;<\/p>\n","protected":false},"author":160,"featured_media":1673,"comment_status":"closed","ping_status":"closed","sticky":false,"template":"","format":"standard","meta":{"footnotes":""},"categories":[1],"tags":[],"class_list":["post-1675","post","type-post","status-publish","format-standard","has-post-thumbnail","hentry","category-allgemein","category-1","description-off"],"yoast_head":"<!-- This site is optimized with the Yoast SEO plugin v26.8 - https:\/\/yoast.com\/product\/yoast-seo-wordpress\/ -->\n<title>Der Weltladen Bensheim beim Marktfr\u00fchst\u00fcck - Weltladen Bensheim - Sankt Georg<\/title>\n<meta name=\"robots\" content=\"index, follow, max-snippet:-1, max-image-preview:large, max-video-preview:-1\" \/>\n<link rel=\"canonical\" href=\"https:\/\/weltlaeden.de\/bensheim\/der-weltladen-bensheim-beim-marktfruehstueck\/\" \/>\n<meta property=\"og:locale\" content=\"de_DE\" \/>\n<meta property=\"og:type\" content=\"article\" \/>\n<meta property=\"og:title\" content=\"Der Weltladen Bensheim beim Marktfr\u00fchst\u00fcck - Weltladen Bensheim - Sankt Georg\" \/>\n<meta property=\"og:description\" content=\"Heute war der Weltladen Bensheim mit einem eigenen Stand beim beliebten Marktfr\u00fchst\u00fcck vertreten. Bei bestem Marktwetter konnten Besucher*innen faire Produkte kennenlernen, probieren und sich \u00fcber den fairen Handel informieren.Das engagierte Team des Weltladens nutzte die Gelegenheit, um ins Gespr\u00e4ch zu kommen, Fragen zu beantworten und auf das vielf\u00e4ltige Sortiment aufmerksam zu machen \u2013 von k\u00f6stlichem&hellip;\" \/>\n<meta property=\"og:url\" content=\"https:\/\/weltlaeden.de\/bensheim\/der-weltladen-bensheim-beim-marktfruehstueck\/\" \/>\n<meta property=\"og:site_name\" content=\"Weltladen Bensheim - Sankt Georg\" \/>\n<meta property=\"article:published_time\" content=\"2025-08-09T12:13:15+00:00\" \/>\n<meta property=\"article:modified_time\" content=\"2025-09-21T20:29:08+00:00\" \/>\n<meta property=\"og:image\" content=\"https:\/\/weltlaeden.de\/bensheim\/wp-content\/uploads\/sites\/105\/2025\/08\/WhatsApp-Image-2025-08-09-at-12.54.27.jpeg\" \/>\n\t<meta property=\"og:image:width\" content=\"2048\" \/>\n\t<meta property=\"og:image:height\" content=\"1537\" \/>\n\t<meta property=\"og:image:type\" content=\"image\/jpeg\" \/>\n<meta name=\"author\" content=\"bensheim\" \/>\n<meta name=\"twitter:card\" content=\"summary_large_image\" \/>\n<meta name=\"twitter:label1\" content=\"Verfasst von\" \/>\n\t<meta name=\"twitter:data1\" content=\"bensheim\" \/>\n\t<meta name=\"twitter:label2\" content=\"Gesch\u00e4tzte Lesezeit\" \/>\n\t<meta name=\"twitter:data2\" content=\"1\u00a0Minute\" \/>\n<script type=\"application\/ld+json\" class=\"yoast-schema-graph\">{\"@context\":\"https:\/\/schema.org\",\"@graph\":[{\"@type\":\"Article\",\"@id\":\"https:\/\/weltlaeden.de\/bensheim\/der-weltladen-bensheim-beim-marktfruehstueck\/#article\",\"isPartOf\":{\"@id\":\"https:\/\/weltlaeden.de\/bensheim\/der-weltladen-bensheim-beim-marktfruehstueck\/\"},\"author\":{\"name\":\"bensheim\",\"@id\":\"https:\/\/weltlaeden.de\/bensheim\/#\/schema\/person\/9103edce11c0fbacaea656ebc13b21c2\"},\"headline\":\"Der Weltladen Bensheim beim Marktfr\u00fchst\u00fcck\",\"datePublished\":\"2025-08-09T12:13:15+00:00\",\"dateModified\":\"2025-09-21T20:29:08+00:00\",\"mainEntityOfPage\":{\"@id\":\"https:\/\/weltlaeden.de\/bensheim\/der-weltladen-bensheim-beim-marktfruehstueck\/\"},\"wordCount\":108,\"image\":{\"@id\":\"https:\/\/weltlaeden.de\/bensheim\/der-weltladen-bensheim-beim-marktfruehstueck\/#primaryimage\"},\"thumbnailUrl\":\"https:\/\/weltlaeden.de\/bensheim\/wp-content\/uploads\/sites\/105\/2025\/08\/WhatsApp-Image-2025-08-09-at-12.54.27.jpeg\",\"articleSection\":[\"Keine Kategorie\"],\"inLanguage\":\"de\"},{\"@type\":\"WebPage\",\"@id\":\"https:\/\/weltlaeden.de\/bensheim\/der-weltladen-bensheim-beim-marktfruehstueck\/\",\"url\":\"https:\/\/weltlaeden.de\/bensheim\/der-weltladen-bensheim-beim-marktfruehstueck\/\",\"name\":\"Der Weltladen Bensheim beim Marktfr\u00fchst\u00fcck - Weltladen Bensheim - Sankt Georg\",\"isPartOf\":{\"@id\":\"https:\/\/weltlaeden.de\/bensheim\/#website\"},\"primaryImageOfPage\":{\"@id\":\"https:\/\/weltlaeden.de\/bensheim\/der-weltladen-bensheim-beim-marktfruehstueck\/#primaryimage\"},\"image\":{\"@id\":\"https:\/\/weltlaeden.de\/bensheim\/der-weltladen-bensheim-beim-marktfruehstueck\/#primaryimage\"},\"thumbnailUrl\":\"https:\/\/weltlaeden.de\/bensheim\/wp-content\/uploads\/sites\/105\/2025\/08\/WhatsApp-Image-2025-08-09-at-12.54.27.jpeg\",\"datePublished\":\"2025-08-09T12:13:15+00:00\",\"dateModified\":\"2025-09-21T20:29:08+00:00\",\"author\":{\"@id\":\"https:\/\/weltlaeden.de\/bensheim\/#\/schema\/person\/9103edce11c0fbacaea656ebc13b21c2\"},\"breadcrumb\":{\"@id\":\"https:\/\/weltlaeden.de\/bensheim\/der-weltladen-bensheim-beim-marktfruehstueck\/#breadcrumb\"},\"inLanguage\":\"de\",\"potentialAction\":[{\"@type\":\"ReadAction\",\"target\":[\"https:\/\/weltlaeden.de\/bensheim\/der-weltladen-bensheim-beim-marktfruehstueck\/\"]}]},{\"@type\":\"ImageObject\",\"inLanguage\":\"de\",\"@id\":\"https:\/\/weltlaeden.de\/bensheim\/der-weltladen-bensheim-beim-marktfruehstueck\/#primaryimage\",\"url\":\"https:\/\/weltlaeden.de\/bensheim\/wp-content\/uploads\/sites\/105\/2025\/08\/WhatsApp-Image-2025-08-09-at-12.54.27.jpeg\",\"contentUrl\":\"https:\/\/weltlaeden.de\/bensheim\/wp-content\/uploads\/sites\/105\/2025\/08\/WhatsApp-Image-2025-08-09-at-12.54.27.jpeg\",\"width\":2048,\"height\":1537},{\"@type\":\"BreadcrumbList\",\"@id\":\"https:\/\/weltlaeden.de\/bensheim\/der-weltladen-bensheim-beim-marktfruehstueck\/#breadcrumb\",\"itemListElement\":[{\"@type\":\"ListItem\",\"position\":1,\"name\":\"Startseite\",\"item\":\"https:\/\/weltlaeden.de\/bensheim\/\"},{\"@type\":\"ListItem\",\"position\":2,\"name\":\"Der Weltladen Bensheim beim Marktfr\u00fchst\u00fcck\"}]},{\"@type\":\"WebSite\",\"@id\":\"https:\/\/weltlaeden.de\/bensheim\/#website\",\"url\":\"https:\/\/weltlaeden.de\/bensheim\/\",\"name\":\"Weltladen Bensheim - Sankt Georg\",\"description\":\"Faire Produkte und Handel\",\"potentialAction\":[{\"@type\":\"SearchAction\",\"target\":{\"@type\":\"EntryPoint\",\"urlTemplate\":\"https:\/\/weltlaeden.de\/bensheim\/?s={search_term_string}\"},\"query-input\":{\"@type\":\"PropertyValueSpecification\",\"valueRequired\":true,\"valueName\":\"search_term_string\"}}],\"inLanguage\":\"de\"},{\"@type\":\"Person\",\"@id\":\"https:\/\/weltlaeden.de\/bensheim\/#\/schema\/person\/9103edce11c0fbacaea656ebc13b21c2\",\"name\":\"bensheim\",\"image\":{\"@type\":\"ImageObject\",\"inLanguage\":\"de\",\"@id\":\"https:\/\/weltlaeden.de\/bensheim\/#\/schema\/person\/image\/\",\"url\":\"https:\/\/secure.gravatar.com\/avatar\/12395c7d949c31d7690fdd02af2bf163?s=96&d=mm&r=g\",\"contentUrl\":\"https:\/\/secure.gravatar.com\/avatar\/12395c7d949c31d7690fdd02af2bf163?s=96&d=mm&r=g\",\"caption\":\"bensheim\"}}]}<\/script>\n<!-- \/ Yoast SEO plugin. -->","yoast_head_json":{"title":"Der Weltladen Bensheim beim Marktfr\u00fchst\u00fcck - Weltladen Bensheim - Sankt Georg","robots":{"index":"index","follow":"follow","max-snippet":"max-snippet:-1","max-image-preview":"max-image-preview:large","max-video-preview":"max-video-preview:-1"},"canonical":"https:\/\/weltlaeden.de\/bensheim\/der-weltladen-bensheim-beim-marktfruehstueck\/","og_locale":"de_DE","og_type":"article","og_title":"Der Weltladen Bensheim beim Marktfr\u00fchst\u00fcck - Weltladen Bensheim - Sankt Georg","og_description":"Heute war der Weltladen Bensheim mit einem eigenen Stand beim beliebten Marktfr\u00fchst\u00fcck vertreten. Bei bestem Marktwetter konnten Besucher*innen faire Produkte kennenlernen, probieren und sich \u00fcber den fairen Handel informieren.Das engagierte Team des Weltladens nutzte die Gelegenheit, um ins Gespr\u00e4ch zu kommen, Fragen zu beantworten und auf das vielf\u00e4ltige Sortiment aufmerksam zu machen \u2013 von k\u00f6stlichem&hellip;","og_url":"https:\/\/weltlaeden.de\/bensheim\/der-weltladen-bensheim-beim-marktfruehstueck\/","og_site_name":"Weltladen Bensheim - Sankt Georg","article_published_time":"2025-08-09T12:13:15+00:00","article_modified_time":"2025-09-21T20:29:08+00:00","og_image":[{"width":2048,"height":1537,"url":"https:\/\/weltlaeden.de\/bensheim\/wp-content\/uploads\/sites\/105\/2025\/08\/WhatsApp-Image-2025-08-09-at-12.54.27.jpeg","type":"image\/jpeg"}],"author":"bensheim","twitter_card":"summary_large_image","twitter_misc":{"Verfasst von":"bensheim","Gesch\u00e4tzte Lesezeit":"1\u00a0Minute"},"schema":{"@context":"https:\/\/schema.org","@graph":[{"@type":"Article","@id":"https:\/\/weltlaeden.de\/bensheim\/der-weltladen-bensheim-beim-marktfruehstueck\/#article","isPartOf":{"@id":"https:\/\/weltlaeden.de\/bensheim\/der-weltladen-bensheim-beim-marktfruehstueck\/"},"author":{"name":"bensheim","@id":"https:\/\/weltlaeden.de\/bensheim\/#\/schema\/person\/9103edce11c0fbacaea656ebc13b21c2"},"headline":"Der Weltladen Bensheim beim Marktfr\u00fchst\u00fcck","datePublished":"2025-08-09T12:13:15+00:00","dateModified":"2025-09-21T20:29:08+00:00","mainEntityOfPage":{"@id":"https:\/\/weltlaeden.de\/bensheim\/der-weltladen-bensheim-beim-marktfruehstueck\/"},"wordCount":108,"image":{"@id":"https:\/\/weltlaeden.de\/bensheim\/der-weltladen-bensheim-beim-marktfruehstueck\/#primaryimage"},"thumbnailUrl":"https:\/\/weltlaeden.de\/bensheim\/wp-content\/uploads\/sites\/105\/2025\/08\/WhatsApp-Image-2025-08-09-at-12.54.27.jpeg","articleSection":["Keine Kategorie"],"inLanguage":"de"},{"@type":"WebPage","@id":"https:\/\/weltlaeden.de\/bensheim\/der-weltladen-bensheim-beim-marktfruehstueck\/","url":"https:\/\/weltlaeden.de\/bensheim\/der-weltladen-bensheim-beim-marktfruehstueck\/","name":"Der Weltladen Bensheim beim Marktfr\u00fchst\u00fcck - Weltladen Bensheim - Sankt Georg","isPartOf":{"@id":"https:\/\/weltlaeden.de\/bensheim\/#website"},"primaryImageOfPage":{"@id":"https:\/\/weltlaeden.de\/bensheim\/der-weltladen-bensheim-beim-marktfruehstueck\/#primaryimage"},"image":{"@id":"https:\/\/weltlaeden.de\/bensheim\/der-weltladen-bensheim-beim-marktfruehstueck\/#primaryimage"},"thumbnailUrl":"https:\/\/weltlaeden.de\/bensheim\/wp-content\/uploads\/sites\/105\/2025\/08\/WhatsApp-Image-2025-08-09-at-12.54.27.jpeg","datePublished":"2025-08-09T12:13:15+00:00","dateModified":"2025-09-21T20:29:08+00:00","author":{"@id":"https:\/\/weltlaeden.de\/bensheim\/#\/schema\/person\/9103edce11c0fbacaea656ebc13b21c2"},"breadcrumb":{"@id":"https:\/\/weltlaeden.de\/bensheim\/der-weltladen-bensheim-beim-marktfruehstueck\/#breadcrumb"},"inLanguage":"de","potentialAction":[{"@type":"ReadAction","target":["https:\/\/weltlaeden.de\/bensheim\/der-weltladen-bensheim-beim-marktfruehstueck\/"]}]},{"@type":"ImageObject","inLanguage":"de","@id":"https:\/\/weltlaeden.de\/bensheim\/der-weltladen-bensheim-beim-marktfruehstueck\/#primaryimage","url":"https:\/\/weltlaeden.de\/bensheim\/wp-content\/uploads\/sites\/105\/2025\/08\/WhatsApp-Image-2025-08-09-at-12.54.27.jpeg","contentUrl":"https:\/\/weltlaeden.de\/bensheim\/wp-content\/uploads\/sites\/105\/2025\/08\/WhatsApp-Image-2025-08-09-at-12.54.27.jpeg","width":2048,"height":1537},{"@type":"BreadcrumbList","@id":"https:\/\/weltlaeden.de\/bensheim\/der-weltladen-bensheim-beim-marktfruehstueck\/#breadcrumb","itemListElement":[{"@type":"ListItem","position":1,"name":"Startseite","item":"https:\/\/weltlaeden.de\/bensheim\/"},{"@type":"ListItem","position":2,"name":"Der Weltladen Bensheim beim Marktfr\u00fchst\u00fcck"}]},{"@type":"WebSite","@id":"https:\/\/weltlaeden.de\/bensheim\/#website","url":"https:\/\/weltlaeden.de\/bensheim\/","name":"Weltladen Bensheim - Sankt Georg","description":"Faire Produkte und Handel","potentialAction":[{"@type":"SearchAction","target":{"@type":"EntryPoint","urlTemplate":"https:\/\/weltlaeden.de\/bensheim\/?s={search_term_string}"},"query-input":{"@type":"PropertyValueSpecification","valueRequired":true,"valueName":"search_term_string"}}],"inLanguage":"de"},{"@type":"Person","@id":"https:\/\/weltlaeden.de\/bensheim\/#\/schema\/person\/9103edce11c0fbacaea656ebc13b21c2","name":"bensheim","image":{"@type":"ImageObject","inLanguage":"de","@id":"https:\/\/weltlaeden.de\/bensheim\/#\/schema\/person\/image\/","url":"https:\/\/secure.gravatar.com\/avatar\/12395c7d949c31d7690fdd02af2bf163?s=96&d=mm&r=g","contentUrl":"https:\/\/secure.gravatar.com\/avatar\/12395c7d949c31d7690fdd02af2bf163?s=96&d=mm&r=g","caption":"bensheim"}}]}},"_links":{"self":[{"href":"https:\/\/weltlaeden.de\/bensheim\/wp-json\/wp\/v2\/posts\/1675","targetHints":{"allow":["GET"]}}],"collection":[{"href":"https:\/\/weltlaeden.de\/bensheim\/wp-json\/wp\/v2\/posts"}],"about":[{"href":"https:\/\/weltlaeden.de\/bensheim\/wp-json\/wp\/v2\/types\/post"}],"author":[{"embeddable":true,"href":"https:\/\/weltlaeden.de\/bensheim\/wp-json\/wp\/v2\/users\/160"}],"replies":[{"embeddable":true,"href":"https:\/\/weltlaeden.de\/bensheim\/wp-json\/wp\/v2\/comments?post=1675"}],"version-history":[{"count":1,"href":"https:\/\/weltlaeden.de\/bensheim\/wp-json\/wp\/v2\/posts\/1675\/revisions"}],"predecessor-version":[{"id":1676,"href":"https:\/\/weltlaeden.de\/bensheim\/wp-json\/wp\/v2\/posts\/1675\/revisions\/1676"}],"wp:featuredmedia":[{"embeddable":true,"href":"https:\/\/weltlaeden.de\/bensheim\/wp-json\/wp\/v2\/media\/1673"}],"wp:attachment":[{"href":"https:\/\/weltlaeden.de\/bensheim\/wp-json\/wp\/v2\/media?parent=1675"}],"wp:term":[{"taxonomy":"category","embeddable":true,"href":"https:\/\/weltlaeden.de\/bensheim\/wp-json\/wp\/v2\/categories?post=1675"},{"taxonomy":"post_tag","embeddable":true,"href":"https:\/\/weltlaeden.de\/bensheim\/wp-json\/wp\/v2\/tags?post=1675"}],"curies":[{"name":"wp","href":"https:\/\/api.w.org\/{rel}","templated":true}]}}