{"id":1653,"date":"2025-04-30T22:11:18","date_gmt":"2025-04-30T20:11:18","guid":{"rendered":"https:\/\/weltlaeden.de\/bensheim\/?p=1653"},"modified":"2025-09-30T19:03:46","modified_gmt":"2025-09-30T17:03:46","slug":"haengematte-oder-einen-haengesitz-fuer-ihre-entspannung","status":"publish","type":"post","link":"https:\/\/weltlaeden.de\/bensheim\/haengematte-oder-einen-haengesitz-fuer-ihre-entspannung\/","title":{"rendered":"Entspannt fair genie\u00dfen \u2013 mit H\u00e4ngematten und H\u00e4ngesitzen aus dem Weltladen Bensheim"},"content":{"rendered":"<p><b><img loading=\"lazy\" decoding=\"async\" class=\"size-medium wp-image-1661 alignright\" src=\"https:\/\/weltlaeden.de\/bensheim\/wp-content\/uploads\/sites\/105\/2025\/04\/PXL_20250602_142224671-226x300.jpg\" alt=\"\" width=\"226\" height=\"300\" srcset=\"https:\/\/weltlaeden.de\/bensheim\/wp-content\/uploads\/sites\/105\/2025\/04\/PXL_20250602_142224671-226x300.jpg 226w, https:\/\/weltlaeden.de\/bensheim\/wp-content\/uploads\/sites\/105\/2025\/04\/PXL_20250602_142224671-771x1024.jpg 771w, https:\/\/weltlaeden.de\/bensheim\/wp-content\/uploads\/sites\/105\/2025\/04\/PXL_20250602_142224671-768x1020.jpg 768w, https:\/\/weltlaeden.de\/bensheim\/wp-content\/uploads\/sites\/105\/2025\/04\/PXL_20250602_142224671-1157x1536.jpg 1157w, https:\/\/weltlaeden.de\/bensheim\/wp-content\/uploads\/sites\/105\/2025\/04\/PXL_20250602_142224671.jpg 1205w\" sizes=\"auto, (max-width: 226px) 100vw, 226px\" \/>Entspannt fair genie\u00dfen \u2013 mit H\u00e4ngematten und H\u00e4ngesitzen aus dem Weltladen Bensheim<\/b><\/p>\n<p>Im Weltladen Bensheim finden Sie eine feine Auswahl an hochwertigen H\u00e4ngematten und H\u00e4ngesitzen \u2013 handgefertigt, fair gehandelt und mit viel Liebe zum Detail. Ob f\u00fcr den Garten, den Balkon oder das Wohnzimmer: Unsere H\u00e4ngem\u00f6bel laden zum Tr\u00e4umen und Entspannen ein.<\/p>\n<p>Sie suchen etwas Besonderes? Wir bestellen gerne exklusiv f\u00fcr Sie!<\/p>\n<p>Kommen Sie vorbei und entdecken Sie die Welt des fairen Handels \u2013 auch zum Relaxen!<\/p>\n\n\t\t\t<style type='text\/css'>\n\t\t\t\t#gallery-1 {\n\t\t\t\t\tmargin: auto;\n\t\t\t\t}\n\t\t\t\t#gallery-1 .gallery-item {\n\t\t\t\t\tfloat: left;\n\t\t\t\t\tmargin-top: 10px;\n\t\t\t\t\ttext-align: center;\n\t\t\t\t\twidth: 25%;\n\t\t\t\t}\n\t\t\t\t#gallery-1 img {\n\t\t\t\t\tborder: 2px solid #cfcfcf;\n\t\t\t\t}\n\t\t\t\t#gallery-1 .gallery-caption {\n\t\t\t\t\tmargin-left: 0;\n\t\t\t\t}\n\t\t\t\t\/* see gallery_shortcode() in wp-includes\/media.php *\/\n\t\t\t<\/style>\n\t\t<div id='gallery-1' class='dt-gallery-container gallery galleryid-1653 gallery-columns-4 gallery-size-medium'><dl class='gallery-item'>\n\t\t\t\t<dt class='gallery-icon landscape'>\n\t\t\t\t\t<a class=\"rollover\" href='https:\/\/weltlaeden.de\/bensheim\/haengematte-oder-einen-haengesitz-fuer-ihre-entspannung\/hmmx4\/'><img loading=\"lazy\" decoding=\"async\" width=\"300\" height=\"300\" src=\"https:\/\/weltlaeden.de\/bensheim\/wp-content\/uploads\/sites\/105\/2025\/04\/hmmx4-300x300.png\" class=\"attachment-medium size-medium\" alt=\"\" srcset=\"https:\/\/weltlaeden.de\/bensheim\/wp-content\/uploads\/sites\/105\/2025\/04\/hmmx4-300x300.png 300w, https:\/\/weltlaeden.de\/bensheim\/wp-content\/uploads\/sites\/105\/2025\/04\/hmmx4-150x150.png 150w, https:\/\/weltlaeden.de\/bensheim\/wp-content\/uploads\/sites\/105\/2025\/04\/hmmx4-768x768.png 768w, https:\/\/weltlaeden.de\/bensheim\/wp-content\/uploads\/sites\/105\/2025\/04\/hmmx4.png 827w\" sizes=\"auto, (max-width: 300px) 100vw, 300px\" \/><\/a>\n\t\t\t\t<\/dt><\/dl><dl class='gallery-item'>\n\t\t\t\t<dt class='gallery-icon landscape'>\n\t\t\t\t\t<a class=\"rollover\" href='https:\/\/weltlaeden.de\/bensheim\/haengematte-oder-einen-haengesitz-fuer-ihre-entspannung\/hmx3\/'><img loading=\"lazy\" decoding=\"async\" width=\"300\" height=\"300\" src=\"https:\/\/weltlaeden.de\/bensheim\/wp-content\/uploads\/sites\/105\/2025\/04\/hmx3-300x300.png\" class=\"attachment-medium size-medium\" alt=\"\" srcset=\"https:\/\/weltlaeden.de\/bensheim\/wp-content\/uploads\/sites\/105\/2025\/04\/hmx3-300x300.png 300w, https:\/\/weltlaeden.de\/bensheim\/wp-content\/uploads\/sites\/105\/2025\/04\/hmx3-150x150.png 150w, https:\/\/weltlaeden.de\/bensheim\/wp-content\/uploads\/sites\/105\/2025\/04\/hmx3-768x768.png 768w, https:\/\/weltlaeden.de\/bensheim\/wp-content\/uploads\/sites\/105\/2025\/04\/hmx3.png 827w\" sizes=\"auto, (max-width: 300px) 100vw, 300px\" \/><\/a>\n\t\t\t\t<\/dt><\/dl><dl class='gallery-item'>\n\t\t\t\t<dt class='gallery-icon landscape'>\n\t\t\t\t\t<a class=\"rollover\" href='https:\/\/weltlaeden.de\/bensheim\/hmx2\/'><img loading=\"lazy\" decoding=\"async\" width=\"300\" height=\"300\" src=\"https:\/\/weltlaeden.de\/bensheim\/wp-content\/uploads\/sites\/105\/2025\/04\/hmx2-300x300.png\" class=\"attachment-medium size-medium\" alt=\"\" srcset=\"https:\/\/weltlaeden.de\/bensheim\/wp-content\/uploads\/sites\/105\/2025\/04\/hmx2-300x300.png 300w, https:\/\/weltlaeden.de\/bensheim\/wp-content\/uploads\/sites\/105\/2025\/04\/hmx2-150x150.png 150w, https:\/\/weltlaeden.de\/bensheim\/wp-content\/uploads\/sites\/105\/2025\/04\/hmx2-768x768.png 768w, https:\/\/weltlaeden.de\/bensheim\/wp-content\/uploads\/sites\/105\/2025\/04\/hmx2.png 827w\" sizes=\"auto, (max-width: 300px) 100vw, 300px\" \/><\/a>\n\t\t\t\t<\/dt><\/dl><dl class='gallery-item'>\n\t\t\t\t<dt class='gallery-icon landscape'>\n\t\t\t\t\t<a class=\"rollover\" href='https:\/\/weltlaeden.de\/bensheim\/hmx1\/'><img loading=\"lazy\" decoding=\"async\" width=\"300\" height=\"300\" src=\"https:\/\/weltlaeden.de\/bensheim\/wp-content\/uploads\/sites\/105\/2025\/04\/hmx1-300x300.png\" class=\"attachment-medium size-medium\" alt=\"\" srcset=\"https:\/\/weltlaeden.de\/bensheim\/wp-content\/uploads\/sites\/105\/2025\/04\/hmx1-300x300.png 300w, https:\/\/weltlaeden.de\/bensheim\/wp-content\/uploads\/sites\/105\/2025\/04\/hmx1-1024x1024.png 1024w, https:\/\/weltlaeden.de\/bensheim\/wp-content\/uploads\/sites\/105\/2025\/04\/hmx1-150x150.png 150w, https:\/\/weltlaeden.de\/bensheim\/wp-content\/uploads\/sites\/105\/2025\/04\/hmx1-768x768.png 768w, https:\/\/weltlaeden.de\/bensheim\/wp-content\/uploads\/sites\/105\/2025\/04\/hmx1.png 1213w\" sizes=\"auto, (max-width: 300px) 100vw, 300px\" \/><\/a>\n\t\t\t\t<\/dt><\/dl><br style=\"clear: both\" \/>\n\t\t\t<\/div>\n\n","protected":false},"excerpt":{"rendered":"<p>Entspannt fair genie\u00dfen \u2013 mit H\u00e4ngematten und H\u00e4ngesitzen aus dem Weltladen Bensheim Im Weltladen Bensheim finden Sie eine feine Auswahl an hochwertigen H\u00e4ngematten und H\u00e4ngesitzen \u2013 handgefertigt, fair gehandelt und mit viel Liebe zum Detail. Ob f\u00fcr den Garten, den Balkon oder das Wohnzimmer: Unsere H\u00e4ngem\u00f6bel laden zum Tr\u00e4umen und Entspannen ein. Sie suchen etwas&hellip;<\/p>\n","protected":false},"author":160,"featured_media":1654,"comment_status":"closed","ping_status":"closed","sticky":false,"template":"","format":"standard","meta":{"footnotes":""},"categories":[1,8],"tags":[],"class_list":["post-1653","post","type-post","status-publish","format-standard","has-post-thumbnail","hentry","category-allgemein","category-neues","category-1","category-8","description-off"],"yoast_head":"<!-- This site is optimized with the Yoast SEO plugin v26.8 - https:\/\/yoast.com\/product\/yoast-seo-wordpress\/ -->\n<title>Entspannt fair genie\u00dfen \u2013 mit H\u00e4ngematten und H\u00e4ngesitzen aus dem Weltladen Bensheim - Weltladen Bensheim - Sankt Georg<\/title>\n<meta name=\"robots\" content=\"index, follow, max-snippet:-1, max-image-preview:large, max-video-preview:-1\" \/>\n<link rel=\"canonical\" href=\"https:\/\/weltlaeden.de\/bensheim\/haengematte-oder-einen-haengesitz-fuer-ihre-entspannung\/\" \/>\n<meta property=\"og:locale\" content=\"de_DE\" \/>\n<meta property=\"og:type\" content=\"article\" \/>\n<meta property=\"og:title\" content=\"Entspannt fair genie\u00dfen \u2013 mit H\u00e4ngematten und H\u00e4ngesitzen aus dem Weltladen Bensheim - Weltladen Bensheim - Sankt Georg\" \/>\n<meta property=\"og:description\" content=\"Entspannt fair genie\u00dfen \u2013 mit H\u00e4ngematten und H\u00e4ngesitzen aus dem Weltladen Bensheim Im Weltladen Bensheim finden Sie eine feine Auswahl an hochwertigen H\u00e4ngematten und H\u00e4ngesitzen \u2013 handgefertigt, fair gehandelt und mit viel Liebe zum Detail. Ob f\u00fcr den Garten, den Balkon oder das Wohnzimmer: Unsere H\u00e4ngem\u00f6bel laden zum Tr\u00e4umen und Entspannen ein. Sie suchen etwas&hellip;\" \/>\n<meta property=\"og:url\" content=\"https:\/\/weltlaeden.de\/bensheim\/haengematte-oder-einen-haengesitz-fuer-ihre-entspannung\/\" \/>\n<meta property=\"og:site_name\" content=\"Weltladen Bensheim - Sankt Georg\" \/>\n<meta property=\"article:published_time\" content=\"2025-04-30T20:11:18+00:00\" \/>\n<meta property=\"article:modified_time\" content=\"2025-09-30T17:03:46+00:00\" \/>\n<meta property=\"og:image\" content=\"https:\/\/weltlaeden.de\/bensheim\/wp-content\/uploads\/sites\/105\/2025\/04\/hmx0-1024x605.png\" \/>\n\t<meta property=\"og:image:width\" content=\"1024\" \/>\n\t<meta property=\"og:image:height\" content=\"605\" \/>\n\t<meta property=\"og:image:type\" content=\"image\/png\" \/>\n<meta name=\"author\" content=\"bensheim\" \/>\n<meta name=\"twitter:card\" content=\"summary_large_image\" \/>\n<meta name=\"twitter:label1\" content=\"Verfasst von\" \/>\n\t<meta name=\"twitter:data1\" content=\"bensheim\" \/>\n<script type=\"application\/ld+json\" class=\"yoast-schema-graph\">{\"@context\":\"https:\/\/schema.org\",\"@graph\":[{\"@type\":\"Article\",\"@id\":\"https:\/\/weltlaeden.de\/bensheim\/haengematte-oder-einen-haengesitz-fuer-ihre-entspannung\/#article\",\"isPartOf\":{\"@id\":\"https:\/\/weltlaeden.de\/bensheim\/haengematte-oder-einen-haengesitz-fuer-ihre-entspannung\/\"},\"author\":{\"name\":\"bensheim\",\"@id\":\"https:\/\/weltlaeden.de\/bensheim\/#\/schema\/person\/9103edce11c0fbacaea656ebc13b21c2\"},\"headline\":\"Entspannt fair genie\u00dfen \u2013 mit H\u00e4ngematten und H\u00e4ngesitzen aus dem Weltladen Bensheim\",\"datePublished\":\"2025-04-30T20:11:18+00:00\",\"dateModified\":\"2025-09-30T17:03:46+00:00\",\"mainEntityOfPage\":{\"@id\":\"https:\/\/weltlaeden.de\/bensheim\/haengematte-oder-einen-haengesitz-fuer-ihre-entspannung\/\"},\"wordCount\":103,\"image\":{\"@id\":\"https:\/\/weltlaeden.de\/bensheim\/haengematte-oder-einen-haengesitz-fuer-ihre-entspannung\/#primaryimage\"},\"thumbnailUrl\":\"https:\/\/weltlaeden.de\/bensheim\/wp-content\/uploads\/sites\/105\/2025\/04\/hmx0.png\",\"articleSection\":[\"Keine Kategorie\",\"Neuigkeiten\"],\"inLanguage\":\"de\"},{\"@type\":\"WebPage\",\"@id\":\"https:\/\/weltlaeden.de\/bensheim\/haengematte-oder-einen-haengesitz-fuer-ihre-entspannung\/\",\"url\":\"https:\/\/weltlaeden.de\/bensheim\/haengematte-oder-einen-haengesitz-fuer-ihre-entspannung\/\",\"name\":\"Entspannt fair genie\u00dfen \u2013 mit H\u00e4ngematten und H\u00e4ngesitzen aus dem Weltladen Bensheim - Weltladen Bensheim - Sankt Georg\",\"isPartOf\":{\"@id\":\"https:\/\/weltlaeden.de\/bensheim\/#website\"},\"primaryImageOfPage\":{\"@id\":\"https:\/\/weltlaeden.de\/bensheim\/haengematte-oder-einen-haengesitz-fuer-ihre-entspannung\/#primaryimage\"},\"image\":{\"@id\":\"https:\/\/weltlaeden.de\/bensheim\/haengematte-oder-einen-haengesitz-fuer-ihre-entspannung\/#primaryimage\"},\"thumbnailUrl\":\"https:\/\/weltlaeden.de\/bensheim\/wp-content\/uploads\/sites\/105\/2025\/04\/hmx0.png\",\"datePublished\":\"2025-04-30T20:11:18+00:00\",\"dateModified\":\"2025-09-30T17:03:46+00:00\",\"author\":{\"@id\":\"https:\/\/weltlaeden.de\/bensheim\/#\/schema\/person\/9103edce11c0fbacaea656ebc13b21c2\"},\"breadcrumb\":{\"@id\":\"https:\/\/weltlaeden.de\/bensheim\/haengematte-oder-einen-haengesitz-fuer-ihre-entspannung\/#breadcrumb\"},\"inLanguage\":\"de\",\"potentialAction\":[{\"@type\":\"ReadAction\",\"target\":[\"https:\/\/weltlaeden.de\/bensheim\/haengematte-oder-einen-haengesitz-fuer-ihre-entspannung\/\"]}]},{\"@type\":\"ImageObject\",\"inLanguage\":\"de\",\"@id\":\"https:\/\/weltlaeden.de\/bensheim\/haengematte-oder-einen-haengesitz-fuer-ihre-entspannung\/#primaryimage\",\"url\":\"https:\/\/weltlaeden.de\/bensheim\/wp-content\/uploads\/sites\/105\/2025\/04\/hmx0.png\",\"contentUrl\":\"https:\/\/weltlaeden.de\/bensheim\/wp-content\/uploads\/sites\/105\/2025\/04\/hmx0.png\",\"width\":1213,\"height\":717},{\"@type\":\"BreadcrumbList\",\"@id\":\"https:\/\/weltlaeden.de\/bensheim\/haengematte-oder-einen-haengesitz-fuer-ihre-entspannung\/#breadcrumb\",\"itemListElement\":[{\"@type\":\"ListItem\",\"position\":1,\"name\":\"Startseite\",\"item\":\"https:\/\/weltlaeden.de\/bensheim\/\"},{\"@type\":\"ListItem\",\"position\":2,\"name\":\"Entspannt fair genie\u00dfen \u2013 mit H\u00e4ngematten und H\u00e4ngesitzen aus dem Weltladen Bensheim\"}]},{\"@type\":\"WebSite\",\"@id\":\"https:\/\/weltlaeden.de\/bensheim\/#website\",\"url\":\"https:\/\/weltlaeden.de\/bensheim\/\",\"name\":\"Weltladen Bensheim - Sankt Georg\",\"description\":\"Faire Produkte und Handel\",\"potentialAction\":[{\"@type\":\"SearchAction\",\"target\":{\"@type\":\"EntryPoint\",\"urlTemplate\":\"https:\/\/weltlaeden.de\/bensheim\/?s={search_term_string}\"},\"query-input\":{\"@type\":\"PropertyValueSpecification\",\"valueRequired\":true,\"valueName\":\"search_term_string\"}}],\"inLanguage\":\"de\"},{\"@type\":\"Person\",\"@id\":\"https:\/\/weltlaeden.de\/bensheim\/#\/schema\/person\/9103edce11c0fbacaea656ebc13b21c2\",\"name\":\"bensheim\",\"image\":{\"@type\":\"ImageObject\",\"inLanguage\":\"de\",\"@id\":\"https:\/\/weltlaeden.de\/bensheim\/#\/schema\/person\/image\/\",\"url\":\"https:\/\/secure.gravatar.com\/avatar\/12395c7d949c31d7690fdd02af2bf163?s=96&d=mm&r=g\",\"contentUrl\":\"https:\/\/secure.gravatar.com\/avatar\/12395c7d949c31d7690fdd02af2bf163?s=96&d=mm&r=g\",\"caption\":\"bensheim\"}}]}<\/script>\n<!-- \/ Yoast SEO plugin. -->","yoast_head_json":{"title":"Entspannt fair genie\u00dfen \u2013 mit H\u00e4ngematten und H\u00e4ngesitzen aus dem Weltladen Bensheim - Weltladen Bensheim - Sankt Georg","robots":{"index":"index","follow":"follow","max-snippet":"max-snippet:-1","max-image-preview":"max-image-preview:large","max-video-preview":"max-video-preview:-1"},"canonical":"https:\/\/weltlaeden.de\/bensheim\/haengematte-oder-einen-haengesitz-fuer-ihre-entspannung\/","og_locale":"de_DE","og_type":"article","og_title":"Entspannt fair genie\u00dfen \u2013 mit H\u00e4ngematten und H\u00e4ngesitzen aus dem Weltladen Bensheim - Weltladen Bensheim - Sankt Georg","og_description":"Entspannt fair genie\u00dfen \u2013 mit H\u00e4ngematten und H\u00e4ngesitzen aus dem Weltladen Bensheim Im Weltladen Bensheim finden Sie eine feine Auswahl an hochwertigen H\u00e4ngematten und H\u00e4ngesitzen \u2013 handgefertigt, fair gehandelt und mit viel Liebe zum Detail. Ob f\u00fcr den Garten, den Balkon oder das Wohnzimmer: Unsere H\u00e4ngem\u00f6bel laden zum Tr\u00e4umen und Entspannen ein. Sie suchen etwas&hellip;","og_url":"https:\/\/weltlaeden.de\/bensheim\/haengematte-oder-einen-haengesitz-fuer-ihre-entspannung\/","og_site_name":"Weltladen Bensheim - Sankt Georg","article_published_time":"2025-04-30T20:11:18+00:00","article_modified_time":"2025-09-30T17:03:46+00:00","og_image":[{"width":1024,"height":605,"url":"https:\/\/weltlaeden.de\/bensheim\/wp-content\/uploads\/sites\/105\/2025\/04\/hmx0-1024x605.png","type":"image\/png"}],"author":"bensheim","twitter_card":"summary_large_image","twitter_misc":{"Verfasst von":"bensheim"},"schema":{"@context":"https:\/\/schema.org","@graph":[{"@type":"Article","@id":"https:\/\/weltlaeden.de\/bensheim\/haengematte-oder-einen-haengesitz-fuer-ihre-entspannung\/#article","isPartOf":{"@id":"https:\/\/weltlaeden.de\/bensheim\/haengematte-oder-einen-haengesitz-fuer-ihre-entspannung\/"},"author":{"name":"bensheim","@id":"https:\/\/weltlaeden.de\/bensheim\/#\/schema\/person\/9103edce11c0fbacaea656ebc13b21c2"},"headline":"Entspannt fair genie\u00dfen \u2013 mit H\u00e4ngematten und H\u00e4ngesitzen aus dem Weltladen Bensheim","datePublished":"2025-04-30T20:11:18+00:00","dateModified":"2025-09-30T17:03:46+00:00","mainEntityOfPage":{"@id":"https:\/\/weltlaeden.de\/bensheim\/haengematte-oder-einen-haengesitz-fuer-ihre-entspannung\/"},"wordCount":103,"image":{"@id":"https:\/\/weltlaeden.de\/bensheim\/haengematte-oder-einen-haengesitz-fuer-ihre-entspannung\/#primaryimage"},"thumbnailUrl":"https:\/\/weltlaeden.de\/bensheim\/wp-content\/uploads\/sites\/105\/2025\/04\/hmx0.png","articleSection":["Keine Kategorie","Neuigkeiten"],"inLanguage":"de"},{"@type":"WebPage","@id":"https:\/\/weltlaeden.de\/bensheim\/haengematte-oder-einen-haengesitz-fuer-ihre-entspannung\/","url":"https:\/\/weltlaeden.de\/bensheim\/haengematte-oder-einen-haengesitz-fuer-ihre-entspannung\/","name":"Entspannt fair genie\u00dfen \u2013 mit H\u00e4ngematten und H\u00e4ngesitzen aus dem Weltladen Bensheim - Weltladen Bensheim - Sankt Georg","isPartOf":{"@id":"https:\/\/weltlaeden.de\/bensheim\/#website"},"primaryImageOfPage":{"@id":"https:\/\/weltlaeden.de\/bensheim\/haengematte-oder-einen-haengesitz-fuer-ihre-entspannung\/#primaryimage"},"image":{"@id":"https:\/\/weltlaeden.de\/bensheim\/haengematte-oder-einen-haengesitz-fuer-ihre-entspannung\/#primaryimage"},"thumbnailUrl":"https:\/\/weltlaeden.de\/bensheim\/wp-content\/uploads\/sites\/105\/2025\/04\/hmx0.png","datePublished":"2025-04-30T20:11:18+00:00","dateModified":"2025-09-30T17:03:46+00:00","author":{"@id":"https:\/\/weltlaeden.de\/bensheim\/#\/schema\/person\/9103edce11c0fbacaea656ebc13b21c2"},"breadcrumb":{"@id":"https:\/\/weltlaeden.de\/bensheim\/haengematte-oder-einen-haengesitz-fuer-ihre-entspannung\/#breadcrumb"},"inLanguage":"de","potentialAction":[{"@type":"ReadAction","target":["https:\/\/weltlaeden.de\/bensheim\/haengematte-oder-einen-haengesitz-fuer-ihre-entspannung\/"]}]},{"@type":"ImageObject","inLanguage":"de","@id":"https:\/\/weltlaeden.de\/bensheim\/haengematte-oder-einen-haengesitz-fuer-ihre-entspannung\/#primaryimage","url":"https:\/\/weltlaeden.de\/bensheim\/wp-content\/uploads\/sites\/105\/2025\/04\/hmx0.png","contentUrl":"https:\/\/weltlaeden.de\/bensheim\/wp-content\/uploads\/sites\/105\/2025\/04\/hmx0.png","width":1213,"height":717},{"@type":"BreadcrumbList","@id":"https:\/\/weltlaeden.de\/bensheim\/haengematte-oder-einen-haengesitz-fuer-ihre-entspannung\/#breadcrumb","itemListElement":[{"@type":"ListItem","position":1,"name":"Startseite","item":"https:\/\/weltlaeden.de\/bensheim\/"},{"@type":"ListItem","position":2,"name":"Entspannt fair genie\u00dfen \u2013 mit H\u00e4ngematten und H\u00e4ngesitzen aus dem Weltladen Bensheim"}]},{"@type":"WebSite","@id":"https:\/\/weltlaeden.de\/bensheim\/#website","url":"https:\/\/weltlaeden.de\/bensheim\/","name":"Weltladen Bensheim - Sankt Georg","description":"Faire Produkte und Handel","potentialAction":[{"@type":"SearchAction","target":{"@type":"EntryPoint","urlTemplate":"https:\/\/weltlaeden.de\/bensheim\/?s={search_term_string}"},"query-input":{"@type":"PropertyValueSpecification","valueRequired":true,"valueName":"search_term_string"}}],"inLanguage":"de"},{"@type":"Person","@id":"https:\/\/weltlaeden.de\/bensheim\/#\/schema\/person\/9103edce11c0fbacaea656ebc13b21c2","name":"bensheim","image":{"@type":"ImageObject","inLanguage":"de","@id":"https:\/\/weltlaeden.de\/bensheim\/#\/schema\/person\/image\/","url":"https:\/\/secure.gravatar.com\/avatar\/12395c7d949c31d7690fdd02af2bf163?s=96&d=mm&r=g","contentUrl":"https:\/\/secure.gravatar.com\/avatar\/12395c7d949c31d7690fdd02af2bf163?s=96&d=mm&r=g","caption":"bensheim"}}]}},"_links":{"self":[{"href":"https:\/\/weltlaeden.de\/bensheim\/wp-json\/wp\/v2\/posts\/1653","targetHints":{"allow":["GET"]}}],"collection":[{"href":"https:\/\/weltlaeden.de\/bensheim\/wp-json\/wp\/v2\/posts"}],"about":[{"href":"https:\/\/weltlaeden.de\/bensheim\/wp-json\/wp\/v2\/types\/post"}],"author":[{"embeddable":true,"href":"https:\/\/weltlaeden.de\/bensheim\/wp-json\/wp\/v2\/users\/160"}],"replies":[{"embeddable":true,"href":"https:\/\/weltlaeden.de\/bensheim\/wp-json\/wp\/v2\/comments?post=1653"}],"version-history":[{"count":3,"href":"https:\/\/weltlaeden.de\/bensheim\/wp-json\/wp\/v2\/posts\/1653\/revisions"}],"predecessor-version":[{"id":1662,"href":"https:\/\/weltlaeden.de\/bensheim\/wp-json\/wp\/v2\/posts\/1653\/revisions\/1662"}],"wp:featuredmedia":[{"embeddable":true,"href":"https:\/\/weltlaeden.de\/bensheim\/wp-json\/wp\/v2\/media\/1654"}],"wp:attachment":[{"href":"https:\/\/weltlaeden.de\/bensheim\/wp-json\/wp\/v2\/media?parent=1653"}],"wp:term":[{"taxonomy":"category","embeddable":true,"href":"https:\/\/weltlaeden.de\/bensheim\/wp-json\/wp\/v2\/categories?post=1653"},{"taxonomy":"post_tag","embeddable":true,"href":"https:\/\/weltlaeden.de\/bensheim\/wp-json\/wp\/v2\/tags?post=1653"}],"curies":[{"name":"wp","href":"https:\/\/api.w.org\/{rel}","templated":true}]}}