{"id":1334,"date":"2023-02-25T20:10:48","date_gmt":"2023-02-25T19:10:48","guid":{"rendered":"https:\/\/weltlaeden.de\/bensheim\/?p=1334"},"modified":"2023-04-09T22:24:15","modified_gmt":"2023-04-09T20:24:15","slug":"misereor-fastenaktion-2023","status":"publish","type":"post","link":"https:\/\/weltlaeden.de\/bensheim\/misereor-fastenaktion-2023\/","title":{"rendered":"Misereor FastenAktion 2023"},"content":{"rendered":"<h2>Frau.Macht.Ver\u00e4nderung<\/h2>\n<p>Unter dem Motto \u201eFrau.Macht.Ver\u00e4nderung\u201c macht MISEREOR in diesem Jahr darauf aufmerksam, dass Frauen weltweit -nicht nur im globalen S\u00fcden- immer noch nicht gleichgestellt sind. Am Beispiel von Frauen aus Madagaskar wird gezeigt, wie Frauen Initiative ergreifen und in vielen Teilen der Gesellschaft die Macherinnen sind.<\/p>\n<p>Der Begriff \u201eMacht\u201c hat f\u00fcr viele einen negativen Beigeschmack. Aber \u201eMacht\u201c hat auch mit Energie zu tun, mit Dynamik. \u201eMacht\u201c und \u201emachen\u201c \u2013 die beiden W\u00f6rter sind miteinander verwandt. Es gibt ein Eigenschaftswort, das genau das ausdr\u00fcckt: \u201ewirkm\u00e4chtig\u201c.<\/p>\n<p>Frauen schaffen Ver\u00e4nderung, Frauen sind Motor des gesellschaftlichen Wandels. Das gilt f\u00fcr Madagaskar und den Globalen S\u00fcden insgesamt, es gilt aber auch hier bei uns.<\/p>\n<h2><a href=\"https:\/\/weltlaeden.de\/bensheim\/wp-content\/uploads\/sites\/105\/2023\/02\/Flyer-Misereor-23.pdf\">Flyer Misereor 23<\/a><\/h2>\n\n\t\t\t<style type='text\/css'>\n\t\t\t\t#gallery-1 {\n\t\t\t\t\tmargin: auto;\n\t\t\t\t}\n\t\t\t\t#gallery-1 .gallery-item {\n\t\t\t\t\tfloat: left;\n\t\t\t\t\tmargin-top: 10px;\n\t\t\t\t\ttext-align: center;\n\t\t\t\t\twidth: 50%;\n\t\t\t\t}\n\t\t\t\t#gallery-1 img {\n\t\t\t\t\tborder: 2px solid #cfcfcf;\n\t\t\t\t}\n\t\t\t\t#gallery-1 .gallery-caption {\n\t\t\t\t\tmargin-left: 0;\n\t\t\t\t}\n\t\t\t\t\/* see gallery_shortcode() in wp-includes\/media.php *\/\n\t\t\t<\/style>\n\t\t<div id='gallery-1' class='dt-gallery-container gallery galleryid-1334 gallery-columns-2 gallery-size-large'><dl class='gallery-item'>\n\t\t\t\t<dt class='gallery-icon portrait'>\n\t\t\t\t\t<a class=\"rollover rollover-zoom dt-pswp-item\" title=\"mis_1\" data-dt-img-description=\"\" data-large_image_width=\"566\" data-large_image_height=\"796\"href='https:\/\/weltlaeden.de\/bensheim\/wp-content\/uploads\/sites\/105\/2023\/02\/mis_1.jpg'><img loading=\"lazy\" decoding=\"async\" width=\"566\" height=\"796\" src=\"https:\/\/weltlaeden.de\/bensheim\/wp-content\/uploads\/sites\/105\/2023\/02\/mis_1.jpg\" class=\"attachment-large size-large\" alt=\"\" srcset=\"https:\/\/weltlaeden.de\/bensheim\/wp-content\/uploads\/sites\/105\/2023\/02\/mis_1.jpg 566w, https:\/\/weltlaeden.de\/bensheim\/wp-content\/uploads\/sites\/105\/2023\/02\/mis_1-213x300.jpg 213w\" sizes=\"auto, (max-width: 566px) 100vw, 566px\" \/><\/a>\n\t\t\t\t<\/dt><\/dl><dl class='gallery-item'>\n\t\t\t\t<dt class='gallery-icon portrait'>\n\t\t\t\t\t<a class=\"rollover rollover-zoom dt-pswp-item\" title=\"mis_2\" data-dt-img-description=\"\" data-large_image_width=\"563\" data-large_image_height=\"793\"href='https:\/\/weltlaeden.de\/bensheim\/wp-content\/uploads\/sites\/105\/2023\/02\/mis_2.jpg'><img loading=\"lazy\" decoding=\"async\" width=\"563\" height=\"793\" src=\"https:\/\/weltlaeden.de\/bensheim\/wp-content\/uploads\/sites\/105\/2023\/02\/mis_2.jpg\" class=\"attachment-large size-large\" alt=\"\" srcset=\"https:\/\/weltlaeden.de\/bensheim\/wp-content\/uploads\/sites\/105\/2023\/02\/mis_2.jpg 563w, https:\/\/weltlaeden.de\/bensheim\/wp-content\/uploads\/sites\/105\/2023\/02\/mis_2-213x300.jpg 213w\" sizes=\"auto, (max-width: 563px) 100vw, 563px\" \/><\/a>\n\t\t\t\t<\/dt><\/dl><br style=\"clear: both\" \/>\n\t\t\t<\/div>\n\n","protected":false},"excerpt":{"rendered":"<p>Frau.Macht.Ver\u00e4nderung Unter dem Motto \u201eFrau.Macht.Ver\u00e4nderung\u201c macht MISEREOR in diesem Jahr darauf aufmerksam, dass Frauen weltweit -nicht nur im globalen S\u00fcden- immer noch nicht gleichgestellt sind. Am Beispiel von Frauen aus Madagaskar wird gezeigt, wie Frauen Initiative ergreifen und in vielen Teilen der Gesellschaft die Macherinnen sind. Der Begriff \u201eMacht\u201c hat f\u00fcr viele einen negativen Beigeschmack.&hellip;<\/p>\n","protected":false},"author":160,"featured_media":1372,"comment_status":"closed","ping_status":"closed","sticky":false,"template":"","format":"standard","meta":{"footnotes":""},"categories":[8],"tags":[],"class_list":["post-1334","post","type-post","status-publish","format-standard","has-post-thumbnail","hentry","category-neues","category-8","description-off"],"yoast_head":"<!-- This site is optimized with the Yoast SEO plugin v26.8 - https:\/\/yoast.com\/product\/yoast-seo-wordpress\/ -->\n<title>Misereor FastenAktion 2023 - Weltladen Bensheim - Sankt Georg<\/title>\n<meta name=\"robots\" content=\"index, follow, max-snippet:-1, max-image-preview:large, max-video-preview:-1\" \/>\n<link rel=\"canonical\" href=\"https:\/\/weltlaeden.de\/bensheim\/misereor-fastenaktion-2023\/\" \/>\n<meta property=\"og:locale\" content=\"de_DE\" \/>\n<meta property=\"og:type\" content=\"article\" \/>\n<meta property=\"og:title\" content=\"Misereor FastenAktion 2023 - Weltladen Bensheim - Sankt Georg\" \/>\n<meta property=\"og:description\" content=\"Frau.Macht.Ver\u00e4nderung Unter dem Motto \u201eFrau.Macht.Ver\u00e4nderung\u201c macht MISEREOR in diesem Jahr darauf aufmerksam, dass Frauen weltweit -nicht nur im globalen S\u00fcden- immer noch nicht gleichgestellt sind. Am Beispiel von Frauen aus Madagaskar wird gezeigt, wie Frauen Initiative ergreifen und in vielen Teilen der Gesellschaft die Macherinnen sind. Der Begriff \u201eMacht\u201c hat f\u00fcr viele einen negativen Beigeschmack.&hellip;\" \/>\n<meta property=\"og:url\" content=\"https:\/\/weltlaeden.de\/bensheim\/misereor-fastenaktion-2023\/\" \/>\n<meta property=\"og:site_name\" content=\"Weltladen Bensheim - Sankt Georg\" \/>\n<meta property=\"article:published_time\" content=\"2023-02-25T19:10:48+00:00\" \/>\n<meta property=\"article:modified_time\" content=\"2023-04-09T20:24:15+00:00\" \/>\n<meta property=\"og:image\" content=\"https:\/\/weltlaeden.de\/bensheim\/wp-content\/uploads\/sites\/105\/2023\/04\/welt.jpg\" \/>\n\t<meta property=\"og:image:width\" content=\"1709\" \/>\n\t<meta property=\"og:image:height\" content=\"961\" \/>\n\t<meta property=\"og:image:type\" content=\"image\/jpeg\" \/>\n<meta name=\"author\" content=\"bensheim\" \/>\n<meta name=\"twitter:card\" content=\"summary_large_image\" \/>\n<meta name=\"twitter:label1\" content=\"Verfasst von\" \/>\n\t<meta name=\"twitter:data1\" content=\"bensheim\" \/>\n\t<meta name=\"twitter:label2\" content=\"Gesch\u00e4tzte Lesezeit\" \/>\n\t<meta name=\"twitter:data2\" content=\"1\u00a0Minute\" \/>\n<script type=\"application\/ld+json\" class=\"yoast-schema-graph\">{\"@context\":\"https:\/\/schema.org\",\"@graph\":[{\"@type\":\"Article\",\"@id\":\"https:\/\/weltlaeden.de\/bensheim\/misereor-fastenaktion-2023\/#article\",\"isPartOf\":{\"@id\":\"https:\/\/weltlaeden.de\/bensheim\/misereor-fastenaktion-2023\/\"},\"author\":{\"name\":\"bensheim\",\"@id\":\"https:\/\/weltlaeden.de\/bensheim\/#\/schema\/person\/9103edce11c0fbacaea656ebc13b21c2\"},\"headline\":\"Misereor FastenAktion 2023\",\"datePublished\":\"2023-02-25T19:10:48+00:00\",\"dateModified\":\"2023-04-09T20:24:15+00:00\",\"mainEntityOfPage\":{\"@id\":\"https:\/\/weltlaeden.de\/bensheim\/misereor-fastenaktion-2023\/\"},\"wordCount\":133,\"image\":{\"@id\":\"https:\/\/weltlaeden.de\/bensheim\/misereor-fastenaktion-2023\/#primaryimage\"},\"thumbnailUrl\":\"https:\/\/weltlaeden.de\/bensheim\/wp-content\/uploads\/sites\/105\/2023\/04\/welt.jpg\",\"articleSection\":[\"Neuigkeiten\"],\"inLanguage\":\"de\"},{\"@type\":\"WebPage\",\"@id\":\"https:\/\/weltlaeden.de\/bensheim\/misereor-fastenaktion-2023\/\",\"url\":\"https:\/\/weltlaeden.de\/bensheim\/misereor-fastenaktion-2023\/\",\"name\":\"Misereor FastenAktion 2023 - Weltladen Bensheim - Sankt Georg\",\"isPartOf\":{\"@id\":\"https:\/\/weltlaeden.de\/bensheim\/#website\"},\"primaryImageOfPage\":{\"@id\":\"https:\/\/weltlaeden.de\/bensheim\/misereor-fastenaktion-2023\/#primaryimage\"},\"image\":{\"@id\":\"https:\/\/weltlaeden.de\/bensheim\/misereor-fastenaktion-2023\/#primaryimage\"},\"thumbnailUrl\":\"https:\/\/weltlaeden.de\/bensheim\/wp-content\/uploads\/sites\/105\/2023\/04\/welt.jpg\",\"datePublished\":\"2023-02-25T19:10:48+00:00\",\"dateModified\":\"2023-04-09T20:24:15+00:00\",\"author\":{\"@id\":\"https:\/\/weltlaeden.de\/bensheim\/#\/schema\/person\/9103edce11c0fbacaea656ebc13b21c2\"},\"breadcrumb\":{\"@id\":\"https:\/\/weltlaeden.de\/bensheim\/misereor-fastenaktion-2023\/#breadcrumb\"},\"inLanguage\":\"de\",\"potentialAction\":[{\"@type\":\"ReadAction\",\"target\":[\"https:\/\/weltlaeden.de\/bensheim\/misereor-fastenaktion-2023\/\"]}]},{\"@type\":\"ImageObject\",\"inLanguage\":\"de\",\"@id\":\"https:\/\/weltlaeden.de\/bensheim\/misereor-fastenaktion-2023\/#primaryimage\",\"url\":\"https:\/\/weltlaeden.de\/bensheim\/wp-content\/uploads\/sites\/105\/2023\/04\/welt.jpg\",\"contentUrl\":\"https:\/\/weltlaeden.de\/bensheim\/wp-content\/uploads\/sites\/105\/2023\/04\/welt.jpg\",\"width\":1709,\"height\":961},{\"@type\":\"BreadcrumbList\",\"@id\":\"https:\/\/weltlaeden.de\/bensheim\/misereor-fastenaktion-2023\/#breadcrumb\",\"itemListElement\":[{\"@type\":\"ListItem\",\"position\":1,\"name\":\"Startseite\",\"item\":\"https:\/\/weltlaeden.de\/bensheim\/\"},{\"@type\":\"ListItem\",\"position\":2,\"name\":\"Misereor FastenAktion 2023\"}]},{\"@type\":\"WebSite\",\"@id\":\"https:\/\/weltlaeden.de\/bensheim\/#website\",\"url\":\"https:\/\/weltlaeden.de\/bensheim\/\",\"name\":\"Weltladen Bensheim - Sankt Georg\",\"description\":\"Faire Produkte und Handel\",\"potentialAction\":[{\"@type\":\"SearchAction\",\"target\":{\"@type\":\"EntryPoint\",\"urlTemplate\":\"https:\/\/weltlaeden.de\/bensheim\/?s={search_term_string}\"},\"query-input\":{\"@type\":\"PropertyValueSpecification\",\"valueRequired\":true,\"valueName\":\"search_term_string\"}}],\"inLanguage\":\"de\"},{\"@type\":\"Person\",\"@id\":\"https:\/\/weltlaeden.de\/bensheim\/#\/schema\/person\/9103edce11c0fbacaea656ebc13b21c2\",\"name\":\"bensheim\",\"image\":{\"@type\":\"ImageObject\",\"inLanguage\":\"de\",\"@id\":\"https:\/\/weltlaeden.de\/bensheim\/#\/schema\/person\/image\/\",\"url\":\"https:\/\/secure.gravatar.com\/avatar\/12395c7d949c31d7690fdd02af2bf163?s=96&d=mm&r=g\",\"contentUrl\":\"https:\/\/secure.gravatar.com\/avatar\/12395c7d949c31d7690fdd02af2bf163?s=96&d=mm&r=g\",\"caption\":\"bensheim\"}}]}<\/script>\n<!-- \/ Yoast SEO plugin. -->","yoast_head_json":{"title":"Misereor FastenAktion 2023 - Weltladen Bensheim - Sankt Georg","robots":{"index":"index","follow":"follow","max-snippet":"max-snippet:-1","max-image-preview":"max-image-preview:large","max-video-preview":"max-video-preview:-1"},"canonical":"https:\/\/weltlaeden.de\/bensheim\/misereor-fastenaktion-2023\/","og_locale":"de_DE","og_type":"article","og_title":"Misereor FastenAktion 2023 - Weltladen Bensheim - Sankt Georg","og_description":"Frau.Macht.Ver\u00e4nderung Unter dem Motto \u201eFrau.Macht.Ver\u00e4nderung\u201c macht MISEREOR in diesem Jahr darauf aufmerksam, dass Frauen weltweit -nicht nur im globalen S\u00fcden- immer noch nicht gleichgestellt sind. Am Beispiel von Frauen aus Madagaskar wird gezeigt, wie Frauen Initiative ergreifen und in vielen Teilen der Gesellschaft die Macherinnen sind. Der Begriff \u201eMacht\u201c hat f\u00fcr viele einen negativen Beigeschmack.&hellip;","og_url":"https:\/\/weltlaeden.de\/bensheim\/misereor-fastenaktion-2023\/","og_site_name":"Weltladen Bensheim - Sankt Georg","article_published_time":"2023-02-25T19:10:48+00:00","article_modified_time":"2023-04-09T20:24:15+00:00","og_image":[{"width":1709,"height":961,"url":"https:\/\/weltlaeden.de\/bensheim\/wp-content\/uploads\/sites\/105\/2023\/04\/welt.jpg","type":"image\/jpeg"}],"author":"bensheim","twitter_card":"summary_large_image","twitter_misc":{"Verfasst von":"bensheim","Gesch\u00e4tzte Lesezeit":"1\u00a0Minute"},"schema":{"@context":"https:\/\/schema.org","@graph":[{"@type":"Article","@id":"https:\/\/weltlaeden.de\/bensheim\/misereor-fastenaktion-2023\/#article","isPartOf":{"@id":"https:\/\/weltlaeden.de\/bensheim\/misereor-fastenaktion-2023\/"},"author":{"name":"bensheim","@id":"https:\/\/weltlaeden.de\/bensheim\/#\/schema\/person\/9103edce11c0fbacaea656ebc13b21c2"},"headline":"Misereor FastenAktion 2023","datePublished":"2023-02-25T19:10:48+00:00","dateModified":"2023-04-09T20:24:15+00:00","mainEntityOfPage":{"@id":"https:\/\/weltlaeden.de\/bensheim\/misereor-fastenaktion-2023\/"},"wordCount":133,"image":{"@id":"https:\/\/weltlaeden.de\/bensheim\/misereor-fastenaktion-2023\/#primaryimage"},"thumbnailUrl":"https:\/\/weltlaeden.de\/bensheim\/wp-content\/uploads\/sites\/105\/2023\/04\/welt.jpg","articleSection":["Neuigkeiten"],"inLanguage":"de"},{"@type":"WebPage","@id":"https:\/\/weltlaeden.de\/bensheim\/misereor-fastenaktion-2023\/","url":"https:\/\/weltlaeden.de\/bensheim\/misereor-fastenaktion-2023\/","name":"Misereor FastenAktion 2023 - Weltladen Bensheim - Sankt Georg","isPartOf":{"@id":"https:\/\/weltlaeden.de\/bensheim\/#website"},"primaryImageOfPage":{"@id":"https:\/\/weltlaeden.de\/bensheim\/misereor-fastenaktion-2023\/#primaryimage"},"image":{"@id":"https:\/\/weltlaeden.de\/bensheim\/misereor-fastenaktion-2023\/#primaryimage"},"thumbnailUrl":"https:\/\/weltlaeden.de\/bensheim\/wp-content\/uploads\/sites\/105\/2023\/04\/welt.jpg","datePublished":"2023-02-25T19:10:48+00:00","dateModified":"2023-04-09T20:24:15+00:00","author":{"@id":"https:\/\/weltlaeden.de\/bensheim\/#\/schema\/person\/9103edce11c0fbacaea656ebc13b21c2"},"breadcrumb":{"@id":"https:\/\/weltlaeden.de\/bensheim\/misereor-fastenaktion-2023\/#breadcrumb"},"inLanguage":"de","potentialAction":[{"@type":"ReadAction","target":["https:\/\/weltlaeden.de\/bensheim\/misereor-fastenaktion-2023\/"]}]},{"@type":"ImageObject","inLanguage":"de","@id":"https:\/\/weltlaeden.de\/bensheim\/misereor-fastenaktion-2023\/#primaryimage","url":"https:\/\/weltlaeden.de\/bensheim\/wp-content\/uploads\/sites\/105\/2023\/04\/welt.jpg","contentUrl":"https:\/\/weltlaeden.de\/bensheim\/wp-content\/uploads\/sites\/105\/2023\/04\/welt.jpg","width":1709,"height":961},{"@type":"BreadcrumbList","@id":"https:\/\/weltlaeden.de\/bensheim\/misereor-fastenaktion-2023\/#breadcrumb","itemListElement":[{"@type":"ListItem","position":1,"name":"Startseite","item":"https:\/\/weltlaeden.de\/bensheim\/"},{"@type":"ListItem","position":2,"name":"Misereor FastenAktion 2023"}]},{"@type":"WebSite","@id":"https:\/\/weltlaeden.de\/bensheim\/#website","url":"https:\/\/weltlaeden.de\/bensheim\/","name":"Weltladen Bensheim - Sankt Georg","description":"Faire Produkte und Handel","potentialAction":[{"@type":"SearchAction","target":{"@type":"EntryPoint","urlTemplate":"https:\/\/weltlaeden.de\/bensheim\/?s={search_term_string}"},"query-input":{"@type":"PropertyValueSpecification","valueRequired":true,"valueName":"search_term_string"}}],"inLanguage":"de"},{"@type":"Person","@id":"https:\/\/weltlaeden.de\/bensheim\/#\/schema\/person\/9103edce11c0fbacaea656ebc13b21c2","name":"bensheim","image":{"@type":"ImageObject","inLanguage":"de","@id":"https:\/\/weltlaeden.de\/bensheim\/#\/schema\/person\/image\/","url":"https:\/\/secure.gravatar.com\/avatar\/12395c7d949c31d7690fdd02af2bf163?s=96&d=mm&r=g","contentUrl":"https:\/\/secure.gravatar.com\/avatar\/12395c7d949c31d7690fdd02af2bf163?s=96&d=mm&r=g","caption":"bensheim"}}]}},"_links":{"self":[{"href":"https:\/\/weltlaeden.de\/bensheim\/wp-json\/wp\/v2\/posts\/1334","targetHints":{"allow":["GET"]}}],"collection":[{"href":"https:\/\/weltlaeden.de\/bensheim\/wp-json\/wp\/v2\/posts"}],"about":[{"href":"https:\/\/weltlaeden.de\/bensheim\/wp-json\/wp\/v2\/types\/post"}],"author":[{"embeddable":true,"href":"https:\/\/weltlaeden.de\/bensheim\/wp-json\/wp\/v2\/users\/160"}],"replies":[{"embeddable":true,"href":"https:\/\/weltlaeden.de\/bensheim\/wp-json\/wp\/v2\/comments?post=1334"}],"version-history":[{"count":4,"href":"https:\/\/weltlaeden.de\/bensheim\/wp-json\/wp\/v2\/posts\/1334\/revisions"}],"predecessor-version":[{"id":1348,"href":"https:\/\/weltlaeden.de\/bensheim\/wp-json\/wp\/v2\/posts\/1334\/revisions\/1348"}],"wp:featuredmedia":[{"embeddable":true,"href":"https:\/\/weltlaeden.de\/bensheim\/wp-json\/wp\/v2\/media\/1372"}],"wp:attachment":[{"href":"https:\/\/weltlaeden.de\/bensheim\/wp-json\/wp\/v2\/media?parent=1334"}],"wp:term":[{"taxonomy":"category","embeddable":true,"href":"https:\/\/weltlaeden.de\/bensheim\/wp-json\/wp\/v2\/categories?post=1334"},{"taxonomy":"post_tag","embeddable":true,"href":"https:\/\/weltlaeden.de\/bensheim\/wp-json\/wp\/v2\/tags?post=1334"}],"curies":[{"name":"wp","href":"https:\/\/api.w.org\/{rel}","templated":true}]}}