{"id":1286,"date":"2022-11-16T14:43:16","date_gmt":"2022-11-16T13:43:16","guid":{"rendered":"https:\/\/weltlaeden.de\/bensheim\/?p=1286"},"modified":"2023-01-12T15:26:53","modified_gmt":"2023-01-12T14:26:53","slug":"weihnachtszeit","status":"publish","type":"post","link":"https:\/\/weltlaeden.de\/bensheim\/weihnachtszeit\/","title":{"rendered":"Weihnachtszeit"},"content":{"rendered":"<p><strong>BALD IST ES WIEDER SOWEIT\u2026<\/strong><\/p>\n<p>\u2026der Duft von Weihnachten verbreitet sich in der Stadt und in den H\u00e4usern. Und, damit die Gem\u00fctlichkeit der Adventszeit erhalten bleibt, steht unser weihnachtliches Geschenksortiment im Bensheimer Weltladen f\u00fcr Sie bereit. Wir haben dieses Jahr wieder viele \u00dcberraschungen f\u00fcr Sie: Weihnachtsdeko aus Filz, Glas, Papier, hochwertige\u00a0Krippen aus Bronze,\u00a0Sonnengl\u00e4ser, unsere beliebten Thought Socken f\u00fcr Gro\u00df und Klein, verschiedene Holzbretter und ganz neu R\u00e4ucher- und Klangtiere aus Holz und und und\u2026.<\/p>\n<p>Weihnachtstee, Adventskalender, Weihnachtsschokolade, Spekulatius und weihnachtliche Gew\u00fcrze wollen Sie geschmacklich auf die Advents und Weihnachtszeit einstimmen.\u00a0Besuchen Sie uns gern im Weltladen und \u00fcberzeugen Sie sich von unserem breit gef\u00e4cherten Angebot.<\/p>\n<p>Wir stehen Ihnen mit fachkundiger Beratung zur Verf\u00fcgung und freuen uns auf Sie<br \/>\nDas Team vom Bensheimer Weltladen St. Georg<\/p>\n<p>&nbsp;<\/p>\n\n\t\t\t<style type='text\/css'>\n\t\t\t\t#gallery-1 {\n\t\t\t\t\tmargin: auto;\n\t\t\t\t}\n\t\t\t\t#gallery-1 .gallery-item {\n\t\t\t\t\tfloat: left;\n\t\t\t\t\tmargin-top: 10px;\n\t\t\t\t\ttext-align: center;\n\t\t\t\t\twidth: 25%;\n\t\t\t\t}\n\t\t\t\t#gallery-1 img {\n\t\t\t\t\tborder: 2px solid #cfcfcf;\n\t\t\t\t}\n\t\t\t\t#gallery-1 .gallery-caption {\n\t\t\t\t\tmargin-left: 0;\n\t\t\t\t}\n\t\t\t\t\/* see gallery_shortcode() in wp-includes\/media.php *\/\n\t\t\t<\/style>\n\t\t<div id='gallery-1' class='dt-gallery-container gallery galleryid-1286 gallery-columns-4 gallery-size-medium'><dl class='gallery-item'>\n\t\t\t\t<dt class='gallery-icon landscape'>\n\t\t\t\t\t<a class=\"rollover rollover-zoom dt-pswp-item\" title=\"IMG_20221114_190205_4\" data-dt-img-description=\"\" data-large_image_width=\"2048\" data-large_image_height=\"1151\"href='https:\/\/weltlaeden.de\/bensheim\/wp-content\/uploads\/sites\/105\/2022\/11\/IMG_20221114_190205_4.jpg'><img loading=\"lazy\" decoding=\"async\" width=\"300\" height=\"169\" src=\"https:\/\/weltlaeden.de\/bensheim\/wp-content\/uploads\/sites\/105\/2022\/11\/IMG_20221114_190205_4-300x169.jpg\" class=\"attachment-medium size-medium\" alt=\"\" srcset=\"https:\/\/weltlaeden.de\/bensheim\/wp-content\/uploads\/sites\/105\/2022\/11\/IMG_20221114_190205_4-300x169.jpg 300w, https:\/\/weltlaeden.de\/bensheim\/wp-content\/uploads\/sites\/105\/2022\/11\/IMG_20221114_190205_4-1024x576.jpg 1024w, https:\/\/weltlaeden.de\/bensheim\/wp-content\/uploads\/sites\/105\/2022\/11\/IMG_20221114_190205_4-768x432.jpg 768w, https:\/\/weltlaeden.de\/bensheim\/wp-content\/uploads\/sites\/105\/2022\/11\/IMG_20221114_190205_4-1536x863.jpg 1536w, https:\/\/weltlaeden.de\/bensheim\/wp-content\/uploads\/sites\/105\/2022\/11\/IMG_20221114_190205_4-scaled.jpg 2048w\" sizes=\"auto, (max-width: 300px) 100vw, 300px\" \/><\/a>\n\t\t\t\t<\/dt><\/dl><dl class='gallery-item'>\n\t\t\t\t<dt class='gallery-icon portrait'>\n\t\t\t\t\t<a class=\"rollover rollover-zoom dt-pswp-item\" title=\"IMG_20221114_190520_4\" data-dt-img-description=\"\" data-large_image_width=\"1151\" data-large_image_height=\"2048\"href='https:\/\/weltlaeden.de\/bensheim\/wp-content\/uploads\/sites\/105\/2022\/11\/IMG_20221114_190520_4.jpg'><img loading=\"lazy\" decoding=\"async\" width=\"169\" height=\"300\" src=\"https:\/\/weltlaeden.de\/bensheim\/wp-content\/uploads\/sites\/105\/2022\/11\/IMG_20221114_190520_4-169x300.jpg\" class=\"attachment-medium size-medium\" alt=\"\" srcset=\"https:\/\/weltlaeden.de\/bensheim\/wp-content\/uploads\/sites\/105\/2022\/11\/IMG_20221114_190520_4-169x300.jpg 169w, https:\/\/weltlaeden.de\/bensheim\/wp-content\/uploads\/sites\/105\/2022\/11\/IMG_20221114_190520_4-576x1024.jpg 576w, https:\/\/weltlaeden.de\/bensheim\/wp-content\/uploads\/sites\/105\/2022\/11\/IMG_20221114_190520_4-768x1366.jpg 768w, https:\/\/weltlaeden.de\/bensheim\/wp-content\/uploads\/sites\/105\/2022\/11\/IMG_20221114_190520_4-863x1536.jpg 863w, https:\/\/weltlaeden.de\/bensheim\/wp-content\/uploads\/sites\/105\/2022\/11\/IMG_20221114_190520_4-scaled.jpg 1151w\" sizes=\"auto, (max-width: 169px) 100vw, 169px\" \/><\/a>\n\t\t\t\t<\/dt><\/dl><dl class='gallery-item'>\n\t\t\t\t<dt class='gallery-icon landscape'>\n\t\t\t\t\t<a class=\"rollover rollover-zoom dt-pswp-item\" title=\"IMG_20221114_190311_0\" data-dt-img-description=\"\" data-large_image_width=\"2048\" data-large_image_height=\"1151\"href='https:\/\/weltlaeden.de\/bensheim\/wp-content\/uploads\/sites\/105\/2022\/11\/IMG_20221114_190311_0.jpg'><img loading=\"lazy\" decoding=\"async\" width=\"300\" height=\"169\" src=\"https:\/\/weltlaeden.de\/bensheim\/wp-content\/uploads\/sites\/105\/2022\/11\/IMG_20221114_190311_0-300x169.jpg\" class=\"attachment-medium size-medium\" alt=\"\" srcset=\"https:\/\/weltlaeden.de\/bensheim\/wp-content\/uploads\/sites\/105\/2022\/11\/IMG_20221114_190311_0-300x169.jpg 300w, https:\/\/weltlaeden.de\/bensheim\/wp-content\/uploads\/sites\/105\/2022\/11\/IMG_20221114_190311_0-1024x576.jpg 1024w, https:\/\/weltlaeden.de\/bensheim\/wp-content\/uploads\/sites\/105\/2022\/11\/IMG_20221114_190311_0-768x432.jpg 768w, https:\/\/weltlaeden.de\/bensheim\/wp-content\/uploads\/sites\/105\/2022\/11\/IMG_20221114_190311_0-1536x863.jpg 1536w, https:\/\/weltlaeden.de\/bensheim\/wp-content\/uploads\/sites\/105\/2022\/11\/IMG_20221114_190311_0-scaled.jpg 2048w\" sizes=\"auto, (max-width: 300px) 100vw, 300px\" \/><\/a>\n\t\t\t\t<\/dt><\/dl><dl class='gallery-item'>\n\t\t\t\t<dt class='gallery-icon portrait'>\n\t\t\t\t\t<a class=\"rollover rollover-zoom dt-pswp-item\" title=\"IMG_20221114_190731_2\" data-dt-img-description=\"\" data-large_image_width=\"1151\" data-large_image_height=\"2048\"href='https:\/\/weltlaeden.de\/bensheim\/wp-content\/uploads\/sites\/105\/2022\/11\/IMG_20221114_190731_2.jpg'><img loading=\"lazy\" decoding=\"async\" width=\"169\" height=\"300\" src=\"https:\/\/weltlaeden.de\/bensheim\/wp-content\/uploads\/sites\/105\/2022\/11\/IMG_20221114_190731_2-169x300.jpg\" class=\"attachment-medium size-medium\" alt=\"\" srcset=\"https:\/\/weltlaeden.de\/bensheim\/wp-content\/uploads\/sites\/105\/2022\/11\/IMG_20221114_190731_2-169x300.jpg 169w, https:\/\/weltlaeden.de\/bensheim\/wp-content\/uploads\/sites\/105\/2022\/11\/IMG_20221114_190731_2-576x1024.jpg 576w, https:\/\/weltlaeden.de\/bensheim\/wp-content\/uploads\/sites\/105\/2022\/11\/IMG_20221114_190731_2-768x1366.jpg 768w, https:\/\/weltlaeden.de\/bensheim\/wp-content\/uploads\/sites\/105\/2022\/11\/IMG_20221114_190731_2-863x1536.jpg 863w, https:\/\/weltlaeden.de\/bensheim\/wp-content\/uploads\/sites\/105\/2022\/11\/IMG_20221114_190731_2-scaled.jpg 1151w\" sizes=\"auto, (max-width: 169px) 100vw, 169px\" \/><\/a>\n\t\t\t\t<\/dt><\/dl><br style=\"clear: both\" \/>\n\t\t\t<\/div>\n\n","protected":false},"excerpt":{"rendered":"<p>BALD IST ES WIEDER SOWEIT\u2026 \u2026der Duft von Weihnachten verbreitet sich in der Stadt und in den H\u00e4usern. Und, damit die Gem\u00fctlichkeit der Adventszeit erhalten bleibt, steht unser weihnachtliches Geschenksortiment im Bensheimer Weltladen f\u00fcr Sie bereit. Wir haben dieses Jahr wieder viele \u00dcberraschungen f\u00fcr Sie: Weihnachtsdeko aus Filz, Glas, Papier, hochwertige\u00a0Krippen aus Bronze,\u00a0Sonnengl\u00e4ser, unsere beliebten&hellip;<\/p>\n","protected":false},"author":160,"featured_media":1289,"comment_status":"closed","ping_status":"closed","sticky":false,"template":"","format":"standard","meta":{"footnotes":""},"categories":[1],"tags":[],"class_list":["post-1286","post","type-post","status-publish","format-standard","has-post-thumbnail","hentry","category-allgemein","category-1","description-off"],"yoast_head":"<!-- This site is optimized with the Yoast SEO plugin v26.8 - https:\/\/yoast.com\/product\/yoast-seo-wordpress\/ -->\n<title>Weihnachtszeit - Weltladen Bensheim - Sankt Georg<\/title>\n<meta name=\"robots\" content=\"index, follow, max-snippet:-1, max-image-preview:large, max-video-preview:-1\" \/>\n<link rel=\"canonical\" href=\"https:\/\/weltlaeden.de\/bensheim\/weihnachtszeit\/\" \/>\n<meta property=\"og:locale\" content=\"de_DE\" \/>\n<meta property=\"og:type\" content=\"article\" \/>\n<meta property=\"og:title\" content=\"Weihnachtszeit - Weltladen Bensheim - Sankt Georg\" \/>\n<meta property=\"og:description\" content=\"BALD IST ES WIEDER SOWEIT\u2026 \u2026der Duft von Weihnachten verbreitet sich in der Stadt und in den H\u00e4usern. Und, damit die Gem\u00fctlichkeit der Adventszeit erhalten bleibt, steht unser weihnachtliches Geschenksortiment im Bensheimer Weltladen f\u00fcr Sie bereit. Wir haben dieses Jahr wieder viele \u00dcberraschungen f\u00fcr Sie: Weihnachtsdeko aus Filz, Glas, Papier, hochwertige\u00a0Krippen aus Bronze,\u00a0Sonnengl\u00e4ser, unsere beliebten&hellip;\" \/>\n<meta property=\"og:url\" content=\"https:\/\/weltlaeden.de\/bensheim\/weihnachtszeit\/\" \/>\n<meta property=\"og:site_name\" content=\"Weltladen Bensheim - Sankt Georg\" \/>\n<meta property=\"article:published_time\" content=\"2022-11-16T13:43:16+00:00\" \/>\n<meta property=\"article:modified_time\" content=\"2023-01-12T14:26:53+00:00\" \/>\n<meta property=\"og:image\" content=\"https:\/\/weltlaeden.de\/bensheim\/wp-content\/uploads\/sites\/105\/2022\/11\/IMG_20221114_190311_0.jpg\" \/>\n\t<meta property=\"og:image:width\" content=\"2048\" \/>\n\t<meta property=\"og:image:height\" content=\"1151\" \/>\n\t<meta property=\"og:image:type\" content=\"image\/jpeg\" \/>\n<meta name=\"author\" content=\"bensheim\" \/>\n<meta name=\"twitter:card\" content=\"summary_large_image\" \/>\n<meta name=\"twitter:label1\" content=\"Verfasst von\" \/>\n\t<meta name=\"twitter:data1\" content=\"bensheim\" \/>\n\t<meta name=\"twitter:label2\" content=\"Gesch\u00e4tzte Lesezeit\" \/>\n\t<meta name=\"twitter:data2\" content=\"1\u00a0Minute\" \/>\n<script type=\"application\/ld+json\" class=\"yoast-schema-graph\">{\"@context\":\"https:\/\/schema.org\",\"@graph\":[{\"@type\":\"Article\",\"@id\":\"https:\/\/weltlaeden.de\/bensheim\/weihnachtszeit\/#article\",\"isPartOf\":{\"@id\":\"https:\/\/weltlaeden.de\/bensheim\/weihnachtszeit\/\"},\"author\":{\"name\":\"bensheim\",\"@id\":\"https:\/\/weltlaeden.de\/bensheim\/#\/schema\/person\/9103edce11c0fbacaea656ebc13b21c2\"},\"headline\":\"Weihnachtszeit\",\"datePublished\":\"2022-11-16T13:43:16+00:00\",\"dateModified\":\"2023-01-12T14:26:53+00:00\",\"mainEntityOfPage\":{\"@id\":\"https:\/\/weltlaeden.de\/bensheim\/weihnachtszeit\/\"},\"wordCount\":146,\"image\":{\"@id\":\"https:\/\/weltlaeden.de\/bensheim\/weihnachtszeit\/#primaryimage\"},\"thumbnailUrl\":\"https:\/\/weltlaeden.de\/bensheim\/wp-content\/uploads\/sites\/105\/2022\/11\/IMG_20221114_190311_0.jpg\",\"articleSection\":[\"Keine Kategorie\"],\"inLanguage\":\"de\"},{\"@type\":\"WebPage\",\"@id\":\"https:\/\/weltlaeden.de\/bensheim\/weihnachtszeit\/\",\"url\":\"https:\/\/weltlaeden.de\/bensheim\/weihnachtszeit\/\",\"name\":\"Weihnachtszeit - Weltladen Bensheim - Sankt Georg\",\"isPartOf\":{\"@id\":\"https:\/\/weltlaeden.de\/bensheim\/#website\"},\"primaryImageOfPage\":{\"@id\":\"https:\/\/weltlaeden.de\/bensheim\/weihnachtszeit\/#primaryimage\"},\"image\":{\"@id\":\"https:\/\/weltlaeden.de\/bensheim\/weihnachtszeit\/#primaryimage\"},\"thumbnailUrl\":\"https:\/\/weltlaeden.de\/bensheim\/wp-content\/uploads\/sites\/105\/2022\/11\/IMG_20221114_190311_0.jpg\",\"datePublished\":\"2022-11-16T13:43:16+00:00\",\"dateModified\":\"2023-01-12T14:26:53+00:00\",\"author\":{\"@id\":\"https:\/\/weltlaeden.de\/bensheim\/#\/schema\/person\/9103edce11c0fbacaea656ebc13b21c2\"},\"breadcrumb\":{\"@id\":\"https:\/\/weltlaeden.de\/bensheim\/weihnachtszeit\/#breadcrumb\"},\"inLanguage\":\"de\",\"potentialAction\":[{\"@type\":\"ReadAction\",\"target\":[\"https:\/\/weltlaeden.de\/bensheim\/weihnachtszeit\/\"]}]},{\"@type\":\"ImageObject\",\"inLanguage\":\"de\",\"@id\":\"https:\/\/weltlaeden.de\/bensheim\/weihnachtszeit\/#primaryimage\",\"url\":\"https:\/\/weltlaeden.de\/bensheim\/wp-content\/uploads\/sites\/105\/2022\/11\/IMG_20221114_190311_0.jpg\",\"contentUrl\":\"https:\/\/weltlaeden.de\/bensheim\/wp-content\/uploads\/sites\/105\/2022\/11\/IMG_20221114_190311_0.jpg\",\"width\":2048,\"height\":1151},{\"@type\":\"BreadcrumbList\",\"@id\":\"https:\/\/weltlaeden.de\/bensheim\/weihnachtszeit\/#breadcrumb\",\"itemListElement\":[{\"@type\":\"ListItem\",\"position\":1,\"name\":\"Startseite\",\"item\":\"https:\/\/weltlaeden.de\/bensheim\/\"},{\"@type\":\"ListItem\",\"position\":2,\"name\":\"Weihnachtszeit\"}]},{\"@type\":\"WebSite\",\"@id\":\"https:\/\/weltlaeden.de\/bensheim\/#website\",\"url\":\"https:\/\/weltlaeden.de\/bensheim\/\",\"name\":\"Weltladen Bensheim - Sankt Georg\",\"description\":\"Faire Produkte und Handel\",\"potentialAction\":[{\"@type\":\"SearchAction\",\"target\":{\"@type\":\"EntryPoint\",\"urlTemplate\":\"https:\/\/weltlaeden.de\/bensheim\/?s={search_term_string}\"},\"query-input\":{\"@type\":\"PropertyValueSpecification\",\"valueRequired\":true,\"valueName\":\"search_term_string\"}}],\"inLanguage\":\"de\"},{\"@type\":\"Person\",\"@id\":\"https:\/\/weltlaeden.de\/bensheim\/#\/schema\/person\/9103edce11c0fbacaea656ebc13b21c2\",\"name\":\"bensheim\",\"image\":{\"@type\":\"ImageObject\",\"inLanguage\":\"de\",\"@id\":\"https:\/\/weltlaeden.de\/bensheim\/#\/schema\/person\/image\/\",\"url\":\"https:\/\/secure.gravatar.com\/avatar\/12395c7d949c31d7690fdd02af2bf163?s=96&d=mm&r=g\",\"contentUrl\":\"https:\/\/secure.gravatar.com\/avatar\/12395c7d949c31d7690fdd02af2bf163?s=96&d=mm&r=g\",\"caption\":\"bensheim\"}}]}<\/script>\n<!-- \/ Yoast SEO plugin. -->","yoast_head_json":{"title":"Weihnachtszeit - Weltladen Bensheim - Sankt Georg","robots":{"index":"index","follow":"follow","max-snippet":"max-snippet:-1","max-image-preview":"max-image-preview:large","max-video-preview":"max-video-preview:-1"},"canonical":"https:\/\/weltlaeden.de\/bensheim\/weihnachtszeit\/","og_locale":"de_DE","og_type":"article","og_title":"Weihnachtszeit - Weltladen Bensheim - Sankt Georg","og_description":"BALD IST ES WIEDER SOWEIT\u2026 \u2026der Duft von Weihnachten verbreitet sich in der Stadt und in den H\u00e4usern. Und, damit die Gem\u00fctlichkeit der Adventszeit erhalten bleibt, steht unser weihnachtliches Geschenksortiment im Bensheimer Weltladen f\u00fcr Sie bereit. Wir haben dieses Jahr wieder viele \u00dcberraschungen f\u00fcr Sie: Weihnachtsdeko aus Filz, Glas, Papier, hochwertige\u00a0Krippen aus Bronze,\u00a0Sonnengl\u00e4ser, unsere beliebten&hellip;","og_url":"https:\/\/weltlaeden.de\/bensheim\/weihnachtszeit\/","og_site_name":"Weltladen Bensheim - Sankt Georg","article_published_time":"2022-11-16T13:43:16+00:00","article_modified_time":"2023-01-12T14:26:53+00:00","og_image":[{"width":2048,"height":1151,"url":"https:\/\/weltlaeden.de\/bensheim\/wp-content\/uploads\/sites\/105\/2022\/11\/IMG_20221114_190311_0.jpg","type":"image\/jpeg"}],"author":"bensheim","twitter_card":"summary_large_image","twitter_misc":{"Verfasst von":"bensheim","Gesch\u00e4tzte Lesezeit":"1\u00a0Minute"},"schema":{"@context":"https:\/\/schema.org","@graph":[{"@type":"Article","@id":"https:\/\/weltlaeden.de\/bensheim\/weihnachtszeit\/#article","isPartOf":{"@id":"https:\/\/weltlaeden.de\/bensheim\/weihnachtszeit\/"},"author":{"name":"bensheim","@id":"https:\/\/weltlaeden.de\/bensheim\/#\/schema\/person\/9103edce11c0fbacaea656ebc13b21c2"},"headline":"Weihnachtszeit","datePublished":"2022-11-16T13:43:16+00:00","dateModified":"2023-01-12T14:26:53+00:00","mainEntityOfPage":{"@id":"https:\/\/weltlaeden.de\/bensheim\/weihnachtszeit\/"},"wordCount":146,"image":{"@id":"https:\/\/weltlaeden.de\/bensheim\/weihnachtszeit\/#primaryimage"},"thumbnailUrl":"https:\/\/weltlaeden.de\/bensheim\/wp-content\/uploads\/sites\/105\/2022\/11\/IMG_20221114_190311_0.jpg","articleSection":["Keine Kategorie"],"inLanguage":"de"},{"@type":"WebPage","@id":"https:\/\/weltlaeden.de\/bensheim\/weihnachtszeit\/","url":"https:\/\/weltlaeden.de\/bensheim\/weihnachtszeit\/","name":"Weihnachtszeit - Weltladen Bensheim - Sankt Georg","isPartOf":{"@id":"https:\/\/weltlaeden.de\/bensheim\/#website"},"primaryImageOfPage":{"@id":"https:\/\/weltlaeden.de\/bensheim\/weihnachtszeit\/#primaryimage"},"image":{"@id":"https:\/\/weltlaeden.de\/bensheim\/weihnachtszeit\/#primaryimage"},"thumbnailUrl":"https:\/\/weltlaeden.de\/bensheim\/wp-content\/uploads\/sites\/105\/2022\/11\/IMG_20221114_190311_0.jpg","datePublished":"2022-11-16T13:43:16+00:00","dateModified":"2023-01-12T14:26:53+00:00","author":{"@id":"https:\/\/weltlaeden.de\/bensheim\/#\/schema\/person\/9103edce11c0fbacaea656ebc13b21c2"},"breadcrumb":{"@id":"https:\/\/weltlaeden.de\/bensheim\/weihnachtszeit\/#breadcrumb"},"inLanguage":"de","potentialAction":[{"@type":"ReadAction","target":["https:\/\/weltlaeden.de\/bensheim\/weihnachtszeit\/"]}]},{"@type":"ImageObject","inLanguage":"de","@id":"https:\/\/weltlaeden.de\/bensheim\/weihnachtszeit\/#primaryimage","url":"https:\/\/weltlaeden.de\/bensheim\/wp-content\/uploads\/sites\/105\/2022\/11\/IMG_20221114_190311_0.jpg","contentUrl":"https:\/\/weltlaeden.de\/bensheim\/wp-content\/uploads\/sites\/105\/2022\/11\/IMG_20221114_190311_0.jpg","width":2048,"height":1151},{"@type":"BreadcrumbList","@id":"https:\/\/weltlaeden.de\/bensheim\/weihnachtszeit\/#breadcrumb","itemListElement":[{"@type":"ListItem","position":1,"name":"Startseite","item":"https:\/\/weltlaeden.de\/bensheim\/"},{"@type":"ListItem","position":2,"name":"Weihnachtszeit"}]},{"@type":"WebSite","@id":"https:\/\/weltlaeden.de\/bensheim\/#website","url":"https:\/\/weltlaeden.de\/bensheim\/","name":"Weltladen Bensheim - Sankt Georg","description":"Faire Produkte und Handel","potentialAction":[{"@type":"SearchAction","target":{"@type":"EntryPoint","urlTemplate":"https:\/\/weltlaeden.de\/bensheim\/?s={search_term_string}"},"query-input":{"@type":"PropertyValueSpecification","valueRequired":true,"valueName":"search_term_string"}}],"inLanguage":"de"},{"@type":"Person","@id":"https:\/\/weltlaeden.de\/bensheim\/#\/schema\/person\/9103edce11c0fbacaea656ebc13b21c2","name":"bensheim","image":{"@type":"ImageObject","inLanguage":"de","@id":"https:\/\/weltlaeden.de\/bensheim\/#\/schema\/person\/image\/","url":"https:\/\/secure.gravatar.com\/avatar\/12395c7d949c31d7690fdd02af2bf163?s=96&d=mm&r=g","contentUrl":"https:\/\/secure.gravatar.com\/avatar\/12395c7d949c31d7690fdd02af2bf163?s=96&d=mm&r=g","caption":"bensheim"}}]}},"_links":{"self":[{"href":"https:\/\/weltlaeden.de\/bensheim\/wp-json\/wp\/v2\/posts\/1286","targetHints":{"allow":["GET"]}}],"collection":[{"href":"https:\/\/weltlaeden.de\/bensheim\/wp-json\/wp\/v2\/posts"}],"about":[{"href":"https:\/\/weltlaeden.de\/bensheim\/wp-json\/wp\/v2\/types\/post"}],"author":[{"embeddable":true,"href":"https:\/\/weltlaeden.de\/bensheim\/wp-json\/wp\/v2\/users\/160"}],"replies":[{"embeddable":true,"href":"https:\/\/weltlaeden.de\/bensheim\/wp-json\/wp\/v2\/comments?post=1286"}],"version-history":[{"count":3,"href":"https:\/\/weltlaeden.de\/bensheim\/wp-json\/wp\/v2\/posts\/1286\/revisions"}],"predecessor-version":[{"id":1293,"href":"https:\/\/weltlaeden.de\/bensheim\/wp-json\/wp\/v2\/posts\/1286\/revisions\/1293"}],"wp:featuredmedia":[{"embeddable":true,"href":"https:\/\/weltlaeden.de\/bensheim\/wp-json\/wp\/v2\/media\/1289"}],"wp:attachment":[{"href":"https:\/\/weltlaeden.de\/bensheim\/wp-json\/wp\/v2\/media?parent=1286"}],"wp:term":[{"taxonomy":"category","embeddable":true,"href":"https:\/\/weltlaeden.de\/bensheim\/wp-json\/wp\/v2\/categories?post=1286"},{"taxonomy":"post_tag","embeddable":true,"href":"https:\/\/weltlaeden.de\/bensheim\/wp-json\/wp\/v2\/tags?post=1286"}],"curies":[{"name":"wp","href":"https:\/\/api.w.org\/{rel}","templated":true}]}}