{"id":1241,"date":"2022-07-31T20:40:47","date_gmt":"2022-07-31T18:40:47","guid":{"rendered":"https:\/\/weltlaeden.de\/bensheim\/?p=1241"},"modified":"2022-09-26T11:05:32","modified_gmt":"2022-09-26T09:05:32","slug":"produkt-des-monats-august","status":"publish","type":"post","link":"https:\/\/weltlaeden.de\/bensheim\/produkt-des-monats-august\/","title":{"rendered":"Produkt des Monats August"},"content":{"rendered":"<p>Noch ist es sommerlich hei\u00df \u2026 bald jedoch werden die Abende k\u00fchler, und ich freue mich, wenn ich mir einen leichten oder einen etwas w\u00e4rmeren Schal um die Schultern legen kann. Tags\u00fcber kann ich ihn leicht in meiner Handtasche verstauen und am Abend beim gem\u00fctlichen Beisammensein auf der Terrasse hole ich ihn hervor, und er w\u00e4rmt mich.\u00a0Ihr findet viele Schals in wunderbaren Materialien, sommerlichen oder auch schon herbstlichen Farben bei uns im Weltladen. Wir freuen uns auf deinen Besuch!<\/p>\n<p>Auf alle Schals gibt es im Monat August 10 % Rabatt!<\/p>\n\n\t\t\t<style type='text\/css'>\n\t\t\t\t#gallery-1 {\n\t\t\t\t\tmargin: auto;\n\t\t\t\t}\n\t\t\t\t#gallery-1 .gallery-item {\n\t\t\t\t\tfloat: left;\n\t\t\t\t\tmargin-top: 10px;\n\t\t\t\t\ttext-align: center;\n\t\t\t\t\twidth: 33%;\n\t\t\t\t}\n\t\t\t\t#gallery-1 img {\n\t\t\t\t\tborder: 2px solid #cfcfcf;\n\t\t\t\t}\n\t\t\t\t#gallery-1 .gallery-caption {\n\t\t\t\t\tmargin-left: 0;\n\t\t\t\t}\n\t\t\t\t\/* see gallery_shortcode() in wp-includes\/media.php *\/\n\t\t\t<\/style>\n\t\t<div id='gallery-1' class='dt-gallery-container gallery galleryid-1241 gallery-columns-3 gallery-size-medium'><dl class='gallery-item'>\n\t\t\t\t<dt class='gallery-icon portrait'>\n\t\t\t\t\t<a class=\"rollover rollover-zoom dt-pswp-item\" title=\"IMG_20220729_144636_7\" data-dt-img-description=\"\" data-large_image_width=\"1079\" data-large_image_height=\"1920\"href='https:\/\/weltlaeden.de\/bensheim\/wp-content\/uploads\/sites\/105\/2022\/07\/IMG_20220729_144636_7-scaled.jpg'><img loading=\"lazy\" decoding=\"async\" width=\"169\" height=\"300\" src=\"https:\/\/weltlaeden.de\/bensheim\/wp-content\/uploads\/sites\/105\/2022\/07\/IMG_20220729_144636_7-169x300.jpg\" class=\"attachment-medium size-medium\" alt=\"\" srcset=\"https:\/\/weltlaeden.de\/bensheim\/wp-content\/uploads\/sites\/105\/2022\/07\/IMG_20220729_144636_7-169x300.jpg 169w, https:\/\/weltlaeden.de\/bensheim\/wp-content\/uploads\/sites\/105\/2022\/07\/IMG_20220729_144636_7-576x1024.jpg 576w, https:\/\/weltlaeden.de\/bensheim\/wp-content\/uploads\/sites\/105\/2022\/07\/IMG_20220729_144636_7-768x1366.jpg 768w, https:\/\/weltlaeden.de\/bensheim\/wp-content\/uploads\/sites\/105\/2022\/07\/IMG_20220729_144636_7-863x1536.jpg 863w, https:\/\/weltlaeden.de\/bensheim\/wp-content\/uploads\/sites\/105\/2022\/07\/IMG_20220729_144636_7-1151x2048.jpg 1151w, https:\/\/weltlaeden.de\/bensheim\/wp-content\/uploads\/sites\/105\/2022\/07\/IMG_20220729_144636_7-scaled.jpg 1079w\" sizes=\"auto, (max-width: 169px) 100vw, 169px\" \/><\/a>\n\t\t\t\t<\/dt><\/dl><dl class='gallery-item'>\n\t\t\t\t<dt class='gallery-icon portrait'>\n\t\t\t\t\t<a class=\"rollover rollover-zoom dt-pswp-item\" title=\"IMG_20220729_144831_2\" data-dt-img-description=\"\" data-large_image_width=\"1079\" data-large_image_height=\"1920\"href='https:\/\/weltlaeden.de\/bensheim\/wp-content\/uploads\/sites\/105\/2022\/07\/IMG_20220729_144831_2-scaled.jpg'><img loading=\"lazy\" decoding=\"async\" width=\"169\" height=\"300\" src=\"https:\/\/weltlaeden.de\/bensheim\/wp-content\/uploads\/sites\/105\/2022\/07\/IMG_20220729_144831_2-169x300.jpg\" class=\"attachment-medium size-medium\" alt=\"\" srcset=\"https:\/\/weltlaeden.de\/bensheim\/wp-content\/uploads\/sites\/105\/2022\/07\/IMG_20220729_144831_2-169x300.jpg 169w, https:\/\/weltlaeden.de\/bensheim\/wp-content\/uploads\/sites\/105\/2022\/07\/IMG_20220729_144831_2-576x1024.jpg 576w, https:\/\/weltlaeden.de\/bensheim\/wp-content\/uploads\/sites\/105\/2022\/07\/IMG_20220729_144831_2-768x1366.jpg 768w, https:\/\/weltlaeden.de\/bensheim\/wp-content\/uploads\/sites\/105\/2022\/07\/IMG_20220729_144831_2-863x1536.jpg 863w, https:\/\/weltlaeden.de\/bensheim\/wp-content\/uploads\/sites\/105\/2022\/07\/IMG_20220729_144831_2-1151x2048.jpg 1151w, https:\/\/weltlaeden.de\/bensheim\/wp-content\/uploads\/sites\/105\/2022\/07\/IMG_20220729_144831_2-scaled.jpg 1079w\" sizes=\"auto, (max-width: 169px) 100vw, 169px\" \/><\/a>\n\t\t\t\t<\/dt><\/dl><dl class='gallery-item'>\n\t\t\t\t<dt class='gallery-icon landscape'>\n\t\t\t\t\t<a class=\"rollover rollover-zoom dt-pswp-item\" title=\"IMG_20220729_145041_0\" data-dt-img-description=\"\" data-large_image_width=\"1920\" data-large_image_height=\"1079\"href='https:\/\/weltlaeden.de\/bensheim\/wp-content\/uploads\/sites\/105\/2022\/07\/IMG_20220729_145041_0-scaled.jpg'><img loading=\"lazy\" decoding=\"async\" width=\"300\" height=\"169\" src=\"https:\/\/weltlaeden.de\/bensheim\/wp-content\/uploads\/sites\/105\/2022\/07\/IMG_20220729_145041_0-300x169.jpg\" class=\"attachment-medium size-medium\" alt=\"\" srcset=\"https:\/\/weltlaeden.de\/bensheim\/wp-content\/uploads\/sites\/105\/2022\/07\/IMG_20220729_145041_0-300x169.jpg 300w, https:\/\/weltlaeden.de\/bensheim\/wp-content\/uploads\/sites\/105\/2022\/07\/IMG_20220729_145041_0-1024x576.jpg 1024w, https:\/\/weltlaeden.de\/bensheim\/wp-content\/uploads\/sites\/105\/2022\/07\/IMG_20220729_145041_0-768x432.jpg 768w, https:\/\/weltlaeden.de\/bensheim\/wp-content\/uploads\/sites\/105\/2022\/07\/IMG_20220729_145041_0-1536x863.jpg 1536w, https:\/\/weltlaeden.de\/bensheim\/wp-content\/uploads\/sites\/105\/2022\/07\/IMG_20220729_145041_0-2048x1151.jpg 2048w, https:\/\/weltlaeden.de\/bensheim\/wp-content\/uploads\/sites\/105\/2022\/07\/IMG_20220729_145041_0-scaled.jpg 1920w\" sizes=\"auto, (max-width: 300px) 100vw, 300px\" \/><\/a>\n\t\t\t\t<\/dt><\/dl><br style=\"clear: both\" \/>\n\t\t\t<\/div>\n\n","protected":false},"excerpt":{"rendered":"<p>Noch ist es sommerlich hei\u00df \u2026 bald jedoch werden die Abende k\u00fchler, und ich freue mich, wenn ich mir einen leichten oder einen etwas w\u00e4rmeren Schal um die Schultern legen kann. Tags\u00fcber kann ich ihn leicht in meiner Handtasche verstauen und am Abend beim gem\u00fctlichen Beisammensein auf der Terrasse hole ich ihn hervor, und er&hellip;<\/p>\n","protected":false},"author":160,"featured_media":1244,"comment_status":"closed","ping_status":"closed","sticky":false,"template":"","format":"standard","meta":{"footnotes":""},"categories":[1],"tags":[],"class_list":["post-1241","post","type-post","status-publish","format-standard","has-post-thumbnail","hentry","category-allgemein","category-1","description-off"],"yoast_head":"<!-- This site is optimized with the Yoast SEO plugin v26.8 - https:\/\/yoast.com\/product\/yoast-seo-wordpress\/ -->\n<title>Produkt des Monats August - Weltladen Bensheim - Sankt Georg<\/title>\n<meta name=\"robots\" content=\"index, follow, max-snippet:-1, max-image-preview:large, max-video-preview:-1\" \/>\n<link rel=\"canonical\" href=\"https:\/\/weltlaeden.de\/bensheim\/produkt-des-monats-august\/\" \/>\n<meta property=\"og:locale\" content=\"de_DE\" \/>\n<meta property=\"og:type\" content=\"article\" \/>\n<meta property=\"og:title\" content=\"Produkt des Monats August - Weltladen Bensheim - Sankt Georg\" \/>\n<meta property=\"og:description\" content=\"Noch ist es sommerlich hei\u00df \u2026 bald jedoch werden die Abende k\u00fchler, und ich freue mich, wenn ich mir einen leichten oder einen etwas w\u00e4rmeren Schal um die Schultern legen kann. Tags\u00fcber kann ich ihn leicht in meiner Handtasche verstauen und am Abend beim gem\u00fctlichen Beisammensein auf der Terrasse hole ich ihn hervor, und er&hellip;\" \/>\n<meta property=\"og:url\" content=\"https:\/\/weltlaeden.de\/bensheim\/produkt-des-monats-august\/\" \/>\n<meta property=\"og:site_name\" content=\"Weltladen Bensheim - Sankt Georg\" \/>\n<meta property=\"article:published_time\" content=\"2022-07-31T18:40:47+00:00\" \/>\n<meta property=\"article:modified_time\" content=\"2022-09-26T09:05:32+00:00\" \/>\n<meta property=\"og:image\" content=\"https:\/\/weltlaeden.de\/bensheim\/wp-content\/uploads\/sites\/105\/2022\/07\/IMG_20220729_145041_0-scaled.jpg\" \/>\n\t<meta property=\"og:image:width\" content=\"1920\" \/>\n\t<meta property=\"og:image:height\" content=\"1079\" \/>\n\t<meta property=\"og:image:type\" content=\"image\/jpeg\" \/>\n<meta name=\"author\" content=\"bensheim\" \/>\n<meta name=\"twitter:card\" content=\"summary_large_image\" \/>\n<meta name=\"twitter:label1\" content=\"Verfasst von\" \/>\n\t<meta name=\"twitter:data1\" content=\"bensheim\" \/>\n\t<meta name=\"twitter:label2\" content=\"Gesch\u00e4tzte Lesezeit\" \/>\n\t<meta name=\"twitter:data2\" content=\"1\u00a0Minute\" \/>\n<script type=\"application\/ld+json\" class=\"yoast-schema-graph\">{\"@context\":\"https:\/\/schema.org\",\"@graph\":[{\"@type\":\"Article\",\"@id\":\"https:\/\/weltlaeden.de\/bensheim\/produkt-des-monats-august\/#article\",\"isPartOf\":{\"@id\":\"https:\/\/weltlaeden.de\/bensheim\/produkt-des-monats-august\/\"},\"author\":{\"name\":\"bensheim\",\"@id\":\"https:\/\/weltlaeden.de\/bensheim\/#\/schema\/person\/9103edce11c0fbacaea656ebc13b21c2\"},\"headline\":\"Produkt des Monats August\",\"datePublished\":\"2022-07-31T18:40:47+00:00\",\"dateModified\":\"2022-09-26T09:05:32+00:00\",\"mainEntityOfPage\":{\"@id\":\"https:\/\/weltlaeden.de\/bensheim\/produkt-des-monats-august\/\"},\"wordCount\":105,\"image\":{\"@id\":\"https:\/\/weltlaeden.de\/bensheim\/produkt-des-monats-august\/#primaryimage\"},\"thumbnailUrl\":\"https:\/\/weltlaeden.de\/bensheim\/wp-content\/uploads\/sites\/105\/2022\/07\/IMG_20220729_145041_0-scaled.jpg\",\"articleSection\":[\"Keine Kategorie\"],\"inLanguage\":\"de\"},{\"@type\":\"WebPage\",\"@id\":\"https:\/\/weltlaeden.de\/bensheim\/produkt-des-monats-august\/\",\"url\":\"https:\/\/weltlaeden.de\/bensheim\/produkt-des-monats-august\/\",\"name\":\"Produkt des Monats August - Weltladen Bensheim - Sankt Georg\",\"isPartOf\":{\"@id\":\"https:\/\/weltlaeden.de\/bensheim\/#website\"},\"primaryImageOfPage\":{\"@id\":\"https:\/\/weltlaeden.de\/bensheim\/produkt-des-monats-august\/#primaryimage\"},\"image\":{\"@id\":\"https:\/\/weltlaeden.de\/bensheim\/produkt-des-monats-august\/#primaryimage\"},\"thumbnailUrl\":\"https:\/\/weltlaeden.de\/bensheim\/wp-content\/uploads\/sites\/105\/2022\/07\/IMG_20220729_145041_0-scaled.jpg\",\"datePublished\":\"2022-07-31T18:40:47+00:00\",\"dateModified\":\"2022-09-26T09:05:32+00:00\",\"author\":{\"@id\":\"https:\/\/weltlaeden.de\/bensheim\/#\/schema\/person\/9103edce11c0fbacaea656ebc13b21c2\"},\"breadcrumb\":{\"@id\":\"https:\/\/weltlaeden.de\/bensheim\/produkt-des-monats-august\/#breadcrumb\"},\"inLanguage\":\"de\",\"potentialAction\":[{\"@type\":\"ReadAction\",\"target\":[\"https:\/\/weltlaeden.de\/bensheim\/produkt-des-monats-august\/\"]}]},{\"@type\":\"ImageObject\",\"inLanguage\":\"de\",\"@id\":\"https:\/\/weltlaeden.de\/bensheim\/produkt-des-monats-august\/#primaryimage\",\"url\":\"https:\/\/weltlaeden.de\/bensheim\/wp-content\/uploads\/sites\/105\/2022\/07\/IMG_20220729_145041_0-scaled.jpg\",\"contentUrl\":\"https:\/\/weltlaeden.de\/bensheim\/wp-content\/uploads\/sites\/105\/2022\/07\/IMG_20220729_145041_0-scaled.jpg\",\"width\":1920,\"height\":1079},{\"@type\":\"BreadcrumbList\",\"@id\":\"https:\/\/weltlaeden.de\/bensheim\/produkt-des-monats-august\/#breadcrumb\",\"itemListElement\":[{\"@type\":\"ListItem\",\"position\":1,\"name\":\"Startseite\",\"item\":\"https:\/\/weltlaeden.de\/bensheim\/\"},{\"@type\":\"ListItem\",\"position\":2,\"name\":\"Produkt des Monats August\"}]},{\"@type\":\"WebSite\",\"@id\":\"https:\/\/weltlaeden.de\/bensheim\/#website\",\"url\":\"https:\/\/weltlaeden.de\/bensheim\/\",\"name\":\"Weltladen Bensheim - Sankt Georg\",\"description\":\"Faire Produkte und Handel\",\"potentialAction\":[{\"@type\":\"SearchAction\",\"target\":{\"@type\":\"EntryPoint\",\"urlTemplate\":\"https:\/\/weltlaeden.de\/bensheim\/?s={search_term_string}\"},\"query-input\":{\"@type\":\"PropertyValueSpecification\",\"valueRequired\":true,\"valueName\":\"search_term_string\"}}],\"inLanguage\":\"de\"},{\"@type\":\"Person\",\"@id\":\"https:\/\/weltlaeden.de\/bensheim\/#\/schema\/person\/9103edce11c0fbacaea656ebc13b21c2\",\"name\":\"bensheim\",\"image\":{\"@type\":\"ImageObject\",\"inLanguage\":\"de\",\"@id\":\"https:\/\/weltlaeden.de\/bensheim\/#\/schema\/person\/image\/\",\"url\":\"https:\/\/secure.gravatar.com\/avatar\/12395c7d949c31d7690fdd02af2bf163?s=96&d=mm&r=g\",\"contentUrl\":\"https:\/\/secure.gravatar.com\/avatar\/12395c7d949c31d7690fdd02af2bf163?s=96&d=mm&r=g\",\"caption\":\"bensheim\"}}]}<\/script>\n<!-- \/ Yoast SEO plugin. -->","yoast_head_json":{"title":"Produkt des Monats August - Weltladen Bensheim - Sankt Georg","robots":{"index":"index","follow":"follow","max-snippet":"max-snippet:-1","max-image-preview":"max-image-preview:large","max-video-preview":"max-video-preview:-1"},"canonical":"https:\/\/weltlaeden.de\/bensheim\/produkt-des-monats-august\/","og_locale":"de_DE","og_type":"article","og_title":"Produkt des Monats August - Weltladen Bensheim - Sankt Georg","og_description":"Noch ist es sommerlich hei\u00df \u2026 bald jedoch werden die Abende k\u00fchler, und ich freue mich, wenn ich mir einen leichten oder einen etwas w\u00e4rmeren Schal um die Schultern legen kann. Tags\u00fcber kann ich ihn leicht in meiner Handtasche verstauen und am Abend beim gem\u00fctlichen Beisammensein auf der Terrasse hole ich ihn hervor, und er&hellip;","og_url":"https:\/\/weltlaeden.de\/bensheim\/produkt-des-monats-august\/","og_site_name":"Weltladen Bensheim - Sankt Georg","article_published_time":"2022-07-31T18:40:47+00:00","article_modified_time":"2022-09-26T09:05:32+00:00","og_image":[{"width":1920,"height":1079,"url":"https:\/\/weltlaeden.de\/bensheim\/wp-content\/uploads\/sites\/105\/2022\/07\/IMG_20220729_145041_0-scaled.jpg","type":"image\/jpeg"}],"author":"bensheim","twitter_card":"summary_large_image","twitter_misc":{"Verfasst von":"bensheim","Gesch\u00e4tzte Lesezeit":"1\u00a0Minute"},"schema":{"@context":"https:\/\/schema.org","@graph":[{"@type":"Article","@id":"https:\/\/weltlaeden.de\/bensheim\/produkt-des-monats-august\/#article","isPartOf":{"@id":"https:\/\/weltlaeden.de\/bensheim\/produkt-des-monats-august\/"},"author":{"name":"bensheim","@id":"https:\/\/weltlaeden.de\/bensheim\/#\/schema\/person\/9103edce11c0fbacaea656ebc13b21c2"},"headline":"Produkt des Monats August","datePublished":"2022-07-31T18:40:47+00:00","dateModified":"2022-09-26T09:05:32+00:00","mainEntityOfPage":{"@id":"https:\/\/weltlaeden.de\/bensheim\/produkt-des-monats-august\/"},"wordCount":105,"image":{"@id":"https:\/\/weltlaeden.de\/bensheim\/produkt-des-monats-august\/#primaryimage"},"thumbnailUrl":"https:\/\/weltlaeden.de\/bensheim\/wp-content\/uploads\/sites\/105\/2022\/07\/IMG_20220729_145041_0-scaled.jpg","articleSection":["Keine Kategorie"],"inLanguage":"de"},{"@type":"WebPage","@id":"https:\/\/weltlaeden.de\/bensheim\/produkt-des-monats-august\/","url":"https:\/\/weltlaeden.de\/bensheim\/produkt-des-monats-august\/","name":"Produkt des Monats August - Weltladen Bensheim - Sankt Georg","isPartOf":{"@id":"https:\/\/weltlaeden.de\/bensheim\/#website"},"primaryImageOfPage":{"@id":"https:\/\/weltlaeden.de\/bensheim\/produkt-des-monats-august\/#primaryimage"},"image":{"@id":"https:\/\/weltlaeden.de\/bensheim\/produkt-des-monats-august\/#primaryimage"},"thumbnailUrl":"https:\/\/weltlaeden.de\/bensheim\/wp-content\/uploads\/sites\/105\/2022\/07\/IMG_20220729_145041_0-scaled.jpg","datePublished":"2022-07-31T18:40:47+00:00","dateModified":"2022-09-26T09:05:32+00:00","author":{"@id":"https:\/\/weltlaeden.de\/bensheim\/#\/schema\/person\/9103edce11c0fbacaea656ebc13b21c2"},"breadcrumb":{"@id":"https:\/\/weltlaeden.de\/bensheim\/produkt-des-monats-august\/#breadcrumb"},"inLanguage":"de","potentialAction":[{"@type":"ReadAction","target":["https:\/\/weltlaeden.de\/bensheim\/produkt-des-monats-august\/"]}]},{"@type":"ImageObject","inLanguage":"de","@id":"https:\/\/weltlaeden.de\/bensheim\/produkt-des-monats-august\/#primaryimage","url":"https:\/\/weltlaeden.de\/bensheim\/wp-content\/uploads\/sites\/105\/2022\/07\/IMG_20220729_145041_0-scaled.jpg","contentUrl":"https:\/\/weltlaeden.de\/bensheim\/wp-content\/uploads\/sites\/105\/2022\/07\/IMG_20220729_145041_0-scaled.jpg","width":1920,"height":1079},{"@type":"BreadcrumbList","@id":"https:\/\/weltlaeden.de\/bensheim\/produkt-des-monats-august\/#breadcrumb","itemListElement":[{"@type":"ListItem","position":1,"name":"Startseite","item":"https:\/\/weltlaeden.de\/bensheim\/"},{"@type":"ListItem","position":2,"name":"Produkt des Monats August"}]},{"@type":"WebSite","@id":"https:\/\/weltlaeden.de\/bensheim\/#website","url":"https:\/\/weltlaeden.de\/bensheim\/","name":"Weltladen Bensheim - Sankt Georg","description":"Faire Produkte und Handel","potentialAction":[{"@type":"SearchAction","target":{"@type":"EntryPoint","urlTemplate":"https:\/\/weltlaeden.de\/bensheim\/?s={search_term_string}"},"query-input":{"@type":"PropertyValueSpecification","valueRequired":true,"valueName":"search_term_string"}}],"inLanguage":"de"},{"@type":"Person","@id":"https:\/\/weltlaeden.de\/bensheim\/#\/schema\/person\/9103edce11c0fbacaea656ebc13b21c2","name":"bensheim","image":{"@type":"ImageObject","inLanguage":"de","@id":"https:\/\/weltlaeden.de\/bensheim\/#\/schema\/person\/image\/","url":"https:\/\/secure.gravatar.com\/avatar\/12395c7d949c31d7690fdd02af2bf163?s=96&d=mm&r=g","contentUrl":"https:\/\/secure.gravatar.com\/avatar\/12395c7d949c31d7690fdd02af2bf163?s=96&d=mm&r=g","caption":"bensheim"}}]}},"_links":{"self":[{"href":"https:\/\/weltlaeden.de\/bensheim\/wp-json\/wp\/v2\/posts\/1241","targetHints":{"allow":["GET"]}}],"collection":[{"href":"https:\/\/weltlaeden.de\/bensheim\/wp-json\/wp\/v2\/posts"}],"about":[{"href":"https:\/\/weltlaeden.de\/bensheim\/wp-json\/wp\/v2\/types\/post"}],"author":[{"embeddable":true,"href":"https:\/\/weltlaeden.de\/bensheim\/wp-json\/wp\/v2\/users\/160"}],"replies":[{"embeddable":true,"href":"https:\/\/weltlaeden.de\/bensheim\/wp-json\/wp\/v2\/comments?post=1241"}],"version-history":[{"count":1,"href":"https:\/\/weltlaeden.de\/bensheim\/wp-json\/wp\/v2\/posts\/1241\/revisions"}],"predecessor-version":[{"id":1245,"href":"https:\/\/weltlaeden.de\/bensheim\/wp-json\/wp\/v2\/posts\/1241\/revisions\/1245"}],"wp:featuredmedia":[{"embeddable":true,"href":"https:\/\/weltlaeden.de\/bensheim\/wp-json\/wp\/v2\/media\/1244"}],"wp:attachment":[{"href":"https:\/\/weltlaeden.de\/bensheim\/wp-json\/wp\/v2\/media?parent=1241"}],"wp:term":[{"taxonomy":"category","embeddable":true,"href":"https:\/\/weltlaeden.de\/bensheim\/wp-json\/wp\/v2\/categories?post=1241"},{"taxonomy":"post_tag","embeddable":true,"href":"https:\/\/weltlaeden.de\/bensheim\/wp-json\/wp\/v2\/tags?post=1241"}],"curies":[{"name":"wp","href":"https:\/\/api.w.org\/{rel}","templated":true}]}}