{"id":992,"date":"2022-07-22T15:17:44","date_gmt":"2022-07-22T13:17:44","guid":{"rendered":"https:\/\/weltlaeden.de\/badschoenborn\/?p=992"},"modified":"2022-07-22T15:17:44","modified_gmt":"2022-07-22T13:17:44","slug":"maechtig-unfair-weltladentag-2022-im-sole-aktiv-park","status":"publish","type":"post","link":"https:\/\/weltlaeden.de\/badschoenborn\/maechtig-unfair-weltladentag-2022-im-sole-aktiv-park\/","title":{"rendered":"M\u00e4chtig unfair! Weltladentag 2022 im Sole Aktiv-Park"},"content":{"rendered":"<p>Am Weltladentag 2022 luden die Aktiven von Faire Welt e.V. Bad Sch\u00f6nborn ein, im Kurpark den Pfad der Billigpreise zu begehen.\u00a0\u201eDie Marktmacht sei mit Dir\u201d erfuhren Interessierte, die eine kleine, finstere Star-Wars-Figur auf einer wei\u00df verh\u00fcllten Kiste unweit des Biergartens betrachteten. Am Sonntag den 15. Mai 2022 hatten die Aktiven des Vereins diese und viele weitere Ausstellungsobjekte nachmittags am Wegesrand zwischen Sole-Aktiv-Park und M\u00fchlbach aufgestellt. Die kriegerische Ansage verglich die Marktmacht der vier gro\u00dfen Supermarktketten in Deutschland mit dem zerst\u00f6rerischen Machtanspruch der Filmfigur. Auf einer anderen Kiste konnte man beispielsweise den Mindestpreis mit der Lupe suchen oder beim \u201eDurchboxen\u201d die Boxhandschuhe als Symbol f\u00fcr den Preiskampf der landwirtschaftlichen ProduzentInnen verstehen. \u201eZerm\u00fcrbt\u201d und \u201eMit F\u00fc\u00dfen getreten\u201d bezog sich die ausgestellte Kurbel-Kaffeem\u00fchle auf die Kaffee-Kleinproduzenten und die plattgetretene Milcht\u00fcte auf die Gewinnspanne der Milchbauern hierzulande. Jede Kaufentscheidung hat Konsequenzen.<\/p>\n<p><span style=\"font-weight: 400\">Die Weltladen-Mitarbeiterinnen kamen mit zahlreichen Spazierg\u00e4ngern ins Gespr\u00e4ch und freuten sich \u00fcber die M\u00f6glichkeit, die Alternative zum Preisdumping, den Fairen Handel, auch au\u00dferhalb der Ladenr\u00e4ume in Mingolsheim der Bev\u00f6lkerung nahe zu bringen<\/span><\/p>\n","protected":false},"excerpt":{"rendered":"<p>Am Weltladentag 2022 luden die Aktiven von Faire Welt e.V. Bad Sch\u00f6nborn ein, im Kurpark den Pfad der Billigpreise zu begehen.\u00a0\u201eDie Marktmacht sei mit Dir\u201d erfuhren Interessierte, die eine kleine, finstere Star-Wars-Figur auf einer wei\u00df verh\u00fcllten Kiste unweit des Biergartens betrachteten. Am Sonntag den 15. Mai 2022 hatten die Aktiven des Vereins diese und viele&hellip;<\/p>\n","protected":false},"author":91,"featured_media":993,"comment_status":"closed","ping_status":"closed","sticky":false,"template":"","format":"standard","meta":{"footnotes":""},"categories":[1],"tags":[],"class_list":["post-992","post","type-post","status-publish","format-standard","has-post-thumbnail","hentry","category-allgemein","category-1","description-off"],"yoast_head":"<!-- This site is optimized with the Yoast SEO plugin v26.8 - https:\/\/yoast.com\/product\/yoast-seo-wordpress\/ -->\n<title>M\u00e4chtig unfair! Weltladentag 2022 im Sole Aktiv-Park - Weltladen Bad Sch\u00f6nborn<\/title>\n<meta name=\"description\" content=\"Der Pfad der Billigpreise im Kurpark Bad Sch\u00f6nborn. Aktion am 15. Mai 2022\" \/>\n<meta name=\"robots\" content=\"index, follow, max-snippet:-1, max-image-preview:large, max-video-preview:-1\" \/>\n<link rel=\"canonical\" href=\"https:\/\/weltlaeden.de\/badschoenborn\/maechtig-unfair-weltladentag-2022-im-sole-aktiv-park\/\" \/>\n<meta property=\"og:locale\" content=\"de_DE\" \/>\n<meta property=\"og:type\" content=\"article\" \/>\n<meta property=\"og:title\" content=\"M\u00e4chtig unfair! Weltladentag 2022 im Sole Aktiv-Park - Weltladen Bad Sch\u00f6nborn\" \/>\n<meta property=\"og:description\" content=\"Der Pfad der Billigpreise im Kurpark Bad Sch\u00f6nborn. Aktion am 15. Mai 2022\" \/>\n<meta property=\"og:url\" content=\"https:\/\/weltlaeden.de\/badschoenborn\/maechtig-unfair-weltladentag-2022-im-sole-aktiv-park\/\" \/>\n<meta property=\"og:site_name\" content=\"Weltladen Bad Sch\u00f6nborn\" \/>\n<meta property=\"article:author\" content=\"https:\/\/www.facebook.com\/weltladenbadschoenborn\" \/>\n<meta property=\"article:published_time\" content=\"2022-07-22T13:17:44+00:00\" \/>\n<meta property=\"og:image\" content=\"https:\/\/weltlaeden.de\/badschoenborn\/wp-content\/uploads\/sites\/62\/2022\/07\/Nachbericht_Weltladentag_22.jpg\" \/>\n\t<meta property=\"og:image:width\" content=\"1048\" \/>\n\t<meta property=\"og:image:height\" content=\"713\" \/>\n\t<meta property=\"og:image:type\" content=\"image\/jpeg\" \/>\n<meta name=\"author\" content=\"badschoenborn\" \/>\n<meta name=\"twitter:card\" content=\"summary_large_image\" \/>\n<meta name=\"twitter:label1\" content=\"Verfasst von\" \/>\n\t<meta name=\"twitter:data1\" content=\"badschoenborn\" \/>\n\t<meta name=\"twitter:label2\" content=\"Gesch\u00e4tzte Lesezeit\" \/>\n\t<meta name=\"twitter:data2\" content=\"1\u00a0Minute\" \/>\n<script type=\"application\/ld+json\" class=\"yoast-schema-graph\">{\"@context\":\"https:\/\/schema.org\",\"@graph\":[{\"@type\":\"Article\",\"@id\":\"https:\/\/weltlaeden.de\/badschoenborn\/maechtig-unfair-weltladentag-2022-im-sole-aktiv-park\/#article\",\"isPartOf\":{\"@id\":\"https:\/\/weltlaeden.de\/badschoenborn\/maechtig-unfair-weltladentag-2022-im-sole-aktiv-park\/\"},\"author\":{\"name\":\"badschoenborn\",\"@id\":\"https:\/\/weltlaeden.de\/badschoenborn\/#\/schema\/person\/d3a75136958faefefbf67a2ead3d1f15\"},\"headline\":\"M\u00e4chtig unfair! Weltladentag 2022 im Sole Aktiv-Park\",\"datePublished\":\"2022-07-22T13:17:44+00:00\",\"mainEntityOfPage\":{\"@id\":\"https:\/\/weltlaeden.de\/badschoenborn\/maechtig-unfair-weltladentag-2022-im-sole-aktiv-park\/\"},\"wordCount\":191,\"image\":{\"@id\":\"https:\/\/weltlaeden.de\/badschoenborn\/maechtig-unfair-weltladentag-2022-im-sole-aktiv-park\/#primaryimage\"},\"thumbnailUrl\":\"https:\/\/weltlaeden.de\/badschoenborn\/wp-content\/uploads\/sites\/62\/2022\/07\/Nachbericht_Weltladentag_22.jpg\",\"articleSection\":[\"Keine Kategorie\"],\"inLanguage\":\"de\"},{\"@type\":\"WebPage\",\"@id\":\"https:\/\/weltlaeden.de\/badschoenborn\/maechtig-unfair-weltladentag-2022-im-sole-aktiv-park\/\",\"url\":\"https:\/\/weltlaeden.de\/badschoenborn\/maechtig-unfair-weltladentag-2022-im-sole-aktiv-park\/\",\"name\":\"M\u00e4chtig unfair! Weltladentag 2022 im Sole Aktiv-Park - Weltladen Bad Sch\u00f6nborn\",\"isPartOf\":{\"@id\":\"https:\/\/weltlaeden.de\/badschoenborn\/#website\"},\"primaryImageOfPage\":{\"@id\":\"https:\/\/weltlaeden.de\/badschoenborn\/maechtig-unfair-weltladentag-2022-im-sole-aktiv-park\/#primaryimage\"},\"image\":{\"@id\":\"https:\/\/weltlaeden.de\/badschoenborn\/maechtig-unfair-weltladentag-2022-im-sole-aktiv-park\/#primaryimage\"},\"thumbnailUrl\":\"https:\/\/weltlaeden.de\/badschoenborn\/wp-content\/uploads\/sites\/62\/2022\/07\/Nachbericht_Weltladentag_22.jpg\",\"datePublished\":\"2022-07-22T13:17:44+00:00\",\"author\":{\"@id\":\"https:\/\/weltlaeden.de\/badschoenborn\/#\/schema\/person\/d3a75136958faefefbf67a2ead3d1f15\"},\"description\":\"Der Pfad der Billigpreise im Kurpark Bad Sch\u00f6nborn. Aktion am 15. Mai 2022\",\"breadcrumb\":{\"@id\":\"https:\/\/weltlaeden.de\/badschoenborn\/maechtig-unfair-weltladentag-2022-im-sole-aktiv-park\/#breadcrumb\"},\"inLanguage\":\"de\",\"potentialAction\":[{\"@type\":\"ReadAction\",\"target\":[\"https:\/\/weltlaeden.de\/badschoenborn\/maechtig-unfair-weltladentag-2022-im-sole-aktiv-park\/\"]}]},{\"@type\":\"ImageObject\",\"inLanguage\":\"de\",\"@id\":\"https:\/\/weltlaeden.de\/badschoenborn\/maechtig-unfair-weltladentag-2022-im-sole-aktiv-park\/#primaryimage\",\"url\":\"https:\/\/weltlaeden.de\/badschoenborn\/wp-content\/uploads\/sites\/62\/2022\/07\/Nachbericht_Weltladentag_22.jpg\",\"contentUrl\":\"https:\/\/weltlaeden.de\/badschoenborn\/wp-content\/uploads\/sites\/62\/2022\/07\/Nachbericht_Weltladentag_22.jpg\",\"width\":1048,\"height\":713,\"caption\":\"M\u00e4chtig unfair Kurpark Bad sch\u00f6nborn\"},{\"@type\":\"BreadcrumbList\",\"@id\":\"https:\/\/weltlaeden.de\/badschoenborn\/maechtig-unfair-weltladentag-2022-im-sole-aktiv-park\/#breadcrumb\",\"itemListElement\":[{\"@type\":\"ListItem\",\"position\":1,\"name\":\"Startseite\",\"item\":\"https:\/\/weltlaeden.de\/badschoenborn\/\"},{\"@type\":\"ListItem\",\"position\":2,\"name\":\"M\u00e4chtig unfair! Weltladentag 2022 im Sole Aktiv-Park\"}]},{\"@type\":\"WebSite\",\"@id\":\"https:\/\/weltlaeden.de\/badschoenborn\/#website\",\"url\":\"https:\/\/weltlaeden.de\/badschoenborn\/\",\"name\":\"Vorlage\",\"description\":\"Faire Welt e.V. Bad Sch\u00f6nborn\",\"potentialAction\":[{\"@type\":\"SearchAction\",\"target\":{\"@type\":\"EntryPoint\",\"urlTemplate\":\"https:\/\/weltlaeden.de\/badschoenborn\/?s={search_term_string}\"},\"query-input\":{\"@type\":\"PropertyValueSpecification\",\"valueRequired\":true,\"valueName\":\"search_term_string\"}}],\"inLanguage\":\"de\"},{\"@type\":\"Person\",\"@id\":\"https:\/\/weltlaeden.de\/badschoenborn\/#\/schema\/person\/d3a75136958faefefbf67a2ead3d1f15\",\"name\":\"badschoenborn\",\"image\":{\"@type\":\"ImageObject\",\"inLanguage\":\"de\",\"@id\":\"https:\/\/weltlaeden.de\/badschoenborn\/#\/schema\/person\/image\/\",\"url\":\"https:\/\/secure.gravatar.com\/avatar\/fdff26cb418aecba06b5a347fb579180?s=96&d=mm&r=g\",\"contentUrl\":\"https:\/\/secure.gravatar.com\/avatar\/fdff26cb418aecba06b5a347fb579180?s=96&d=mm&r=g\",\"caption\":\"badschoenborn\"},\"sameAs\":[\"https:\/\/www.facebook.com\/weltladenbadschoenborn\"]}]}<\/script>\n<!-- \/ Yoast SEO plugin. -->","yoast_head_json":{"title":"M\u00e4chtig unfair! Weltladentag 2022 im Sole Aktiv-Park - Weltladen Bad Sch\u00f6nborn","description":"Der Pfad der Billigpreise im Kurpark Bad Sch\u00f6nborn. Aktion am 15. Mai 2022","robots":{"index":"index","follow":"follow","max-snippet":"max-snippet:-1","max-image-preview":"max-image-preview:large","max-video-preview":"max-video-preview:-1"},"canonical":"https:\/\/weltlaeden.de\/badschoenborn\/maechtig-unfair-weltladentag-2022-im-sole-aktiv-park\/","og_locale":"de_DE","og_type":"article","og_title":"M\u00e4chtig unfair! Weltladentag 2022 im Sole Aktiv-Park - Weltladen Bad Sch\u00f6nborn","og_description":"Der Pfad der Billigpreise im Kurpark Bad Sch\u00f6nborn. Aktion am 15. Mai 2022","og_url":"https:\/\/weltlaeden.de\/badschoenborn\/maechtig-unfair-weltladentag-2022-im-sole-aktiv-park\/","og_site_name":"Weltladen Bad Sch\u00f6nborn","article_author":"https:\/\/www.facebook.com\/weltladenbadschoenborn","article_published_time":"2022-07-22T13:17:44+00:00","og_image":[{"width":1048,"height":713,"url":"https:\/\/weltlaeden.de\/badschoenborn\/wp-content\/uploads\/sites\/62\/2022\/07\/Nachbericht_Weltladentag_22.jpg","type":"image\/jpeg"}],"author":"badschoenborn","twitter_card":"summary_large_image","twitter_misc":{"Verfasst von":"badschoenborn","Gesch\u00e4tzte Lesezeit":"1\u00a0Minute"},"schema":{"@context":"https:\/\/schema.org","@graph":[{"@type":"Article","@id":"https:\/\/weltlaeden.de\/badschoenborn\/maechtig-unfair-weltladentag-2022-im-sole-aktiv-park\/#article","isPartOf":{"@id":"https:\/\/weltlaeden.de\/badschoenborn\/maechtig-unfair-weltladentag-2022-im-sole-aktiv-park\/"},"author":{"name":"badschoenborn","@id":"https:\/\/weltlaeden.de\/badschoenborn\/#\/schema\/person\/d3a75136958faefefbf67a2ead3d1f15"},"headline":"M\u00e4chtig unfair! Weltladentag 2022 im Sole Aktiv-Park","datePublished":"2022-07-22T13:17:44+00:00","mainEntityOfPage":{"@id":"https:\/\/weltlaeden.de\/badschoenborn\/maechtig-unfair-weltladentag-2022-im-sole-aktiv-park\/"},"wordCount":191,"image":{"@id":"https:\/\/weltlaeden.de\/badschoenborn\/maechtig-unfair-weltladentag-2022-im-sole-aktiv-park\/#primaryimage"},"thumbnailUrl":"https:\/\/weltlaeden.de\/badschoenborn\/wp-content\/uploads\/sites\/62\/2022\/07\/Nachbericht_Weltladentag_22.jpg","articleSection":["Keine Kategorie"],"inLanguage":"de"},{"@type":"WebPage","@id":"https:\/\/weltlaeden.de\/badschoenborn\/maechtig-unfair-weltladentag-2022-im-sole-aktiv-park\/","url":"https:\/\/weltlaeden.de\/badschoenborn\/maechtig-unfair-weltladentag-2022-im-sole-aktiv-park\/","name":"M\u00e4chtig unfair! Weltladentag 2022 im Sole Aktiv-Park - Weltladen Bad Sch\u00f6nborn","isPartOf":{"@id":"https:\/\/weltlaeden.de\/badschoenborn\/#website"},"primaryImageOfPage":{"@id":"https:\/\/weltlaeden.de\/badschoenborn\/maechtig-unfair-weltladentag-2022-im-sole-aktiv-park\/#primaryimage"},"image":{"@id":"https:\/\/weltlaeden.de\/badschoenborn\/maechtig-unfair-weltladentag-2022-im-sole-aktiv-park\/#primaryimage"},"thumbnailUrl":"https:\/\/weltlaeden.de\/badschoenborn\/wp-content\/uploads\/sites\/62\/2022\/07\/Nachbericht_Weltladentag_22.jpg","datePublished":"2022-07-22T13:17:44+00:00","author":{"@id":"https:\/\/weltlaeden.de\/badschoenborn\/#\/schema\/person\/d3a75136958faefefbf67a2ead3d1f15"},"description":"Der Pfad der Billigpreise im Kurpark Bad Sch\u00f6nborn. Aktion am 15. Mai 2022","breadcrumb":{"@id":"https:\/\/weltlaeden.de\/badschoenborn\/maechtig-unfair-weltladentag-2022-im-sole-aktiv-park\/#breadcrumb"},"inLanguage":"de","potentialAction":[{"@type":"ReadAction","target":["https:\/\/weltlaeden.de\/badschoenborn\/maechtig-unfair-weltladentag-2022-im-sole-aktiv-park\/"]}]},{"@type":"ImageObject","inLanguage":"de","@id":"https:\/\/weltlaeden.de\/badschoenborn\/maechtig-unfair-weltladentag-2022-im-sole-aktiv-park\/#primaryimage","url":"https:\/\/weltlaeden.de\/badschoenborn\/wp-content\/uploads\/sites\/62\/2022\/07\/Nachbericht_Weltladentag_22.jpg","contentUrl":"https:\/\/weltlaeden.de\/badschoenborn\/wp-content\/uploads\/sites\/62\/2022\/07\/Nachbericht_Weltladentag_22.jpg","width":1048,"height":713,"caption":"M\u00e4chtig unfair Kurpark Bad sch\u00f6nborn"},{"@type":"BreadcrumbList","@id":"https:\/\/weltlaeden.de\/badschoenborn\/maechtig-unfair-weltladentag-2022-im-sole-aktiv-park\/#breadcrumb","itemListElement":[{"@type":"ListItem","position":1,"name":"Startseite","item":"https:\/\/weltlaeden.de\/badschoenborn\/"},{"@type":"ListItem","position":2,"name":"M\u00e4chtig unfair! Weltladentag 2022 im Sole Aktiv-Park"}]},{"@type":"WebSite","@id":"https:\/\/weltlaeden.de\/badschoenborn\/#website","url":"https:\/\/weltlaeden.de\/badschoenborn\/","name":"Vorlage","description":"Faire Welt e.V. Bad Sch\u00f6nborn","potentialAction":[{"@type":"SearchAction","target":{"@type":"EntryPoint","urlTemplate":"https:\/\/weltlaeden.de\/badschoenborn\/?s={search_term_string}"},"query-input":{"@type":"PropertyValueSpecification","valueRequired":true,"valueName":"search_term_string"}}],"inLanguage":"de"},{"@type":"Person","@id":"https:\/\/weltlaeden.de\/badschoenborn\/#\/schema\/person\/d3a75136958faefefbf67a2ead3d1f15","name":"badschoenborn","image":{"@type":"ImageObject","inLanguage":"de","@id":"https:\/\/weltlaeden.de\/badschoenborn\/#\/schema\/person\/image\/","url":"https:\/\/secure.gravatar.com\/avatar\/fdff26cb418aecba06b5a347fb579180?s=96&d=mm&r=g","contentUrl":"https:\/\/secure.gravatar.com\/avatar\/fdff26cb418aecba06b5a347fb579180?s=96&d=mm&r=g","caption":"badschoenborn"},"sameAs":["https:\/\/www.facebook.com\/weltladenbadschoenborn"]}]}},"_links":{"self":[{"href":"https:\/\/weltlaeden.de\/badschoenborn\/wp-json\/wp\/v2\/posts\/992","targetHints":{"allow":["GET"]}}],"collection":[{"href":"https:\/\/weltlaeden.de\/badschoenborn\/wp-json\/wp\/v2\/posts"}],"about":[{"href":"https:\/\/weltlaeden.de\/badschoenborn\/wp-json\/wp\/v2\/types\/post"}],"author":[{"embeddable":true,"href":"https:\/\/weltlaeden.de\/badschoenborn\/wp-json\/wp\/v2\/users\/91"}],"replies":[{"embeddable":true,"href":"https:\/\/weltlaeden.de\/badschoenborn\/wp-json\/wp\/v2\/comments?post=992"}],"version-history":[{"count":1,"href":"https:\/\/weltlaeden.de\/badschoenborn\/wp-json\/wp\/v2\/posts\/992\/revisions"}],"predecessor-version":[{"id":994,"href":"https:\/\/weltlaeden.de\/badschoenborn\/wp-json\/wp\/v2\/posts\/992\/revisions\/994"}],"wp:featuredmedia":[{"embeddable":true,"href":"https:\/\/weltlaeden.de\/badschoenborn\/wp-json\/wp\/v2\/media\/993"}],"wp:attachment":[{"href":"https:\/\/weltlaeden.de\/badschoenborn\/wp-json\/wp\/v2\/media?parent=992"}],"wp:term":[{"taxonomy":"category","embeddable":true,"href":"https:\/\/weltlaeden.de\/badschoenborn\/wp-json\/wp\/v2\/categories?post=992"},{"taxonomy":"post_tag","embeddable":true,"href":"https:\/\/weltlaeden.de\/badschoenborn\/wp-json\/wp\/v2\/tags?post=992"}],"curies":[{"name":"wp","href":"https:\/\/api.w.org\/{rel}","templated":true}]}}