{"id":959,"date":"2022-02-28T09:46:15","date_gmt":"2022-02-28T08:46:15","guid":{"rendered":"https:\/\/weltlaeden.de\/badschoenborn\/?p=959"},"modified":"2022-03-09T13:48:32","modified_gmt":"2022-03-09T12:48:32","slug":"faire-rosen-in-langenbruecken-und-mingolsheim","status":"publish","type":"post","link":"https:\/\/weltlaeden.de\/badschoenborn\/faire-rosen-in-langenbruecken-und-mingolsheim\/","title":{"rendered":"Faire Rosen in Langenbr\u00fccken und Mingolsheim!"},"content":{"rendered":"<p>Am Weltfrauentag,\u00a0<b>Dienstag, 8. M\u00e4rz ab 8.00 Uhr\u00a0<\/b>auf dem Marktplatz Mingolsheim. \u201eEs ist ein kleines Dankesch\u00f6n f\u00fcr unsere B\u00fcrgerinnen und B\u00fcrger und gleichzeitig setzen wir ein Zeichen, dass wir auch in Pandemiezeiten Fairtrade Town werden wollen,\u201d so Tanja Baumann von der Steuerungsgruppe Fairtrade Town.<\/p>\n<p>Auf dem\u00a0<b>Niederbronn-les-Bains-Platz in Langenbr\u00fccken <\/b>wird am<b> Freitag, dem 11. M\u00e4rz ab 10 Uhr\u00a0<\/b>eine mobile Rosen-Station aufgebaut. B\u00fcrgerinnen und B\u00fcrger d\u00fcrfen eine Rose mitnehmen und sich \u00fcber den fairen Handel mit Blumen informieren. Wir freuen uns auf Ihren Besuch!<\/p>\n","protected":false},"excerpt":{"rendered":"<p>Am Weltfrauentag,\u00a0Dienstag, 8. M\u00e4rz ab 8.00 Uhr\u00a0auf dem Marktplatz Mingolsheim. \u201eEs ist ein kleines Dankesch\u00f6n f\u00fcr unsere B\u00fcrgerinnen und B\u00fcrger und gleichzeitig setzen wir ein Zeichen, dass wir auch in Pandemiezeiten Fairtrade Town werden wollen,\u201d so Tanja Baumann von der Steuerungsgruppe Fairtrade Town. Auf dem\u00a0Niederbronn-les-Bains-Platz in Langenbr\u00fccken wird am Freitag, dem 11. M\u00e4rz ab 10&hellip;<\/p>\n","protected":false},"author":91,"featured_media":963,"comment_status":"closed","ping_status":"closed","sticky":false,"template":"","format":"standard","meta":{"footnotes":""},"categories":[1],"tags":[],"class_list":["post-959","post","type-post","status-publish","format-standard","has-post-thumbnail","hentry","category-allgemein","category-1","description-off"],"yoast_head":"<!-- This site is optimized with the Yoast SEO plugin v26.8 - https:\/\/yoast.com\/product\/yoast-seo-wordpress\/ -->\n<title>Faire Rosen in Langenbr\u00fccken und Mingolsheim! - Weltladen Bad Sch\u00f6nborn<\/title>\n<meta name=\"description\" content=\"Aktion \u201eFlower Power \u2013 Sag\u2019s mit fairen Blumen\u201c vom Blumengesch\u00e4ft \u201eBlumenfreund\u201d und der Steuerungsgruppe Fairtrade Town Bad Sch\u00f6nborn\" \/>\n<meta name=\"robots\" content=\"index, follow, max-snippet:-1, max-image-preview:large, max-video-preview:-1\" \/>\n<link rel=\"canonical\" href=\"https:\/\/weltlaeden.de\/badschoenborn\/faire-rosen-in-langenbruecken-und-mingolsheim\/\" \/>\n<meta property=\"og:locale\" content=\"de_DE\" \/>\n<meta property=\"og:type\" content=\"article\" \/>\n<meta property=\"og:title\" content=\"Faire Rosen in Langenbr\u00fccken und Mingolsheim! - Weltladen Bad Sch\u00f6nborn\" \/>\n<meta property=\"og:description\" content=\"Aktion \u201eFlower Power \u2013 Sag\u2019s mit fairen Blumen\u201c vom Blumengesch\u00e4ft \u201eBlumenfreund\u201d und der Steuerungsgruppe Fairtrade Town Bad Sch\u00f6nborn\" \/>\n<meta property=\"og:url\" content=\"https:\/\/weltlaeden.de\/badschoenborn\/faire-rosen-in-langenbruecken-und-mingolsheim\/\" \/>\n<meta property=\"og:site_name\" content=\"Weltladen Bad Sch\u00f6nborn\" \/>\n<meta property=\"article:author\" content=\"https:\/\/www.facebook.com\/weltladenbadschoenborn\" \/>\n<meta property=\"article:published_time\" content=\"2022-02-28T08:46:15+00:00\" \/>\n<meta property=\"article:modified_time\" content=\"2022-03-09T12:48:32+00:00\" \/>\n<meta property=\"og:image\" content=\"https:\/\/weltlaeden.de\/badschoenborn\/wp-content\/uploads\/sites\/62\/2022\/02\/Rosenaktion_Weltfrauentag_22.jpg\" \/>\n\t<meta property=\"og:image:width\" content=\"886\" \/>\n\t<meta property=\"og:image:height\" content=\"599\" \/>\n\t<meta property=\"og:image:type\" content=\"image\/jpeg\" \/>\n<meta name=\"author\" content=\"badschoenborn\" \/>\n<meta name=\"twitter:card\" content=\"summary_large_image\" \/>\n<meta name=\"twitter:label1\" content=\"Verfasst von\" \/>\n\t<meta name=\"twitter:data1\" content=\"badschoenborn\" \/>\n\t<meta name=\"twitter:label2\" content=\"Gesch\u00e4tzte Lesezeit\" \/>\n\t<meta name=\"twitter:data2\" content=\"1\u00a0Minute\" \/>\n<script type=\"application\/ld+json\" class=\"yoast-schema-graph\">{\"@context\":\"https:\/\/schema.org\",\"@graph\":[{\"@type\":\"Article\",\"@id\":\"https:\/\/weltlaeden.de\/badschoenborn\/faire-rosen-in-langenbruecken-und-mingolsheim\/#article\",\"isPartOf\":{\"@id\":\"https:\/\/weltlaeden.de\/badschoenborn\/faire-rosen-in-langenbruecken-und-mingolsheim\/\"},\"author\":{\"name\":\"badschoenborn\",\"@id\":\"https:\/\/weltlaeden.de\/badschoenborn\/#\/schema\/person\/d3a75136958faefefbf67a2ead3d1f15\"},\"headline\":\"Faire Rosen in Langenbr\u00fccken und Mingolsheim!\",\"datePublished\":\"2022-02-28T08:46:15+00:00\",\"dateModified\":\"2022-03-09T12:48:32+00:00\",\"mainEntityOfPage\":{\"@id\":\"https:\/\/weltlaeden.de\/badschoenborn\/faire-rosen-in-langenbruecken-und-mingolsheim\/\"},\"wordCount\":98,\"image\":{\"@id\":\"https:\/\/weltlaeden.de\/badschoenborn\/faire-rosen-in-langenbruecken-und-mingolsheim\/#primaryimage\"},\"thumbnailUrl\":\"https:\/\/weltlaeden.de\/badschoenborn\/wp-content\/uploads\/sites\/62\/2022\/02\/Rosenaktion_Weltfrauentag_22.jpg\",\"articleSection\":[\"Keine Kategorie\"],\"inLanguage\":\"de\"},{\"@type\":\"WebPage\",\"@id\":\"https:\/\/weltlaeden.de\/badschoenborn\/faire-rosen-in-langenbruecken-und-mingolsheim\/\",\"url\":\"https:\/\/weltlaeden.de\/badschoenborn\/faire-rosen-in-langenbruecken-und-mingolsheim\/\",\"name\":\"Faire Rosen in Langenbr\u00fccken und Mingolsheim! - Weltladen Bad Sch\u00f6nborn\",\"isPartOf\":{\"@id\":\"https:\/\/weltlaeden.de\/badschoenborn\/#website\"},\"primaryImageOfPage\":{\"@id\":\"https:\/\/weltlaeden.de\/badschoenborn\/faire-rosen-in-langenbruecken-und-mingolsheim\/#primaryimage\"},\"image\":{\"@id\":\"https:\/\/weltlaeden.de\/badschoenborn\/faire-rosen-in-langenbruecken-und-mingolsheim\/#primaryimage\"},\"thumbnailUrl\":\"https:\/\/weltlaeden.de\/badschoenborn\/wp-content\/uploads\/sites\/62\/2022\/02\/Rosenaktion_Weltfrauentag_22.jpg\",\"datePublished\":\"2022-02-28T08:46:15+00:00\",\"dateModified\":\"2022-03-09T12:48:32+00:00\",\"author\":{\"@id\":\"https:\/\/weltlaeden.de\/badschoenborn\/#\/schema\/person\/d3a75136958faefefbf67a2ead3d1f15\"},\"description\":\"Aktion \u201eFlower Power \u2013 Sag\u2019s mit fairen Blumen\u201c vom Blumengesch\u00e4ft \u201eBlumenfreund\u201d und der Steuerungsgruppe Fairtrade Town Bad Sch\u00f6nborn\",\"breadcrumb\":{\"@id\":\"https:\/\/weltlaeden.de\/badschoenborn\/faire-rosen-in-langenbruecken-und-mingolsheim\/#breadcrumb\"},\"inLanguage\":\"de\",\"potentialAction\":[{\"@type\":\"ReadAction\",\"target\":[\"https:\/\/weltlaeden.de\/badschoenborn\/faire-rosen-in-langenbruecken-und-mingolsheim\/\"]}]},{\"@type\":\"ImageObject\",\"inLanguage\":\"de\",\"@id\":\"https:\/\/weltlaeden.de\/badschoenborn\/faire-rosen-in-langenbruecken-und-mingolsheim\/#primaryimage\",\"url\":\"https:\/\/weltlaeden.de\/badschoenborn\/wp-content\/uploads\/sites\/62\/2022\/02\/Rosenaktion_Weltfrauentag_22.jpg\",\"contentUrl\":\"https:\/\/weltlaeden.de\/badschoenborn\/wp-content\/uploads\/sites\/62\/2022\/02\/Rosenaktion_Weltfrauentag_22.jpg\",\"width\":886,\"height\":599,\"caption\":\"Marktplatz Mingolsheim: Rosen aus fairem Handel\"},{\"@type\":\"BreadcrumbList\",\"@id\":\"https:\/\/weltlaeden.de\/badschoenborn\/faire-rosen-in-langenbruecken-und-mingolsheim\/#breadcrumb\",\"itemListElement\":[{\"@type\":\"ListItem\",\"position\":1,\"name\":\"Startseite\",\"item\":\"https:\/\/weltlaeden.de\/badschoenborn\/\"},{\"@type\":\"ListItem\",\"position\":2,\"name\":\"Faire Rosen in Langenbr\u00fccken und Mingolsheim!\"}]},{\"@type\":\"WebSite\",\"@id\":\"https:\/\/weltlaeden.de\/badschoenborn\/#website\",\"url\":\"https:\/\/weltlaeden.de\/badschoenborn\/\",\"name\":\"Vorlage\",\"description\":\"Faire Welt e.V. Bad Sch\u00f6nborn\",\"potentialAction\":[{\"@type\":\"SearchAction\",\"target\":{\"@type\":\"EntryPoint\",\"urlTemplate\":\"https:\/\/weltlaeden.de\/badschoenborn\/?s={search_term_string}\"},\"query-input\":{\"@type\":\"PropertyValueSpecification\",\"valueRequired\":true,\"valueName\":\"search_term_string\"}}],\"inLanguage\":\"de\"},{\"@type\":\"Person\",\"@id\":\"https:\/\/weltlaeden.de\/badschoenborn\/#\/schema\/person\/d3a75136958faefefbf67a2ead3d1f15\",\"name\":\"badschoenborn\",\"image\":{\"@type\":\"ImageObject\",\"inLanguage\":\"de\",\"@id\":\"https:\/\/weltlaeden.de\/badschoenborn\/#\/schema\/person\/image\/\",\"url\":\"https:\/\/secure.gravatar.com\/avatar\/fdff26cb418aecba06b5a347fb579180?s=96&d=mm&r=g\",\"contentUrl\":\"https:\/\/secure.gravatar.com\/avatar\/fdff26cb418aecba06b5a347fb579180?s=96&d=mm&r=g\",\"caption\":\"badschoenborn\"},\"sameAs\":[\"https:\/\/www.facebook.com\/weltladenbadschoenborn\"]}]}<\/script>\n<!-- \/ Yoast SEO plugin. -->","yoast_head_json":{"title":"Faire Rosen in Langenbr\u00fccken und Mingolsheim! - Weltladen Bad Sch\u00f6nborn","description":"Aktion \u201eFlower Power \u2013 Sag\u2019s mit fairen Blumen\u201c vom Blumengesch\u00e4ft \u201eBlumenfreund\u201d und der Steuerungsgruppe Fairtrade Town Bad Sch\u00f6nborn","robots":{"index":"index","follow":"follow","max-snippet":"max-snippet:-1","max-image-preview":"max-image-preview:large","max-video-preview":"max-video-preview:-1"},"canonical":"https:\/\/weltlaeden.de\/badschoenborn\/faire-rosen-in-langenbruecken-und-mingolsheim\/","og_locale":"de_DE","og_type":"article","og_title":"Faire Rosen in Langenbr\u00fccken und Mingolsheim! - Weltladen Bad Sch\u00f6nborn","og_description":"Aktion \u201eFlower Power \u2013 Sag\u2019s mit fairen Blumen\u201c vom Blumengesch\u00e4ft \u201eBlumenfreund\u201d und der Steuerungsgruppe Fairtrade Town Bad Sch\u00f6nborn","og_url":"https:\/\/weltlaeden.de\/badschoenborn\/faire-rosen-in-langenbruecken-und-mingolsheim\/","og_site_name":"Weltladen Bad Sch\u00f6nborn","article_author":"https:\/\/www.facebook.com\/weltladenbadschoenborn","article_published_time":"2022-02-28T08:46:15+00:00","article_modified_time":"2022-03-09T12:48:32+00:00","og_image":[{"width":886,"height":599,"url":"https:\/\/weltlaeden.de\/badschoenborn\/wp-content\/uploads\/sites\/62\/2022\/02\/Rosenaktion_Weltfrauentag_22.jpg","type":"image\/jpeg"}],"author":"badschoenborn","twitter_card":"summary_large_image","twitter_misc":{"Verfasst von":"badschoenborn","Gesch\u00e4tzte Lesezeit":"1\u00a0Minute"},"schema":{"@context":"https:\/\/schema.org","@graph":[{"@type":"Article","@id":"https:\/\/weltlaeden.de\/badschoenborn\/faire-rosen-in-langenbruecken-und-mingolsheim\/#article","isPartOf":{"@id":"https:\/\/weltlaeden.de\/badschoenborn\/faire-rosen-in-langenbruecken-und-mingolsheim\/"},"author":{"name":"badschoenborn","@id":"https:\/\/weltlaeden.de\/badschoenborn\/#\/schema\/person\/d3a75136958faefefbf67a2ead3d1f15"},"headline":"Faire Rosen in Langenbr\u00fccken und Mingolsheim!","datePublished":"2022-02-28T08:46:15+00:00","dateModified":"2022-03-09T12:48:32+00:00","mainEntityOfPage":{"@id":"https:\/\/weltlaeden.de\/badschoenborn\/faire-rosen-in-langenbruecken-und-mingolsheim\/"},"wordCount":98,"image":{"@id":"https:\/\/weltlaeden.de\/badschoenborn\/faire-rosen-in-langenbruecken-und-mingolsheim\/#primaryimage"},"thumbnailUrl":"https:\/\/weltlaeden.de\/badschoenborn\/wp-content\/uploads\/sites\/62\/2022\/02\/Rosenaktion_Weltfrauentag_22.jpg","articleSection":["Keine Kategorie"],"inLanguage":"de"},{"@type":"WebPage","@id":"https:\/\/weltlaeden.de\/badschoenborn\/faire-rosen-in-langenbruecken-und-mingolsheim\/","url":"https:\/\/weltlaeden.de\/badschoenborn\/faire-rosen-in-langenbruecken-und-mingolsheim\/","name":"Faire Rosen in Langenbr\u00fccken und Mingolsheim! - Weltladen Bad Sch\u00f6nborn","isPartOf":{"@id":"https:\/\/weltlaeden.de\/badschoenborn\/#website"},"primaryImageOfPage":{"@id":"https:\/\/weltlaeden.de\/badschoenborn\/faire-rosen-in-langenbruecken-und-mingolsheim\/#primaryimage"},"image":{"@id":"https:\/\/weltlaeden.de\/badschoenborn\/faire-rosen-in-langenbruecken-und-mingolsheim\/#primaryimage"},"thumbnailUrl":"https:\/\/weltlaeden.de\/badschoenborn\/wp-content\/uploads\/sites\/62\/2022\/02\/Rosenaktion_Weltfrauentag_22.jpg","datePublished":"2022-02-28T08:46:15+00:00","dateModified":"2022-03-09T12:48:32+00:00","author":{"@id":"https:\/\/weltlaeden.de\/badschoenborn\/#\/schema\/person\/d3a75136958faefefbf67a2ead3d1f15"},"description":"Aktion \u201eFlower Power \u2013 Sag\u2019s mit fairen Blumen\u201c vom Blumengesch\u00e4ft \u201eBlumenfreund\u201d und der Steuerungsgruppe Fairtrade Town Bad Sch\u00f6nborn","breadcrumb":{"@id":"https:\/\/weltlaeden.de\/badschoenborn\/faire-rosen-in-langenbruecken-und-mingolsheim\/#breadcrumb"},"inLanguage":"de","potentialAction":[{"@type":"ReadAction","target":["https:\/\/weltlaeden.de\/badschoenborn\/faire-rosen-in-langenbruecken-und-mingolsheim\/"]}]},{"@type":"ImageObject","inLanguage":"de","@id":"https:\/\/weltlaeden.de\/badschoenborn\/faire-rosen-in-langenbruecken-und-mingolsheim\/#primaryimage","url":"https:\/\/weltlaeden.de\/badschoenborn\/wp-content\/uploads\/sites\/62\/2022\/02\/Rosenaktion_Weltfrauentag_22.jpg","contentUrl":"https:\/\/weltlaeden.de\/badschoenborn\/wp-content\/uploads\/sites\/62\/2022\/02\/Rosenaktion_Weltfrauentag_22.jpg","width":886,"height":599,"caption":"Marktplatz Mingolsheim: Rosen aus fairem Handel"},{"@type":"BreadcrumbList","@id":"https:\/\/weltlaeden.de\/badschoenborn\/faire-rosen-in-langenbruecken-und-mingolsheim\/#breadcrumb","itemListElement":[{"@type":"ListItem","position":1,"name":"Startseite","item":"https:\/\/weltlaeden.de\/badschoenborn\/"},{"@type":"ListItem","position":2,"name":"Faire Rosen in Langenbr\u00fccken und Mingolsheim!"}]},{"@type":"WebSite","@id":"https:\/\/weltlaeden.de\/badschoenborn\/#website","url":"https:\/\/weltlaeden.de\/badschoenborn\/","name":"Vorlage","description":"Faire Welt e.V. Bad Sch\u00f6nborn","potentialAction":[{"@type":"SearchAction","target":{"@type":"EntryPoint","urlTemplate":"https:\/\/weltlaeden.de\/badschoenborn\/?s={search_term_string}"},"query-input":{"@type":"PropertyValueSpecification","valueRequired":true,"valueName":"search_term_string"}}],"inLanguage":"de"},{"@type":"Person","@id":"https:\/\/weltlaeden.de\/badschoenborn\/#\/schema\/person\/d3a75136958faefefbf67a2ead3d1f15","name":"badschoenborn","image":{"@type":"ImageObject","inLanguage":"de","@id":"https:\/\/weltlaeden.de\/badschoenborn\/#\/schema\/person\/image\/","url":"https:\/\/secure.gravatar.com\/avatar\/fdff26cb418aecba06b5a347fb579180?s=96&d=mm&r=g","contentUrl":"https:\/\/secure.gravatar.com\/avatar\/fdff26cb418aecba06b5a347fb579180?s=96&d=mm&r=g","caption":"badschoenborn"},"sameAs":["https:\/\/www.facebook.com\/weltladenbadschoenborn"]}]}},"_links":{"self":[{"href":"https:\/\/weltlaeden.de\/badschoenborn\/wp-json\/wp\/v2\/posts\/959","targetHints":{"allow":["GET"]}}],"collection":[{"href":"https:\/\/weltlaeden.de\/badschoenborn\/wp-json\/wp\/v2\/posts"}],"about":[{"href":"https:\/\/weltlaeden.de\/badschoenborn\/wp-json\/wp\/v2\/types\/post"}],"author":[{"embeddable":true,"href":"https:\/\/weltlaeden.de\/badschoenborn\/wp-json\/wp\/v2\/users\/91"}],"replies":[{"embeddable":true,"href":"https:\/\/weltlaeden.de\/badschoenborn\/wp-json\/wp\/v2\/comments?post=959"}],"version-history":[{"count":1,"href":"https:\/\/weltlaeden.de\/badschoenborn\/wp-json\/wp\/v2\/posts\/959\/revisions"}],"predecessor-version":[{"id":960,"href":"https:\/\/weltlaeden.de\/badschoenborn\/wp-json\/wp\/v2\/posts\/959\/revisions\/960"}],"wp:featuredmedia":[{"embeddable":true,"href":"https:\/\/weltlaeden.de\/badschoenborn\/wp-json\/wp\/v2\/media\/963"}],"wp:attachment":[{"href":"https:\/\/weltlaeden.de\/badschoenborn\/wp-json\/wp\/v2\/media?parent=959"}],"wp:term":[{"taxonomy":"category","embeddable":true,"href":"https:\/\/weltlaeden.de\/badschoenborn\/wp-json\/wp\/v2\/categories?post=959"},{"taxonomy":"post_tag","embeddable":true,"href":"https:\/\/weltlaeden.de\/badschoenborn\/wp-json\/wp\/v2\/tags?post=959"}],"curies":[{"name":"wp","href":"https:\/\/api.w.org\/{rel}","templated":true}]}}