{"id":888,"date":"2021-10-04T11:04:07","date_gmt":"2021-10-04T09:04:07","guid":{"rendered":"https:\/\/weltlaeden.de\/badschoenborn\/?p=888"},"modified":"2021-10-04T11:04:29","modified_gmt":"2021-10-04T09:04:29","slug":"klimaschutz-beginnt-in-der-kueche","status":"publish","type":"post","link":"https:\/\/weltlaeden.de\/badschoenborn\/klimaschutz-beginnt-in-der-kueche\/","title":{"rendered":"Klimaschutz beginnt in der K\u00fcche"},"content":{"rendered":"<p><strong>F\u00fcr 1000 EUR im Jahr Essen wegwerfen?<\/strong><\/p>\n<p>Am Dienstag, 28.09. konnten Daniela Blech-Straub, Monika Engelhardt und weitere Vereinsmitglieder die M\u00fcnchner Autorin von \u201eKochen mit gutem Gewissen\u201d im Haus des Gastes begr\u00fc\u00dfen.\u00a0 Anneliese Bunk, die mit \u201ePlastikfrei leben\u201d einen Bestseller publiziert hat, verbindet Ressourcenschonung mit fairer und wassersparender Beschaffung. Im gut besuchten Saal kamen erstaunliche Tatsachen zur Sprache: Vegetarisches Essen sei nicht in allen Zutaten klimafreundlich, so Frau Bunk. Neben vielen Tipps zu energiesparendem (Ein)Kochen erfuhren die Zuh\u00f6rerinnen und Zuh\u00f6rer auch, wie \u00fcberfl\u00fcssig (in Plastiktuben) verpackte Handcremes sein k\u00f6nnen und mit welchen Zutaten sie statt dessen g\u00fcnstige Pflegemittel und Reiniger selbst herstellen k\u00f6nnen.<\/p>\n<p>Anneliese Bunk \u00fcbersetzt die \u201ePlanetary Health Diet\u201d mit \u201eKlimaschutz beginnt in der K\u00fcche\u201d und sie hat nach vielen Recherchen und Gespr\u00e4chen mit Fachleuten ihren Verzehr und Verbrauch so umgestaltet, dass es machbar erscheint, 10 Milliarden Menschen auf der Erde gesund zu ern\u00e4hren, ohne den Planeten zu zerst\u00f6ren. Da sie dies mit ihrer Familie in der Praxis lebt und bei ihrem sehr informativen Vortrag lebendig geschildert hat, haben die Tipps aus ihrem Buch bei den Anwesenden viel Anklang gefunden.<\/p>\n<p>In den n\u00e4chsten Wochen kann das Buch \u201eKochen mit gutem Gewissen\u201d im Weltladen erworben werden, kommen Sie einfach bei uns vorbei.<\/p>\n","protected":false},"excerpt":{"rendered":"<p>F\u00fcr 1000 EUR im Jahr Essen wegwerfen? Am Dienstag, 28.09. konnten Daniela Blech-Straub, Monika Engelhardt und weitere Vereinsmitglieder die M\u00fcnchner Autorin von \u201eKochen mit gutem Gewissen\u201d im Haus des Gastes begr\u00fc\u00dfen.\u00a0 Anneliese Bunk, die mit \u201ePlastikfrei leben\u201d einen Bestseller publiziert hat, verbindet Ressourcenschonung mit fairer und wassersparender Beschaffung. Im gut besuchten Saal kamen erstaunliche Tatsachen&hellip;<\/p>\n","protected":false},"author":91,"featured_media":889,"comment_status":"closed","ping_status":"closed","sticky":false,"template":"","format":"standard","meta":{"footnotes":""},"categories":[1],"tags":[],"class_list":["post-888","post","type-post","status-publish","format-standard","has-post-thumbnail","hentry","category-allgemein","category-1","description-off"],"yoast_head":"<!-- This site is optimized with the Yoast SEO plugin v26.8 - https:\/\/yoast.com\/product\/yoast-seo-wordpress\/ -->\n<title>Klimaschutz beginnt in der K\u00fcche - Weltladen Bad Sch\u00f6nborn<\/title>\n<meta name=\"robots\" content=\"index, follow, max-snippet:-1, max-image-preview:large, max-video-preview:-1\" \/>\n<link rel=\"canonical\" href=\"https:\/\/weltlaeden.de\/badschoenborn\/klimaschutz-beginnt-in-der-kueche\/\" \/>\n<meta property=\"og:locale\" content=\"de_DE\" \/>\n<meta property=\"og:type\" content=\"article\" \/>\n<meta property=\"og:title\" content=\"Klimaschutz beginnt in der K\u00fcche - Weltladen Bad Sch\u00f6nborn\" \/>\n<meta property=\"og:description\" content=\"F\u00fcr 1000 EUR im Jahr Essen wegwerfen? Am Dienstag, 28.09. konnten Daniela Blech-Straub, Monika Engelhardt und weitere Vereinsmitglieder die M\u00fcnchner Autorin von \u201eKochen mit gutem Gewissen\u201d im Haus des Gastes begr\u00fc\u00dfen.\u00a0 Anneliese Bunk, die mit \u201ePlastikfrei leben\u201d einen Bestseller publiziert hat, verbindet Ressourcenschonung mit fairer und wassersparender Beschaffung. Im gut besuchten Saal kamen erstaunliche Tatsachen&hellip;\" \/>\n<meta property=\"og:url\" content=\"https:\/\/weltlaeden.de\/badschoenborn\/klimaschutz-beginnt-in-der-kueche\/\" \/>\n<meta property=\"og:site_name\" content=\"Weltladen Bad Sch\u00f6nborn\" \/>\n<meta property=\"article:author\" content=\"https:\/\/www.facebook.com\/weltladenbadschoenborn\" \/>\n<meta property=\"article:published_time\" content=\"2021-10-04T09:04:07+00:00\" \/>\n<meta property=\"article:modified_time\" content=\"2021-10-04T09:04:29+00:00\" \/>\n<meta property=\"og:image\" content=\"https:\/\/weltlaeden.de\/badschoenborn\/wp-content\/uploads\/sites\/62\/2021\/10\/2021_10_07_Buch_Bunk_Kochen.jpg\" \/>\n\t<meta property=\"og:image:width\" content=\"1450\" \/>\n\t<meta property=\"og:image:height\" content=\"894\" \/>\n\t<meta property=\"og:image:type\" content=\"image\/jpeg\" \/>\n<meta name=\"author\" content=\"badschoenborn\" \/>\n<meta name=\"twitter:card\" content=\"summary_large_image\" \/>\n<meta name=\"twitter:label1\" content=\"Verfasst von\" \/>\n\t<meta name=\"twitter:data1\" content=\"badschoenborn\" \/>\n\t<meta name=\"twitter:label2\" content=\"Gesch\u00e4tzte Lesezeit\" \/>\n\t<meta name=\"twitter:data2\" content=\"1\u00a0Minute\" \/>\n<script type=\"application\/ld+json\" class=\"yoast-schema-graph\">{\"@context\":\"https:\/\/schema.org\",\"@graph\":[{\"@type\":\"Article\",\"@id\":\"https:\/\/weltlaeden.de\/badschoenborn\/klimaschutz-beginnt-in-der-kueche\/#article\",\"isPartOf\":{\"@id\":\"https:\/\/weltlaeden.de\/badschoenborn\/klimaschutz-beginnt-in-der-kueche\/\"},\"author\":{\"name\":\"badschoenborn\",\"@id\":\"https:\/\/weltlaeden.de\/badschoenborn\/#\/schema\/person\/d3a75136958faefefbf67a2ead3d1f15\"},\"headline\":\"Klimaschutz beginnt in der K\u00fcche\",\"datePublished\":\"2021-10-04T09:04:07+00:00\",\"dateModified\":\"2021-10-04T09:04:29+00:00\",\"mainEntityOfPage\":{\"@id\":\"https:\/\/weltlaeden.de\/badschoenborn\/klimaschutz-beginnt-in-der-kueche\/\"},\"wordCount\":219,\"image\":{\"@id\":\"https:\/\/weltlaeden.de\/badschoenborn\/klimaschutz-beginnt-in-der-kueche\/#primaryimage\"},\"thumbnailUrl\":\"https:\/\/weltlaeden.de\/badschoenborn\/wp-content\/uploads\/sites\/62\/2021\/10\/2021_10_07_Buch_Bunk_Kochen.jpg\",\"articleSection\":[\"Keine Kategorie\"],\"inLanguage\":\"de\"},{\"@type\":\"WebPage\",\"@id\":\"https:\/\/weltlaeden.de\/badschoenborn\/klimaschutz-beginnt-in-der-kueche\/\",\"url\":\"https:\/\/weltlaeden.de\/badschoenborn\/klimaschutz-beginnt-in-der-kueche\/\",\"name\":\"Klimaschutz beginnt in der K\u00fcche - Weltladen Bad Sch\u00f6nborn\",\"isPartOf\":{\"@id\":\"https:\/\/weltlaeden.de\/badschoenborn\/#website\"},\"primaryImageOfPage\":{\"@id\":\"https:\/\/weltlaeden.de\/badschoenborn\/klimaschutz-beginnt-in-der-kueche\/#primaryimage\"},\"image\":{\"@id\":\"https:\/\/weltlaeden.de\/badschoenborn\/klimaschutz-beginnt-in-der-kueche\/#primaryimage\"},\"thumbnailUrl\":\"https:\/\/weltlaeden.de\/badschoenborn\/wp-content\/uploads\/sites\/62\/2021\/10\/2021_10_07_Buch_Bunk_Kochen.jpg\",\"datePublished\":\"2021-10-04T09:04:07+00:00\",\"dateModified\":\"2021-10-04T09:04:29+00:00\",\"author\":{\"@id\":\"https:\/\/weltlaeden.de\/badschoenborn\/#\/schema\/person\/d3a75136958faefefbf67a2ead3d1f15\"},\"breadcrumb\":{\"@id\":\"https:\/\/weltlaeden.de\/badschoenborn\/klimaschutz-beginnt-in-der-kueche\/#breadcrumb\"},\"inLanguage\":\"de\",\"potentialAction\":[{\"@type\":\"ReadAction\",\"target\":[\"https:\/\/weltlaeden.de\/badschoenborn\/klimaschutz-beginnt-in-der-kueche\/\"]}]},{\"@type\":\"ImageObject\",\"inLanguage\":\"de\",\"@id\":\"https:\/\/weltlaeden.de\/badschoenborn\/klimaschutz-beginnt-in-der-kueche\/#primaryimage\",\"url\":\"https:\/\/weltlaeden.de\/badschoenborn\/wp-content\/uploads\/sites\/62\/2021\/10\/2021_10_07_Buch_Bunk_Kochen.jpg\",\"contentUrl\":\"https:\/\/weltlaeden.de\/badschoenborn\/wp-content\/uploads\/sites\/62\/2021\/10\/2021_10_07_Buch_Bunk_Kochen.jpg\",\"width\":1450,\"height\":894,\"caption\":\"Buchvorstellung Kochen mit gutem Gewissen\"},{\"@type\":\"BreadcrumbList\",\"@id\":\"https:\/\/weltlaeden.de\/badschoenborn\/klimaschutz-beginnt-in-der-kueche\/#breadcrumb\",\"itemListElement\":[{\"@type\":\"ListItem\",\"position\":1,\"name\":\"Startseite\",\"item\":\"https:\/\/weltlaeden.de\/badschoenborn\/\"},{\"@type\":\"ListItem\",\"position\":2,\"name\":\"Klimaschutz beginnt in der K\u00fcche\"}]},{\"@type\":\"WebSite\",\"@id\":\"https:\/\/weltlaeden.de\/badschoenborn\/#website\",\"url\":\"https:\/\/weltlaeden.de\/badschoenborn\/\",\"name\":\"Vorlage\",\"description\":\"Faire Welt e.V. Bad Sch\u00f6nborn\",\"potentialAction\":[{\"@type\":\"SearchAction\",\"target\":{\"@type\":\"EntryPoint\",\"urlTemplate\":\"https:\/\/weltlaeden.de\/badschoenborn\/?s={search_term_string}\"},\"query-input\":{\"@type\":\"PropertyValueSpecification\",\"valueRequired\":true,\"valueName\":\"search_term_string\"}}],\"inLanguage\":\"de\"},{\"@type\":\"Person\",\"@id\":\"https:\/\/weltlaeden.de\/badschoenborn\/#\/schema\/person\/d3a75136958faefefbf67a2ead3d1f15\",\"name\":\"badschoenborn\",\"image\":{\"@type\":\"ImageObject\",\"inLanguage\":\"de\",\"@id\":\"https:\/\/weltlaeden.de\/badschoenborn\/#\/schema\/person\/image\/\",\"url\":\"https:\/\/secure.gravatar.com\/avatar\/fdff26cb418aecba06b5a347fb579180?s=96&d=mm&r=g\",\"contentUrl\":\"https:\/\/secure.gravatar.com\/avatar\/fdff26cb418aecba06b5a347fb579180?s=96&d=mm&r=g\",\"caption\":\"badschoenborn\"},\"sameAs\":[\"https:\/\/www.facebook.com\/weltladenbadschoenborn\"]}]}<\/script>\n<!-- \/ Yoast SEO plugin. -->","yoast_head_json":{"title":"Klimaschutz beginnt in der K\u00fcche - Weltladen Bad Sch\u00f6nborn","robots":{"index":"index","follow":"follow","max-snippet":"max-snippet:-1","max-image-preview":"max-image-preview:large","max-video-preview":"max-video-preview:-1"},"canonical":"https:\/\/weltlaeden.de\/badschoenborn\/klimaschutz-beginnt-in-der-kueche\/","og_locale":"de_DE","og_type":"article","og_title":"Klimaschutz beginnt in der K\u00fcche - Weltladen Bad Sch\u00f6nborn","og_description":"F\u00fcr 1000 EUR im Jahr Essen wegwerfen? Am Dienstag, 28.09. konnten Daniela Blech-Straub, Monika Engelhardt und weitere Vereinsmitglieder die M\u00fcnchner Autorin von \u201eKochen mit gutem Gewissen\u201d im Haus des Gastes begr\u00fc\u00dfen.\u00a0 Anneliese Bunk, die mit \u201ePlastikfrei leben\u201d einen Bestseller publiziert hat, verbindet Ressourcenschonung mit fairer und wassersparender Beschaffung. Im gut besuchten Saal kamen erstaunliche Tatsachen&hellip;","og_url":"https:\/\/weltlaeden.de\/badschoenborn\/klimaschutz-beginnt-in-der-kueche\/","og_site_name":"Weltladen Bad Sch\u00f6nborn","article_author":"https:\/\/www.facebook.com\/weltladenbadschoenborn","article_published_time":"2021-10-04T09:04:07+00:00","article_modified_time":"2021-10-04T09:04:29+00:00","og_image":[{"width":1450,"height":894,"url":"https:\/\/weltlaeden.de\/badschoenborn\/wp-content\/uploads\/sites\/62\/2021\/10\/2021_10_07_Buch_Bunk_Kochen.jpg","type":"image\/jpeg"}],"author":"badschoenborn","twitter_card":"summary_large_image","twitter_misc":{"Verfasst von":"badschoenborn","Gesch\u00e4tzte Lesezeit":"1\u00a0Minute"},"schema":{"@context":"https:\/\/schema.org","@graph":[{"@type":"Article","@id":"https:\/\/weltlaeden.de\/badschoenborn\/klimaschutz-beginnt-in-der-kueche\/#article","isPartOf":{"@id":"https:\/\/weltlaeden.de\/badschoenborn\/klimaschutz-beginnt-in-der-kueche\/"},"author":{"name":"badschoenborn","@id":"https:\/\/weltlaeden.de\/badschoenborn\/#\/schema\/person\/d3a75136958faefefbf67a2ead3d1f15"},"headline":"Klimaschutz beginnt in der K\u00fcche","datePublished":"2021-10-04T09:04:07+00:00","dateModified":"2021-10-04T09:04:29+00:00","mainEntityOfPage":{"@id":"https:\/\/weltlaeden.de\/badschoenborn\/klimaschutz-beginnt-in-der-kueche\/"},"wordCount":219,"image":{"@id":"https:\/\/weltlaeden.de\/badschoenborn\/klimaschutz-beginnt-in-der-kueche\/#primaryimage"},"thumbnailUrl":"https:\/\/weltlaeden.de\/badschoenborn\/wp-content\/uploads\/sites\/62\/2021\/10\/2021_10_07_Buch_Bunk_Kochen.jpg","articleSection":["Keine Kategorie"],"inLanguage":"de"},{"@type":"WebPage","@id":"https:\/\/weltlaeden.de\/badschoenborn\/klimaschutz-beginnt-in-der-kueche\/","url":"https:\/\/weltlaeden.de\/badschoenborn\/klimaschutz-beginnt-in-der-kueche\/","name":"Klimaschutz beginnt in der K\u00fcche - Weltladen Bad Sch\u00f6nborn","isPartOf":{"@id":"https:\/\/weltlaeden.de\/badschoenborn\/#website"},"primaryImageOfPage":{"@id":"https:\/\/weltlaeden.de\/badschoenborn\/klimaschutz-beginnt-in-der-kueche\/#primaryimage"},"image":{"@id":"https:\/\/weltlaeden.de\/badschoenborn\/klimaschutz-beginnt-in-der-kueche\/#primaryimage"},"thumbnailUrl":"https:\/\/weltlaeden.de\/badschoenborn\/wp-content\/uploads\/sites\/62\/2021\/10\/2021_10_07_Buch_Bunk_Kochen.jpg","datePublished":"2021-10-04T09:04:07+00:00","dateModified":"2021-10-04T09:04:29+00:00","author":{"@id":"https:\/\/weltlaeden.de\/badschoenborn\/#\/schema\/person\/d3a75136958faefefbf67a2ead3d1f15"},"breadcrumb":{"@id":"https:\/\/weltlaeden.de\/badschoenborn\/klimaschutz-beginnt-in-der-kueche\/#breadcrumb"},"inLanguage":"de","potentialAction":[{"@type":"ReadAction","target":["https:\/\/weltlaeden.de\/badschoenborn\/klimaschutz-beginnt-in-der-kueche\/"]}]},{"@type":"ImageObject","inLanguage":"de","@id":"https:\/\/weltlaeden.de\/badschoenborn\/klimaschutz-beginnt-in-der-kueche\/#primaryimage","url":"https:\/\/weltlaeden.de\/badschoenborn\/wp-content\/uploads\/sites\/62\/2021\/10\/2021_10_07_Buch_Bunk_Kochen.jpg","contentUrl":"https:\/\/weltlaeden.de\/badschoenborn\/wp-content\/uploads\/sites\/62\/2021\/10\/2021_10_07_Buch_Bunk_Kochen.jpg","width":1450,"height":894,"caption":"Buchvorstellung Kochen mit gutem Gewissen"},{"@type":"BreadcrumbList","@id":"https:\/\/weltlaeden.de\/badschoenborn\/klimaschutz-beginnt-in-der-kueche\/#breadcrumb","itemListElement":[{"@type":"ListItem","position":1,"name":"Startseite","item":"https:\/\/weltlaeden.de\/badschoenborn\/"},{"@type":"ListItem","position":2,"name":"Klimaschutz beginnt in der K\u00fcche"}]},{"@type":"WebSite","@id":"https:\/\/weltlaeden.de\/badschoenborn\/#website","url":"https:\/\/weltlaeden.de\/badschoenborn\/","name":"Vorlage","description":"Faire Welt e.V. Bad Sch\u00f6nborn","potentialAction":[{"@type":"SearchAction","target":{"@type":"EntryPoint","urlTemplate":"https:\/\/weltlaeden.de\/badschoenborn\/?s={search_term_string}"},"query-input":{"@type":"PropertyValueSpecification","valueRequired":true,"valueName":"search_term_string"}}],"inLanguage":"de"},{"@type":"Person","@id":"https:\/\/weltlaeden.de\/badschoenborn\/#\/schema\/person\/d3a75136958faefefbf67a2ead3d1f15","name":"badschoenborn","image":{"@type":"ImageObject","inLanguage":"de","@id":"https:\/\/weltlaeden.de\/badschoenborn\/#\/schema\/person\/image\/","url":"https:\/\/secure.gravatar.com\/avatar\/fdff26cb418aecba06b5a347fb579180?s=96&d=mm&r=g","contentUrl":"https:\/\/secure.gravatar.com\/avatar\/fdff26cb418aecba06b5a347fb579180?s=96&d=mm&r=g","caption":"badschoenborn"},"sameAs":["https:\/\/www.facebook.com\/weltladenbadschoenborn"]}]}},"_links":{"self":[{"href":"https:\/\/weltlaeden.de\/badschoenborn\/wp-json\/wp\/v2\/posts\/888","targetHints":{"allow":["GET"]}}],"collection":[{"href":"https:\/\/weltlaeden.de\/badschoenborn\/wp-json\/wp\/v2\/posts"}],"about":[{"href":"https:\/\/weltlaeden.de\/badschoenborn\/wp-json\/wp\/v2\/types\/post"}],"author":[{"embeddable":true,"href":"https:\/\/weltlaeden.de\/badschoenborn\/wp-json\/wp\/v2\/users\/91"}],"replies":[{"embeddable":true,"href":"https:\/\/weltlaeden.de\/badschoenborn\/wp-json\/wp\/v2\/comments?post=888"}],"version-history":[{"count":1,"href":"https:\/\/weltlaeden.de\/badschoenborn\/wp-json\/wp\/v2\/posts\/888\/revisions"}],"predecessor-version":[{"id":890,"href":"https:\/\/weltlaeden.de\/badschoenborn\/wp-json\/wp\/v2\/posts\/888\/revisions\/890"}],"wp:featuredmedia":[{"embeddable":true,"href":"https:\/\/weltlaeden.de\/badschoenborn\/wp-json\/wp\/v2\/media\/889"}],"wp:attachment":[{"href":"https:\/\/weltlaeden.de\/badschoenborn\/wp-json\/wp\/v2\/media?parent=888"}],"wp:term":[{"taxonomy":"category","embeddable":true,"href":"https:\/\/weltlaeden.de\/badschoenborn\/wp-json\/wp\/v2\/categories?post=888"},{"taxonomy":"post_tag","embeddable":true,"href":"https:\/\/weltlaeden.de\/badschoenborn\/wp-json\/wp\/v2\/tags?post=888"}],"curies":[{"name":"wp","href":"https:\/\/api.w.org\/{rel}","templated":true}]}}