{"id":695,"date":"2020-09-21T10:50:48","date_gmt":"2020-09-21T08:50:48","guid":{"rendered":"https:\/\/weltlaeden.de\/badschoenborn\/?p=695"},"modified":"2020-09-30T09:23:07","modified_gmt":"2020-09-30T07:23:07","slug":"695-2","status":"publish","type":"post","link":"https:\/\/weltlaeden.de\/badschoenborn\/695-2\/","title":{"rendered":"Faire Woche 2020"},"content":{"rendered":"<p>Was brauche ich f\u00fcr ein gutes Leben \u2013 was meint Augustine dazu?<br class=\"\" \/>Zur Fairen Woche 2020 hatte der Weltladen\u00a0Bad Sch\u00f6nborn am Freitag, 25.9.2020 auf dem Wochenmarkt zur Mitmach-Aktion\u00a0eingeladen. Die Vereinsaktiven sammelten zahlreiche Antworten zur\u00a0Frage: \u201eWas brauche ich f\u00fcr ein gutes Leben?\u201d Ab\u00a09.00 Uhr war der Stand in der\u00a0Friedrichstra\u00dfe vor der Musikschule pr\u00e4sent und im Laufe des Vormittags\u00a0kam besonderer Besuch: Clown Augustine. Mit einem Miniplakat und bunten Seifenblasen gelang es ihr, Aspekte des \u201eGuten Lebens\u201d ins Bewusstsein der PassantInnen zu bringen. Bereitwillig wurde mit gebotenem Abstand notiert und bei windigem Herbstwetter der Globus nach und nach best\u00fcckt. Bei zahlreichen Gespr\u00e4chen wurden Kontakte mit der Bev\u00f6lkerung gepflegt und der Gedanke des Fairen Handels vermittelt. Herzlichen Dank an alle, die sich beteiligt haben!<\/p>\n","protected":false},"excerpt":{"rendered":"<p>Was brauche ich f\u00fcr ein gutes Leben \u2013 was meint Augustine dazu?Zur Fairen Woche 2020 hatte der Weltladen\u00a0Bad Sch\u00f6nborn am Freitag, 25.9.2020 auf dem Wochenmarkt zur Mitmach-Aktion\u00a0eingeladen. Die Vereinsaktiven sammelten zahlreiche Antworten zur\u00a0Frage: \u201eWas brauche ich f\u00fcr ein gutes Leben?\u201d Ab\u00a09.00 Uhr war der Stand in der\u00a0Friedrichstra\u00dfe vor der Musikschule pr\u00e4sent und im Laufe des&hellip;<\/p>\n","protected":false},"author":91,"featured_media":697,"comment_status":"closed","ping_status":"closed","sticky":false,"template":"","format":"standard","meta":{"footnotes":""},"categories":[1],"tags":[],"class_list":["post-695","post","type-post","status-publish","format-standard","has-post-thumbnail","hentry","category-allgemein","category-1","description-off"],"yoast_head":"<!-- This site is optimized with the Yoast SEO plugin v26.8 - https:\/\/yoast.com\/product\/yoast-seo-wordpress\/ -->\n<title>Faire Woche 2020 - Weltladen Bad Sch\u00f6nborn<\/title>\n<meta name=\"robots\" content=\"index, follow, max-snippet:-1, max-image-preview:large, max-video-preview:-1\" \/>\n<link rel=\"canonical\" href=\"https:\/\/weltlaeden.de\/badschoenborn\/695-2\/\" \/>\n<meta property=\"og:locale\" content=\"de_DE\" \/>\n<meta property=\"og:type\" content=\"article\" \/>\n<meta property=\"og:title\" content=\"Faire Woche 2020 - Weltladen Bad Sch\u00f6nborn\" \/>\n<meta property=\"og:description\" content=\"Was brauche ich f\u00fcr ein gutes Leben \u2013 was meint Augustine dazu?Zur Fairen Woche 2020 hatte der Weltladen\u00a0Bad Sch\u00f6nborn am Freitag, 25.9.2020 auf dem Wochenmarkt zur Mitmach-Aktion\u00a0eingeladen. Die Vereinsaktiven sammelten zahlreiche Antworten zur\u00a0Frage: \u201eWas brauche ich f\u00fcr ein gutes Leben?\u201d Ab\u00a09.00 Uhr war der Stand in der\u00a0Friedrichstra\u00dfe vor der Musikschule pr\u00e4sent und im Laufe des&hellip;\" \/>\n<meta property=\"og:url\" content=\"https:\/\/weltlaeden.de\/badschoenborn\/695-2\/\" \/>\n<meta property=\"og:site_name\" content=\"Weltladen Bad Sch\u00f6nborn\" \/>\n<meta property=\"article:author\" content=\"https:\/\/www.facebook.com\/weltladenbadschoenborn\" \/>\n<meta property=\"article:published_time\" content=\"2020-09-21T08:50:48+00:00\" \/>\n<meta property=\"article:modified_time\" content=\"2020-09-30T07:23:07+00:00\" \/>\n<meta property=\"og:image\" content=\"https:\/\/weltlaeden.de\/badschoenborn\/wp-content\/uploads\/sites\/62\/2020\/09\/2020_09_25_Stand_FaireWoche_Augustine_5475-1024x776.jpg\" \/>\n\t<meta property=\"og:image:width\" content=\"1024\" \/>\n\t<meta property=\"og:image:height\" content=\"776\" \/>\n\t<meta property=\"og:image:type\" content=\"image\/jpeg\" \/>\n<meta name=\"author\" content=\"badschoenborn\" \/>\n<meta name=\"twitter:card\" content=\"summary_large_image\" \/>\n<meta name=\"twitter:label1\" content=\"Verfasst von\" \/>\n\t<meta name=\"twitter:data1\" content=\"badschoenborn\" \/>\n\t<meta name=\"twitter:label2\" content=\"Gesch\u00e4tzte Lesezeit\" \/>\n\t<meta name=\"twitter:data2\" content=\"1\u00a0Minute\" \/>\n<script type=\"application\/ld+json\" class=\"yoast-schema-graph\">{\"@context\":\"https:\/\/schema.org\",\"@graph\":[{\"@type\":\"Article\",\"@id\":\"https:\/\/weltlaeden.de\/badschoenborn\/695-2\/#article\",\"isPartOf\":{\"@id\":\"https:\/\/weltlaeden.de\/badschoenborn\/695-2\/\"},\"author\":{\"name\":\"badschoenborn\",\"@id\":\"https:\/\/weltlaeden.de\/badschoenborn\/#\/schema\/person\/d3a75136958faefefbf67a2ead3d1f15\"},\"headline\":\"Faire Woche 2020\",\"datePublished\":\"2020-09-21T08:50:48+00:00\",\"dateModified\":\"2020-09-30T07:23:07+00:00\",\"mainEntityOfPage\":{\"@id\":\"https:\/\/weltlaeden.de\/badschoenborn\/695-2\/\"},\"wordCount\":132,\"image\":{\"@id\":\"https:\/\/weltlaeden.de\/badschoenborn\/695-2\/#primaryimage\"},\"thumbnailUrl\":\"https:\/\/weltlaeden.de\/badschoenborn\/wp-content\/uploads\/sites\/62\/2020\/09\/2020_09_25_Stand_FaireWoche_Augustine_5475.jpg\",\"articleSection\":[\"Keine Kategorie\"],\"inLanguage\":\"de\"},{\"@type\":\"WebPage\",\"@id\":\"https:\/\/weltlaeden.de\/badschoenborn\/695-2\/\",\"url\":\"https:\/\/weltlaeden.de\/badschoenborn\/695-2\/\",\"name\":\"Faire Woche 2020 - Weltladen Bad Sch\u00f6nborn\",\"isPartOf\":{\"@id\":\"https:\/\/weltlaeden.de\/badschoenborn\/#website\"},\"primaryImageOfPage\":{\"@id\":\"https:\/\/weltlaeden.de\/badschoenborn\/695-2\/#primaryimage\"},\"image\":{\"@id\":\"https:\/\/weltlaeden.de\/badschoenborn\/695-2\/#primaryimage\"},\"thumbnailUrl\":\"https:\/\/weltlaeden.de\/badschoenborn\/wp-content\/uploads\/sites\/62\/2020\/09\/2020_09_25_Stand_FaireWoche_Augustine_5475.jpg\",\"datePublished\":\"2020-09-21T08:50:48+00:00\",\"dateModified\":\"2020-09-30T07:23:07+00:00\",\"author\":{\"@id\":\"https:\/\/weltlaeden.de\/badschoenborn\/#\/schema\/person\/d3a75136958faefefbf67a2ead3d1f15\"},\"breadcrumb\":{\"@id\":\"https:\/\/weltlaeden.de\/badschoenborn\/695-2\/#breadcrumb\"},\"inLanguage\":\"de\",\"potentialAction\":[{\"@type\":\"ReadAction\",\"target\":[\"https:\/\/weltlaeden.de\/badschoenborn\/695-2\/\"]}]},{\"@type\":\"ImageObject\",\"inLanguage\":\"de\",\"@id\":\"https:\/\/weltlaeden.de\/badschoenborn\/695-2\/#primaryimage\",\"url\":\"https:\/\/weltlaeden.de\/badschoenborn\/wp-content\/uploads\/sites\/62\/2020\/09\/2020_09_25_Stand_FaireWoche_Augustine_5475.jpg\",\"contentUrl\":\"https:\/\/weltlaeden.de\/badschoenborn\/wp-content\/uploads\/sites\/62\/2020\/09\/2020_09_25_Stand_FaireWoche_Augustine_5475.jpg\",\"width\":1772,\"height\":1342,\"caption\":\"Mingolsheim Marktplatz am Stand von Faire Welt e.V. Bad Sch\u00f6nborn mit Clown Augustine\"},{\"@type\":\"BreadcrumbList\",\"@id\":\"https:\/\/weltlaeden.de\/badschoenborn\/695-2\/#breadcrumb\",\"itemListElement\":[{\"@type\":\"ListItem\",\"position\":1,\"name\":\"Startseite\",\"item\":\"https:\/\/weltlaeden.de\/badschoenborn\/\"},{\"@type\":\"ListItem\",\"position\":2,\"name\":\"Faire Woche 2020\"}]},{\"@type\":\"WebSite\",\"@id\":\"https:\/\/weltlaeden.de\/badschoenborn\/#website\",\"url\":\"https:\/\/weltlaeden.de\/badschoenborn\/\",\"name\":\"Vorlage\",\"description\":\"Faire Welt e.V. Bad Sch\u00f6nborn\",\"potentialAction\":[{\"@type\":\"SearchAction\",\"target\":{\"@type\":\"EntryPoint\",\"urlTemplate\":\"https:\/\/weltlaeden.de\/badschoenborn\/?s={search_term_string}\"},\"query-input\":{\"@type\":\"PropertyValueSpecification\",\"valueRequired\":true,\"valueName\":\"search_term_string\"}}],\"inLanguage\":\"de\"},{\"@type\":\"Person\",\"@id\":\"https:\/\/weltlaeden.de\/badschoenborn\/#\/schema\/person\/d3a75136958faefefbf67a2ead3d1f15\",\"name\":\"badschoenborn\",\"image\":{\"@type\":\"ImageObject\",\"inLanguage\":\"de\",\"@id\":\"https:\/\/weltlaeden.de\/badschoenborn\/#\/schema\/person\/image\/\",\"url\":\"https:\/\/secure.gravatar.com\/avatar\/fdff26cb418aecba06b5a347fb579180?s=96&d=mm&r=g\",\"contentUrl\":\"https:\/\/secure.gravatar.com\/avatar\/fdff26cb418aecba06b5a347fb579180?s=96&d=mm&r=g\",\"caption\":\"badschoenborn\"},\"sameAs\":[\"https:\/\/www.facebook.com\/weltladenbadschoenborn\"]}]}<\/script>\n<!-- \/ Yoast SEO plugin. -->","yoast_head_json":{"title":"Faire Woche 2020 - Weltladen Bad Sch\u00f6nborn","robots":{"index":"index","follow":"follow","max-snippet":"max-snippet:-1","max-image-preview":"max-image-preview:large","max-video-preview":"max-video-preview:-1"},"canonical":"https:\/\/weltlaeden.de\/badschoenborn\/695-2\/","og_locale":"de_DE","og_type":"article","og_title":"Faire Woche 2020 - Weltladen Bad Sch\u00f6nborn","og_description":"Was brauche ich f\u00fcr ein gutes Leben \u2013 was meint Augustine dazu?Zur Fairen Woche 2020 hatte der Weltladen\u00a0Bad Sch\u00f6nborn am Freitag, 25.9.2020 auf dem Wochenmarkt zur Mitmach-Aktion\u00a0eingeladen. Die Vereinsaktiven sammelten zahlreiche Antworten zur\u00a0Frage: \u201eWas brauche ich f\u00fcr ein gutes Leben?\u201d Ab\u00a09.00 Uhr war der Stand in der\u00a0Friedrichstra\u00dfe vor der Musikschule pr\u00e4sent und im Laufe des&hellip;","og_url":"https:\/\/weltlaeden.de\/badschoenborn\/695-2\/","og_site_name":"Weltladen Bad Sch\u00f6nborn","article_author":"https:\/\/www.facebook.com\/weltladenbadschoenborn","article_published_time":"2020-09-21T08:50:48+00:00","article_modified_time":"2020-09-30T07:23:07+00:00","og_image":[{"width":1024,"height":776,"url":"https:\/\/weltlaeden.de\/badschoenborn\/wp-content\/uploads\/sites\/62\/2020\/09\/2020_09_25_Stand_FaireWoche_Augustine_5475-1024x776.jpg","type":"image\/jpeg"}],"author":"badschoenborn","twitter_card":"summary_large_image","twitter_misc":{"Verfasst von":"badschoenborn","Gesch\u00e4tzte Lesezeit":"1\u00a0Minute"},"schema":{"@context":"https:\/\/schema.org","@graph":[{"@type":"Article","@id":"https:\/\/weltlaeden.de\/badschoenborn\/695-2\/#article","isPartOf":{"@id":"https:\/\/weltlaeden.de\/badschoenborn\/695-2\/"},"author":{"name":"badschoenborn","@id":"https:\/\/weltlaeden.de\/badschoenborn\/#\/schema\/person\/d3a75136958faefefbf67a2ead3d1f15"},"headline":"Faire Woche 2020","datePublished":"2020-09-21T08:50:48+00:00","dateModified":"2020-09-30T07:23:07+00:00","mainEntityOfPage":{"@id":"https:\/\/weltlaeden.de\/badschoenborn\/695-2\/"},"wordCount":132,"image":{"@id":"https:\/\/weltlaeden.de\/badschoenborn\/695-2\/#primaryimage"},"thumbnailUrl":"https:\/\/weltlaeden.de\/badschoenborn\/wp-content\/uploads\/sites\/62\/2020\/09\/2020_09_25_Stand_FaireWoche_Augustine_5475.jpg","articleSection":["Keine Kategorie"],"inLanguage":"de"},{"@type":"WebPage","@id":"https:\/\/weltlaeden.de\/badschoenborn\/695-2\/","url":"https:\/\/weltlaeden.de\/badschoenborn\/695-2\/","name":"Faire Woche 2020 - Weltladen Bad Sch\u00f6nborn","isPartOf":{"@id":"https:\/\/weltlaeden.de\/badschoenborn\/#website"},"primaryImageOfPage":{"@id":"https:\/\/weltlaeden.de\/badschoenborn\/695-2\/#primaryimage"},"image":{"@id":"https:\/\/weltlaeden.de\/badschoenborn\/695-2\/#primaryimage"},"thumbnailUrl":"https:\/\/weltlaeden.de\/badschoenborn\/wp-content\/uploads\/sites\/62\/2020\/09\/2020_09_25_Stand_FaireWoche_Augustine_5475.jpg","datePublished":"2020-09-21T08:50:48+00:00","dateModified":"2020-09-30T07:23:07+00:00","author":{"@id":"https:\/\/weltlaeden.de\/badschoenborn\/#\/schema\/person\/d3a75136958faefefbf67a2ead3d1f15"},"breadcrumb":{"@id":"https:\/\/weltlaeden.de\/badschoenborn\/695-2\/#breadcrumb"},"inLanguage":"de","potentialAction":[{"@type":"ReadAction","target":["https:\/\/weltlaeden.de\/badschoenborn\/695-2\/"]}]},{"@type":"ImageObject","inLanguage":"de","@id":"https:\/\/weltlaeden.de\/badschoenborn\/695-2\/#primaryimage","url":"https:\/\/weltlaeden.de\/badschoenborn\/wp-content\/uploads\/sites\/62\/2020\/09\/2020_09_25_Stand_FaireWoche_Augustine_5475.jpg","contentUrl":"https:\/\/weltlaeden.de\/badschoenborn\/wp-content\/uploads\/sites\/62\/2020\/09\/2020_09_25_Stand_FaireWoche_Augustine_5475.jpg","width":1772,"height":1342,"caption":"Mingolsheim Marktplatz am Stand von Faire Welt e.V. Bad Sch\u00f6nborn mit Clown Augustine"},{"@type":"BreadcrumbList","@id":"https:\/\/weltlaeden.de\/badschoenborn\/695-2\/#breadcrumb","itemListElement":[{"@type":"ListItem","position":1,"name":"Startseite","item":"https:\/\/weltlaeden.de\/badschoenborn\/"},{"@type":"ListItem","position":2,"name":"Faire Woche 2020"}]},{"@type":"WebSite","@id":"https:\/\/weltlaeden.de\/badschoenborn\/#website","url":"https:\/\/weltlaeden.de\/badschoenborn\/","name":"Vorlage","description":"Faire Welt e.V. Bad Sch\u00f6nborn","potentialAction":[{"@type":"SearchAction","target":{"@type":"EntryPoint","urlTemplate":"https:\/\/weltlaeden.de\/badschoenborn\/?s={search_term_string}"},"query-input":{"@type":"PropertyValueSpecification","valueRequired":true,"valueName":"search_term_string"}}],"inLanguage":"de"},{"@type":"Person","@id":"https:\/\/weltlaeden.de\/badschoenborn\/#\/schema\/person\/d3a75136958faefefbf67a2ead3d1f15","name":"badschoenborn","image":{"@type":"ImageObject","inLanguage":"de","@id":"https:\/\/weltlaeden.de\/badschoenborn\/#\/schema\/person\/image\/","url":"https:\/\/secure.gravatar.com\/avatar\/fdff26cb418aecba06b5a347fb579180?s=96&d=mm&r=g","contentUrl":"https:\/\/secure.gravatar.com\/avatar\/fdff26cb418aecba06b5a347fb579180?s=96&d=mm&r=g","caption":"badschoenborn"},"sameAs":["https:\/\/www.facebook.com\/weltladenbadschoenborn"]}]}},"_links":{"self":[{"href":"https:\/\/weltlaeden.de\/badschoenborn\/wp-json\/wp\/v2\/posts\/695","targetHints":{"allow":["GET"]}}],"collection":[{"href":"https:\/\/weltlaeden.de\/badschoenborn\/wp-json\/wp\/v2\/posts"}],"about":[{"href":"https:\/\/weltlaeden.de\/badschoenborn\/wp-json\/wp\/v2\/types\/post"}],"author":[{"embeddable":true,"href":"https:\/\/weltlaeden.de\/badschoenborn\/wp-json\/wp\/v2\/users\/91"}],"replies":[{"embeddable":true,"href":"https:\/\/weltlaeden.de\/badschoenborn\/wp-json\/wp\/v2\/comments?post=695"}],"version-history":[{"count":5,"href":"https:\/\/weltlaeden.de\/badschoenborn\/wp-json\/wp\/v2\/posts\/695\/revisions"}],"predecessor-version":[{"id":701,"href":"https:\/\/weltlaeden.de\/badschoenborn\/wp-json\/wp\/v2\/posts\/695\/revisions\/701"}],"wp:featuredmedia":[{"embeddable":true,"href":"https:\/\/weltlaeden.de\/badschoenborn\/wp-json\/wp\/v2\/media\/697"}],"wp:attachment":[{"href":"https:\/\/weltlaeden.de\/badschoenborn\/wp-json\/wp\/v2\/media?parent=695"}],"wp:term":[{"taxonomy":"category","embeddable":true,"href":"https:\/\/weltlaeden.de\/badschoenborn\/wp-json\/wp\/v2\/categories?post=695"},{"taxonomy":"post_tag","embeddable":true,"href":"https:\/\/weltlaeden.de\/badschoenborn\/wp-json\/wp\/v2\/tags?post=695"}],"curies":[{"name":"wp","href":"https:\/\/api.w.org\/{rel}","templated":true}]}}