{"id":659,"date":"2020-08-10T11:35:27","date_gmt":"2020-08-10T09:35:27","guid":{"rendered":"https:\/\/weltlaeden.de\/badschoenborn\/?p=659"},"modified":"2020-10-21T15:08:43","modified_gmt":"2020-10-21T13:08:43","slug":"neuer-praktikant-im-weltladen","status":"publish","type":"post","link":"https:\/\/weltlaeden.de\/badschoenborn\/neuer-praktikant-im-weltladen\/","title":{"rendered":"Neuer Praktikant im Weltladen!"},"content":{"rendered":"<p>\u00dcber die Sommerferien freut sich das ehrenamtliche Ladenteam \u00fcber tatkr\u00e4ftige Unterst\u00fctzung. Oskar Radermacher hatte sich Ende Juli 2020 nach dem Aufruf \u201eZupackende H\u00e4nde gesucht\u201d gemeldet, um \u00fcber die Ferien einige Wochen im Weltladen mitzuhelfen. Der Gymnasiast aus Langenbr\u00fccken wurde am 4. August eingearbeitet und hatte an diesem belebten Dienstagvormittag gleich mit allen Finessen des Verkaufs zu tun: Barbezahlung, EC-Lastschrift, Warengruppen eintippen und die Scannerkasse bedienen. Barbara Hostadt vom Vorstand \u201eFaire Welt e.V. Bad Sch\u00f6nborn\u201d schmunzelt: \u201eDie jungen Leute haben das gleich drauf!\u201d Warum er sich f\u00fcr den Weltladen entschieden hat? \u201eIch hatte \u00fcber Bekannte schon vor Jahren Kontakt mit einer Kinderinitiative aus Ghana und mich hat interessiert, was sie dort gemacht haben. Hier im Weltladen gibt es auch viele Einblicke in Unternehmen und Produzenteninitiativen aus anderen L\u00e4ndern. Und wir achten sowieso in der Familie darauf, viele Produkte aus Fairem Handel zu kaufen.\u201d<br \/>\nWir freuen uns \u00fcber Oskars tolle Unterst\u00fctzung am Di, Mi und Do, <strong>w\u00fcnschen Ihnen erholsame Sommertage<\/strong> und w\u00fcrden uns freuen, Sie <strong>auch w\u00e4hrend der Ferienzeit 2020<\/strong>\u00a0zu unseren \u00d6ffnungszeiten im Weltladen in der Friedrichstra\u00dfe 52 begr\u00fc\u00dfen zu k\u00f6nnen<\/p>\n","protected":false},"excerpt":{"rendered":"<p>\u00dcber die Sommerferien freut sich das ehrenamtliche Ladenteam \u00fcber tatkr\u00e4ftige Unterst\u00fctzung. Oskar Radermacher hatte sich Ende Juli 2020 nach dem Aufruf \u201eZupackende H\u00e4nde gesucht\u201d gemeldet, um \u00fcber die Ferien einige Wochen im Weltladen mitzuhelfen. Der Gymnasiast aus Langenbr\u00fccken wurde am 4. August eingearbeitet und hatte an diesem belebten Dienstagvormittag gleich mit allen Finessen des Verkaufs&hellip;<\/p>\n","protected":false},"author":91,"featured_media":660,"comment_status":"closed","ping_status":"closed","sticky":false,"template":"","format":"standard","meta":{"footnotes":""},"categories":[11],"tags":[],"class_list":["post-659","post","type-post","status-publish","format-standard","has-post-thumbnail","hentry","category-verein","category-11","description-off"],"yoast_head":"<!-- This site is optimized with the Yoast SEO plugin v26.8 - https:\/\/yoast.com\/product\/yoast-seo-wordpress\/ -->\n<title>Neuer Praktikant im Weltladen! - Weltladen Bad Sch\u00f6nborn<\/title>\n<meta name=\"description\" content=\"Der Gymnasiast aus Langenbr\u00fccken wurde am 4. August eingearbeitet und hatte an diesem belebten Dienstagvormittag gleich mit allen Finessen des Verkaufs zu tun: Barbezahlung, EC-Lastschrift, Warengruppen eintippen und die Scannerkasse bedienen.\" \/>\n<meta name=\"robots\" content=\"index, follow, max-snippet:-1, max-image-preview:large, max-video-preview:-1\" \/>\n<link rel=\"canonical\" href=\"https:\/\/weltlaeden.de\/badschoenborn\/neuer-praktikant-im-weltladen\/\" \/>\n<meta property=\"og:locale\" content=\"de_DE\" \/>\n<meta property=\"og:type\" content=\"article\" \/>\n<meta property=\"og:title\" content=\"Neuer Praktikant im Weltladen! - Weltladen Bad Sch\u00f6nborn\" \/>\n<meta property=\"og:description\" content=\"Der Gymnasiast aus Langenbr\u00fccken wurde am 4. August eingearbeitet und hatte an diesem belebten Dienstagvormittag gleich mit allen Finessen des Verkaufs zu tun: Barbezahlung, EC-Lastschrift, Warengruppen eintippen und die Scannerkasse bedienen.\" \/>\n<meta property=\"og:url\" content=\"https:\/\/weltlaeden.de\/badschoenborn\/neuer-praktikant-im-weltladen\/\" \/>\n<meta property=\"og:site_name\" content=\"Weltladen Bad Sch\u00f6nborn\" \/>\n<meta property=\"article:author\" content=\"https:\/\/www.facebook.com\/weltladenbadschoenborn\" \/>\n<meta property=\"article:published_time\" content=\"2020-08-10T09:35:27+00:00\" \/>\n<meta property=\"article:modified_time\" content=\"2020-10-21T13:08:43+00:00\" \/>\n<meta property=\"og:image\" content=\"https:\/\/weltlaeden.de\/badschoenborn\/wp-content\/uploads\/sites\/62\/2020\/08\/2020_08_Oskar_Radermacher.jpg\" \/>\n\t<meta property=\"og:image:width\" content=\"768\" \/>\n\t<meta property=\"og:image:height\" content=\"744\" \/>\n\t<meta property=\"og:image:type\" content=\"image\/jpeg\" \/>\n<meta name=\"author\" content=\"badschoenborn\" \/>\n<meta name=\"twitter:card\" content=\"summary_large_image\" \/>\n<meta name=\"twitter:label1\" content=\"Verfasst von\" \/>\n\t<meta name=\"twitter:data1\" content=\"badschoenborn\" \/>\n\t<meta name=\"twitter:label2\" content=\"Gesch\u00e4tzte Lesezeit\" \/>\n\t<meta name=\"twitter:data2\" content=\"1\u00a0Minute\" \/>\n<script type=\"application\/ld+json\" class=\"yoast-schema-graph\">{\"@context\":\"https:\/\/schema.org\",\"@graph\":[{\"@type\":\"Article\",\"@id\":\"https:\/\/weltlaeden.de\/badschoenborn\/neuer-praktikant-im-weltladen\/#article\",\"isPartOf\":{\"@id\":\"https:\/\/weltlaeden.de\/badschoenborn\/neuer-praktikant-im-weltladen\/\"},\"author\":{\"name\":\"badschoenborn\",\"@id\":\"https:\/\/weltlaeden.de\/badschoenborn\/#\/schema\/person\/d3a75136958faefefbf67a2ead3d1f15\"},\"headline\":\"Neuer Praktikant im Weltladen!\",\"datePublished\":\"2020-08-10T09:35:27+00:00\",\"dateModified\":\"2020-10-21T13:08:43+00:00\",\"mainEntityOfPage\":{\"@id\":\"https:\/\/weltlaeden.de\/badschoenborn\/neuer-praktikant-im-weltladen\/\"},\"wordCount\":195,\"image\":{\"@id\":\"https:\/\/weltlaeden.de\/badschoenborn\/neuer-praktikant-im-weltladen\/#primaryimage\"},\"thumbnailUrl\":\"https:\/\/weltlaeden.de\/badschoenborn\/wp-content\/uploads\/sites\/62\/2020\/08\/2020_08_Oskar_Radermacher.jpg\",\"articleSection\":[\"Verein\"],\"inLanguage\":\"de\"},{\"@type\":\"WebPage\",\"@id\":\"https:\/\/weltlaeden.de\/badschoenborn\/neuer-praktikant-im-weltladen\/\",\"url\":\"https:\/\/weltlaeden.de\/badschoenborn\/neuer-praktikant-im-weltladen\/\",\"name\":\"Neuer Praktikant im Weltladen! - Weltladen Bad Sch\u00f6nborn\",\"isPartOf\":{\"@id\":\"https:\/\/weltlaeden.de\/badschoenborn\/#website\"},\"primaryImageOfPage\":{\"@id\":\"https:\/\/weltlaeden.de\/badschoenborn\/neuer-praktikant-im-weltladen\/#primaryimage\"},\"image\":{\"@id\":\"https:\/\/weltlaeden.de\/badschoenborn\/neuer-praktikant-im-weltladen\/#primaryimage\"},\"thumbnailUrl\":\"https:\/\/weltlaeden.de\/badschoenborn\/wp-content\/uploads\/sites\/62\/2020\/08\/2020_08_Oskar_Radermacher.jpg\",\"datePublished\":\"2020-08-10T09:35:27+00:00\",\"dateModified\":\"2020-10-21T13:08:43+00:00\",\"author\":{\"@id\":\"https:\/\/weltlaeden.de\/badschoenborn\/#\/schema\/person\/d3a75136958faefefbf67a2ead3d1f15\"},\"description\":\"Der Gymnasiast aus Langenbr\u00fccken wurde am 4. August eingearbeitet und hatte an diesem belebten Dienstagvormittag gleich mit allen Finessen des Verkaufs zu tun: Barbezahlung, EC-Lastschrift, Warengruppen eintippen und die Scannerkasse bedienen.\",\"breadcrumb\":{\"@id\":\"https:\/\/weltlaeden.de\/badschoenborn\/neuer-praktikant-im-weltladen\/#breadcrumb\"},\"inLanguage\":\"de\",\"potentialAction\":[{\"@type\":\"ReadAction\",\"target\":[\"https:\/\/weltlaeden.de\/badschoenborn\/neuer-praktikant-im-weltladen\/\"]}]},{\"@type\":\"ImageObject\",\"inLanguage\":\"de\",\"@id\":\"https:\/\/weltlaeden.de\/badschoenborn\/neuer-praktikant-im-weltladen\/#primaryimage\",\"url\":\"https:\/\/weltlaeden.de\/badschoenborn\/wp-content\/uploads\/sites\/62\/2020\/08\/2020_08_Oskar_Radermacher.jpg\",\"contentUrl\":\"https:\/\/weltlaeden.de\/badschoenborn\/wp-content\/uploads\/sites\/62\/2020\/08\/2020_08_Oskar_Radermacher.jpg\",\"width\":768,\"height\":744,\"caption\":\"Ferienpraktikant im Weltladen \u2013 Oskar Radermacher\"},{\"@type\":\"BreadcrumbList\",\"@id\":\"https:\/\/weltlaeden.de\/badschoenborn\/neuer-praktikant-im-weltladen\/#breadcrumb\",\"itemListElement\":[{\"@type\":\"ListItem\",\"position\":1,\"name\":\"Startseite\",\"item\":\"https:\/\/weltlaeden.de\/badschoenborn\/\"},{\"@type\":\"ListItem\",\"position\":2,\"name\":\"Neuer Praktikant im Weltladen!\"}]},{\"@type\":\"WebSite\",\"@id\":\"https:\/\/weltlaeden.de\/badschoenborn\/#website\",\"url\":\"https:\/\/weltlaeden.de\/badschoenborn\/\",\"name\":\"Vorlage\",\"description\":\"Faire Welt e.V. Bad Sch\u00f6nborn\",\"potentialAction\":[{\"@type\":\"SearchAction\",\"target\":{\"@type\":\"EntryPoint\",\"urlTemplate\":\"https:\/\/weltlaeden.de\/badschoenborn\/?s={search_term_string}\"},\"query-input\":{\"@type\":\"PropertyValueSpecification\",\"valueRequired\":true,\"valueName\":\"search_term_string\"}}],\"inLanguage\":\"de\"},{\"@type\":\"Person\",\"@id\":\"https:\/\/weltlaeden.de\/badschoenborn\/#\/schema\/person\/d3a75136958faefefbf67a2ead3d1f15\",\"name\":\"badschoenborn\",\"image\":{\"@type\":\"ImageObject\",\"inLanguage\":\"de\",\"@id\":\"https:\/\/weltlaeden.de\/badschoenborn\/#\/schema\/person\/image\/\",\"url\":\"https:\/\/secure.gravatar.com\/avatar\/fdff26cb418aecba06b5a347fb579180?s=96&d=mm&r=g\",\"contentUrl\":\"https:\/\/secure.gravatar.com\/avatar\/fdff26cb418aecba06b5a347fb579180?s=96&d=mm&r=g\",\"caption\":\"badschoenborn\"},\"sameAs\":[\"https:\/\/www.facebook.com\/weltladenbadschoenborn\"]}]}<\/script>\n<!-- \/ Yoast SEO plugin. -->","yoast_head_json":{"title":"Neuer Praktikant im Weltladen! - Weltladen Bad Sch\u00f6nborn","description":"Der Gymnasiast aus Langenbr\u00fccken wurde am 4. August eingearbeitet und hatte an diesem belebten Dienstagvormittag gleich mit allen Finessen des Verkaufs zu tun: Barbezahlung, EC-Lastschrift, Warengruppen eintippen und die Scannerkasse bedienen.","robots":{"index":"index","follow":"follow","max-snippet":"max-snippet:-1","max-image-preview":"max-image-preview:large","max-video-preview":"max-video-preview:-1"},"canonical":"https:\/\/weltlaeden.de\/badschoenborn\/neuer-praktikant-im-weltladen\/","og_locale":"de_DE","og_type":"article","og_title":"Neuer Praktikant im Weltladen! - Weltladen Bad Sch\u00f6nborn","og_description":"Der Gymnasiast aus Langenbr\u00fccken wurde am 4. August eingearbeitet und hatte an diesem belebten Dienstagvormittag gleich mit allen Finessen des Verkaufs zu tun: Barbezahlung, EC-Lastschrift, Warengruppen eintippen und die Scannerkasse bedienen.","og_url":"https:\/\/weltlaeden.de\/badschoenborn\/neuer-praktikant-im-weltladen\/","og_site_name":"Weltladen Bad Sch\u00f6nborn","article_author":"https:\/\/www.facebook.com\/weltladenbadschoenborn","article_published_time":"2020-08-10T09:35:27+00:00","article_modified_time":"2020-10-21T13:08:43+00:00","og_image":[{"width":768,"height":744,"url":"https:\/\/weltlaeden.de\/badschoenborn\/wp-content\/uploads\/sites\/62\/2020\/08\/2020_08_Oskar_Radermacher.jpg","type":"image\/jpeg"}],"author":"badschoenborn","twitter_card":"summary_large_image","twitter_misc":{"Verfasst von":"badschoenborn","Gesch\u00e4tzte Lesezeit":"1\u00a0Minute"},"schema":{"@context":"https:\/\/schema.org","@graph":[{"@type":"Article","@id":"https:\/\/weltlaeden.de\/badschoenborn\/neuer-praktikant-im-weltladen\/#article","isPartOf":{"@id":"https:\/\/weltlaeden.de\/badschoenborn\/neuer-praktikant-im-weltladen\/"},"author":{"name":"badschoenborn","@id":"https:\/\/weltlaeden.de\/badschoenborn\/#\/schema\/person\/d3a75136958faefefbf67a2ead3d1f15"},"headline":"Neuer Praktikant im Weltladen!","datePublished":"2020-08-10T09:35:27+00:00","dateModified":"2020-10-21T13:08:43+00:00","mainEntityOfPage":{"@id":"https:\/\/weltlaeden.de\/badschoenborn\/neuer-praktikant-im-weltladen\/"},"wordCount":195,"image":{"@id":"https:\/\/weltlaeden.de\/badschoenborn\/neuer-praktikant-im-weltladen\/#primaryimage"},"thumbnailUrl":"https:\/\/weltlaeden.de\/badschoenborn\/wp-content\/uploads\/sites\/62\/2020\/08\/2020_08_Oskar_Radermacher.jpg","articleSection":["Verein"],"inLanguage":"de"},{"@type":"WebPage","@id":"https:\/\/weltlaeden.de\/badschoenborn\/neuer-praktikant-im-weltladen\/","url":"https:\/\/weltlaeden.de\/badschoenborn\/neuer-praktikant-im-weltladen\/","name":"Neuer Praktikant im Weltladen! - Weltladen Bad Sch\u00f6nborn","isPartOf":{"@id":"https:\/\/weltlaeden.de\/badschoenborn\/#website"},"primaryImageOfPage":{"@id":"https:\/\/weltlaeden.de\/badschoenborn\/neuer-praktikant-im-weltladen\/#primaryimage"},"image":{"@id":"https:\/\/weltlaeden.de\/badschoenborn\/neuer-praktikant-im-weltladen\/#primaryimage"},"thumbnailUrl":"https:\/\/weltlaeden.de\/badschoenborn\/wp-content\/uploads\/sites\/62\/2020\/08\/2020_08_Oskar_Radermacher.jpg","datePublished":"2020-08-10T09:35:27+00:00","dateModified":"2020-10-21T13:08:43+00:00","author":{"@id":"https:\/\/weltlaeden.de\/badschoenborn\/#\/schema\/person\/d3a75136958faefefbf67a2ead3d1f15"},"description":"Der Gymnasiast aus Langenbr\u00fccken wurde am 4. August eingearbeitet und hatte an diesem belebten Dienstagvormittag gleich mit allen Finessen des Verkaufs zu tun: Barbezahlung, EC-Lastschrift, Warengruppen eintippen und die Scannerkasse bedienen.","breadcrumb":{"@id":"https:\/\/weltlaeden.de\/badschoenborn\/neuer-praktikant-im-weltladen\/#breadcrumb"},"inLanguage":"de","potentialAction":[{"@type":"ReadAction","target":["https:\/\/weltlaeden.de\/badschoenborn\/neuer-praktikant-im-weltladen\/"]}]},{"@type":"ImageObject","inLanguage":"de","@id":"https:\/\/weltlaeden.de\/badschoenborn\/neuer-praktikant-im-weltladen\/#primaryimage","url":"https:\/\/weltlaeden.de\/badschoenborn\/wp-content\/uploads\/sites\/62\/2020\/08\/2020_08_Oskar_Radermacher.jpg","contentUrl":"https:\/\/weltlaeden.de\/badschoenborn\/wp-content\/uploads\/sites\/62\/2020\/08\/2020_08_Oskar_Radermacher.jpg","width":768,"height":744,"caption":"Ferienpraktikant im Weltladen \u2013 Oskar Radermacher"},{"@type":"BreadcrumbList","@id":"https:\/\/weltlaeden.de\/badschoenborn\/neuer-praktikant-im-weltladen\/#breadcrumb","itemListElement":[{"@type":"ListItem","position":1,"name":"Startseite","item":"https:\/\/weltlaeden.de\/badschoenborn\/"},{"@type":"ListItem","position":2,"name":"Neuer Praktikant im Weltladen!"}]},{"@type":"WebSite","@id":"https:\/\/weltlaeden.de\/badschoenborn\/#website","url":"https:\/\/weltlaeden.de\/badschoenborn\/","name":"Vorlage","description":"Faire Welt e.V. Bad Sch\u00f6nborn","potentialAction":[{"@type":"SearchAction","target":{"@type":"EntryPoint","urlTemplate":"https:\/\/weltlaeden.de\/badschoenborn\/?s={search_term_string}"},"query-input":{"@type":"PropertyValueSpecification","valueRequired":true,"valueName":"search_term_string"}}],"inLanguage":"de"},{"@type":"Person","@id":"https:\/\/weltlaeden.de\/badschoenborn\/#\/schema\/person\/d3a75136958faefefbf67a2ead3d1f15","name":"badschoenborn","image":{"@type":"ImageObject","inLanguage":"de","@id":"https:\/\/weltlaeden.de\/badschoenborn\/#\/schema\/person\/image\/","url":"https:\/\/secure.gravatar.com\/avatar\/fdff26cb418aecba06b5a347fb579180?s=96&d=mm&r=g","contentUrl":"https:\/\/secure.gravatar.com\/avatar\/fdff26cb418aecba06b5a347fb579180?s=96&d=mm&r=g","caption":"badschoenborn"},"sameAs":["https:\/\/www.facebook.com\/weltladenbadschoenborn"]}]}},"_links":{"self":[{"href":"https:\/\/weltlaeden.de\/badschoenborn\/wp-json\/wp\/v2\/posts\/659","targetHints":{"allow":["GET"]}}],"collection":[{"href":"https:\/\/weltlaeden.de\/badschoenborn\/wp-json\/wp\/v2\/posts"}],"about":[{"href":"https:\/\/weltlaeden.de\/badschoenborn\/wp-json\/wp\/v2\/types\/post"}],"author":[{"embeddable":true,"href":"https:\/\/weltlaeden.de\/badschoenborn\/wp-json\/wp\/v2\/users\/91"}],"replies":[{"embeddable":true,"href":"https:\/\/weltlaeden.de\/badschoenborn\/wp-json\/wp\/v2\/comments?post=659"}],"version-history":[{"count":3,"href":"https:\/\/weltlaeden.de\/badschoenborn\/wp-json\/wp\/v2\/posts\/659\/revisions"}],"predecessor-version":[{"id":663,"href":"https:\/\/weltlaeden.de\/badschoenborn\/wp-json\/wp\/v2\/posts\/659\/revisions\/663"}],"wp:featuredmedia":[{"embeddable":true,"href":"https:\/\/weltlaeden.de\/badschoenborn\/wp-json\/wp\/v2\/media\/660"}],"wp:attachment":[{"href":"https:\/\/weltlaeden.de\/badschoenborn\/wp-json\/wp\/v2\/media?parent=659"}],"wp:term":[{"taxonomy":"category","embeddable":true,"href":"https:\/\/weltlaeden.de\/badschoenborn\/wp-json\/wp\/v2\/categories?post=659"},{"taxonomy":"post_tag","embeddable":true,"href":"https:\/\/weltlaeden.de\/badschoenborn\/wp-json\/wp\/v2\/tags?post=659"}],"curies":[{"name":"wp","href":"https:\/\/api.w.org\/{rel}","templated":true}]}}