{"id":540,"date":"2020-02-12T07:00:06","date_gmt":"2020-02-12T06:00:06","guid":{"rendered":"https:\/\/weltlaeden.de\/badschoenborn\/?p=540"},"modified":"2020-03-04T12:20:39","modified_gmt":"2020-03-04T11:20:39","slug":"540-2","status":"publish","type":"post","link":"https:\/\/weltlaeden.de\/badschoenborn\/540-2\/","title":{"rendered":"Strategie-Workshop am 3.2.2020"},"content":{"rendered":"<div id=\"attachment_542\" style=\"width: 235px\" class=\"wp-caption alignnone\"><img loading=\"lazy\" decoding=\"async\" aria-describedby=\"caption-attachment-542\" class=\"size-medium wp-image-542\" src=\"https:\/\/weltlaeden.de\/badschoenborn\/wp-content\/uploads\/sites\/62\/2020\/02\/Bildungsreferentin_World_Cafe-225x300.jpg\" alt=\"World-Cafe-Ideensammlung zu \u201eAktionen, Kampagnen, Bildung\u201d\" width=\"225\" height=\"300\" \/><p id=\"caption-attachment-542\" class=\"wp-caption-text\">\u201eWorld-Cafe\u201d-Ideensammlungen \u2013 Bildungsreferentin Constanze Spranger stellt eines der drei Poster der Gruppe vor.<\/p><\/div>\n<p><strong>Fair ist popul\u00e4r:\u00a0<\/strong>Die Idee des Fairen Handels ist allen bekannt, fair einzukaufen ist normal. Wer in Bad Sch\u00f6nborn lebt, kennt selbstverst\u00e4ndlich den Weltladen am Mingolsheimer Marktplatz und kauft regelm\u00e4\u00dfig dort ein. Im Sommer laden Bank und Tisch vor dem Laden zum Verweilen bei fairem Kaffee und Geb\u00e4ck ein. Eine weitere fest angestellte Kraft garantiert die \u00d6ffnungszeiten, und dank der Unterst\u00fctzung einer wachsenden Zahl Ehrenamtlicher ist der Zuspruch f\u00fcr den Weltladen, seine Aktionen und die Idee des Fairen Handels vor Ort enorm gewachsen.<br \/>\nDieses Bild des Weltladens 2025 entwarfen die Mitglieder des Vereins Faire Welt e.V. Bad Sch\u00f6nborn\u00a0bei ihrer Versammlung am 3. Februar gemeinsam. Unter der Leitung von Birgit Lieber vom Dachverband Entwicklungspolitik Baden-W\u00fcrttemberg (DEAB) trugen die rund 20 Versammelten ihre Gedanken zur Zukunft und Neuausrichtung des Vereins zusammen. Mit der Methode des \u201eWorld Caf\u00e9s\u201c sprudelten nur so die Ideen, Visionen und konkreten Vorschl\u00e4ge. Ein Strategie-Team wird sich in K\u00fcrze treffen, um aus den Ergebnissen dieses kurzweiligen Workshops n\u00e4chste konkrete Schritte abzuleiten.<br \/>\nDie erfahrene Vertreterin des DEAB, Birgit Lieber, begleitet den Bad Sch\u00f6nborner Verein bereits seit seiner Gr\u00fcndung 2008. Die Entwicklung des Weltladens pr\u00e4sentierte zu Beginn des Abends die Initiatorin und Vorsitzende des Vereins, Barbara Hostadt. Sie erinnerte an den Beginn, als sie fairen Kaffee und wenige andere fair gehandelter Artikel im eigenen Kellerraum verkaufte, und beschrieb den Prozess bis zum heutigen Gesch\u00e4ft mit breitem Sortimentsangebot in der gesch\u00e4tzten zentralen Lage in Mingolsheim.<br \/>\nMit der Erweiterung w\u00e4chst auch die Notwendigkeit an mehr ehrenamtlichen Mitstreitern. Auf der Suche nach Verst\u00e4rkung sei es wichtig, so Frau Lieber, \u201edass die Mitarbeit ein Lustgewinn ist.\u201c Als solchen empfinden die Workshop-Teilnehmenden ihr Engagement f\u00fcr den Verein allemal und hoffen, dass sie weitere Personen mit ihrer Begeisterung f\u00fcr die Sache anstecken k\u00f6nnen.<br \/>\nDer Workshop am 3.2. galt als Vorbereitung auf die Jahresversammlung im Mai, in der Vorstand und auch Vorsitz neu gew\u00e4hlt werden, denn die langj\u00e4hrige Vorsitzende Barbara Hostadt wird ihren Posten abgeben.<br \/>\nD. Blech-Straub<\/p>\n","protected":false},"excerpt":{"rendered":"<p>Fair ist popul\u00e4r:\u00a0Die Idee des Fairen Handels ist allen bekannt, fair einzukaufen ist normal. Wer in Bad Sch\u00f6nborn lebt, kennt selbstverst\u00e4ndlich den Weltladen am Mingolsheimer Marktplatz und kauft regelm\u00e4\u00dfig dort ein. Im Sommer laden Bank und Tisch vor dem Laden zum Verweilen bei fairem Kaffee und Geb\u00e4ck ein. Eine weitere fest angestellte Kraft garantiert die&hellip;<\/p>\n","protected":false},"author":91,"featured_media":542,"comment_status":"closed","ping_status":"closed","sticky":false,"template":"","format":"standard","meta":{"footnotes":""},"categories":[1,8,6],"tags":[],"class_list":["post-540","post","type-post","status-publish","format-standard","has-post-thumbnail","hentry","category-allgemein","category-neues","category-termine-abgelaufen","category-1","category-8","category-6","description-off"],"yoast_head":"<!-- This site is optimized with the Yoast SEO plugin v26.8 - https:\/\/yoast.com\/product\/yoast-seo-wordpress\/ -->\n<title>Strategie-Workshop am 3.2.2020 - Weltladen Bad Sch\u00f6nborn<\/title>\n<meta name=\"description\" content=\"Zukunft des Fairen Handels in Bad Sch\u00f6nborn \u2013 Workshop mit Frau Lieber vom deab\" \/>\n<meta name=\"robots\" content=\"index, follow, max-snippet:-1, max-image-preview:large, max-video-preview:-1\" \/>\n<link rel=\"canonical\" href=\"https:\/\/weltlaeden.de\/badschoenborn\/540-2\/\" \/>\n<meta property=\"og:locale\" content=\"de_DE\" \/>\n<meta property=\"og:type\" content=\"article\" \/>\n<meta property=\"og:title\" content=\"Strategie-Workshop am 3.2.2020 - Weltladen Bad Sch\u00f6nborn\" \/>\n<meta property=\"og:description\" content=\"Zukunft des Fairen Handels in Bad Sch\u00f6nborn \u2013 Workshop mit Frau Lieber vom deab\" \/>\n<meta property=\"og:url\" content=\"https:\/\/weltlaeden.de\/badschoenborn\/540-2\/\" \/>\n<meta property=\"og:site_name\" content=\"Weltladen Bad Sch\u00f6nborn\" \/>\n<meta property=\"article:author\" content=\"https:\/\/www.facebook.com\/weltladenbadschoenborn\" \/>\n<meta property=\"article:published_time\" content=\"2020-02-12T06:00:06+00:00\" \/>\n<meta property=\"article:modified_time\" content=\"2020-03-04T11:20:39+00:00\" \/>\n<meta property=\"og:image\" content=\"https:\/\/weltlaeden.de\/badschoenborn\/wp-content\/uploads\/sites\/62\/2020\/02\/Bildungsreferentin_World_Cafe-e1583049180901.jpg\" \/>\n\t<meta property=\"og:image:width\" content=\"1055\" \/>\n\t<meta property=\"og:image:height\" content=\"988\" \/>\n\t<meta property=\"og:image:type\" content=\"image\/jpeg\" \/>\n<meta name=\"author\" content=\"badschoenborn\" \/>\n<meta name=\"twitter:card\" content=\"summary_large_image\" \/>\n<meta name=\"twitter:label1\" content=\"Verfasst von\" \/>\n\t<meta name=\"twitter:data1\" content=\"badschoenborn\" \/>\n\t<meta name=\"twitter:label2\" content=\"Gesch\u00e4tzte Lesezeit\" \/>\n\t<meta name=\"twitter:data2\" content=\"2\u00a0Minuten\" \/>\n<script type=\"application\/ld+json\" class=\"yoast-schema-graph\">{\"@context\":\"https:\/\/schema.org\",\"@graph\":[{\"@type\":\"Article\",\"@id\":\"https:\/\/weltlaeden.de\/badschoenborn\/540-2\/#article\",\"isPartOf\":{\"@id\":\"https:\/\/weltlaeden.de\/badschoenborn\/540-2\/\"},\"author\":{\"name\":\"badschoenborn\",\"@id\":\"https:\/\/weltlaeden.de\/badschoenborn\/#\/schema\/person\/d3a75136958faefefbf67a2ead3d1f15\"},\"headline\":\"Strategie-Workshop am 3.2.2020\",\"datePublished\":\"2020-02-12T06:00:06+00:00\",\"dateModified\":\"2020-03-04T11:20:39+00:00\",\"mainEntityOfPage\":{\"@id\":\"https:\/\/weltlaeden.de\/badschoenborn\/540-2\/\"},\"wordCount\":363,\"image\":{\"@id\":\"https:\/\/weltlaeden.de\/badschoenborn\/540-2\/#primaryimage\"},\"thumbnailUrl\":\"https:\/\/weltlaeden.de\/badschoenborn\/wp-content\/uploads\/sites\/62\/2020\/02\/Bildungsreferentin_World_Cafe-e1583049180901.jpg\",\"articleSection\":[\"Keine Kategorie\",\"Neuigkeiten\",\"Termine: Abgelaufen\"],\"inLanguage\":\"de\"},{\"@type\":\"WebPage\",\"@id\":\"https:\/\/weltlaeden.de\/badschoenborn\/540-2\/\",\"url\":\"https:\/\/weltlaeden.de\/badschoenborn\/540-2\/\",\"name\":\"Strategie-Workshop am 3.2.2020 - Weltladen Bad Sch\u00f6nborn\",\"isPartOf\":{\"@id\":\"https:\/\/weltlaeden.de\/badschoenborn\/#website\"},\"primaryImageOfPage\":{\"@id\":\"https:\/\/weltlaeden.de\/badschoenborn\/540-2\/#primaryimage\"},\"image\":{\"@id\":\"https:\/\/weltlaeden.de\/badschoenborn\/540-2\/#primaryimage\"},\"thumbnailUrl\":\"https:\/\/weltlaeden.de\/badschoenborn\/wp-content\/uploads\/sites\/62\/2020\/02\/Bildungsreferentin_World_Cafe-e1583049180901.jpg\",\"datePublished\":\"2020-02-12T06:00:06+00:00\",\"dateModified\":\"2020-03-04T11:20:39+00:00\",\"author\":{\"@id\":\"https:\/\/weltlaeden.de\/badschoenborn\/#\/schema\/person\/d3a75136958faefefbf67a2ead3d1f15\"},\"description\":\"Zukunft des Fairen Handels in Bad Sch\u00f6nborn \u2013 Workshop mit Frau Lieber vom deab\",\"breadcrumb\":{\"@id\":\"https:\/\/weltlaeden.de\/badschoenborn\/540-2\/#breadcrumb\"},\"inLanguage\":\"de\",\"potentialAction\":[{\"@type\":\"ReadAction\",\"target\":[\"https:\/\/weltlaeden.de\/badschoenborn\/540-2\/\"]}]},{\"@type\":\"ImageObject\",\"inLanguage\":\"de\",\"@id\":\"https:\/\/weltlaeden.de\/badschoenborn\/540-2\/#primaryimage\",\"url\":\"https:\/\/weltlaeden.de\/badschoenborn\/wp-content\/uploads\/sites\/62\/2020\/02\/Bildungsreferentin_World_Cafe-e1583049180901.jpg\",\"contentUrl\":\"https:\/\/weltlaeden.de\/badschoenborn\/wp-content\/uploads\/sites\/62\/2020\/02\/Bildungsreferentin_World_Cafe-e1583049180901.jpg\",\"width\":1055,\"height\":988,\"caption\":\"\u201eWorld-Cafe\u201d-Ideensammlungen \u2013 Bildungsreferentin Constanze Spranger stellt eines der drei Poster der Gruppe vor.\"},{\"@type\":\"BreadcrumbList\",\"@id\":\"https:\/\/weltlaeden.de\/badschoenborn\/540-2\/#breadcrumb\",\"itemListElement\":[{\"@type\":\"ListItem\",\"position\":1,\"name\":\"Startseite\",\"item\":\"https:\/\/weltlaeden.de\/badschoenborn\/\"},{\"@type\":\"ListItem\",\"position\":2,\"name\":\"Strategie-Workshop am 3.2.2020\"}]},{\"@type\":\"WebSite\",\"@id\":\"https:\/\/weltlaeden.de\/badschoenborn\/#website\",\"url\":\"https:\/\/weltlaeden.de\/badschoenborn\/\",\"name\":\"Vorlage\",\"description\":\"Faire Welt e.V. Bad Sch\u00f6nborn\",\"potentialAction\":[{\"@type\":\"SearchAction\",\"target\":{\"@type\":\"EntryPoint\",\"urlTemplate\":\"https:\/\/weltlaeden.de\/badschoenborn\/?s={search_term_string}\"},\"query-input\":{\"@type\":\"PropertyValueSpecification\",\"valueRequired\":true,\"valueName\":\"search_term_string\"}}],\"inLanguage\":\"de\"},{\"@type\":\"Person\",\"@id\":\"https:\/\/weltlaeden.de\/badschoenborn\/#\/schema\/person\/d3a75136958faefefbf67a2ead3d1f15\",\"name\":\"badschoenborn\",\"image\":{\"@type\":\"ImageObject\",\"inLanguage\":\"de\",\"@id\":\"https:\/\/weltlaeden.de\/badschoenborn\/#\/schema\/person\/image\/\",\"url\":\"https:\/\/secure.gravatar.com\/avatar\/fdff26cb418aecba06b5a347fb579180?s=96&d=mm&r=g\",\"contentUrl\":\"https:\/\/secure.gravatar.com\/avatar\/fdff26cb418aecba06b5a347fb579180?s=96&d=mm&r=g\",\"caption\":\"badschoenborn\"},\"sameAs\":[\"https:\/\/www.facebook.com\/weltladenbadschoenborn\"]}]}<\/script>\n<!-- \/ Yoast SEO plugin. -->","yoast_head_json":{"title":"Strategie-Workshop am 3.2.2020 - Weltladen Bad Sch\u00f6nborn","description":"Zukunft des Fairen Handels in Bad Sch\u00f6nborn \u2013 Workshop mit Frau Lieber vom deab","robots":{"index":"index","follow":"follow","max-snippet":"max-snippet:-1","max-image-preview":"max-image-preview:large","max-video-preview":"max-video-preview:-1"},"canonical":"https:\/\/weltlaeden.de\/badschoenborn\/540-2\/","og_locale":"de_DE","og_type":"article","og_title":"Strategie-Workshop am 3.2.2020 - Weltladen Bad Sch\u00f6nborn","og_description":"Zukunft des Fairen Handels in Bad Sch\u00f6nborn \u2013 Workshop mit Frau Lieber vom deab","og_url":"https:\/\/weltlaeden.de\/badschoenborn\/540-2\/","og_site_name":"Weltladen Bad Sch\u00f6nborn","article_author":"https:\/\/www.facebook.com\/weltladenbadschoenborn","article_published_time":"2020-02-12T06:00:06+00:00","article_modified_time":"2020-03-04T11:20:39+00:00","og_image":[{"width":1055,"height":988,"url":"https:\/\/weltlaeden.de\/badschoenborn\/wp-content\/uploads\/sites\/62\/2020\/02\/Bildungsreferentin_World_Cafe-e1583049180901.jpg","type":"image\/jpeg"}],"author":"badschoenborn","twitter_card":"summary_large_image","twitter_misc":{"Verfasst von":"badschoenborn","Gesch\u00e4tzte Lesezeit":"2\u00a0Minuten"},"schema":{"@context":"https:\/\/schema.org","@graph":[{"@type":"Article","@id":"https:\/\/weltlaeden.de\/badschoenborn\/540-2\/#article","isPartOf":{"@id":"https:\/\/weltlaeden.de\/badschoenborn\/540-2\/"},"author":{"name":"badschoenborn","@id":"https:\/\/weltlaeden.de\/badschoenborn\/#\/schema\/person\/d3a75136958faefefbf67a2ead3d1f15"},"headline":"Strategie-Workshop am 3.2.2020","datePublished":"2020-02-12T06:00:06+00:00","dateModified":"2020-03-04T11:20:39+00:00","mainEntityOfPage":{"@id":"https:\/\/weltlaeden.de\/badschoenborn\/540-2\/"},"wordCount":363,"image":{"@id":"https:\/\/weltlaeden.de\/badschoenborn\/540-2\/#primaryimage"},"thumbnailUrl":"https:\/\/weltlaeden.de\/badschoenborn\/wp-content\/uploads\/sites\/62\/2020\/02\/Bildungsreferentin_World_Cafe-e1583049180901.jpg","articleSection":["Keine Kategorie","Neuigkeiten","Termine: Abgelaufen"],"inLanguage":"de"},{"@type":"WebPage","@id":"https:\/\/weltlaeden.de\/badschoenborn\/540-2\/","url":"https:\/\/weltlaeden.de\/badschoenborn\/540-2\/","name":"Strategie-Workshop am 3.2.2020 - Weltladen Bad Sch\u00f6nborn","isPartOf":{"@id":"https:\/\/weltlaeden.de\/badschoenborn\/#website"},"primaryImageOfPage":{"@id":"https:\/\/weltlaeden.de\/badschoenborn\/540-2\/#primaryimage"},"image":{"@id":"https:\/\/weltlaeden.de\/badschoenborn\/540-2\/#primaryimage"},"thumbnailUrl":"https:\/\/weltlaeden.de\/badschoenborn\/wp-content\/uploads\/sites\/62\/2020\/02\/Bildungsreferentin_World_Cafe-e1583049180901.jpg","datePublished":"2020-02-12T06:00:06+00:00","dateModified":"2020-03-04T11:20:39+00:00","author":{"@id":"https:\/\/weltlaeden.de\/badschoenborn\/#\/schema\/person\/d3a75136958faefefbf67a2ead3d1f15"},"description":"Zukunft des Fairen Handels in Bad Sch\u00f6nborn \u2013 Workshop mit Frau Lieber vom deab","breadcrumb":{"@id":"https:\/\/weltlaeden.de\/badschoenborn\/540-2\/#breadcrumb"},"inLanguage":"de","potentialAction":[{"@type":"ReadAction","target":["https:\/\/weltlaeden.de\/badschoenborn\/540-2\/"]}]},{"@type":"ImageObject","inLanguage":"de","@id":"https:\/\/weltlaeden.de\/badschoenborn\/540-2\/#primaryimage","url":"https:\/\/weltlaeden.de\/badschoenborn\/wp-content\/uploads\/sites\/62\/2020\/02\/Bildungsreferentin_World_Cafe-e1583049180901.jpg","contentUrl":"https:\/\/weltlaeden.de\/badschoenborn\/wp-content\/uploads\/sites\/62\/2020\/02\/Bildungsreferentin_World_Cafe-e1583049180901.jpg","width":1055,"height":988,"caption":"\u201eWorld-Cafe\u201d-Ideensammlungen \u2013 Bildungsreferentin Constanze Spranger stellt eines der drei Poster der Gruppe vor."},{"@type":"BreadcrumbList","@id":"https:\/\/weltlaeden.de\/badschoenborn\/540-2\/#breadcrumb","itemListElement":[{"@type":"ListItem","position":1,"name":"Startseite","item":"https:\/\/weltlaeden.de\/badschoenborn\/"},{"@type":"ListItem","position":2,"name":"Strategie-Workshop am 3.2.2020"}]},{"@type":"WebSite","@id":"https:\/\/weltlaeden.de\/badschoenborn\/#website","url":"https:\/\/weltlaeden.de\/badschoenborn\/","name":"Vorlage","description":"Faire Welt e.V. Bad Sch\u00f6nborn","potentialAction":[{"@type":"SearchAction","target":{"@type":"EntryPoint","urlTemplate":"https:\/\/weltlaeden.de\/badschoenborn\/?s={search_term_string}"},"query-input":{"@type":"PropertyValueSpecification","valueRequired":true,"valueName":"search_term_string"}}],"inLanguage":"de"},{"@type":"Person","@id":"https:\/\/weltlaeden.de\/badschoenborn\/#\/schema\/person\/d3a75136958faefefbf67a2ead3d1f15","name":"badschoenborn","image":{"@type":"ImageObject","inLanguage":"de","@id":"https:\/\/weltlaeden.de\/badschoenborn\/#\/schema\/person\/image\/","url":"https:\/\/secure.gravatar.com\/avatar\/fdff26cb418aecba06b5a347fb579180?s=96&d=mm&r=g","contentUrl":"https:\/\/secure.gravatar.com\/avatar\/fdff26cb418aecba06b5a347fb579180?s=96&d=mm&r=g","caption":"badschoenborn"},"sameAs":["https:\/\/www.facebook.com\/weltladenbadschoenborn"]}]}},"_links":{"self":[{"href":"https:\/\/weltlaeden.de\/badschoenborn\/wp-json\/wp\/v2\/posts\/540","targetHints":{"allow":["GET"]}}],"collection":[{"href":"https:\/\/weltlaeden.de\/badschoenborn\/wp-json\/wp\/v2\/posts"}],"about":[{"href":"https:\/\/weltlaeden.de\/badschoenborn\/wp-json\/wp\/v2\/types\/post"}],"author":[{"embeddable":true,"href":"https:\/\/weltlaeden.de\/badschoenborn\/wp-json\/wp\/v2\/users\/91"}],"replies":[{"embeddable":true,"href":"https:\/\/weltlaeden.de\/badschoenborn\/wp-json\/wp\/v2\/comments?post=540"}],"version-history":[{"count":6,"href":"https:\/\/weltlaeden.de\/badschoenborn\/wp-json\/wp\/v2\/posts\/540\/revisions"}],"predecessor-version":[{"id":559,"href":"https:\/\/weltlaeden.de\/badschoenborn\/wp-json\/wp\/v2\/posts\/540\/revisions\/559"}],"wp:featuredmedia":[{"embeddable":true,"href":"https:\/\/weltlaeden.de\/badschoenborn\/wp-json\/wp\/v2\/media\/542"}],"wp:attachment":[{"href":"https:\/\/weltlaeden.de\/badschoenborn\/wp-json\/wp\/v2\/media?parent=540"}],"wp:term":[{"taxonomy":"category","embeddable":true,"href":"https:\/\/weltlaeden.de\/badschoenborn\/wp-json\/wp\/v2\/categories?post=540"},{"taxonomy":"post_tag","embeddable":true,"href":"https:\/\/weltlaeden.de\/badschoenborn\/wp-json\/wp\/v2\/tags?post=540"}],"curies":[{"name":"wp","href":"https:\/\/api.w.org\/{rel}","templated":true}]}}