{"id":1146,"date":"2024-07-14T18:24:24","date_gmt":"2024-07-14T16:24:24","guid":{"rendered":"https:\/\/weltlaeden.de\/badschoenborn\/?p=1146"},"modified":"2024-07-14T18:25:38","modified_gmt":"2024-07-14T16:25:38","slug":"bad-schoenborn-ist-fairtrade-town","status":"publish","type":"post","link":"https:\/\/weltlaeden.de\/badschoenborn\/bad-schoenborn-ist-fairtrade-town\/","title":{"rendered":"Bad Sch\u00f6nborn ist Fairtrade-Town!"},"content":{"rendered":"<p><img loading=\"lazy\" decoding=\"async\" class=\"alignnone wp-image-1147\" src=\"https:\/\/weltlaeden.de\/badschoenborn\/wp-content\/uploads\/sites\/62\/2024\/07\/FairtradeTown_Auszeichnfeier_SteuerungsGruppeUrkunden-300x170.jpg\" alt=\"Steuerungsgruppe Auszeichnung Bad Sch\u00f6nborn Fairtrade Town f\u00fcr zwei Jahre Sonntag 14. Juli 2024\" width=\"695\" height=\"394\" srcset=\"https:\/\/weltlaeden.de\/badschoenborn\/wp-content\/uploads\/sites\/62\/2024\/07\/FairtradeTown_Auszeichnfeier_SteuerungsGruppeUrkunden-300x170.jpg 300w, https:\/\/weltlaeden.de\/badschoenborn\/wp-content\/uploads\/sites\/62\/2024\/07\/FairtradeTown_Auszeichnfeier_SteuerungsGruppeUrkunden-768x434.jpg 768w, https:\/\/weltlaeden.de\/badschoenborn\/wp-content\/uploads\/sites\/62\/2024\/07\/FairtradeTown_Auszeichnfeier_SteuerungsGruppeUrkunden.jpg 800w\" sizes=\"auto, (max-width: 695px) 100vw, 695px\" \/><\/p>\n<p>Die Arbeit der Steuerungsgruppe f\u00fchrte zur erfolgreichen Auszeichnung Bad Sch\u00f6nborns zur Fairtrade Town f\u00fcr zwei Jahre. Vertreterinnen und Vertreter aus Vereinen, Kirchen, dem Gemeinderat, der Gemeindeverwaltung, des Einzelhandels und der Gastronomie feierten am Sonntag, 14. Juli 2024 im Rahmen des Familienfestes die Urkundenverleihung durch Herrn Manfred Holz von Fairtrade Deutschland.<\/p>\n","protected":false},"excerpt":{"rendered":"<p>Die Arbeit der Steuerungsgruppe f\u00fchrte zur erfolgreichen Auszeichnung Bad Sch\u00f6nborns zur Fairtrade Town f\u00fcr zwei Jahre. Vertreterinnen und Vertreter aus Vereinen, Kirchen, dem Gemeinderat, der Gemeindeverwaltung, des Einzelhandels und der Gastronomie feierten am Sonntag, 14. Juli 2024 im Rahmen des Familienfestes die Urkundenverleihung durch Herrn Manfred Holz von Fairtrade Deutschland.<\/p>\n","protected":false},"author":91,"featured_media":1147,"comment_status":"closed","ping_status":"closed","sticky":false,"template":"","format":"standard","meta":{"footnotes":""},"categories":[1],"tags":[],"class_list":["post-1146","post","type-post","status-publish","format-standard","has-post-thumbnail","hentry","category-allgemein","category-1","description-off"],"yoast_head":"<!-- This site is optimized with the Yoast SEO plugin v26.8 - https:\/\/yoast.com\/product\/yoast-seo-wordpress\/ -->\n<title>Bad Sch\u00f6nborn ist Fairtrade-Town! - Weltladen Bad Sch\u00f6nborn<\/title>\n<meta name=\"description\" content=\"Die Arbeit der Steuerungsgruppe f\u00fchrte zur erfolgreichen Auszeichnung Bad Sch\u00f6nborns zur Fairtrade Town f\u00fcr zwei Jahre. Vertreterinnen und Vertreter aus Vereinen, Kirchen, dem Gemeinderat, der Gemeindeverwaltung, des Einzelhandels und der Gastronomie feierten am Sonntag, 14. Juli 2024 im Rahmen des Familienfestes die Urkundenverleihung durch Herrn Manfred Holz von Fairtrade Deutschland.\" \/>\n<meta name=\"robots\" content=\"index, follow, max-snippet:-1, max-image-preview:large, max-video-preview:-1\" \/>\n<link rel=\"canonical\" href=\"https:\/\/weltlaeden.de\/badschoenborn\/bad-schoenborn-ist-fairtrade-town\/\" \/>\n<meta property=\"og:locale\" content=\"de_DE\" \/>\n<meta property=\"og:type\" content=\"article\" \/>\n<meta property=\"og:title\" content=\"Bad Sch\u00f6nborn ist Fairtrade-Town! - Weltladen Bad Sch\u00f6nborn\" \/>\n<meta property=\"og:description\" content=\"Die Arbeit der Steuerungsgruppe f\u00fchrte zur erfolgreichen Auszeichnung Bad Sch\u00f6nborns zur Fairtrade Town f\u00fcr zwei Jahre. Vertreterinnen und Vertreter aus Vereinen, Kirchen, dem Gemeinderat, der Gemeindeverwaltung, des Einzelhandels und der Gastronomie feierten am Sonntag, 14. Juli 2024 im Rahmen des Familienfestes die Urkundenverleihung durch Herrn Manfred Holz von Fairtrade Deutschland.\" \/>\n<meta property=\"og:url\" content=\"https:\/\/weltlaeden.de\/badschoenborn\/bad-schoenborn-ist-fairtrade-town\/\" \/>\n<meta property=\"og:site_name\" content=\"Weltladen Bad Sch\u00f6nborn\" \/>\n<meta property=\"article:author\" content=\"https:\/\/www.facebook.com\/weltladenbadschoenborn\" \/>\n<meta property=\"article:published_time\" content=\"2024-07-14T16:24:24+00:00\" \/>\n<meta property=\"article:modified_time\" content=\"2024-07-14T16:25:38+00:00\" \/>\n<meta property=\"og:image\" content=\"https:\/\/weltlaeden.de\/badschoenborn\/wp-content\/uploads\/sites\/62\/2024\/07\/FairtradeTown_Auszeichnfeier_SteuerungsGruppeUrkunden.jpg\" \/>\n\t<meta property=\"og:image:width\" content=\"800\" \/>\n\t<meta property=\"og:image:height\" content=\"452\" \/>\n\t<meta property=\"og:image:type\" content=\"image\/jpeg\" \/>\n<meta name=\"author\" content=\"badschoenborn\" \/>\n<meta name=\"twitter:card\" content=\"summary_large_image\" \/>\n<meta name=\"twitter:label1\" content=\"Verfasst von\" \/>\n\t<meta name=\"twitter:data1\" content=\"badschoenborn\" \/>\n\t<meta name=\"twitter:label2\" content=\"Gesch\u00e4tzte Lesezeit\" \/>\n\t<meta name=\"twitter:data2\" content=\"1\u00a0Minute\" \/>\n<script type=\"application\/ld+json\" class=\"yoast-schema-graph\">{\"@context\":\"https:\/\/schema.org\",\"@graph\":[{\"@type\":\"Article\",\"@id\":\"https:\/\/weltlaeden.de\/badschoenborn\/bad-schoenborn-ist-fairtrade-town\/#article\",\"isPartOf\":{\"@id\":\"https:\/\/weltlaeden.de\/badschoenborn\/bad-schoenborn-ist-fairtrade-town\/\"},\"author\":{\"name\":\"badschoenborn\",\"@id\":\"https:\/\/weltlaeden.de\/badschoenborn\/#\/schema\/person\/d3a75136958faefefbf67a2ead3d1f15\"},\"headline\":\"Bad Sch\u00f6nborn ist Fairtrade-Town!\",\"datePublished\":\"2024-07-14T16:24:24+00:00\",\"dateModified\":\"2024-07-14T16:25:38+00:00\",\"mainEntityOfPage\":{\"@id\":\"https:\/\/weltlaeden.de\/badschoenborn\/bad-schoenborn-ist-fairtrade-town\/\"},\"wordCount\":56,\"image\":{\"@id\":\"https:\/\/weltlaeden.de\/badschoenborn\/bad-schoenborn-ist-fairtrade-town\/#primaryimage\"},\"thumbnailUrl\":\"https:\/\/weltlaeden.de\/badschoenborn\/wp-content\/uploads\/sites\/62\/2024\/07\/FairtradeTown_Auszeichnfeier_SteuerungsGruppeUrkunden.jpg\",\"articleSection\":[\"Keine Kategorie\"],\"inLanguage\":\"de\"},{\"@type\":\"WebPage\",\"@id\":\"https:\/\/weltlaeden.de\/badschoenborn\/bad-schoenborn-ist-fairtrade-town\/\",\"url\":\"https:\/\/weltlaeden.de\/badschoenborn\/bad-schoenborn-ist-fairtrade-town\/\",\"name\":\"Bad Sch\u00f6nborn ist Fairtrade-Town! - Weltladen Bad Sch\u00f6nborn\",\"isPartOf\":{\"@id\":\"https:\/\/weltlaeden.de\/badschoenborn\/#website\"},\"primaryImageOfPage\":{\"@id\":\"https:\/\/weltlaeden.de\/badschoenborn\/bad-schoenborn-ist-fairtrade-town\/#primaryimage\"},\"image\":{\"@id\":\"https:\/\/weltlaeden.de\/badschoenborn\/bad-schoenborn-ist-fairtrade-town\/#primaryimage\"},\"thumbnailUrl\":\"https:\/\/weltlaeden.de\/badschoenborn\/wp-content\/uploads\/sites\/62\/2024\/07\/FairtradeTown_Auszeichnfeier_SteuerungsGruppeUrkunden.jpg\",\"datePublished\":\"2024-07-14T16:24:24+00:00\",\"dateModified\":\"2024-07-14T16:25:38+00:00\",\"author\":{\"@id\":\"https:\/\/weltlaeden.de\/badschoenborn\/#\/schema\/person\/d3a75136958faefefbf67a2ead3d1f15\"},\"description\":\"Die Arbeit der Steuerungsgruppe f\u00fchrte zur erfolgreichen Auszeichnung Bad Sch\u00f6nborns zur Fairtrade Town f\u00fcr zwei Jahre. Vertreterinnen und Vertreter aus Vereinen, Kirchen, dem Gemeinderat, der Gemeindeverwaltung, des Einzelhandels und der Gastronomie feierten am Sonntag, 14. Juli 2024 im Rahmen des Familienfestes die Urkundenverleihung durch Herrn Manfred Holz von Fairtrade Deutschland.\",\"breadcrumb\":{\"@id\":\"https:\/\/weltlaeden.de\/badschoenborn\/bad-schoenborn-ist-fairtrade-town\/#breadcrumb\"},\"inLanguage\":\"de\",\"potentialAction\":[{\"@type\":\"ReadAction\",\"target\":[\"https:\/\/weltlaeden.de\/badschoenborn\/bad-schoenborn-ist-fairtrade-town\/\"]}]},{\"@type\":\"ImageObject\",\"inLanguage\":\"de\",\"@id\":\"https:\/\/weltlaeden.de\/badschoenborn\/bad-schoenborn-ist-fairtrade-town\/#primaryimage\",\"url\":\"https:\/\/weltlaeden.de\/badschoenborn\/wp-content\/uploads\/sites\/62\/2024\/07\/FairtradeTown_Auszeichnfeier_SteuerungsGruppeUrkunden.jpg\",\"contentUrl\":\"https:\/\/weltlaeden.de\/badschoenborn\/wp-content\/uploads\/sites\/62\/2024\/07\/FairtradeTown_Auszeichnfeier_SteuerungsGruppeUrkunden.jpg\",\"width\":800,\"height\":452,\"caption\":\"Steuerungsgruppe Auszeichnung Bad Sch\u00f6nborn Fairtrade Town f\u00fcr zwei Jahre Sonntag 14. Juli 2024\"},{\"@type\":\"BreadcrumbList\",\"@id\":\"https:\/\/weltlaeden.de\/badschoenborn\/bad-schoenborn-ist-fairtrade-town\/#breadcrumb\",\"itemListElement\":[{\"@type\":\"ListItem\",\"position\":1,\"name\":\"Startseite\",\"item\":\"https:\/\/weltlaeden.de\/badschoenborn\/\"},{\"@type\":\"ListItem\",\"position\":2,\"name\":\"Bad Sch\u00f6nborn ist Fairtrade-Town!\"}]},{\"@type\":\"WebSite\",\"@id\":\"https:\/\/weltlaeden.de\/badschoenborn\/#website\",\"url\":\"https:\/\/weltlaeden.de\/badschoenborn\/\",\"name\":\"Vorlage\",\"description\":\"Faire Welt e.V. Bad Sch\u00f6nborn\",\"potentialAction\":[{\"@type\":\"SearchAction\",\"target\":{\"@type\":\"EntryPoint\",\"urlTemplate\":\"https:\/\/weltlaeden.de\/badschoenborn\/?s={search_term_string}\"},\"query-input\":{\"@type\":\"PropertyValueSpecification\",\"valueRequired\":true,\"valueName\":\"search_term_string\"}}],\"inLanguage\":\"de\"},{\"@type\":\"Person\",\"@id\":\"https:\/\/weltlaeden.de\/badschoenborn\/#\/schema\/person\/d3a75136958faefefbf67a2ead3d1f15\",\"name\":\"badschoenborn\",\"image\":{\"@type\":\"ImageObject\",\"inLanguage\":\"de\",\"@id\":\"https:\/\/weltlaeden.de\/badschoenborn\/#\/schema\/person\/image\/\",\"url\":\"https:\/\/secure.gravatar.com\/avatar\/fdff26cb418aecba06b5a347fb579180?s=96&d=mm&r=g\",\"contentUrl\":\"https:\/\/secure.gravatar.com\/avatar\/fdff26cb418aecba06b5a347fb579180?s=96&d=mm&r=g\",\"caption\":\"badschoenborn\"},\"sameAs\":[\"https:\/\/www.facebook.com\/weltladenbadschoenborn\"]}]}<\/script>\n<!-- \/ Yoast SEO plugin. -->","yoast_head_json":{"title":"Bad Sch\u00f6nborn ist Fairtrade-Town! - Weltladen Bad Sch\u00f6nborn","description":"Die Arbeit der Steuerungsgruppe f\u00fchrte zur erfolgreichen Auszeichnung Bad Sch\u00f6nborns zur Fairtrade Town f\u00fcr zwei Jahre. Vertreterinnen und Vertreter aus Vereinen, Kirchen, dem Gemeinderat, der Gemeindeverwaltung, des Einzelhandels und der Gastronomie feierten am Sonntag, 14. Juli 2024 im Rahmen des Familienfestes die Urkundenverleihung durch Herrn Manfred Holz von Fairtrade Deutschland.","robots":{"index":"index","follow":"follow","max-snippet":"max-snippet:-1","max-image-preview":"max-image-preview:large","max-video-preview":"max-video-preview:-1"},"canonical":"https:\/\/weltlaeden.de\/badschoenborn\/bad-schoenborn-ist-fairtrade-town\/","og_locale":"de_DE","og_type":"article","og_title":"Bad Sch\u00f6nborn ist Fairtrade-Town! - Weltladen Bad Sch\u00f6nborn","og_description":"Die Arbeit der Steuerungsgruppe f\u00fchrte zur erfolgreichen Auszeichnung Bad Sch\u00f6nborns zur Fairtrade Town f\u00fcr zwei Jahre. Vertreterinnen und Vertreter aus Vereinen, Kirchen, dem Gemeinderat, der Gemeindeverwaltung, des Einzelhandels und der Gastronomie feierten am Sonntag, 14. Juli 2024 im Rahmen des Familienfestes die Urkundenverleihung durch Herrn Manfred Holz von Fairtrade Deutschland.","og_url":"https:\/\/weltlaeden.de\/badschoenborn\/bad-schoenborn-ist-fairtrade-town\/","og_site_name":"Weltladen Bad Sch\u00f6nborn","article_author":"https:\/\/www.facebook.com\/weltladenbadschoenborn","article_published_time":"2024-07-14T16:24:24+00:00","article_modified_time":"2024-07-14T16:25:38+00:00","og_image":[{"width":800,"height":452,"url":"https:\/\/weltlaeden.de\/badschoenborn\/wp-content\/uploads\/sites\/62\/2024\/07\/FairtradeTown_Auszeichnfeier_SteuerungsGruppeUrkunden.jpg","type":"image\/jpeg"}],"author":"badschoenborn","twitter_card":"summary_large_image","twitter_misc":{"Verfasst von":"badschoenborn","Gesch\u00e4tzte Lesezeit":"1\u00a0Minute"},"schema":{"@context":"https:\/\/schema.org","@graph":[{"@type":"Article","@id":"https:\/\/weltlaeden.de\/badschoenborn\/bad-schoenborn-ist-fairtrade-town\/#article","isPartOf":{"@id":"https:\/\/weltlaeden.de\/badschoenborn\/bad-schoenborn-ist-fairtrade-town\/"},"author":{"name":"badschoenborn","@id":"https:\/\/weltlaeden.de\/badschoenborn\/#\/schema\/person\/d3a75136958faefefbf67a2ead3d1f15"},"headline":"Bad Sch\u00f6nborn ist Fairtrade-Town!","datePublished":"2024-07-14T16:24:24+00:00","dateModified":"2024-07-14T16:25:38+00:00","mainEntityOfPage":{"@id":"https:\/\/weltlaeden.de\/badschoenborn\/bad-schoenborn-ist-fairtrade-town\/"},"wordCount":56,"image":{"@id":"https:\/\/weltlaeden.de\/badschoenborn\/bad-schoenborn-ist-fairtrade-town\/#primaryimage"},"thumbnailUrl":"https:\/\/weltlaeden.de\/badschoenborn\/wp-content\/uploads\/sites\/62\/2024\/07\/FairtradeTown_Auszeichnfeier_SteuerungsGruppeUrkunden.jpg","articleSection":["Keine Kategorie"],"inLanguage":"de"},{"@type":"WebPage","@id":"https:\/\/weltlaeden.de\/badschoenborn\/bad-schoenborn-ist-fairtrade-town\/","url":"https:\/\/weltlaeden.de\/badschoenborn\/bad-schoenborn-ist-fairtrade-town\/","name":"Bad Sch\u00f6nborn ist Fairtrade-Town! - Weltladen Bad Sch\u00f6nborn","isPartOf":{"@id":"https:\/\/weltlaeden.de\/badschoenborn\/#website"},"primaryImageOfPage":{"@id":"https:\/\/weltlaeden.de\/badschoenborn\/bad-schoenborn-ist-fairtrade-town\/#primaryimage"},"image":{"@id":"https:\/\/weltlaeden.de\/badschoenborn\/bad-schoenborn-ist-fairtrade-town\/#primaryimage"},"thumbnailUrl":"https:\/\/weltlaeden.de\/badschoenborn\/wp-content\/uploads\/sites\/62\/2024\/07\/FairtradeTown_Auszeichnfeier_SteuerungsGruppeUrkunden.jpg","datePublished":"2024-07-14T16:24:24+00:00","dateModified":"2024-07-14T16:25:38+00:00","author":{"@id":"https:\/\/weltlaeden.de\/badschoenborn\/#\/schema\/person\/d3a75136958faefefbf67a2ead3d1f15"},"description":"Die Arbeit der Steuerungsgruppe f\u00fchrte zur erfolgreichen Auszeichnung Bad Sch\u00f6nborns zur Fairtrade Town f\u00fcr zwei Jahre. Vertreterinnen und Vertreter aus Vereinen, Kirchen, dem Gemeinderat, der Gemeindeverwaltung, des Einzelhandels und der Gastronomie feierten am Sonntag, 14. Juli 2024 im Rahmen des Familienfestes die Urkundenverleihung durch Herrn Manfred Holz von Fairtrade Deutschland.","breadcrumb":{"@id":"https:\/\/weltlaeden.de\/badschoenborn\/bad-schoenborn-ist-fairtrade-town\/#breadcrumb"},"inLanguage":"de","potentialAction":[{"@type":"ReadAction","target":["https:\/\/weltlaeden.de\/badschoenborn\/bad-schoenborn-ist-fairtrade-town\/"]}]},{"@type":"ImageObject","inLanguage":"de","@id":"https:\/\/weltlaeden.de\/badschoenborn\/bad-schoenborn-ist-fairtrade-town\/#primaryimage","url":"https:\/\/weltlaeden.de\/badschoenborn\/wp-content\/uploads\/sites\/62\/2024\/07\/FairtradeTown_Auszeichnfeier_SteuerungsGruppeUrkunden.jpg","contentUrl":"https:\/\/weltlaeden.de\/badschoenborn\/wp-content\/uploads\/sites\/62\/2024\/07\/FairtradeTown_Auszeichnfeier_SteuerungsGruppeUrkunden.jpg","width":800,"height":452,"caption":"Steuerungsgruppe Auszeichnung Bad Sch\u00f6nborn Fairtrade Town f\u00fcr zwei Jahre Sonntag 14. Juli 2024"},{"@type":"BreadcrumbList","@id":"https:\/\/weltlaeden.de\/badschoenborn\/bad-schoenborn-ist-fairtrade-town\/#breadcrumb","itemListElement":[{"@type":"ListItem","position":1,"name":"Startseite","item":"https:\/\/weltlaeden.de\/badschoenborn\/"},{"@type":"ListItem","position":2,"name":"Bad Sch\u00f6nborn ist Fairtrade-Town!"}]},{"@type":"WebSite","@id":"https:\/\/weltlaeden.de\/badschoenborn\/#website","url":"https:\/\/weltlaeden.de\/badschoenborn\/","name":"Vorlage","description":"Faire Welt e.V. Bad Sch\u00f6nborn","potentialAction":[{"@type":"SearchAction","target":{"@type":"EntryPoint","urlTemplate":"https:\/\/weltlaeden.de\/badschoenborn\/?s={search_term_string}"},"query-input":{"@type":"PropertyValueSpecification","valueRequired":true,"valueName":"search_term_string"}}],"inLanguage":"de"},{"@type":"Person","@id":"https:\/\/weltlaeden.de\/badschoenborn\/#\/schema\/person\/d3a75136958faefefbf67a2ead3d1f15","name":"badschoenborn","image":{"@type":"ImageObject","inLanguage":"de","@id":"https:\/\/weltlaeden.de\/badschoenborn\/#\/schema\/person\/image\/","url":"https:\/\/secure.gravatar.com\/avatar\/fdff26cb418aecba06b5a347fb579180?s=96&d=mm&r=g","contentUrl":"https:\/\/secure.gravatar.com\/avatar\/fdff26cb418aecba06b5a347fb579180?s=96&d=mm&r=g","caption":"badschoenborn"},"sameAs":["https:\/\/www.facebook.com\/weltladenbadschoenborn"]}]}},"_links":{"self":[{"href":"https:\/\/weltlaeden.de\/badschoenborn\/wp-json\/wp\/v2\/posts\/1146","targetHints":{"allow":["GET"]}}],"collection":[{"href":"https:\/\/weltlaeden.de\/badschoenborn\/wp-json\/wp\/v2\/posts"}],"about":[{"href":"https:\/\/weltlaeden.de\/badschoenborn\/wp-json\/wp\/v2\/types\/post"}],"author":[{"embeddable":true,"href":"https:\/\/weltlaeden.de\/badschoenborn\/wp-json\/wp\/v2\/users\/91"}],"replies":[{"embeddable":true,"href":"https:\/\/weltlaeden.de\/badschoenborn\/wp-json\/wp\/v2\/comments?post=1146"}],"version-history":[{"count":3,"href":"https:\/\/weltlaeden.de\/badschoenborn\/wp-json\/wp\/v2\/posts\/1146\/revisions"}],"predecessor-version":[{"id":1150,"href":"https:\/\/weltlaeden.de\/badschoenborn\/wp-json\/wp\/v2\/posts\/1146\/revisions\/1150"}],"wp:featuredmedia":[{"embeddable":true,"href":"https:\/\/weltlaeden.de\/badschoenborn\/wp-json\/wp\/v2\/media\/1147"}],"wp:attachment":[{"href":"https:\/\/weltlaeden.de\/badschoenborn\/wp-json\/wp\/v2\/media?parent=1146"}],"wp:term":[{"taxonomy":"category","embeddable":true,"href":"https:\/\/weltlaeden.de\/badschoenborn\/wp-json\/wp\/v2\/categories?post=1146"},{"taxonomy":"post_tag","embeddable":true,"href":"https:\/\/weltlaeden.de\/badschoenborn\/wp-json\/wp\/v2\/tags?post=1146"}],"curies":[{"name":"wp","href":"https:\/\/api.w.org\/{rel}","templated":true}]}}