{"id":1077,"date":"2023-07-28T13:47:11","date_gmt":"2023-07-28T11:47:11","guid":{"rendered":"https:\/\/weltlaeden.de\/badschoenborn\/?p=1077"},"modified":"2023-07-28T13:47:11","modified_gmt":"2023-07-28T11:47:11","slug":"faires-fruehstueck-bei-der-1250-jahr-feier-mingolsheim","status":"publish","type":"post","link":"https:\/\/weltlaeden.de\/badschoenborn\/faires-fruehstueck-bei-der-1250-jahr-feier-mingolsheim\/","title":{"rendered":"Faires Fr\u00fchst\u00fcck bei der 1250-Jahr-Feier Mingolsheim"},"content":{"rendered":"<p style=\"font-weight: 400\">Im Festzelt beim Sportpark in der Sch\u00f6nbornallee wurde am Sonntag, 25. Juni 2023 in den fr\u00fchen Morgenstunden geschnippelt, geschafft und geschleppt, um p\u00fcnktlich um 8.30 Uhr \u00fcber 100 Tassen Kaffee und Bio-Lebensmittel am Start zu haben, um die vielen Fr\u00fchst\u00fccksg\u00e4ste zu bewirten. Die angenehmen Morgenstunden vergingen wie im Flug bis nach dem Gottesdienst das Kinderprogramm am Stand an der Sch\u00f6nbornallee startete. Mit Eltern, Geschwistern oder Freundinnen machten sich zahlreiche junge Festg\u00e4ste daran, beim Suchbild zw\u00f6lf Unterschiede zu entdecken und das bei 30 Grad im Schatten! Das ausdauernde Dranbleiben wurde mit Fairtrade-S\u00fc\u00dfigkeiten belohnt und viel Lob.<\/p>\n<p style=\"font-weight: 400\">Wir danken der Gemeinde Bad Sch\u00f6nborn mit ihrem Orga-Team und allen, die sich bei unseren Angeboten zur 1250-Jahr-Feier eingebracht haben beim Vorbereiten, Einkauf, Aufbau, Abbau und Transport und dem Betreuen der festlichen Stunden \u2013 Ihr habt einen wunderbaren Beitrag geleistet und vielen Menschen Freude bereitet!<\/p>\n","protected":false},"excerpt":{"rendered":"<p>Im Festzelt beim Sportpark in der Sch\u00f6nbornallee wurde am Sonntag, 25. Juni 2023 in den fr\u00fchen Morgenstunden geschnippelt, geschafft und geschleppt, um p\u00fcnktlich um 8.30 Uhr \u00fcber 100 Tassen Kaffee und Bio-Lebensmittel am Start zu haben, um die vielen Fr\u00fchst\u00fccksg\u00e4ste zu bewirten. Die angenehmen Morgenstunden vergingen wie im Flug bis nach dem Gottesdienst das Kinderprogramm&hellip;<\/p>\n","protected":false},"author":91,"featured_media":1078,"comment_status":"closed","ping_status":"closed","sticky":false,"template":"","format":"standard","meta":{"footnotes":""},"categories":[1],"tags":[],"class_list":["post-1077","post","type-post","status-publish","format-standard","has-post-thumbnail","hentry","category-allgemein","category-1","description-off"],"yoast_head":"<!-- This site is optimized with the Yoast SEO plugin v26.8 - https:\/\/yoast.com\/product\/yoast-seo-wordpress\/ -->\n<title>Faires Fr\u00fchst\u00fcck bei der 1250-Jahr-Feier Mingolsheim - Weltladen Bad Sch\u00f6nborn<\/title>\n<meta name=\"description\" content=\"Faires Fr\u00fchst\u00fcck: p\u00fcnktlich um 8.30 Uhr waren \u00fcber 100 Tassen Fairtrade-Kaffee und Bio-Lebensmittel am Start, um die vielen Fr\u00fchst\u00fccksg\u00e4ste in Bad Sch\u00f6nborn zu bewirten!\" \/>\n<meta name=\"robots\" content=\"index, follow, max-snippet:-1, max-image-preview:large, max-video-preview:-1\" \/>\n<link rel=\"canonical\" href=\"https:\/\/weltlaeden.de\/badschoenborn\/faires-fruehstueck-bei-der-1250-jahr-feier-mingolsheim\/\" \/>\n<meta property=\"og:locale\" content=\"de_DE\" \/>\n<meta property=\"og:type\" content=\"article\" \/>\n<meta property=\"og:title\" content=\"Faires Fr\u00fchst\u00fcck bei der 1250-Jahr-Feier Mingolsheim - Weltladen Bad Sch\u00f6nborn\" \/>\n<meta property=\"og:description\" content=\"Faires Fr\u00fchst\u00fcck: p\u00fcnktlich um 8.30 Uhr waren \u00fcber 100 Tassen Fairtrade-Kaffee und Bio-Lebensmittel am Start, um die vielen Fr\u00fchst\u00fccksg\u00e4ste in Bad Sch\u00f6nborn zu bewirten!\" \/>\n<meta property=\"og:url\" content=\"https:\/\/weltlaeden.de\/badschoenborn\/faires-fruehstueck-bei-der-1250-jahr-feier-mingolsheim\/\" \/>\n<meta property=\"og:site_name\" content=\"Weltladen Bad Sch\u00f6nborn\" \/>\n<meta property=\"article:author\" content=\"https:\/\/www.facebook.com\/weltladenbadschoenborn\" \/>\n<meta property=\"article:published_time\" content=\"2023-07-28T11:47:11+00:00\" \/>\n<meta property=\"og:image\" content=\"https:\/\/weltlaeden.de\/badschoenborn\/wp-content\/uploads\/sites\/62\/2023\/07\/Mingolsheim_Fest_Kinder-Suchspiel_Faires-Fruehstueck.jpg\" \/>\n\t<meta property=\"og:image:width\" content=\"1181\" \/>\n\t<meta property=\"og:image:height\" content=\"607\" \/>\n\t<meta property=\"og:image:type\" content=\"image\/jpeg\" \/>\n<meta name=\"author\" content=\"badschoenborn\" \/>\n<meta name=\"twitter:card\" content=\"summary_large_image\" \/>\n<meta name=\"twitter:label1\" content=\"Verfasst von\" \/>\n\t<meta name=\"twitter:data1\" content=\"badschoenborn\" \/>\n\t<meta name=\"twitter:label2\" content=\"Gesch\u00e4tzte Lesezeit\" \/>\n\t<meta name=\"twitter:data2\" content=\"1\u00a0Minute\" \/>\n<script type=\"application\/ld+json\" class=\"yoast-schema-graph\">{\"@context\":\"https:\/\/schema.org\",\"@graph\":[{\"@type\":\"Article\",\"@id\":\"https:\/\/weltlaeden.de\/badschoenborn\/faires-fruehstueck-bei-der-1250-jahr-feier-mingolsheim\/#article\",\"isPartOf\":{\"@id\":\"https:\/\/weltlaeden.de\/badschoenborn\/faires-fruehstueck-bei-der-1250-jahr-feier-mingolsheim\/\"},\"author\":{\"name\":\"badschoenborn\",\"@id\":\"https:\/\/weltlaeden.de\/badschoenborn\/#\/schema\/person\/d3a75136958faefefbf67a2ead3d1f15\"},\"headline\":\"Faires Fr\u00fchst\u00fcck bei der 1250-Jahr-Feier Mingolsheim\",\"datePublished\":\"2023-07-28T11:47:11+00:00\",\"mainEntityOfPage\":{\"@id\":\"https:\/\/weltlaeden.de\/badschoenborn\/faires-fruehstueck-bei-der-1250-jahr-feier-mingolsheim\/\"},\"wordCount\":153,\"image\":{\"@id\":\"https:\/\/weltlaeden.de\/badschoenborn\/faires-fruehstueck-bei-der-1250-jahr-feier-mingolsheim\/#primaryimage\"},\"thumbnailUrl\":\"https:\/\/weltlaeden.de\/badschoenborn\/wp-content\/uploads\/sites\/62\/2023\/07\/Mingolsheim_Fest_Kinder-Suchspiel_Faires-Fruehstueck.jpg\",\"articleSection\":[\"Keine Kategorie\"],\"inLanguage\":\"de\"},{\"@type\":\"WebPage\",\"@id\":\"https:\/\/weltlaeden.de\/badschoenborn\/faires-fruehstueck-bei-der-1250-jahr-feier-mingolsheim\/\",\"url\":\"https:\/\/weltlaeden.de\/badschoenborn\/faires-fruehstueck-bei-der-1250-jahr-feier-mingolsheim\/\",\"name\":\"Faires Fr\u00fchst\u00fcck bei der 1250-Jahr-Feier Mingolsheim - Weltladen Bad Sch\u00f6nborn\",\"isPartOf\":{\"@id\":\"https:\/\/weltlaeden.de\/badschoenborn\/#website\"},\"primaryImageOfPage\":{\"@id\":\"https:\/\/weltlaeden.de\/badschoenborn\/faires-fruehstueck-bei-der-1250-jahr-feier-mingolsheim\/#primaryimage\"},\"image\":{\"@id\":\"https:\/\/weltlaeden.de\/badschoenborn\/faires-fruehstueck-bei-der-1250-jahr-feier-mingolsheim\/#primaryimage\"},\"thumbnailUrl\":\"https:\/\/weltlaeden.de\/badschoenborn\/wp-content\/uploads\/sites\/62\/2023\/07\/Mingolsheim_Fest_Kinder-Suchspiel_Faires-Fruehstueck.jpg\",\"datePublished\":\"2023-07-28T11:47:11+00:00\",\"author\":{\"@id\":\"https:\/\/weltlaeden.de\/badschoenborn\/#\/schema\/person\/d3a75136958faefefbf67a2ead3d1f15\"},\"description\":\"Faires Fr\u00fchst\u00fcck: p\u00fcnktlich um 8.30 Uhr waren \u00fcber 100 Tassen Fairtrade-Kaffee und Bio-Lebensmittel am Start, um die vielen Fr\u00fchst\u00fccksg\u00e4ste in Bad Sch\u00f6nborn zu bewirten!\",\"breadcrumb\":{\"@id\":\"https:\/\/weltlaeden.de\/badschoenborn\/faires-fruehstueck-bei-der-1250-jahr-feier-mingolsheim\/#breadcrumb\"},\"inLanguage\":\"de\",\"potentialAction\":[{\"@type\":\"ReadAction\",\"target\":[\"https:\/\/weltlaeden.de\/badschoenborn\/faires-fruehstueck-bei-der-1250-jahr-feier-mingolsheim\/\"]}]},{\"@type\":\"ImageObject\",\"inLanguage\":\"de\",\"@id\":\"https:\/\/weltlaeden.de\/badschoenborn\/faires-fruehstueck-bei-der-1250-jahr-feier-mingolsheim\/#primaryimage\",\"url\":\"https:\/\/weltlaeden.de\/badschoenborn\/wp-content\/uploads\/sites\/62\/2023\/07\/Mingolsheim_Fest_Kinder-Suchspiel_Faires-Fruehstueck.jpg\",\"contentUrl\":\"https:\/\/weltlaeden.de\/badschoenborn\/wp-content\/uploads\/sites\/62\/2023\/07\/Mingolsheim_Fest_Kinder-Suchspiel_Faires-Fruehstueck.jpg\",\"width\":1181,\"height\":607,\"caption\":\"Faires Fr\u00fchst\u00fcck 1250 Jahre Mingolsheim\"},{\"@type\":\"BreadcrumbList\",\"@id\":\"https:\/\/weltlaeden.de\/badschoenborn\/faires-fruehstueck-bei-der-1250-jahr-feier-mingolsheim\/#breadcrumb\",\"itemListElement\":[{\"@type\":\"ListItem\",\"position\":1,\"name\":\"Startseite\",\"item\":\"https:\/\/weltlaeden.de\/badschoenborn\/\"},{\"@type\":\"ListItem\",\"position\":2,\"name\":\"Faires Fr\u00fchst\u00fcck bei der 1250-Jahr-Feier Mingolsheim\"}]},{\"@type\":\"WebSite\",\"@id\":\"https:\/\/weltlaeden.de\/badschoenborn\/#website\",\"url\":\"https:\/\/weltlaeden.de\/badschoenborn\/\",\"name\":\"Vorlage\",\"description\":\"Faire Welt e.V. Bad Sch\u00f6nborn\",\"potentialAction\":[{\"@type\":\"SearchAction\",\"target\":{\"@type\":\"EntryPoint\",\"urlTemplate\":\"https:\/\/weltlaeden.de\/badschoenborn\/?s={search_term_string}\"},\"query-input\":{\"@type\":\"PropertyValueSpecification\",\"valueRequired\":true,\"valueName\":\"search_term_string\"}}],\"inLanguage\":\"de\"},{\"@type\":\"Person\",\"@id\":\"https:\/\/weltlaeden.de\/badschoenborn\/#\/schema\/person\/d3a75136958faefefbf67a2ead3d1f15\",\"name\":\"badschoenborn\",\"image\":{\"@type\":\"ImageObject\",\"inLanguage\":\"de\",\"@id\":\"https:\/\/weltlaeden.de\/badschoenborn\/#\/schema\/person\/image\/\",\"url\":\"https:\/\/secure.gravatar.com\/avatar\/fdff26cb418aecba06b5a347fb579180?s=96&d=mm&r=g\",\"contentUrl\":\"https:\/\/secure.gravatar.com\/avatar\/fdff26cb418aecba06b5a347fb579180?s=96&d=mm&r=g\",\"caption\":\"badschoenborn\"},\"sameAs\":[\"https:\/\/www.facebook.com\/weltladenbadschoenborn\"]}]}<\/script>\n<!-- \/ Yoast SEO plugin. -->","yoast_head_json":{"title":"Faires Fr\u00fchst\u00fcck bei der 1250-Jahr-Feier Mingolsheim - Weltladen Bad Sch\u00f6nborn","description":"Faires Fr\u00fchst\u00fcck: p\u00fcnktlich um 8.30 Uhr waren \u00fcber 100 Tassen Fairtrade-Kaffee und Bio-Lebensmittel am Start, um die vielen Fr\u00fchst\u00fccksg\u00e4ste in Bad Sch\u00f6nborn zu bewirten!","robots":{"index":"index","follow":"follow","max-snippet":"max-snippet:-1","max-image-preview":"max-image-preview:large","max-video-preview":"max-video-preview:-1"},"canonical":"https:\/\/weltlaeden.de\/badschoenborn\/faires-fruehstueck-bei-der-1250-jahr-feier-mingolsheim\/","og_locale":"de_DE","og_type":"article","og_title":"Faires Fr\u00fchst\u00fcck bei der 1250-Jahr-Feier Mingolsheim - Weltladen Bad Sch\u00f6nborn","og_description":"Faires Fr\u00fchst\u00fcck: p\u00fcnktlich um 8.30 Uhr waren \u00fcber 100 Tassen Fairtrade-Kaffee und Bio-Lebensmittel am Start, um die vielen Fr\u00fchst\u00fccksg\u00e4ste in Bad Sch\u00f6nborn zu bewirten!","og_url":"https:\/\/weltlaeden.de\/badschoenborn\/faires-fruehstueck-bei-der-1250-jahr-feier-mingolsheim\/","og_site_name":"Weltladen Bad Sch\u00f6nborn","article_author":"https:\/\/www.facebook.com\/weltladenbadschoenborn","article_published_time":"2023-07-28T11:47:11+00:00","og_image":[{"width":1181,"height":607,"url":"https:\/\/weltlaeden.de\/badschoenborn\/wp-content\/uploads\/sites\/62\/2023\/07\/Mingolsheim_Fest_Kinder-Suchspiel_Faires-Fruehstueck.jpg","type":"image\/jpeg"}],"author":"badschoenborn","twitter_card":"summary_large_image","twitter_misc":{"Verfasst von":"badschoenborn","Gesch\u00e4tzte Lesezeit":"1\u00a0Minute"},"schema":{"@context":"https:\/\/schema.org","@graph":[{"@type":"Article","@id":"https:\/\/weltlaeden.de\/badschoenborn\/faires-fruehstueck-bei-der-1250-jahr-feier-mingolsheim\/#article","isPartOf":{"@id":"https:\/\/weltlaeden.de\/badschoenborn\/faires-fruehstueck-bei-der-1250-jahr-feier-mingolsheim\/"},"author":{"name":"badschoenborn","@id":"https:\/\/weltlaeden.de\/badschoenborn\/#\/schema\/person\/d3a75136958faefefbf67a2ead3d1f15"},"headline":"Faires Fr\u00fchst\u00fcck bei der 1250-Jahr-Feier Mingolsheim","datePublished":"2023-07-28T11:47:11+00:00","mainEntityOfPage":{"@id":"https:\/\/weltlaeden.de\/badschoenborn\/faires-fruehstueck-bei-der-1250-jahr-feier-mingolsheim\/"},"wordCount":153,"image":{"@id":"https:\/\/weltlaeden.de\/badschoenborn\/faires-fruehstueck-bei-der-1250-jahr-feier-mingolsheim\/#primaryimage"},"thumbnailUrl":"https:\/\/weltlaeden.de\/badschoenborn\/wp-content\/uploads\/sites\/62\/2023\/07\/Mingolsheim_Fest_Kinder-Suchspiel_Faires-Fruehstueck.jpg","articleSection":["Keine Kategorie"],"inLanguage":"de"},{"@type":"WebPage","@id":"https:\/\/weltlaeden.de\/badschoenborn\/faires-fruehstueck-bei-der-1250-jahr-feier-mingolsheim\/","url":"https:\/\/weltlaeden.de\/badschoenborn\/faires-fruehstueck-bei-der-1250-jahr-feier-mingolsheim\/","name":"Faires Fr\u00fchst\u00fcck bei der 1250-Jahr-Feier Mingolsheim - Weltladen Bad Sch\u00f6nborn","isPartOf":{"@id":"https:\/\/weltlaeden.de\/badschoenborn\/#website"},"primaryImageOfPage":{"@id":"https:\/\/weltlaeden.de\/badschoenborn\/faires-fruehstueck-bei-der-1250-jahr-feier-mingolsheim\/#primaryimage"},"image":{"@id":"https:\/\/weltlaeden.de\/badschoenborn\/faires-fruehstueck-bei-der-1250-jahr-feier-mingolsheim\/#primaryimage"},"thumbnailUrl":"https:\/\/weltlaeden.de\/badschoenborn\/wp-content\/uploads\/sites\/62\/2023\/07\/Mingolsheim_Fest_Kinder-Suchspiel_Faires-Fruehstueck.jpg","datePublished":"2023-07-28T11:47:11+00:00","author":{"@id":"https:\/\/weltlaeden.de\/badschoenborn\/#\/schema\/person\/d3a75136958faefefbf67a2ead3d1f15"},"description":"Faires Fr\u00fchst\u00fcck: p\u00fcnktlich um 8.30 Uhr waren \u00fcber 100 Tassen Fairtrade-Kaffee und Bio-Lebensmittel am Start, um die vielen Fr\u00fchst\u00fccksg\u00e4ste in Bad Sch\u00f6nborn zu bewirten!","breadcrumb":{"@id":"https:\/\/weltlaeden.de\/badschoenborn\/faires-fruehstueck-bei-der-1250-jahr-feier-mingolsheim\/#breadcrumb"},"inLanguage":"de","potentialAction":[{"@type":"ReadAction","target":["https:\/\/weltlaeden.de\/badschoenborn\/faires-fruehstueck-bei-der-1250-jahr-feier-mingolsheim\/"]}]},{"@type":"ImageObject","inLanguage":"de","@id":"https:\/\/weltlaeden.de\/badschoenborn\/faires-fruehstueck-bei-der-1250-jahr-feier-mingolsheim\/#primaryimage","url":"https:\/\/weltlaeden.de\/badschoenborn\/wp-content\/uploads\/sites\/62\/2023\/07\/Mingolsheim_Fest_Kinder-Suchspiel_Faires-Fruehstueck.jpg","contentUrl":"https:\/\/weltlaeden.de\/badschoenborn\/wp-content\/uploads\/sites\/62\/2023\/07\/Mingolsheim_Fest_Kinder-Suchspiel_Faires-Fruehstueck.jpg","width":1181,"height":607,"caption":"Faires Fr\u00fchst\u00fcck 1250 Jahre Mingolsheim"},{"@type":"BreadcrumbList","@id":"https:\/\/weltlaeden.de\/badschoenborn\/faires-fruehstueck-bei-der-1250-jahr-feier-mingolsheim\/#breadcrumb","itemListElement":[{"@type":"ListItem","position":1,"name":"Startseite","item":"https:\/\/weltlaeden.de\/badschoenborn\/"},{"@type":"ListItem","position":2,"name":"Faires Fr\u00fchst\u00fcck bei der 1250-Jahr-Feier Mingolsheim"}]},{"@type":"WebSite","@id":"https:\/\/weltlaeden.de\/badschoenborn\/#website","url":"https:\/\/weltlaeden.de\/badschoenborn\/","name":"Vorlage","description":"Faire Welt e.V. Bad Sch\u00f6nborn","potentialAction":[{"@type":"SearchAction","target":{"@type":"EntryPoint","urlTemplate":"https:\/\/weltlaeden.de\/badschoenborn\/?s={search_term_string}"},"query-input":{"@type":"PropertyValueSpecification","valueRequired":true,"valueName":"search_term_string"}}],"inLanguage":"de"},{"@type":"Person","@id":"https:\/\/weltlaeden.de\/badschoenborn\/#\/schema\/person\/d3a75136958faefefbf67a2ead3d1f15","name":"badschoenborn","image":{"@type":"ImageObject","inLanguage":"de","@id":"https:\/\/weltlaeden.de\/badschoenborn\/#\/schema\/person\/image\/","url":"https:\/\/secure.gravatar.com\/avatar\/fdff26cb418aecba06b5a347fb579180?s=96&d=mm&r=g","contentUrl":"https:\/\/secure.gravatar.com\/avatar\/fdff26cb418aecba06b5a347fb579180?s=96&d=mm&r=g","caption":"badschoenborn"},"sameAs":["https:\/\/www.facebook.com\/weltladenbadschoenborn"]}]}},"_links":{"self":[{"href":"https:\/\/weltlaeden.de\/badschoenborn\/wp-json\/wp\/v2\/posts\/1077","targetHints":{"allow":["GET"]}}],"collection":[{"href":"https:\/\/weltlaeden.de\/badschoenborn\/wp-json\/wp\/v2\/posts"}],"about":[{"href":"https:\/\/weltlaeden.de\/badschoenborn\/wp-json\/wp\/v2\/types\/post"}],"author":[{"embeddable":true,"href":"https:\/\/weltlaeden.de\/badschoenborn\/wp-json\/wp\/v2\/users\/91"}],"replies":[{"embeddable":true,"href":"https:\/\/weltlaeden.de\/badschoenborn\/wp-json\/wp\/v2\/comments?post=1077"}],"version-history":[{"count":1,"href":"https:\/\/weltlaeden.de\/badschoenborn\/wp-json\/wp\/v2\/posts\/1077\/revisions"}],"predecessor-version":[{"id":1079,"href":"https:\/\/weltlaeden.de\/badschoenborn\/wp-json\/wp\/v2\/posts\/1077\/revisions\/1079"}],"wp:featuredmedia":[{"embeddable":true,"href":"https:\/\/weltlaeden.de\/badschoenborn\/wp-json\/wp\/v2\/media\/1078"}],"wp:attachment":[{"href":"https:\/\/weltlaeden.de\/badschoenborn\/wp-json\/wp\/v2\/media?parent=1077"}],"wp:term":[{"taxonomy":"category","embeddable":true,"href":"https:\/\/weltlaeden.de\/badschoenborn\/wp-json\/wp\/v2\/categories?post=1077"},{"taxonomy":"post_tag","embeddable":true,"href":"https:\/\/weltlaeden.de\/badschoenborn\/wp-json\/wp\/v2\/tags?post=1077"}],"curies":[{"name":"wp","href":"https:\/\/api.w.org\/{rel}","templated":true}]}}