{"id":1036,"date":"2023-03-31T10:03:03","date_gmt":"2023-03-31T08:03:03","guid":{"rendered":"https:\/\/weltlaeden.de\/badschoenborn\/?p=1036"},"modified":"2023-03-31T10:03:03","modified_gmt":"2023-03-31T08:03:03","slug":"weltladen-bietet-praktikumsplaetze","status":"publish","type":"post","link":"https:\/\/weltlaeden.de\/badschoenborn\/weltladen-bietet-praktikumsplaetze\/","title":{"rendered":"Weltladen bietet Praktikumspl\u00e4tze"},"content":{"rendered":"<p style=\"font-weight: 400\">Am Leibniz-Gymnasium in \u00d6stringen (LG\u00d6) wird wieder schulbegleitend das Sozialpraktikum f\u00fcr 10. Klassen angeboten. Dazu fand am Montag, 27.03.23 ein Informationstag in der Schule statt. Der Weltladen Bad Sch\u00f6nborn wurde von den Organisatorinnen Ann-Kathrin Gugumus und Martina K\u00f6hler eingeladen, um sein Angebot den jungen Interessierten vorzustellen.\u00a0Ausgehend von den 17 Nachhaltigkeitszielen der UN fragte die Referentin Constanze Spranger die Jugendlichen nach den Zielen des Fairen Handels; sie sprach mit den wechselnden Klassen, die im Turnus das Angebot von Faire Welt e.V. Bad Sch\u00f6nborn kennenlernten, \u00fcber Lieferketten von Konsumg\u00fctern anhand der Beispiele Baumwoll-Shirts und Kaffee. Fotos des ehrenamtlichen Weltladenteams und der R\u00e4umlichkeiten mit der Unverpackt-Einkaufsm\u00f6glichkeit in Mingolsheim wurden gezeigt, dazu ein Test-Snack von fair gehandelten Kochbananenchips.<br \/>\nHast Du Lust auf ein Praktikum, au\u00dferschulisches Lernen mit einem netten Ladenteam in Mingolsheim und willst den Fairen Handel unterst\u00fctzen? Dann bewirb Dich bei unserem Ladenteam!<\/p>\n","protected":false},"excerpt":{"rendered":"<p>Am Leibniz-Gymnasium in \u00d6stringen (LG\u00d6) wird wieder schulbegleitend das Sozialpraktikum f\u00fcr 10. Klassen angeboten. Dazu fand am Montag, 27.03.23 ein Informationstag in der Schule statt. Der Weltladen Bad Sch\u00f6nborn wurde von den Organisatorinnen Ann-Kathrin Gugumus und Martina K\u00f6hler eingeladen, um sein Angebot den jungen Interessierten vorzustellen.\u00a0Ausgehend von den 17 Nachhaltigkeitszielen der UN fragte die Referentin&hellip;<\/p>\n","protected":false},"author":91,"featured_media":1037,"comment_status":"closed","ping_status":"closed","sticky":false,"template":"","format":"standard","meta":{"footnotes":""},"categories":[1],"tags":[],"class_list":["post-1036","post","type-post","status-publish","format-standard","has-post-thumbnail","hentry","category-allgemein","category-1","description-off"],"yoast_head":"<!-- This site is optimized with the Yoast SEO plugin v26.8 - https:\/\/yoast.com\/product\/yoast-seo-wordpress\/ -->\n<title>Weltladen bietet Praktikumspl\u00e4tze - Weltladen Bad Sch\u00f6nborn<\/title>\n<meta name=\"robots\" content=\"index, follow, max-snippet:-1, max-image-preview:large, max-video-preview:-1\" \/>\n<link rel=\"canonical\" href=\"https:\/\/weltlaeden.de\/badschoenborn\/weltladen-bietet-praktikumsplaetze\/\" \/>\n<meta property=\"og:locale\" content=\"de_DE\" \/>\n<meta property=\"og:type\" content=\"article\" \/>\n<meta property=\"og:title\" content=\"Weltladen bietet Praktikumspl\u00e4tze - Weltladen Bad Sch\u00f6nborn\" \/>\n<meta property=\"og:description\" content=\"Am Leibniz-Gymnasium in \u00d6stringen (LG\u00d6) wird wieder schulbegleitend das Sozialpraktikum f\u00fcr 10. Klassen angeboten. Dazu fand am Montag, 27.03.23 ein Informationstag in der Schule statt. Der Weltladen Bad Sch\u00f6nborn wurde von den Organisatorinnen Ann-Kathrin Gugumus und Martina K\u00f6hler eingeladen, um sein Angebot den jungen Interessierten vorzustellen.\u00a0Ausgehend von den 17 Nachhaltigkeitszielen der UN fragte die Referentin&hellip;\" \/>\n<meta property=\"og:url\" content=\"https:\/\/weltlaeden.de\/badschoenborn\/weltladen-bietet-praktikumsplaetze\/\" \/>\n<meta property=\"og:site_name\" content=\"Weltladen Bad Sch\u00f6nborn\" \/>\n<meta property=\"article:author\" content=\"https:\/\/www.facebook.com\/weltladenbadschoenborn\" \/>\n<meta property=\"article:published_time\" content=\"2023-03-31T08:03:03+00:00\" \/>\n<meta property=\"og:image\" content=\"https:\/\/weltlaeden.de\/badschoenborn\/wp-content\/uploads\/sites\/62\/2023\/03\/Sozialpraktikum_Vorstellung_LGOe.jpg\" \/>\n\t<meta property=\"og:image:width\" content=\"886\" \/>\n\t<meta property=\"og:image:height\" content=\"787\" \/>\n\t<meta property=\"og:image:type\" content=\"image\/jpeg\" \/>\n<meta name=\"author\" content=\"badschoenborn\" \/>\n<meta name=\"twitter:card\" content=\"summary_large_image\" \/>\n<meta name=\"twitter:label1\" content=\"Verfasst von\" \/>\n\t<meta name=\"twitter:data1\" content=\"badschoenborn\" \/>\n\t<meta name=\"twitter:label2\" content=\"Gesch\u00e4tzte Lesezeit\" \/>\n\t<meta name=\"twitter:data2\" content=\"1\u00a0Minute\" \/>\n<script type=\"application\/ld+json\" class=\"yoast-schema-graph\">{\"@context\":\"https:\/\/schema.org\",\"@graph\":[{\"@type\":\"Article\",\"@id\":\"https:\/\/weltlaeden.de\/badschoenborn\/weltladen-bietet-praktikumsplaetze\/#article\",\"isPartOf\":{\"@id\":\"https:\/\/weltlaeden.de\/badschoenborn\/weltladen-bietet-praktikumsplaetze\/\"},\"author\":{\"name\":\"badschoenborn\",\"@id\":\"https:\/\/weltlaeden.de\/badschoenborn\/#\/schema\/person\/d3a75136958faefefbf67a2ead3d1f15\"},\"headline\":\"Weltladen bietet Praktikumspl\u00e4tze\",\"datePublished\":\"2023-03-31T08:03:03+00:00\",\"mainEntityOfPage\":{\"@id\":\"https:\/\/weltlaeden.de\/badschoenborn\/weltladen-bietet-praktikumsplaetze\/\"},\"wordCount\":152,\"image\":{\"@id\":\"https:\/\/weltlaeden.de\/badschoenborn\/weltladen-bietet-praktikumsplaetze\/#primaryimage\"},\"thumbnailUrl\":\"https:\/\/weltlaeden.de\/badschoenborn\/wp-content\/uploads\/sites\/62\/2023\/03\/Sozialpraktikum_Vorstellung_LGOe.jpg\",\"articleSection\":[\"Keine Kategorie\"],\"inLanguage\":\"de\"},{\"@type\":\"WebPage\",\"@id\":\"https:\/\/weltlaeden.de\/badschoenborn\/weltladen-bietet-praktikumsplaetze\/\",\"url\":\"https:\/\/weltlaeden.de\/badschoenborn\/weltladen-bietet-praktikumsplaetze\/\",\"name\":\"Weltladen bietet Praktikumspl\u00e4tze - Weltladen Bad Sch\u00f6nborn\",\"isPartOf\":{\"@id\":\"https:\/\/weltlaeden.de\/badschoenborn\/#website\"},\"primaryImageOfPage\":{\"@id\":\"https:\/\/weltlaeden.de\/badschoenborn\/weltladen-bietet-praktikumsplaetze\/#primaryimage\"},\"image\":{\"@id\":\"https:\/\/weltlaeden.de\/badschoenborn\/weltladen-bietet-praktikumsplaetze\/#primaryimage\"},\"thumbnailUrl\":\"https:\/\/weltlaeden.de\/badschoenborn\/wp-content\/uploads\/sites\/62\/2023\/03\/Sozialpraktikum_Vorstellung_LGOe.jpg\",\"datePublished\":\"2023-03-31T08:03:03+00:00\",\"author\":{\"@id\":\"https:\/\/weltlaeden.de\/badschoenborn\/#\/schema\/person\/d3a75136958faefefbf67a2ead3d1f15\"},\"breadcrumb\":{\"@id\":\"https:\/\/weltlaeden.de\/badschoenborn\/weltladen-bietet-praktikumsplaetze\/#breadcrumb\"},\"inLanguage\":\"de\",\"potentialAction\":[{\"@type\":\"ReadAction\",\"target\":[\"https:\/\/weltlaeden.de\/badschoenborn\/weltladen-bietet-praktikumsplaetze\/\"]}]},{\"@type\":\"ImageObject\",\"inLanguage\":\"de\",\"@id\":\"https:\/\/weltlaeden.de\/badschoenborn\/weltladen-bietet-praktikumsplaetze\/#primaryimage\",\"url\":\"https:\/\/weltlaeden.de\/badschoenborn\/wp-content\/uploads\/sites\/62\/2023\/03\/Sozialpraktikum_Vorstellung_LGOe.jpg\",\"contentUrl\":\"https:\/\/weltlaeden.de\/badschoenborn\/wp-content\/uploads\/sites\/62\/2023\/03\/Sozialpraktikum_Vorstellung_LGOe.jpg\",\"width\":886,\"height\":787,\"caption\":\"Gruppenbild Anbieter Sozialpraktikum im LG\u00d6\"},{\"@type\":\"BreadcrumbList\",\"@id\":\"https:\/\/weltlaeden.de\/badschoenborn\/weltladen-bietet-praktikumsplaetze\/#breadcrumb\",\"itemListElement\":[{\"@type\":\"ListItem\",\"position\":1,\"name\":\"Startseite\",\"item\":\"https:\/\/weltlaeden.de\/badschoenborn\/\"},{\"@type\":\"ListItem\",\"position\":2,\"name\":\"Weltladen bietet Praktikumspl\u00e4tze\"}]},{\"@type\":\"WebSite\",\"@id\":\"https:\/\/weltlaeden.de\/badschoenborn\/#website\",\"url\":\"https:\/\/weltlaeden.de\/badschoenborn\/\",\"name\":\"Vorlage\",\"description\":\"Faire Welt e.V. Bad Sch\u00f6nborn\",\"potentialAction\":[{\"@type\":\"SearchAction\",\"target\":{\"@type\":\"EntryPoint\",\"urlTemplate\":\"https:\/\/weltlaeden.de\/badschoenborn\/?s={search_term_string}\"},\"query-input\":{\"@type\":\"PropertyValueSpecification\",\"valueRequired\":true,\"valueName\":\"search_term_string\"}}],\"inLanguage\":\"de\"},{\"@type\":\"Person\",\"@id\":\"https:\/\/weltlaeden.de\/badschoenborn\/#\/schema\/person\/d3a75136958faefefbf67a2ead3d1f15\",\"name\":\"badschoenborn\",\"image\":{\"@type\":\"ImageObject\",\"inLanguage\":\"de\",\"@id\":\"https:\/\/weltlaeden.de\/badschoenborn\/#\/schema\/person\/image\/\",\"url\":\"https:\/\/secure.gravatar.com\/avatar\/fdff26cb418aecba06b5a347fb579180?s=96&d=mm&r=g\",\"contentUrl\":\"https:\/\/secure.gravatar.com\/avatar\/fdff26cb418aecba06b5a347fb579180?s=96&d=mm&r=g\",\"caption\":\"badschoenborn\"},\"sameAs\":[\"https:\/\/www.facebook.com\/weltladenbadschoenborn\"]}]}<\/script>\n<!-- \/ Yoast SEO plugin. -->","yoast_head_json":{"title":"Weltladen bietet Praktikumspl\u00e4tze - Weltladen Bad Sch\u00f6nborn","robots":{"index":"index","follow":"follow","max-snippet":"max-snippet:-1","max-image-preview":"max-image-preview:large","max-video-preview":"max-video-preview:-1"},"canonical":"https:\/\/weltlaeden.de\/badschoenborn\/weltladen-bietet-praktikumsplaetze\/","og_locale":"de_DE","og_type":"article","og_title":"Weltladen bietet Praktikumspl\u00e4tze - Weltladen Bad Sch\u00f6nborn","og_description":"Am Leibniz-Gymnasium in \u00d6stringen (LG\u00d6) wird wieder schulbegleitend das Sozialpraktikum f\u00fcr 10. Klassen angeboten. Dazu fand am Montag, 27.03.23 ein Informationstag in der Schule statt. Der Weltladen Bad Sch\u00f6nborn wurde von den Organisatorinnen Ann-Kathrin Gugumus und Martina K\u00f6hler eingeladen, um sein Angebot den jungen Interessierten vorzustellen.\u00a0Ausgehend von den 17 Nachhaltigkeitszielen der UN fragte die Referentin&hellip;","og_url":"https:\/\/weltlaeden.de\/badschoenborn\/weltladen-bietet-praktikumsplaetze\/","og_site_name":"Weltladen Bad Sch\u00f6nborn","article_author":"https:\/\/www.facebook.com\/weltladenbadschoenborn","article_published_time":"2023-03-31T08:03:03+00:00","og_image":[{"width":886,"height":787,"url":"https:\/\/weltlaeden.de\/badschoenborn\/wp-content\/uploads\/sites\/62\/2023\/03\/Sozialpraktikum_Vorstellung_LGOe.jpg","type":"image\/jpeg"}],"author":"badschoenborn","twitter_card":"summary_large_image","twitter_misc":{"Verfasst von":"badschoenborn","Gesch\u00e4tzte Lesezeit":"1\u00a0Minute"},"schema":{"@context":"https:\/\/schema.org","@graph":[{"@type":"Article","@id":"https:\/\/weltlaeden.de\/badschoenborn\/weltladen-bietet-praktikumsplaetze\/#article","isPartOf":{"@id":"https:\/\/weltlaeden.de\/badschoenborn\/weltladen-bietet-praktikumsplaetze\/"},"author":{"name":"badschoenborn","@id":"https:\/\/weltlaeden.de\/badschoenborn\/#\/schema\/person\/d3a75136958faefefbf67a2ead3d1f15"},"headline":"Weltladen bietet Praktikumspl\u00e4tze","datePublished":"2023-03-31T08:03:03+00:00","mainEntityOfPage":{"@id":"https:\/\/weltlaeden.de\/badschoenborn\/weltladen-bietet-praktikumsplaetze\/"},"wordCount":152,"image":{"@id":"https:\/\/weltlaeden.de\/badschoenborn\/weltladen-bietet-praktikumsplaetze\/#primaryimage"},"thumbnailUrl":"https:\/\/weltlaeden.de\/badschoenborn\/wp-content\/uploads\/sites\/62\/2023\/03\/Sozialpraktikum_Vorstellung_LGOe.jpg","articleSection":["Keine Kategorie"],"inLanguage":"de"},{"@type":"WebPage","@id":"https:\/\/weltlaeden.de\/badschoenborn\/weltladen-bietet-praktikumsplaetze\/","url":"https:\/\/weltlaeden.de\/badschoenborn\/weltladen-bietet-praktikumsplaetze\/","name":"Weltladen bietet Praktikumspl\u00e4tze - Weltladen Bad Sch\u00f6nborn","isPartOf":{"@id":"https:\/\/weltlaeden.de\/badschoenborn\/#website"},"primaryImageOfPage":{"@id":"https:\/\/weltlaeden.de\/badschoenborn\/weltladen-bietet-praktikumsplaetze\/#primaryimage"},"image":{"@id":"https:\/\/weltlaeden.de\/badschoenborn\/weltladen-bietet-praktikumsplaetze\/#primaryimage"},"thumbnailUrl":"https:\/\/weltlaeden.de\/badschoenborn\/wp-content\/uploads\/sites\/62\/2023\/03\/Sozialpraktikum_Vorstellung_LGOe.jpg","datePublished":"2023-03-31T08:03:03+00:00","author":{"@id":"https:\/\/weltlaeden.de\/badschoenborn\/#\/schema\/person\/d3a75136958faefefbf67a2ead3d1f15"},"breadcrumb":{"@id":"https:\/\/weltlaeden.de\/badschoenborn\/weltladen-bietet-praktikumsplaetze\/#breadcrumb"},"inLanguage":"de","potentialAction":[{"@type":"ReadAction","target":["https:\/\/weltlaeden.de\/badschoenborn\/weltladen-bietet-praktikumsplaetze\/"]}]},{"@type":"ImageObject","inLanguage":"de","@id":"https:\/\/weltlaeden.de\/badschoenborn\/weltladen-bietet-praktikumsplaetze\/#primaryimage","url":"https:\/\/weltlaeden.de\/badschoenborn\/wp-content\/uploads\/sites\/62\/2023\/03\/Sozialpraktikum_Vorstellung_LGOe.jpg","contentUrl":"https:\/\/weltlaeden.de\/badschoenborn\/wp-content\/uploads\/sites\/62\/2023\/03\/Sozialpraktikum_Vorstellung_LGOe.jpg","width":886,"height":787,"caption":"Gruppenbild Anbieter Sozialpraktikum im LG\u00d6"},{"@type":"BreadcrumbList","@id":"https:\/\/weltlaeden.de\/badschoenborn\/weltladen-bietet-praktikumsplaetze\/#breadcrumb","itemListElement":[{"@type":"ListItem","position":1,"name":"Startseite","item":"https:\/\/weltlaeden.de\/badschoenborn\/"},{"@type":"ListItem","position":2,"name":"Weltladen bietet Praktikumspl\u00e4tze"}]},{"@type":"WebSite","@id":"https:\/\/weltlaeden.de\/badschoenborn\/#website","url":"https:\/\/weltlaeden.de\/badschoenborn\/","name":"Vorlage","description":"Faire Welt e.V. Bad Sch\u00f6nborn","potentialAction":[{"@type":"SearchAction","target":{"@type":"EntryPoint","urlTemplate":"https:\/\/weltlaeden.de\/badschoenborn\/?s={search_term_string}"},"query-input":{"@type":"PropertyValueSpecification","valueRequired":true,"valueName":"search_term_string"}}],"inLanguage":"de"},{"@type":"Person","@id":"https:\/\/weltlaeden.de\/badschoenborn\/#\/schema\/person\/d3a75136958faefefbf67a2ead3d1f15","name":"badschoenborn","image":{"@type":"ImageObject","inLanguage":"de","@id":"https:\/\/weltlaeden.de\/badschoenborn\/#\/schema\/person\/image\/","url":"https:\/\/secure.gravatar.com\/avatar\/fdff26cb418aecba06b5a347fb579180?s=96&d=mm&r=g","contentUrl":"https:\/\/secure.gravatar.com\/avatar\/fdff26cb418aecba06b5a347fb579180?s=96&d=mm&r=g","caption":"badschoenborn"},"sameAs":["https:\/\/www.facebook.com\/weltladenbadschoenborn"]}]}},"_links":{"self":[{"href":"https:\/\/weltlaeden.de\/badschoenborn\/wp-json\/wp\/v2\/posts\/1036","targetHints":{"allow":["GET"]}}],"collection":[{"href":"https:\/\/weltlaeden.de\/badschoenborn\/wp-json\/wp\/v2\/posts"}],"about":[{"href":"https:\/\/weltlaeden.de\/badschoenborn\/wp-json\/wp\/v2\/types\/post"}],"author":[{"embeddable":true,"href":"https:\/\/weltlaeden.de\/badschoenborn\/wp-json\/wp\/v2\/users\/91"}],"replies":[{"embeddable":true,"href":"https:\/\/weltlaeden.de\/badschoenborn\/wp-json\/wp\/v2\/comments?post=1036"}],"version-history":[{"count":1,"href":"https:\/\/weltlaeden.de\/badschoenborn\/wp-json\/wp\/v2\/posts\/1036\/revisions"}],"predecessor-version":[{"id":1038,"href":"https:\/\/weltlaeden.de\/badschoenborn\/wp-json\/wp\/v2\/posts\/1036\/revisions\/1038"}],"wp:featuredmedia":[{"embeddable":true,"href":"https:\/\/weltlaeden.de\/badschoenborn\/wp-json\/wp\/v2\/media\/1037"}],"wp:attachment":[{"href":"https:\/\/weltlaeden.de\/badschoenborn\/wp-json\/wp\/v2\/media?parent=1036"}],"wp:term":[{"taxonomy":"category","embeddable":true,"href":"https:\/\/weltlaeden.de\/badschoenborn\/wp-json\/wp\/v2\/categories?post=1036"},{"taxonomy":"post_tag","embeddable":true,"href":"https:\/\/weltlaeden.de\/badschoenborn\/wp-json\/wp\/v2\/tags?post=1036"}],"curies":[{"name":"wp","href":"https:\/\/api.w.org\/{rel}","templated":true}]}}