{"id":967,"date":"2022-08-01T13:56:21","date_gmt":"2022-08-01T11:56:21","guid":{"rendered":"https:\/\/weltlaeden.de\/badcannstatt\/?p=967"},"modified":"2022-08-01T13:56:21","modified_gmt":"2022-08-01T11:56:21","slug":"produkt-des-monats-august","status":"publish","type":"post","link":"https:\/\/weltlaeden.de\/badcannstatt\/produkt-des-monats-august\/","title":{"rendered":"Produkt des Monats August"},"content":{"rendered":"<div dir=\"auto\">\n<p>Ferienzeit- Ausflugszeit<span class=\"pq6dq46d tbxw36s4 knj5qynh kvgmc6g5 ditlmg2l oygrvhab nvdbi5me sf5mxxl7 gl3lb2sf hhz5lgdu\"><img loading=\"lazy\" decoding=\"async\" src=\"https:\/\/static.xx.fbcdn.net\/images\/emoji.php\/v9\/tce\/1\/16\/1f600.png\" alt=\"\ud83d\ude00\" width=\"16\" height=\"16\" \/><\/span><\/p>\n<div dir=\"auto\">Da braucht man hin und wieder einen kleinen Snack!<\/div>\n<\/div>\n<div class=\"cxmmr5t8 oygrvhab hcukyx3x c1et5uql o9v6fnle ii04i59q\">\n<div dir=\"auto\">Da wir uns nicht auf einen Riegel festlegen konnten, empfehlen wir Ihnen alle!<\/div>\n<div dir=\"auto\">Hanna und Paule, Emma und Oskar \u2013 Die Nuss-Fruchriegel von weltpartner! (1,49\u20ac p.Stk.)<\/div>\n<div dir=\"auto\">Mit so k\u00f6stlichen Zutaten wie Mandeln, Feigen, Kirschen und Haseln\u00fcssen.<\/div>\n<\/div>\n<div class=\"cxmmr5t8 oygrvhab hcukyx3x c1et5uql o9v6fnle ii04i59q\">\n<div dir=\"auto\">Handelspartner ist u.a. ISIK Tarim aus der T\u00fcrkei, ein Pionier des biologischen und fairen Handels dort.<\/div>\n<div dir=\"auto\">Rund 3500 Kleinbauern in 150 D\u00f6rfern profitieren von der gemeinschaftlichen Arbeit und Vermarktung ihrer landwirtschaftlichen Erzeugnisse.<\/div>\n<\/div>\n","protected":false},"excerpt":{"rendered":"<p>Ferienzeit- Ausflugszeit Da braucht man hin und wieder einen kleinen Snack! Da wir uns nicht auf einen Riegel festlegen konnten, empfehlen wir Ihnen alle! Hanna und Paule, Emma und Oskar \u2013 Die Nuss-Fruchriegel von weltpartner! (1,49\u20ac p.Stk.) Mit so k\u00f6stlichen Zutaten wie Mandeln, Feigen, Kirschen und Haseln\u00fcssen. Handelspartner ist u.a. ISIK Tarim aus der T\u00fcrkei,&hellip;<\/p>\n","protected":false},"author":96,"featured_media":968,"comment_status":"closed","ping_status":"closed","sticky":false,"template":"","format":"standard","meta":{"footnotes":""},"categories":[8],"tags":[],"class_list":["post-967","post","type-post","status-publish","format-standard","has-post-thumbnail","hentry","category-neues","category-8","description-off"],"yoast_head":"<!-- This site is optimized with the Yoast SEO plugin v26.8 - https:\/\/yoast.com\/product\/yoast-seo-wordpress\/ -->\n<title>Produkt des Monats August - Weltladen Bad Cannstatt<\/title>\n<meta name=\"robots\" content=\"index, follow, max-snippet:-1, max-image-preview:large, max-video-preview:-1\" \/>\n<link rel=\"canonical\" href=\"https:\/\/weltlaeden.de\/badcannstatt\/produkt-des-monats-august\/\" \/>\n<meta property=\"og:locale\" content=\"de_DE\" \/>\n<meta property=\"og:type\" content=\"article\" \/>\n<meta property=\"og:title\" content=\"Produkt des Monats August - Weltladen Bad Cannstatt\" \/>\n<meta property=\"og:description\" content=\"Ferienzeit- Ausflugszeit Da braucht man hin und wieder einen kleinen Snack! Da wir uns nicht auf einen Riegel festlegen konnten, empfehlen wir Ihnen alle! Hanna und Paule, Emma und Oskar \u2013 Die Nuss-Fruchriegel von weltpartner! (1,49\u20ac p.Stk.) Mit so k\u00f6stlichen Zutaten wie Mandeln, Feigen, Kirschen und Haseln\u00fcssen. Handelspartner ist u.a. ISIK Tarim aus der T\u00fcrkei,&hellip;\" \/>\n<meta property=\"og:url\" content=\"https:\/\/weltlaeden.de\/badcannstatt\/produkt-des-monats-august\/\" \/>\n<meta property=\"og:site_name\" content=\"Weltladen Bad Cannstatt\" \/>\n<meta property=\"article:published_time\" content=\"2022-08-01T11:56:21+00:00\" \/>\n<meta property=\"og:image\" content=\"https:\/\/weltlaeden.de\/badcannstatt\/wp-content\/uploads\/sites\/65\/2022\/08\/August_2022-scaled.jpg\" \/>\n\t<meta property=\"og:image:width\" content=\"1440\" \/>\n\t<meta property=\"og:image:height\" content=\"1920\" \/>\n\t<meta property=\"og:image:type\" content=\"image\/jpeg\" \/>\n<meta name=\"author\" content=\"badcannstatt\" \/>\n<meta name=\"twitter:card\" content=\"summary_large_image\" \/>\n<meta name=\"twitter:label1\" content=\"Verfasst von\" \/>\n\t<meta name=\"twitter:data1\" content=\"badcannstatt\" \/>\n\t<meta name=\"twitter:label2\" content=\"Gesch\u00e4tzte Lesezeit\" \/>\n\t<meta name=\"twitter:data2\" content=\"1\u00a0Minute\" \/>\n<script type=\"application\/ld+json\" class=\"yoast-schema-graph\">{\"@context\":\"https:\/\/schema.org\",\"@graph\":[{\"@type\":\"Article\",\"@id\":\"https:\/\/weltlaeden.de\/badcannstatt\/produkt-des-monats-august\/#article\",\"isPartOf\":{\"@id\":\"https:\/\/weltlaeden.de\/badcannstatt\/produkt-des-monats-august\/\"},\"author\":{\"name\":\"badcannstatt\",\"@id\":\"https:\/\/weltlaeden.de\/badcannstatt\/#\/schema\/person\/2614ab322b6fdcbdd27a9f6288f3137f\"},\"headline\":\"Produkt des Monats August\",\"datePublished\":\"2022-08-01T11:56:21+00:00\",\"mainEntityOfPage\":{\"@id\":\"https:\/\/weltlaeden.de\/badcannstatt\/produkt-des-monats-august\/\"},\"wordCount\":85,\"image\":{\"@id\":\"https:\/\/weltlaeden.de\/badcannstatt\/produkt-des-monats-august\/#primaryimage\"},\"thumbnailUrl\":\"https:\/\/weltlaeden.de\/badcannstatt\/wp-content\/uploads\/sites\/65\/2022\/08\/August_2022-scaled.jpg\",\"articleSection\":[\"Neuigkeiten\"],\"inLanguage\":\"de\"},{\"@type\":\"WebPage\",\"@id\":\"https:\/\/weltlaeden.de\/badcannstatt\/produkt-des-monats-august\/\",\"url\":\"https:\/\/weltlaeden.de\/badcannstatt\/produkt-des-monats-august\/\",\"name\":\"Produkt des Monats August - Weltladen Bad Cannstatt\",\"isPartOf\":{\"@id\":\"https:\/\/weltlaeden.de\/badcannstatt\/#website\"},\"primaryImageOfPage\":{\"@id\":\"https:\/\/weltlaeden.de\/badcannstatt\/produkt-des-monats-august\/#primaryimage\"},\"image\":{\"@id\":\"https:\/\/weltlaeden.de\/badcannstatt\/produkt-des-monats-august\/#primaryimage\"},\"thumbnailUrl\":\"https:\/\/weltlaeden.de\/badcannstatt\/wp-content\/uploads\/sites\/65\/2022\/08\/August_2022-scaled.jpg\",\"datePublished\":\"2022-08-01T11:56:21+00:00\",\"author\":{\"@id\":\"https:\/\/weltlaeden.de\/badcannstatt\/#\/schema\/person\/2614ab322b6fdcbdd27a9f6288f3137f\"},\"breadcrumb\":{\"@id\":\"https:\/\/weltlaeden.de\/badcannstatt\/produkt-des-monats-august\/#breadcrumb\"},\"inLanguage\":\"de\",\"potentialAction\":[{\"@type\":\"ReadAction\",\"target\":[\"https:\/\/weltlaeden.de\/badcannstatt\/produkt-des-monats-august\/\"]}]},{\"@type\":\"ImageObject\",\"inLanguage\":\"de\",\"@id\":\"https:\/\/weltlaeden.de\/badcannstatt\/produkt-des-monats-august\/#primaryimage\",\"url\":\"https:\/\/weltlaeden.de\/badcannstatt\/wp-content\/uploads\/sites\/65\/2022\/08\/August_2022-scaled.jpg\",\"contentUrl\":\"https:\/\/weltlaeden.de\/badcannstatt\/wp-content\/uploads\/sites\/65\/2022\/08\/August_2022-scaled.jpg\",\"width\":1440,\"height\":1920},{\"@type\":\"BreadcrumbList\",\"@id\":\"https:\/\/weltlaeden.de\/badcannstatt\/produkt-des-monats-august\/#breadcrumb\",\"itemListElement\":[{\"@type\":\"ListItem\",\"position\":1,\"name\":\"Startseite\",\"item\":\"https:\/\/weltlaeden.de\/badcannstatt\/\"},{\"@type\":\"ListItem\",\"position\":2,\"name\":\"Produkt des Monats August\"}]},{\"@type\":\"WebSite\",\"@id\":\"https:\/\/weltlaeden.de\/badcannstatt\/#website\",\"url\":\"https:\/\/weltlaeden.de\/badcannstatt\/\",\"name\":\"Vorlage\",\"description\":\"Am Marktplatz, mitten in Bad Cannstatt\",\"potentialAction\":[{\"@type\":\"SearchAction\",\"target\":{\"@type\":\"EntryPoint\",\"urlTemplate\":\"https:\/\/weltlaeden.de\/badcannstatt\/?s={search_term_string}\"},\"query-input\":{\"@type\":\"PropertyValueSpecification\",\"valueRequired\":true,\"valueName\":\"search_term_string\"}}],\"inLanguage\":\"de\"},{\"@type\":\"Person\",\"@id\":\"https:\/\/weltlaeden.de\/badcannstatt\/#\/schema\/person\/2614ab322b6fdcbdd27a9f6288f3137f\",\"name\":\"badcannstatt\",\"image\":{\"@type\":\"ImageObject\",\"inLanguage\":\"de\",\"@id\":\"https:\/\/weltlaeden.de\/badcannstatt\/#\/schema\/person\/image\/\",\"url\":\"https:\/\/secure.gravatar.com\/avatar\/0d97ccf4862784a6db41525b68e388c3?s=96&d=mm&r=g\",\"contentUrl\":\"https:\/\/secure.gravatar.com\/avatar\/0d97ccf4862784a6db41525b68e388c3?s=96&d=mm&r=g\",\"caption\":\"badcannstatt\"}}]}<\/script>\n<!-- \/ Yoast SEO plugin. -->","yoast_head_json":{"title":"Produkt des Monats August - Weltladen Bad Cannstatt","robots":{"index":"index","follow":"follow","max-snippet":"max-snippet:-1","max-image-preview":"max-image-preview:large","max-video-preview":"max-video-preview:-1"},"canonical":"https:\/\/weltlaeden.de\/badcannstatt\/produkt-des-monats-august\/","og_locale":"de_DE","og_type":"article","og_title":"Produkt des Monats August - Weltladen Bad Cannstatt","og_description":"Ferienzeit- Ausflugszeit Da braucht man hin und wieder einen kleinen Snack! Da wir uns nicht auf einen Riegel festlegen konnten, empfehlen wir Ihnen alle! Hanna und Paule, Emma und Oskar \u2013 Die Nuss-Fruchriegel von weltpartner! (1,49\u20ac p.Stk.) Mit so k\u00f6stlichen Zutaten wie Mandeln, Feigen, Kirschen und Haseln\u00fcssen. Handelspartner ist u.a. ISIK Tarim aus der T\u00fcrkei,&hellip;","og_url":"https:\/\/weltlaeden.de\/badcannstatt\/produkt-des-monats-august\/","og_site_name":"Weltladen Bad Cannstatt","article_published_time":"2022-08-01T11:56:21+00:00","og_image":[{"width":1440,"height":1920,"url":"https:\/\/weltlaeden.de\/badcannstatt\/wp-content\/uploads\/sites\/65\/2022\/08\/August_2022-scaled.jpg","type":"image\/jpeg"}],"author":"badcannstatt","twitter_card":"summary_large_image","twitter_misc":{"Verfasst von":"badcannstatt","Gesch\u00e4tzte Lesezeit":"1\u00a0Minute"},"schema":{"@context":"https:\/\/schema.org","@graph":[{"@type":"Article","@id":"https:\/\/weltlaeden.de\/badcannstatt\/produkt-des-monats-august\/#article","isPartOf":{"@id":"https:\/\/weltlaeden.de\/badcannstatt\/produkt-des-monats-august\/"},"author":{"name":"badcannstatt","@id":"https:\/\/weltlaeden.de\/badcannstatt\/#\/schema\/person\/2614ab322b6fdcbdd27a9f6288f3137f"},"headline":"Produkt des Monats August","datePublished":"2022-08-01T11:56:21+00:00","mainEntityOfPage":{"@id":"https:\/\/weltlaeden.de\/badcannstatt\/produkt-des-monats-august\/"},"wordCount":85,"image":{"@id":"https:\/\/weltlaeden.de\/badcannstatt\/produkt-des-monats-august\/#primaryimage"},"thumbnailUrl":"https:\/\/weltlaeden.de\/badcannstatt\/wp-content\/uploads\/sites\/65\/2022\/08\/August_2022-scaled.jpg","articleSection":["Neuigkeiten"],"inLanguage":"de"},{"@type":"WebPage","@id":"https:\/\/weltlaeden.de\/badcannstatt\/produkt-des-monats-august\/","url":"https:\/\/weltlaeden.de\/badcannstatt\/produkt-des-monats-august\/","name":"Produkt des Monats August - Weltladen Bad Cannstatt","isPartOf":{"@id":"https:\/\/weltlaeden.de\/badcannstatt\/#website"},"primaryImageOfPage":{"@id":"https:\/\/weltlaeden.de\/badcannstatt\/produkt-des-monats-august\/#primaryimage"},"image":{"@id":"https:\/\/weltlaeden.de\/badcannstatt\/produkt-des-monats-august\/#primaryimage"},"thumbnailUrl":"https:\/\/weltlaeden.de\/badcannstatt\/wp-content\/uploads\/sites\/65\/2022\/08\/August_2022-scaled.jpg","datePublished":"2022-08-01T11:56:21+00:00","author":{"@id":"https:\/\/weltlaeden.de\/badcannstatt\/#\/schema\/person\/2614ab322b6fdcbdd27a9f6288f3137f"},"breadcrumb":{"@id":"https:\/\/weltlaeden.de\/badcannstatt\/produkt-des-monats-august\/#breadcrumb"},"inLanguage":"de","potentialAction":[{"@type":"ReadAction","target":["https:\/\/weltlaeden.de\/badcannstatt\/produkt-des-monats-august\/"]}]},{"@type":"ImageObject","inLanguage":"de","@id":"https:\/\/weltlaeden.de\/badcannstatt\/produkt-des-monats-august\/#primaryimage","url":"https:\/\/weltlaeden.de\/badcannstatt\/wp-content\/uploads\/sites\/65\/2022\/08\/August_2022-scaled.jpg","contentUrl":"https:\/\/weltlaeden.de\/badcannstatt\/wp-content\/uploads\/sites\/65\/2022\/08\/August_2022-scaled.jpg","width":1440,"height":1920},{"@type":"BreadcrumbList","@id":"https:\/\/weltlaeden.de\/badcannstatt\/produkt-des-monats-august\/#breadcrumb","itemListElement":[{"@type":"ListItem","position":1,"name":"Startseite","item":"https:\/\/weltlaeden.de\/badcannstatt\/"},{"@type":"ListItem","position":2,"name":"Produkt des Monats August"}]},{"@type":"WebSite","@id":"https:\/\/weltlaeden.de\/badcannstatt\/#website","url":"https:\/\/weltlaeden.de\/badcannstatt\/","name":"Vorlage","description":"Am Marktplatz, mitten in Bad Cannstatt","potentialAction":[{"@type":"SearchAction","target":{"@type":"EntryPoint","urlTemplate":"https:\/\/weltlaeden.de\/badcannstatt\/?s={search_term_string}"},"query-input":{"@type":"PropertyValueSpecification","valueRequired":true,"valueName":"search_term_string"}}],"inLanguage":"de"},{"@type":"Person","@id":"https:\/\/weltlaeden.de\/badcannstatt\/#\/schema\/person\/2614ab322b6fdcbdd27a9f6288f3137f","name":"badcannstatt","image":{"@type":"ImageObject","inLanguage":"de","@id":"https:\/\/weltlaeden.de\/badcannstatt\/#\/schema\/person\/image\/","url":"https:\/\/secure.gravatar.com\/avatar\/0d97ccf4862784a6db41525b68e388c3?s=96&d=mm&r=g","contentUrl":"https:\/\/secure.gravatar.com\/avatar\/0d97ccf4862784a6db41525b68e388c3?s=96&d=mm&r=g","caption":"badcannstatt"}}]}},"_links":{"self":[{"href":"https:\/\/weltlaeden.de\/badcannstatt\/wp-json\/wp\/v2\/posts\/967","targetHints":{"allow":["GET"]}}],"collection":[{"href":"https:\/\/weltlaeden.de\/badcannstatt\/wp-json\/wp\/v2\/posts"}],"about":[{"href":"https:\/\/weltlaeden.de\/badcannstatt\/wp-json\/wp\/v2\/types\/post"}],"author":[{"embeddable":true,"href":"https:\/\/weltlaeden.de\/badcannstatt\/wp-json\/wp\/v2\/users\/96"}],"replies":[{"embeddable":true,"href":"https:\/\/weltlaeden.de\/badcannstatt\/wp-json\/wp\/v2\/comments?post=967"}],"version-history":[{"count":1,"href":"https:\/\/weltlaeden.de\/badcannstatt\/wp-json\/wp\/v2\/posts\/967\/revisions"}],"predecessor-version":[{"id":969,"href":"https:\/\/weltlaeden.de\/badcannstatt\/wp-json\/wp\/v2\/posts\/967\/revisions\/969"}],"wp:featuredmedia":[{"embeddable":true,"href":"https:\/\/weltlaeden.de\/badcannstatt\/wp-json\/wp\/v2\/media\/968"}],"wp:attachment":[{"href":"https:\/\/weltlaeden.de\/badcannstatt\/wp-json\/wp\/v2\/media?parent=967"}],"wp:term":[{"taxonomy":"category","embeddable":true,"href":"https:\/\/weltlaeden.de\/badcannstatt\/wp-json\/wp\/v2\/categories?post=967"},{"taxonomy":"post_tag","embeddable":true,"href":"https:\/\/weltlaeden.de\/badcannstatt\/wp-json\/wp\/v2\/tags?post=967"}],"curies":[{"name":"wp","href":"https:\/\/api.w.org\/{rel}","templated":true}]}}